{"id":28595,"date":"2026-04-29T13:34:36","date_gmt":"2026-04-29T11:34:36","guid":{"rendered":"https:\/\/depeches241.com\/?p=28595"},"modified":"2026-04-29T14:04:41","modified_gmt":"2026-04-29T12:04:41","slug":"eritedge-et-elyos-lafrique-se-dote-de-deux-reseaux-de-reference-internationale","status":"publish","type":"post","link":"https:\/\/depeches241.com\/?p=28595","title":{"rendered":"Apr\u00e8s Ernst &amp; Young, ERITEDGE et ELYOS : l&rsquo;Afrique se dote de deux r\u00e9seaux de r\u00e9f\u00e9rence internationale"},"content":{"rendered":"\n<figure class=\"wp-block-image size-large\"><img fetchpriority=\"high\" decoding=\"async\" width=\"1024\" height=\"566\" src=\"https:\/\/depeches241.com\/wp-content\/uploads\/2026\/04\/ee859421-fe9e-4b76-a8f3-6f9d6c4894fc-1024x566.jpeg\" alt=\"\" class=\"wp-image-28596\" srcset=\"https:\/\/depeches241.com\/wp-content\/uploads\/2026\/04\/ee859421-fe9e-4b76-a8f3-6f9d6c4894fc-1024x566.jpeg 1024w, https:\/\/depeches241.com\/wp-content\/uploads\/2026\/04\/ee859421-fe9e-4b76-a8f3-6f9d6c4894fc-300x166.jpeg 300w, https:\/\/depeches241.com\/wp-content\/uploads\/2026\/04\/ee859421-fe9e-4b76-a8f3-6f9d6c4894fc-768x425.jpeg 768w, https:\/\/depeches241.com\/wp-content\/uploads\/2026\/04\/ee859421-fe9e-4b76-a8f3-6f9d6c4894fc.jpeg 1280w\" sizes=\"(max-width: 1024px) 100vw, 1024px\" \/><figcaption class=\"wp-element-caption\"><strong><em>ERITEDGE et ELYOS, les deux r\u00e9seaux qui apr\u00e8s Ernst &amp; Young veulent faire de l\u2019excellence africaine une r\u00e9f\u00e9rence \u00e0 l\u2019internationale<\/em><\/strong> <em><em>\u00a9D\u00e9p\u00eaches 241<\/em><\/em><\/figcaption><\/figure>\n\n\n\n<p><strong>Libreville, le 29 avril 2026 \u2013 (D\u00e9p\u00eaches 241). Au 1er mai 2026, deux r\u00e9seaux africains ind\u00e9pendants, ERITEDGE et ELYOS, prennent la succession d\u2019Ernst &amp; Young en Afrique subsaharienne francophone. Une transformation sans rupture, port\u00e9e par des leaders locaux, au service d\u2019une ambition r\u00e9solument continentale.<\/strong><\/p>\n\n\n\n<p class=\"has-drop-cap\">Neuf pays. Plus de neuf cents professionnels. Deux marques distinctes et compl\u00e9mentaires. Au 1er mai 2026, <strong>ERITEDGE<\/strong> et <strong>ELYOS<\/strong> entrent officiellement dans l\u2019histoire des services professionnels en Afrique francophone subsaharienne. Port\u00e9s par des figures reconnues, Erik Watremez et Christelle Bouyou pour ERITEDGE, Nicolas Chevrinais et Fatima Bangoura pour ELYOS, ces deux r\u00e9seaux incarnent une ambition sans ambigu\u00eft\u00e9 : faire de l\u2019excellence africaine une r\u00e9f\u00e9rence \u00e0 l\u2019\u00e9chelle internationale.<\/p>\n\n\n\n<p>Issus de la transformation du r\u00e9seau Ernst &amp; Young, ils ne signent pas la fin d\u2019une \u00e9poque. Ils en ouvrent une nouvelle : celle d\u2019une excellence africaine souveraine, ancr\u00e9e dans les r\u00e9alit\u00e9s du continent et tendue vers les standards les plus exigeants.<\/p>\n\n\n\n<p><strong>Une naissance dans la continuit\u00e9, non dans la rupture<\/strong><\/p>\n\n\n\n<p>Tout commence par une conviction profonde : l\u2019Afrique francophone m\u00e9rite des structures de conseil \u00e0 son image&nbsp; agiles, enracin\u00e9es localement, libres de leurs choix strat\u00e9giques. C\u2019est dans cet esprit que le d\u00e9part du r\u00e9seau Ernst &amp; Young a \u00e9t\u00e9 con\u00e7u, non comme une s\u00e9paration subie, mais comme l\u2019aboutissement d\u2019un projet longuement m\u00fbri, conduit avec discernement par des \u00e9quipes qui connaissent le terrain mieux que quiconque.<\/p>\n\n\n\n<p>Les emplois ? Tous pr\u00e9serv\u00e9s. Les \u00e9quipes ? Intactes. Les savoir-faire ? Consolid\u00e9s. La mutation n\u2019a engendr\u00e9 aucune discontinuit\u00e9, ni pour les collaborateurs, ni pour les clients. Ce qui change, c\u2019est le cadre : plus africain, plus autonome, davantage align\u00e9 sur les besoins r\u00e9els du continent. <strong><em>\u00ab Affirmer une identit\u00e9 africaine ind\u00e9pendante, plus agile, et mieux align\u00e9e avec les r\u00e9alit\u00e9s de nos march\u00e9s. \u00bb, <\/em><\/strong>&nbsp;Nicolas Chevrinais, Associ\u00e9 Responsable du cabinet ELYOS<\/p>\n\n\n\n<p>Cette ambition, Nicolas Chevrinais la partage avec son associ\u00e9e Fatima Bangoura, dont la compl\u00e9mentarit\u00e9 illustre pr\u00e9cis\u00e9ment l\u2019esprit de ces nouveaux r\u00e9seaux, une vision strat\u00e9gique port\u00e9e \u00e0 deux voix, nourrie d\u2019une connaissance fine des march\u00e9s gabonais et sous-r\u00e9gionaux.<\/p>\n\n\n\n<p><strong>Deux r\u00e9seaux, un \u00e9cosyst\u00e8me int\u00e9gr\u00e9<\/strong><\/p>\n\n\n\n<p><strong>ERITEDGE<\/strong> et <strong>ELYOS<\/strong> ne sont pas en concurrence. Ils sont les deux ailes d\u2019un m\u00eame envol. <strong>ERITEDGE<\/strong> se positionne comme un r\u00e9seau pluridisciplinaire sp\u00e9cialis\u00e9 en audit et conseil financier, garant de la fiabilit\u00e9 de l\u2019information, de la gouvernance et de la cr\u00e9ation de valeur durable. <strong>ELYOS<\/strong>, de son c\u00f4t\u00e9, couvre les m\u00e9tiers du conseil juridique et fiscal, de l\u2019assistance sociale et douani\u00e8re, traditionnellement assur\u00e9e par FFA Juridique et Fiscal au Gabon, ainsi que l\u2019accompagnement comptable et les transformations strat\u00e9giques, digitales, op\u00e9rationnelles et r\u00e9glementaires des organisations.<\/p>\n\n\n\n<p>Ensemble, ils offrent aux entreprises, aux institutions et aux investisseurs un \u00e9cosyst\u00e8me de services coh\u00e9rent, pens\u00e9 pour l\u2019Afrique d\u2019aujourd\u2019hui et de demain. D\u00e9cisions plus rapides, proximit\u00e9 renforc\u00e9e, agilit\u00e9 que les grandes structures transnationales peinent parfois \u00e0 garantir : tels sont les atouts concrets que ces deux r\u00e9seaux apportent \u00e0 leurs clients. <strong><em>\u00ab Nos clients b\u00e9n\u00e9ficient de la continuit\u00e9 de services de nos \u00e9quipes au Gabon, qui restent inchang\u00e9es. Avec un \u00e9cosyst\u00e8me plus int\u00e9gr\u00e9, combinant expertise pointue, ancrage local et vision strat\u00e9gique \u00bb,<\/em><\/strong> poursuit Nicolas Chevrinais.\u00a0<br><\/p>\n\n\n\n<figure class=\"wp-block-image size-large\"><img decoding=\"async\" width=\"1024\" height=\"738\" src=\"https:\/\/depeches241.com\/wp-content\/uploads\/2026\/04\/IMG_0098-1024x738.jpeg\" alt=\"\" class=\"wp-image-28600\" srcset=\"https:\/\/depeches241.com\/wp-content\/uploads\/2026\/04\/IMG_0098-1024x738.jpeg 1024w, https:\/\/depeches241.com\/wp-content\/uploads\/2026\/04\/IMG_0098-300x216.jpeg 300w, https:\/\/depeches241.com\/wp-content\/uploads\/2026\/04\/IMG_0098-768x554.jpeg 768w, https:\/\/depeches241.com\/wp-content\/uploads\/2026\/04\/IMG_0098-1536x1107.jpeg 1536w, https:\/\/depeches241.com\/wp-content\/uploads\/2026\/04\/IMG_0098-2048x1477.jpeg 2048w\" sizes=\"(max-width: 1024px) 100vw, 1024px\" \/><figcaption class=\"wp-element-caption\"><strong><em>Les associ\u00e9s Nicolas Chevrinais et Fatima Bangoura \u00e0 gauche pour ELYOS, Erik Watremez et Christelle Bouyou \u00e0 droite pour ERITEDGE<\/em><\/strong> <em><em>\u00a9D\u00e9p\u00eaches 241<\/em><\/em><\/figcaption><\/figure>\n\n\n\n<p>Ind\u00e9pendants mais profond\u00e9ment compl\u00e9mentaires, ERITEDGE et ELYOS partagent trois valeurs fondatrices, l\u2019excellence, l\u2019int\u00e9grit\u00e9 et l\u2019ancrage africain. Ce socle commun garantit une coh\u00e9rence de culture et de m\u00e9thode, quelle que soit l\u2019entr\u00e9e choisie par le client dans l\u2019\u00e9cosyst\u00e8me.<\/p>\n\n\n\n<p><strong>Une gouvernance incarn\u00e9e, une ambition continentale<\/strong><\/p>\n\n\n\n<p>Derri\u00e8re ces deux r\u00e9seaux, des visages et des trajectoires. Pour <strong>ERITEDGE<\/strong>, Erik Watremez et Christelle Bouyou incarnent un leadership qui allie rigueur technique et vision de long terme. Pour <strong>ELYOS<\/strong>, Nicolas Chevrinais et Fatima Bangoura repr\u00e9sentent une nouvelle g\u00e9n\u00e9ration de professionnels africains, form\u00e9s aux plus hauts standards internationaux, mais profond\u00e9ment attach\u00e9s \u00e0 l\u2019efficience locale.<\/p>\n\n\n\n<p>\u00c0 travers neuf pays d\u2019Afrique subsaharienne francophone, ces quatre personnalit\u00e9s portent une ambition commune, faire de l\u2019excellence africaine une r\u00e9f\u00e9rence internationale. Non par mim\u00e9tisme des mod\u00e8les venus d\u2019ailleurs, mais en valorisant ce qui constitue la vraie force du continent : la connaissance fine de ses march\u00e9s, la confiance construite dans la dur\u00e9e, et la capacit\u00e9 d\u2019innover dans un environnement en perp\u00e9tuelle transformation.<\/p>\n\n\n\n<p><strong>ERITEDGE et ELYOS<\/strong> entrent ainsi dans le paysage africain des services professionnels comme une r\u00e9ponse de fond \u00e0 une question de fond : comment accompagner durablement la transformation des organisations en Afrique, en conjuguant standards internationaux, proximit\u00e9 locale et exigence d\u2019impact mesurable ? Cette r\u00e9ponse a d\u00e9sormais deux noms.<\/p>\n\n\n\n<p><\/p>\n","protected":false},"excerpt":{"rendered":"<p>Libreville, le 29 avril 2026 \u2013 (D\u00e9p\u00eaches 241). Au 1er mai 2026, deux r\u00e9seaux africains ind\u00e9pendants, ERITEDGE et ELYOS, prennent la succession d\u2019Ernst &amp; Young en Afrique subsaharienne francophone. Une transformation sans rupture, port\u00e9e par des leaders locaux, au service d\u2019une ambition r\u00e9solument continentale. Neuf pays. Plus de neuf cents [&hellip;]<\/p>\n","protected":false},"author":12,"featured_media":28596,"comment_status":"open","ping_status":"open","sticky":false,"template":"","format":"standard","meta":{"om_disable_all_campaigns":false,"footnotes":""},"categories":[4,117],"tags":[5853,99,1879,5850,5852,5851,5854,59,2318],"class_list":{"0":"post-28595","1":"post","2":"type-post","3":"status-publish","4":"format-standard","5":"has-post-thumbnail","7":"category-economie","8":"category-une2","9":"tag-christelle-bouyou","10":"tag-depeches241","11":"tag-economie-3","12":"tag-elyos","13":"tag-erik-watremez","14":"tag-eritedge","15":"tag-fatima-bangoura","16":"tag-gabon","17":"tag-nicolas-chevrinais"},"yoast_head":"<!-- This site is optimized with the Yoast SEO plugin v27.5 - https:\/\/yoast.com\/product\/yoast-seo-wordpress\/ -->\n<title>Apr\u00e8s Ernst &amp; Young, ERITEDGE et ELYOS : l&#039;Afrique se dote de deux r\u00e9seaux de r\u00e9f\u00e9rence internationale - Groupe D\u00e9p\u00eaches241<\/title>\n<meta name=\"description\" content=\"Au 1er mai 2026, deux r\u00e9seaux africains ind\u00e9pendants, ERITEDGE et ELYOS, prennent la succession d\u2019Ernst &amp; Young en Afrique subsaharienne francophone. Une transformation sans rupture, port\u00e9e par des leaders locaux, au service d\u2019une ambition r\u00e9solument continentale.\" \/>\n<meta name=\"robots\" content=\"index, follow, max-snippet:-1, max-image-preview:large, max-video-preview:-1\" \/>\n<link rel=\"canonical\" href=\"https:\/\/depeches241.com\/?p=28595\" \/>\n<meta property=\"og:locale\" content=\"fr_FR\" \/>\n<meta property=\"og:type\" content=\"article\" \/>\n<meta property=\"og:title\" content=\"Apr\u00e8s Ernst &amp; Young, ERITEDGE et ELYOS : l&#039;Afrique se dote de deux r\u00e9seaux de r\u00e9f\u00e9rence internationale - Groupe D\u00e9p\u00eaches241\" \/>\n<meta property=\"og:description\" content=\"Au 1er mai 2026, deux r\u00e9seaux africains ind\u00e9pendants, ERITEDGE et ELYOS, prennent la succession d\u2019Ernst &amp; Young en Afrique subsaharienne francophone. Une transformation sans rupture, port\u00e9e par des leaders locaux, au service d\u2019une ambition r\u00e9solument continentale.\" \/>\n<meta property=\"og:url\" content=\"https:\/\/depeches241.com\/?p=28595\" \/>\n<meta property=\"og:site_name\" content=\"Groupe D\u00e9p\u00eaches241\" \/>\n<meta property=\"article:publisher\" content=\"https:\/\/www.facebook.com\/depeches241\" \/>\n<meta property=\"article:published_time\" content=\"2026-04-29T11:34:36+00:00\" \/>\n<meta property=\"article:modified_time\" content=\"2026-04-29T12:04:41+00:00\" \/>\n<meta property=\"og:image\" content=\"http:\/\/depeches241.com\/wp-content\/uploads\/2026\/04\/ee859421-fe9e-4b76-a8f3-6f9d6c4894fc.jpeg\" \/>\n\t<meta property=\"og:image:width\" content=\"1280\" \/>\n\t<meta property=\"og:image:height\" content=\"708\" \/>\n\t<meta property=\"og:image:type\" content=\"image\/jpeg\" \/>\n<meta name=\"author\" content=\"Iboka Marc Andr\u00e9\" \/>\n<meta name=\"twitter:card\" content=\"summary_large_image\" \/>\n<meta name=\"twitter:label1\" content=\"\u00c9crit par\" \/>\n\t<meta name=\"twitter:data1\" content=\"Iboka Marc Andr\u00e9\" \/>\n\t<meta name=\"twitter:label2\" content=\"Dur\u00e9e de lecture estim\u00e9e\" \/>\n\t<meta name=\"twitter:data2\" content=\"4 minutes\" \/>\n<script type=\"application\/ld+json\" class=\"yoast-schema-graph\">{\"@context\":\"https:\\\/\\\/schema.org\",\"@graph\":[{\"@type\":\"Article\",\"@id\":\"https:\\\/\\\/depeches241.com\\\/?p=28595#article\",\"isPartOf\":{\"@id\":\"https:\\\/\\\/depeches241.com\\\/?p=28595\"},\"author\":{\"name\":\"Iboka Marc Andr\u00e9\",\"@id\":\"https:\\\/\\\/depeches241.com\\\/#\\\/schema\\\/person\\\/5abcf4b9361e0d8aa457b404d877674f\"},\"headline\":\"Apr\u00e8s Ernst &amp; Young, ERITEDGE et ELYOS : l&rsquo;Afrique se dote de deux r\u00e9seaux de r\u00e9f\u00e9rence internationale\",\"datePublished\":\"2026-04-29T11:34:36+00:00\",\"dateModified\":\"2026-04-29T12:04:41+00:00\",\"mainEntityOfPage\":{\"@id\":\"https:\\\/\\\/depeches241.com\\\/?p=28595\"},\"wordCount\":889,\"commentCount\":0,\"publisher\":{\"@id\":\"https:\\\/\\\/depeches241.com\\\/#organization\"},\"image\":{\"@id\":\"https:\\\/\\\/depeches241.com\\\/?p=28595#primaryimage\"},\"thumbnailUrl\":\"https:\\\/\\\/depeches241.com\\\/wp-content\\\/uploads\\\/2026\\\/04\\\/ee859421-fe9e-4b76-a8f3-6f9d6c4894fc.jpeg\",\"keywords\":[\"Christelle Bouyou\",\"depeches241\",\"\u00c9conomie\",\"ELYOS\",\"Erik Watremez\",\"ERITEDGE\",\"Fatima Bangoura\",\"Gabon\",\"Nicolas Chevrinais\"],\"articleSection\":[\"ECONOMIE\",\"Une2\"],\"inLanguage\":\"fr-FR\",\"potentialAction\":[{\"@type\":\"CommentAction\",\"name\":\"Comment\",\"target\":[\"https:\\\/\\\/depeches241.com\\\/?p=28595#respond\"]}]},{\"@type\":\"WebPage\",\"@id\":\"https:\\\/\\\/depeches241.com\\\/?p=28595\",\"url\":\"https:\\\/\\\/depeches241.com\\\/?p=28595\",\"name\":\"Apr\u00e8s Ernst &amp; Young, ERITEDGE et ELYOS : l'Afrique se dote de deux r\u00e9seaux de r\u00e9f\u00e9rence internationale - Groupe D\u00e9p\u00eaches241\",\"isPartOf\":{\"@id\":\"https:\\\/\\\/depeches241.com\\\/#website\"},\"primaryImageOfPage\":{\"@id\":\"https:\\\/\\\/depeches241.com\\\/?p=28595#primaryimage\"},\"image\":{\"@id\":\"https:\\\/\\\/depeches241.com\\\/?p=28595#primaryimage\"},\"thumbnailUrl\":\"https:\\\/\\\/depeches241.com\\\/wp-content\\\/uploads\\\/2026\\\/04\\\/ee859421-fe9e-4b76-a8f3-6f9d6c4894fc.jpeg\",\"datePublished\":\"2026-04-29T11:34:36+00:00\",\"dateModified\":\"2026-04-29T12:04:41+00:00\",\"description\":\"Au 1er mai 2026, deux r\u00e9seaux africains ind\u00e9pendants, ERITEDGE et ELYOS, prennent la succession d\u2019Ernst & Young en Afrique subsaharienne francophone. Une transformation sans rupture, port\u00e9e par des leaders locaux, au service d\u2019une ambition r\u00e9solument continentale.\",\"breadcrumb\":{\"@id\":\"https:\\\/\\\/depeches241.com\\\/?p=28595#breadcrumb\"},\"inLanguage\":\"fr-FR\",\"potentialAction\":[{\"@type\":\"ReadAction\",\"target\":[\"https:\\\/\\\/depeches241.com\\\/?p=28595\"]}]},{\"@type\":\"ImageObject\",\"inLanguage\":\"fr-FR\",\"@id\":\"https:\\\/\\\/depeches241.com\\\/?p=28595#primaryimage\",\"url\":\"https:\\\/\\\/depeches241.com\\\/wp-content\\\/uploads\\\/2026\\\/04\\\/ee859421-fe9e-4b76-a8f3-6f9d6c4894fc.jpeg\",\"contentUrl\":\"https:\\\/\\\/depeches241.com\\\/wp-content\\\/uploads\\\/2026\\\/04\\\/ee859421-fe9e-4b76-a8f3-6f9d6c4894fc.jpeg\",\"width\":1280,\"height\":708},{\"@type\":\"BreadcrumbList\",\"@id\":\"https:\\\/\\\/depeches241.com\\\/?p=28595#breadcrumb\",\"itemListElement\":[{\"@type\":\"ListItem\",\"position\":1,\"name\":\"Accueil\",\"item\":\"https:\\\/\\\/depeches241.com\\\/\"},{\"@type\":\"ListItem\",\"position\":2,\"name\":\"Apr\u00e8s Ernst &amp; Young, ERITEDGE et ELYOS : l&rsquo;Afrique se dote de deux r\u00e9seaux de r\u00e9f\u00e9rence internationale\"}]},{\"@type\":\"WebSite\",\"@id\":\"https:\\\/\\\/depeches241.com\\\/#website\",\"url\":\"https:\\\/\\\/depeches241.com\\\/\",\"name\":\"D\u00e9p\u00eaches241\",\"description\":\"M\u00e9dia d&#039;actualit\u00e9 Politique, \u00c9conomique, Sociale et Internationale\",\"publisher\":{\"@id\":\"https:\\\/\\\/depeches241.com\\\/#organization\"},\"potentialAction\":[{\"@type\":\"SearchAction\",\"target\":{\"@type\":\"EntryPoint\",\"urlTemplate\":\"https:\\\/\\\/depeches241.com\\\/?s={search_term_string}\"},\"query-input\":{\"@type\":\"PropertyValueSpecification\",\"valueRequired\":true,\"valueName\":\"search_term_string\"}}],\"inLanguage\":\"fr-FR\"},{\"@type\":\"Organization\",\"@id\":\"https:\\\/\\\/depeches241.com\\\/#organization\",\"name\":\"Groupe D\u00e9p\u00eaches241\",\"url\":\"https:\\\/\\\/depeches241.com\\\/\",\"logo\":{\"@type\":\"ImageObject\",\"inLanguage\":\"fr-FR\",\"@id\":\"https:\\\/\\\/depeches241.com\\\/#\\\/schema\\\/logo\\\/image\\\/\",\"url\":\"https:\\\/\\\/depeches241.com\\\/wp-content\\\/uploads\\\/2021\\\/10\\\/cropped-Logo-new-Accueil.png\",\"contentUrl\":\"https:\\\/\\\/depeches241.com\\\/wp-content\\\/uploads\\\/2021\\\/10\\\/cropped-Logo-new-Accueil.png\",\"width\":320,\"height\":105,\"caption\":\"Groupe D\u00e9p\u00eaches241\"},\"image\":{\"@id\":\"https:\\\/\\\/depeches241.com\\\/#\\\/schema\\\/logo\\\/image\\\/\"},\"sameAs\":[\"https:\\\/\\\/www.facebook.com\\\/depeches241\"]},{\"@type\":\"Person\",\"@id\":\"https:\\\/\\\/depeches241.com\\\/#\\\/schema\\\/person\\\/5abcf4b9361e0d8aa457b404d877674f\",\"name\":\"Iboka Marc Andr\u00e9\",\"image\":{\"@type\":\"ImageObject\",\"inLanguage\":\"fr-FR\",\"@id\":\"https:\\\/\\\/secure.gravatar.com\\\/avatar\\\/13c33935f0a59dd3c3a52ae25f58c248a1bf75f6e9ab4e6a7a23bfb8f9f53136?s=96&d=mm&r=g\",\"url\":\"https:\\\/\\\/secure.gravatar.com\\\/avatar\\\/13c33935f0a59dd3c3a52ae25f58c248a1bf75f6e9ab4e6a7a23bfb8f9f53136?s=96&d=mm&r=g\",\"contentUrl\":\"https:\\\/\\\/secure.gravatar.com\\\/avatar\\\/13c33935f0a59dd3c3a52ae25f58c248a1bf75f6e9ab4e6a7a23bfb8f9f53136?s=96&d=mm&r=g\",\"caption\":\"Iboka Marc Andr\u00e9\"},\"url\":\"https:\\\/\\\/depeches241.com\\\/?author=12\"}]}<\/script>\n<!-- \/ Yoast SEO plugin. -->","yoast_head_json":{"title":"Apr\u00e8s Ernst &amp; Young, ERITEDGE et ELYOS : l'Afrique se dote de deux r\u00e9seaux de r\u00e9f\u00e9rence internationale - Groupe D\u00e9p\u00eaches241","description":"Au 1er mai 2026, deux r\u00e9seaux africains ind\u00e9pendants, ERITEDGE et ELYOS, prennent la succession d\u2019Ernst & Young en Afrique subsaharienne francophone. Une transformation sans rupture, port\u00e9e par des leaders locaux, au service d\u2019une ambition r\u00e9solument continentale.","robots":{"index":"index","follow":"follow","max-snippet":"max-snippet:-1","max-image-preview":"max-image-preview:large","max-video-preview":"max-video-preview:-1"},"canonical":"https:\/\/depeches241.com\/?p=28595","og_locale":"fr_FR","og_type":"article","og_title":"Apr\u00e8s Ernst &amp; Young, ERITEDGE et ELYOS : l'Afrique se dote de deux r\u00e9seaux de r\u00e9f\u00e9rence internationale - Groupe D\u00e9p\u00eaches241","og_description":"Au 1er mai 2026, deux r\u00e9seaux africains ind\u00e9pendants, ERITEDGE et ELYOS, prennent la succession d\u2019Ernst & Young en Afrique subsaharienne francophone. Une transformation sans rupture, port\u00e9e par des leaders locaux, au service d\u2019une ambition r\u00e9solument continentale.","og_url":"https:\/\/depeches241.com\/?p=28595","og_site_name":"Groupe D\u00e9p\u00eaches241","article_publisher":"https:\/\/www.facebook.com\/depeches241","article_published_time":"2026-04-29T11:34:36+00:00","article_modified_time":"2026-04-29T12:04:41+00:00","og_image":[{"width":1280,"height":708,"url":"http:\/\/depeches241.com\/wp-content\/uploads\/2026\/04\/ee859421-fe9e-4b76-a8f3-6f9d6c4894fc.jpeg","type":"image\/jpeg"}],"author":"Iboka Marc Andr\u00e9","twitter_card":"summary_large_image","twitter_misc":{"\u00c9crit par":"Iboka Marc Andr\u00e9","Dur\u00e9e de lecture estim\u00e9e":"4 minutes"},"schema":{"@context":"https:\/\/schema.org","@graph":[{"@type":"Article","@id":"https:\/\/depeches241.com\/?p=28595#article","isPartOf":{"@id":"https:\/\/depeches241.com\/?p=28595"},"author":{"name":"Iboka Marc Andr\u00e9","@id":"https:\/\/depeches241.com\/#\/schema\/person\/5abcf4b9361e0d8aa457b404d877674f"},"headline":"Apr\u00e8s Ernst &amp; Young, ERITEDGE et ELYOS : l&rsquo;Afrique se dote de deux r\u00e9seaux de r\u00e9f\u00e9rence internationale","datePublished":"2026-04-29T11:34:36+00:00","dateModified":"2026-04-29T12:04:41+00:00","mainEntityOfPage":{"@id":"https:\/\/depeches241.com\/?p=28595"},"wordCount":889,"commentCount":0,"publisher":{"@id":"https:\/\/depeches241.com\/#organization"},"image":{"@id":"https:\/\/depeches241.com\/?p=28595#primaryimage"},"thumbnailUrl":"https:\/\/depeches241.com\/wp-content\/uploads\/2026\/04\/ee859421-fe9e-4b76-a8f3-6f9d6c4894fc.jpeg","keywords":["Christelle Bouyou","depeches241","\u00c9conomie","ELYOS","Erik Watremez","ERITEDGE","Fatima Bangoura","Gabon","Nicolas Chevrinais"],"articleSection":["ECONOMIE","Une2"],"inLanguage":"fr-FR","potentialAction":[{"@type":"CommentAction","name":"Comment","target":["https:\/\/depeches241.com\/?p=28595#respond"]}]},{"@type":"WebPage","@id":"https:\/\/depeches241.com\/?p=28595","url":"https:\/\/depeches241.com\/?p=28595","name":"Apr\u00e8s Ernst &amp; Young, ERITEDGE et ELYOS : l'Afrique se dote de deux r\u00e9seaux de r\u00e9f\u00e9rence internationale - Groupe D\u00e9p\u00eaches241","isPartOf":{"@id":"https:\/\/depeches241.com\/#website"},"primaryImageOfPage":{"@id":"https:\/\/depeches241.com\/?p=28595#primaryimage"},"image":{"@id":"https:\/\/depeches241.com\/?p=28595#primaryimage"},"thumbnailUrl":"https:\/\/depeches241.com\/wp-content\/uploads\/2026\/04\/ee859421-fe9e-4b76-a8f3-6f9d6c4894fc.jpeg","datePublished":"2026-04-29T11:34:36+00:00","dateModified":"2026-04-29T12:04:41+00:00","description":"Au 1er mai 2026, deux r\u00e9seaux africains ind\u00e9pendants, ERITEDGE et ELYOS, prennent la succession d\u2019Ernst & Young en Afrique subsaharienne francophone. Une transformation sans rupture, port\u00e9e par des leaders locaux, au service d\u2019une ambition r\u00e9solument continentale.","breadcrumb":{"@id":"https:\/\/depeches241.com\/?p=28595#breadcrumb"},"inLanguage":"fr-FR","potentialAction":[{"@type":"ReadAction","target":["https:\/\/depeches241.com\/?p=28595"]}]},{"@type":"ImageObject","inLanguage":"fr-FR","@id":"https:\/\/depeches241.com\/?p=28595#primaryimage","url":"https:\/\/depeches241.com\/wp-content\/uploads\/2026\/04\/ee859421-fe9e-4b76-a8f3-6f9d6c4894fc.jpeg","contentUrl":"https:\/\/depeches241.com\/wp-content\/uploads\/2026\/04\/ee859421-fe9e-4b76-a8f3-6f9d6c4894fc.jpeg","width":1280,"height":708},{"@type":"BreadcrumbList","@id":"https:\/\/depeches241.com\/?p=28595#breadcrumb","itemListElement":[{"@type":"ListItem","position":1,"name":"Accueil","item":"https:\/\/depeches241.com\/"},{"@type":"ListItem","position":2,"name":"Apr\u00e8s Ernst &amp; Young, ERITEDGE et ELYOS : l&rsquo;Afrique se dote de deux r\u00e9seaux de r\u00e9f\u00e9rence internationale"}]},{"@type":"WebSite","@id":"https:\/\/depeches241.com\/#website","url":"https:\/\/depeches241.com\/","name":"D\u00e9p\u00eaches241","description":"M\u00e9dia d&#039;actualit\u00e9 Politique, \u00c9conomique, Sociale et Internationale","publisher":{"@id":"https:\/\/depeches241.com\/#organization"},"potentialAction":[{"@type":"SearchAction","target":{"@type":"EntryPoint","urlTemplate":"https:\/\/depeches241.com\/?s={search_term_string}"},"query-input":{"@type":"PropertyValueSpecification","valueRequired":true,"valueName":"search_term_string"}}],"inLanguage":"fr-FR"},{"@type":"Organization","@id":"https:\/\/depeches241.com\/#organization","name":"Groupe D\u00e9p\u00eaches241","url":"https:\/\/depeches241.com\/","logo":{"@type":"ImageObject","inLanguage":"fr-FR","@id":"https:\/\/depeches241.com\/#\/schema\/logo\/image\/","url":"https:\/\/depeches241.com\/wp-content\/uploads\/2021\/10\/cropped-Logo-new-Accueil.png","contentUrl":"https:\/\/depeches241.com\/wp-content\/uploads\/2021\/10\/cropped-Logo-new-Accueil.png","width":320,"height":105,"caption":"Groupe D\u00e9p\u00eaches241"},"image":{"@id":"https:\/\/depeches241.com\/#\/schema\/logo\/image\/"},"sameAs":["https:\/\/www.facebook.com\/depeches241"]},{"@type":"Person","@id":"https:\/\/depeches241.com\/#\/schema\/person\/5abcf4b9361e0d8aa457b404d877674f","name":"Iboka Marc Andr\u00e9","image":{"@type":"ImageObject","inLanguage":"fr-FR","@id":"https:\/\/secure.gravatar.com\/avatar\/13c33935f0a59dd3c3a52ae25f58c248a1bf75f6e9ab4e6a7a23bfb8f9f53136?s=96&d=mm&r=g","url":"https:\/\/secure.gravatar.com\/avatar\/13c33935f0a59dd3c3a52ae25f58c248a1bf75f6e9ab4e6a7a23bfb8f9f53136?s=96&d=mm&r=g","contentUrl":"https:\/\/secure.gravatar.com\/avatar\/13c33935f0a59dd3c3a52ae25f58c248a1bf75f6e9ab4e6a7a23bfb8f9f53136?s=96&d=mm&r=g","caption":"Iboka Marc Andr\u00e9"},"url":"https:\/\/depeches241.com\/?author=12"}]}},"_links":{"self":[{"href":"https:\/\/depeches241.com\/index.php?rest_route=\/wp\/v2\/posts\/28595","targetHints":{"allow":["GET"]}}],"collection":[{"href":"https:\/\/depeches241.com\/index.php?rest_route=\/wp\/v2\/posts"}],"about":[{"href":"https:\/\/depeches241.com\/index.php?rest_route=\/wp\/v2\/types\/post"}],"author":[{"embeddable":true,"href":"https:\/\/depeches241.com\/index.php?rest_route=\/wp\/v2\/users\/12"}],"replies":[{"embeddable":true,"href":"https:\/\/depeches241.com\/index.php?rest_route=%2Fwp%2Fv2%2Fcomments&post=28595"}],"version-history":[{"count":4,"href":"https:\/\/depeches241.com\/index.php?rest_route=\/wp\/v2\/posts\/28595\/revisions"}],"predecessor-version":[{"id":28602,"href":"https:\/\/depeches241.com\/index.php?rest_route=\/wp\/v2\/posts\/28595\/revisions\/28602"}],"wp:featuredmedia":[{"embeddable":true,"href":"https:\/\/depeches241.com\/index.php?rest_route=\/wp\/v2\/media\/28596"}],"wp:attachment":[{"href":"https:\/\/depeches241.com\/index.php?rest_route=%2Fwp%2Fv2%2Fmedia&parent=28595"}],"wp:term":[{"taxonomy":"category","embeddable":true,"href":"https:\/\/depeches241.com\/index.php?rest_route=%2Fwp%2Fv2%2Fcategories&post=28595"},{"taxonomy":"post_tag","embeddable":true,"href":"https:\/\/depeches241.com\/index.php?rest_route=%2Fwp%2Fv2%2Ftags&post=28595"}],"curies":[{"name":"wp","href":"https:\/\/api.w.org\/{rel}","templated":true}]}}