{"id":30106,"date":"2026-08-31T14:59:52","date_gmt":"2026-08-31T12:59:52","guid":{"rendered":"https:\/\/depeches241.com\/?p=30106"},"modified":"2026-08-31T16:44:17","modified_gmt":"2026-08-31T14:44:17","slug":"violences-post-electorales-de-2016-chambrier-accuse-de-bloquer-les-certificats-medicaux-des-victimes-soignees-dans-sa-clinique","status":"publish","type":"post","link":"https:\/\/depeches241.com\/?p=30106","title":{"rendered":"Violences post-\u00e9lectorales de 2016: Chambrier accus\u00e9 de bloquer les certificats m\u00e9dicaux des victimes soign\u00e9es dans la clinique fond\u00e9e par son p\u00e8re?"},"content":{"rendered":"\n<figure class=\"wp-block-image size-large\"><img loading=\"lazy\" decoding=\"async\" width=\"1024\" height=\"382\" src=\"https:\/\/depeches241.com\/wp-content\/uploads\/2026\/08\/1003896528-1024x382.jpg\" alt=\"\" class=\"wp-image-30107\" srcset=\"https:\/\/depeches241.com\/wp-content\/uploads\/2026\/08\/1003896528-1024x382.jpg 1024w, https:\/\/depeches241.com\/wp-content\/uploads\/2026\/08\/1003896528-300x112.jpg 300w, https:\/\/depeches241.com\/wp-content\/uploads\/2026\/08\/1003896528-766x286.jpg 766w, https:\/\/depeches241.com\/wp-content\/uploads\/2026\/08\/1003896528.jpg 1280w\" sizes=\"auto, (max-width: 1024px) 100vw, 1024px\" \/><figcaption class=\"wp-element-caption\"><strong><em>L&rsquo;actuel Vice-pr\u00e9sident de la R\u00e9publique, Alexandre Barro Chambrier, accus\u00e9 par certaines victimes des violences post-\u00e9lectorales de 2016 de faire dans la r\u00e9tention de leurs certificats m\u00e9dicaux.<\/em><\/strong>\u00a9 D\u00e9p\u00eaches 241<\/figcaption><\/figure>\n\n\n\n<p class=\"wp-block-paragraph\"><strong>Libreville, le 31 ao\u00fbt 2026-(D\u00e9p\u00eaches 241). Le chapitre des violences post-\u00e9lectorales d&rsquo;ao\u00fbt 2016 vient d\u2019\u00eatre enrichi par de nouvelles r\u00e9v\u00e9lations. Dans une courte vid\u00e9o relay\u00e9e sur les r\u00e9seaux sociaux, quelques victimes de cette nuit noire ont d\u00e9cid\u00e9 de sortir du silence, en interpellant nomm\u00e9ment Alexandre Barro Chambrier, afin que ce dernier puisse leur d\u00e9livrer les certificats m\u00e9dicaux attestant des soins re\u00e7us dans la clinique qui porte son nom, en vue de les soumettre au Chef de l&rsquo;\u00c9tat dans le cadre du processus de restauration de la dignit\u00e9 des gabonais engag\u00e9 sous la Transition, et qui se poursuit aujourd&rsquo;hui.<\/strong><\/p>\n\n\n\n<p class=\"has-drop-cap wp-block-paragraph\">Longtemps marginalis\u00e9es par le r\u00e9gime d\u2019Ali Bongo, les victimes de l\u2019attaque du QG de Jean Ping ont d\u00e9cid\u00e9 de se faire entendre. Dans une vid\u00e9o largement diffus\u00e9e sur les r\u00e9seaux sociaux, certains sinistr\u00e9s de cette \u00e9poque se sont livr\u00e9s \u00e0 de graves r\u00e9v\u00e9lations. Selon l\u2019une des victimes, Alexandre Barro Chambrier, l\u2019actuel Vice-pr\u00e9sident de la R\u00e9publique, ferait d\u00e9lib\u00e9r\u00e9ment dans la r\u00e9tention des certificats m\u00e9dicaux des bless\u00e9s graves soign\u00e9s dans la clinique fond\u00e9e par son p\u00e8re, au moment des faits.<\/p>\n\n\n\n<p class=\"wp-block-paragraph\"><strong><em>\u00ab Je suis l\u00e0 parce que j&rsquo;ai \u00e9t\u00e9 emprisonn\u00e9e au cedoc apr\u00e8s  j&rsquo;ai \u00e9t\u00e9 hospitalis\u00e9e \u00e0 Chambrier, m\u00eame l\u00e0 mon certificat m\u00e9dical on ne me le donne pas et pourtant Chambrier a \u00e9t\u00e9 restaur\u00e9, il nous a re\u00e7us mais il nous fait balader. Vers qui allons-nous nous tourner ? \u00bb<\/em><\/strong>, s\u2019est d&rsquo;abord interrog\u00e9e Madame Zeng, une des victimes de cette sombre nuit d\u2019ao\u00fbt 2016.<\/p>\n\n\n\n<p class=\"wp-block-paragraph\">Restant sur sa plainte, elle a poursuivi en d\u00e9clarant que<strong><em> \u00ab pourtant Ping danse et se balade \u00e0 c\u00f4t\u00e9 du Pr\u00e9sident, mais il ne parle pas de notre situation \u00bb<\/em><\/strong>, a-t-elle fulmin\u00e9 en concluant: <strong><em>\u00ab Je n&rsquo;ai jamais \u00e9t\u00e9 hypertendue, mais aujourd&rsquo;hui je suis hypertendue d\u00e9clar\u00e9e \u00e0 cause de la bastille lorsqu&rsquo;ils sont venus nous arr\u00eater au QG comme des animaux \u00bb<\/em><\/strong>, boucle le r\u00e9cit de la victime.<\/p>\n\n\n\n<p class=\"wp-block-paragraph\">Alors que vient de s&rsquo;achever avec faste la f\u00eate de la Lib\u00e9ration du 30 ao\u00fbt \u00e0 Makokou, les victimes des violences post-\u00e9lectorales de 2016 continuent d\u2019appeler les nouvelles autorit\u00e9s \u00e0 faire un geste de restauration en leur faveur, de la m\u00eame fa\u00e7on que de nombreux acteurs politiques de l\u2019opposition de cette \u00e9poque ont \u00e9t\u00e9 honor\u00e9s par le nouveau pouvoir.<\/p>\n\n\n\n<p class=\"wp-block-paragraph\">Joint par la r\u00e9daction de <em>D\u00e9p\u00eaches 241<\/em>, le cabinet du Vice-pr\u00e9sident de la R\u00e9publique a \u00e9t\u00e9 formel: <strong><em>\u00ab Le Pr\u00e9sident Barro est quelqu&rsquo;un qui a souvent \u00e9t\u00e9 port\u00e9 par la volont\u00e9 d\u2019aider ses compatriotes. En 2016, des personnes \u00e9taient bless\u00e9es, donc en situation de d\u00e9tresse, quand il a facilit\u00e9 leur prise en charge m\u00e9dicale au sein de la clinique \u00bb<\/em><\/strong>, a d\u2019abord tenu \u00e0 rappeler un de ses Conseillers.<\/p>\n\n\n\n<p class=\"wp-block-paragraph\">Toujours au sujet des victimes qui portent des accusations contre ABC, le m\u00eame Conseiller a ajout\u00e9 que: <strong><em>\u00ab Le Pr\u00e9sident Barro ne s\u2019occupe pas de la gestion de la clinique. Si ces personnes ont \u00e9t\u00e9 admises et soign\u00e9es l\u00e0-bas, qu\u2019elles se rendent simplement dans les locaux de la Clinique Chambrier afin d\u2019entrer en possession de leurs certificats m\u00e9dicaux \u00bb<\/em><\/strong>, a-t-il d\u00e9clar\u00e9 au bout du fil. <\/p>\n\n\n\n<p class=\"wp-block-paragraph\">Pour finir, l\u2019entourage d\u2019Alexandre Barro Chambrier regrette que cette affaire soit inlassablement instrumentalis\u00e9e, notamment \u00e0 la veille de chaque 30 ao\u00fbt. <strong><em>\u00ab Ce n\u2019est pas la premi\u00e8re fois que nous devons fournir des explications sur cette situation. \u00c0 l\u2019approche du 30 ao\u00fbt, ce d\u00e9bat est toujours soulev\u00e9. C&rsquo;est triste que les gens d\u00e9placent toujours ce sujet sur le terrain politique parce que Barro Chambrier est Vice-pr\u00e9sident aujourd&rsquo;hui \u00bb<\/em><\/strong>, a-t-il conclu. <\/p>\n\n\n\n<p class=\"wp-block-paragraph\"><\/p>\n\n\n\n<p class=\"wp-block-paragraph\"><\/p>\n","protected":false},"excerpt":{"rendered":"<p>Libreville, le 31 ao\u00fbt 2026-(D\u00e9p\u00eaches 241). Le chapitre des violences post-\u00e9lectorales d&rsquo;ao\u00fbt 2016 vient d\u2019\u00eatre enrichi par de nouvelles r\u00e9v\u00e9lations. Dans une courte vid\u00e9o relay\u00e9e sur les r\u00e9seaux sociaux, quelques victimes de cette nuit noire ont d\u00e9cid\u00e9 de sortir du silence, en interpellant nomm\u00e9ment Alexandre Barro Chambrier, afin que ce [&hellip;]<\/p>\n","protected":false},"author":22,"featured_media":30107,"comment_status":"open","ping_status":"open","sticky":false,"template":"","format":"standard","meta":{"om_disable_all_campaigns":false,"footnotes":""},"categories":[3,116],"tags":[428,6228,99,59,73,6177],"class_list":["post-30106","post","type-post","status-publish","format-standard","has-post-thumbnail","category-politique","category-une1","tag-alexandre-barro-chambrier","tag-clinique-chambrier","tag-depeches241","tag-gabon","tag-politique","tag-violences-post-electorales-daout-2016"],"yoast_head":"<!-- This site is optimized with the Yoast SEO plugin v28.3 - https:\/\/yoast.com\/product\/yoast-seo-wordpress\/ -->\n<title>Violences post-\u00e9lectorales de 2016: Chambrier accus\u00e9 de bloquer les certificats m\u00e9dicaux des victimes soign\u00e9es dans la clinique fond\u00e9e par son p\u00e8re? - Groupe D\u00e9p\u00eaches241<\/title>\n<meta name=\"description\" content=\"Le chapitre des violences post-\u00e9lectorales d&#039;ao\u00fbt 2016 vient d\u2019\u00eatre enrichi par de nouvelles r\u00e9v\u00e9lations. Dans une courte vid\u00e9o relay\u00e9e sur les r\u00e9seaux sociaux, quelques victimes de cette nuit noire ont d\u00e9cid\u00e9 de sortir du silence, en interpellant nomm\u00e9ment Alexandre Barro Chambrier, afin que ce dernier puisse leur d\u00e9livrer les certificats m\u00e9dicaux attestant des soins re\u00e7us dans la clinique qui porte son nom, en vue de les soumettre au Chef de l&#039;\u00c9tat dans le cadre du processus de restauration de la dignit\u00e9 des gabonais engag\u00e9 sous la Transition, et qui se poursuit aujourd&#039;hui.\" \/>\n<meta name=\"robots\" content=\"index, follow, max-snippet:-1, max-image-preview:large, max-video-preview:-1\" \/>\n<link rel=\"canonical\" href=\"https:\/\/depeches241.com\/?p=30106\" \/>\n<meta property=\"og:locale\" content=\"fr_FR\" \/>\n<meta property=\"og:type\" content=\"article\" \/>\n<meta property=\"og:title\" content=\"Violences post-\u00e9lectorales de 2016: Chambrier accus\u00e9 de bloquer les certificats m\u00e9dicaux des victimes soign\u00e9es dans la clinique fond\u00e9e par son p\u00e8re? - Groupe D\u00e9p\u00eaches241\" \/>\n<meta property=\"og:description\" content=\"Le chapitre des violences post-\u00e9lectorales d&#039;ao\u00fbt 2016 vient d\u2019\u00eatre enrichi par de nouvelles r\u00e9v\u00e9lations. Dans une courte vid\u00e9o relay\u00e9e sur les r\u00e9seaux sociaux, quelques victimes de cette nuit noire ont d\u00e9cid\u00e9 de sortir du silence, en interpellant nomm\u00e9ment Alexandre Barro Chambrier, afin que ce dernier puisse leur d\u00e9livrer les certificats m\u00e9dicaux attestant des soins re\u00e7us dans la clinique qui porte son nom, en vue de les soumettre au Chef de l&#039;\u00c9tat dans le cadre du processus de restauration de la dignit\u00e9 des gabonais engag\u00e9 sous la Transition, et qui se poursuit aujourd&#039;hui.\" \/>\n<meta property=\"og:url\" content=\"https:\/\/depeches241.com\/?p=30106\" \/>\n<meta property=\"og:site_name\" content=\"Groupe D\u00e9p\u00eaches241\" \/>\n<meta property=\"article:publisher\" content=\"https:\/\/www.facebook.com\/depeches241\" \/>\n<meta property=\"article:published_time\" content=\"2026-08-31T12:59:52+00:00\" \/>\n<meta property=\"article:modified_time\" content=\"2026-08-31T14:44:17+00:00\" \/>\n<meta property=\"og:image\" content=\"http:\/\/depeches241.com\/wp-content\/uploads\/2026\/08\/1003896528.jpg\" \/>\n\t<meta property=\"og:image:width\" content=\"1280\" \/>\n\t<meta property=\"og:image:height\" content=\"478\" \/>\n\t<meta property=\"og:image:type\" content=\"image\/jpeg\" \/>\n<meta name=\"author\" content=\"Florant Yinda\" \/>\n<meta name=\"twitter:card\" content=\"summary_large_image\" \/>\n<meta name=\"twitter:label1\" content=\"\u00c9crit par\" \/>\n\t<meta name=\"twitter:data1\" content=\"Florant Yinda\" \/>\n\t<meta name=\"twitter:label2\" content=\"Dur\u00e9e de lecture estim\u00e9e\" \/>\n\t<meta name=\"twitter:data2\" content=\"3 minutes\" \/>\n<script type=\"application\/ld+json\" class=\"yoast-schema-graph\">{\"@context\":\"https:\\\/\\\/schema.org\",\"@graph\":[{\"@type\":\"Article\",\"@id\":\"https:\\\/\\\/depeches241.com\\\/?p=30106#article\",\"isPartOf\":{\"@id\":\"https:\\\/\\\/depeches241.com\\\/?p=30106\"},\"author\":{\"name\":\"Florant Yinda\",\"@id\":\"https:\\\/\\\/depeches241.com\\\/#\\\/schema\\\/person\\\/37b1d864cb5b1c898f021c1ea6415cc4\"},\"headline\":\"Violences post-\u00e9lectorales de 2016: Chambrier accus\u00e9 de bloquer les certificats m\u00e9dicaux des victimes soign\u00e9es dans la clinique fond\u00e9e par son p\u00e8re?\",\"datePublished\":\"2026-08-31T12:59:52+00:00\",\"dateModified\":\"2026-08-31T14:44:17+00:00\",\"mainEntityOfPage\":{\"@id\":\"https:\\\/\\\/depeches241.com\\\/?p=30106\"},\"wordCount\":711,\"commentCount\":0,\"publisher\":{\"@id\":\"https:\\\/\\\/depeches241.com\\\/#organization\"},\"image\":{\"@id\":\"https:\\\/\\\/depeches241.com\\\/?p=30106#primaryimage\"},\"thumbnailUrl\":\"https:\\\/\\\/depeches241.com\\\/wp-content\\\/uploads\\\/2026\\\/08\\\/1003896528.jpg\",\"keywords\":[\"Alexandre Barro Chambrier\",\"Clinique Chambrier\",\"depeches241\",\"Gabon\",\"Politique\",\"Violences post-\u00e9lectorales d'ao\u00fbt 2016\"],\"articleSection\":[\"POLITIQUE\",\"Une1\"],\"inLanguage\":\"fr-FR\",\"potentialAction\":[{\"@type\":\"CommentAction\",\"name\":\"Comment\",\"target\":[\"https:\\\/\\\/depeches241.com\\\/?p=30106#respond\"]}]},{\"@type\":\"WebPage\",\"@id\":\"https:\\\/\\\/depeches241.com\\\/?p=30106\",\"url\":\"https:\\\/\\\/depeches241.com\\\/?p=30106\",\"name\":\"Violences post-\u00e9lectorales de 2016: Chambrier accus\u00e9 de bloquer les certificats m\u00e9dicaux des victimes soign\u00e9es dans la clinique fond\u00e9e par son p\u00e8re? - Groupe D\u00e9p\u00eaches241\",\"isPartOf\":{\"@id\":\"https:\\\/\\\/depeches241.com\\\/#website\"},\"primaryImageOfPage\":{\"@id\":\"https:\\\/\\\/depeches241.com\\\/?p=30106#primaryimage\"},\"image\":{\"@id\":\"https:\\\/\\\/depeches241.com\\\/?p=30106#primaryimage\"},\"thumbnailUrl\":\"https:\\\/\\\/depeches241.com\\\/wp-content\\\/uploads\\\/2026\\\/08\\\/1003896528.jpg\",\"datePublished\":\"2026-08-31T12:59:52+00:00\",\"dateModified\":\"2026-08-31T14:44:17+00:00\",\"description\":\"Le chapitre des violences post-\u00e9lectorales d'ao\u00fbt 2016 vient d\u2019\u00eatre enrichi par de nouvelles r\u00e9v\u00e9lations. Dans une courte vid\u00e9o relay\u00e9e sur les r\u00e9seaux sociaux, quelques victimes de cette nuit noire ont d\u00e9cid\u00e9 de sortir du silence, en interpellant nomm\u00e9ment Alexandre Barro Chambrier, afin que ce dernier puisse leur d\u00e9livrer les certificats m\u00e9dicaux attestant des soins re\u00e7us dans la clinique qui porte son nom, en vue de les soumettre au Chef de l'\u00c9tat dans le cadre du processus de restauration de la dignit\u00e9 des gabonais engag\u00e9 sous la Transition, et qui se poursuit aujourd'hui.\",\"breadcrumb\":{\"@id\":\"https:\\\/\\\/depeches241.com\\\/?p=30106#breadcrumb\"},\"inLanguage\":\"fr-FR\",\"potentialAction\":[{\"@type\":\"ReadAction\",\"target\":[\"https:\\\/\\\/depeches241.com\\\/?p=30106\"]}]},{\"@type\":\"ImageObject\",\"inLanguage\":\"fr-FR\",\"@id\":\"https:\\\/\\\/depeches241.com\\\/?p=30106#primaryimage\",\"url\":\"https:\\\/\\\/depeches241.com\\\/wp-content\\\/uploads\\\/2026\\\/08\\\/1003896528.jpg\",\"contentUrl\":\"https:\\\/\\\/depeches241.com\\\/wp-content\\\/uploads\\\/2026\\\/08\\\/1003896528.jpg\",\"width\":1280,\"height\":478},{\"@type\":\"BreadcrumbList\",\"@id\":\"https:\\\/\\\/depeches241.com\\\/?p=30106#breadcrumb\",\"itemListElement\":[{\"@type\":\"ListItem\",\"position\":1,\"name\":\"Accueil\",\"item\":\"https:\\\/\\\/depeches241.com\\\/\"},{\"@type\":\"ListItem\",\"position\":2,\"name\":\"Violences post-\u00e9lectorales de 2016: Chambrier accus\u00e9 de bloquer les certificats m\u00e9dicaux des victimes soign\u00e9es dans la clinique fond\u00e9e par son p\u00e8re?\"}]},{\"@type\":\"WebSite\",\"@id\":\"https:\\\/\\\/depeches241.com\\\/#website\",\"url\":\"https:\\\/\\\/depeches241.com\\\/\",\"name\":\"D\u00e9p\u00eaches241\",\"description\":\"M\u00e9dia d&#039;actualit\u00e9 Politique, \u00c9conomique, Sociale et Internationale\",\"publisher\":{\"@id\":\"https:\\\/\\\/depeches241.com\\\/#organization\"},\"potentialAction\":[{\"@type\":\"SearchAction\",\"target\":{\"@type\":\"EntryPoint\",\"urlTemplate\":\"https:\\\/\\\/depeches241.com\\\/?s={search_term_string}\"},\"query-input\":{\"@type\":\"PropertyValueSpecification\",\"valueRequired\":true,\"valueName\":\"search_term_string\"}}],\"inLanguage\":\"fr-FR\"},{\"@type\":\"Organization\",\"@id\":\"https:\\\/\\\/depeches241.com\\\/#organization\",\"name\":\"Groupe D\u00e9p\u00eaches241\",\"url\":\"https:\\\/\\\/depeches241.com\\\/\",\"logo\":{\"@type\":\"ImageObject\",\"inLanguage\":\"fr-FR\",\"@id\":\"https:\\\/\\\/depeches241.com\\\/#\\\/schema\\\/logo\\\/image\\\/\",\"url\":\"https:\\\/\\\/depeches241.com\\\/wp-content\\\/uploads\\\/2021\\\/10\\\/cropped-Logo-new-Accueil.png\",\"contentUrl\":\"https:\\\/\\\/depeches241.com\\\/wp-content\\\/uploads\\\/2021\\\/10\\\/cropped-Logo-new-Accueil.png\",\"width\":320,\"height\":105,\"caption\":\"Groupe D\u00e9p\u00eaches241\"},\"image\":{\"@id\":\"https:\\\/\\\/depeches241.com\\\/#\\\/schema\\\/logo\\\/image\\\/\"},\"sameAs\":[\"https:\\\/\\\/www.facebook.com\\\/depeches241\"]},{\"@type\":\"Person\",\"@id\":\"https:\\\/\\\/depeches241.com\\\/#\\\/schema\\\/person\\\/37b1d864cb5b1c898f021c1ea6415cc4\",\"name\":\"Florant Yinda\",\"image\":{\"@type\":\"ImageObject\",\"inLanguage\":\"fr-FR\",\"@id\":\"https:\\\/\\\/secure.gravatar.com\\\/avatar\\\/3876d60934898c52a135f8b24ae4c866008e45f217ff9944bd13733e3a656bc0?s=96&d=mm&r=g\",\"url\":\"https:\\\/\\\/secure.gravatar.com\\\/avatar\\\/3876d60934898c52a135f8b24ae4c866008e45f217ff9944bd13733e3a656bc0?s=96&d=mm&r=g\",\"contentUrl\":\"https:\\\/\\\/secure.gravatar.com\\\/avatar\\\/3876d60934898c52a135f8b24ae4c866008e45f217ff9944bd13733e3a656bc0?s=96&d=mm&r=g\",\"caption\":\"Florant Yinda\"},\"url\":\"https:\\\/\\\/depeches241.com\\\/?author=22\"}]}<\/script>\n<!-- \/ Yoast SEO plugin. -->","yoast_head_json":{"title":"Violences post-\u00e9lectorales de 2016: Chambrier accus\u00e9 de bloquer les certificats m\u00e9dicaux des victimes soign\u00e9es dans la clinique fond\u00e9e par son p\u00e8re? - Groupe D\u00e9p\u00eaches241","description":"Le chapitre des violences post-\u00e9lectorales d'ao\u00fbt 2016 vient d\u2019\u00eatre enrichi par de nouvelles r\u00e9v\u00e9lations. Dans une courte vid\u00e9o relay\u00e9e sur les r\u00e9seaux sociaux, quelques victimes de cette nuit noire ont d\u00e9cid\u00e9 de sortir du silence, en interpellant nomm\u00e9ment Alexandre Barro Chambrier, afin que ce dernier puisse leur d\u00e9livrer les certificats m\u00e9dicaux attestant des soins re\u00e7us dans la clinique qui porte son nom, en vue de les soumettre au Chef de l'\u00c9tat dans le cadre du processus de restauration de la dignit\u00e9 des gabonais engag\u00e9 sous la Transition, et qui se poursuit aujourd'hui.","robots":{"index":"index","follow":"follow","max-snippet":"max-snippet:-1","max-image-preview":"max-image-preview:large","max-video-preview":"max-video-preview:-1"},"canonical":"https:\/\/depeches241.com\/?p=30106","og_locale":"fr_FR","og_type":"article","og_title":"Violences post-\u00e9lectorales de 2016: Chambrier accus\u00e9 de bloquer les certificats m\u00e9dicaux des victimes soign\u00e9es dans la clinique fond\u00e9e par son p\u00e8re? - Groupe D\u00e9p\u00eaches241","og_description":"Le chapitre des violences post-\u00e9lectorales d'ao\u00fbt 2016 vient d\u2019\u00eatre enrichi par de nouvelles r\u00e9v\u00e9lations. Dans une courte vid\u00e9o relay\u00e9e sur les r\u00e9seaux sociaux, quelques victimes de cette nuit noire ont d\u00e9cid\u00e9 de sortir du silence, en interpellant nomm\u00e9ment Alexandre Barro Chambrier, afin que ce dernier puisse leur d\u00e9livrer les certificats m\u00e9dicaux attestant des soins re\u00e7us dans la clinique qui porte son nom, en vue de les soumettre au Chef de l'\u00c9tat dans le cadre du processus de restauration de la dignit\u00e9 des gabonais engag\u00e9 sous la Transition, et qui se poursuit aujourd'hui.","og_url":"https:\/\/depeches241.com\/?p=30106","og_site_name":"Groupe D\u00e9p\u00eaches241","article_publisher":"https:\/\/www.facebook.com\/depeches241","article_published_time":"2026-08-31T12:59:52+00:00","article_modified_time":"2026-08-31T14:44:17+00:00","og_image":[{"width":1280,"height":478,"url":"http:\/\/depeches241.com\/wp-content\/uploads\/2026\/08\/1003896528.jpg","type":"image\/jpeg"}],"author":"Florant Yinda","twitter_card":"summary_large_image","twitter_misc":{"\u00c9crit par":"Florant Yinda","Dur\u00e9e de lecture estim\u00e9e":"3 minutes"},"schema":{"@context":"https:\/\/schema.org","@graph":[{"@type":"Article","@id":"https:\/\/depeches241.com\/?p=30106#article","isPartOf":{"@id":"https:\/\/depeches241.com\/?p=30106"},"author":{"name":"Florant Yinda","@id":"https:\/\/depeches241.com\/#\/schema\/person\/37b1d864cb5b1c898f021c1ea6415cc4"},"headline":"Violences post-\u00e9lectorales de 2016: Chambrier accus\u00e9 de bloquer les certificats m\u00e9dicaux des victimes soign\u00e9es dans la clinique fond\u00e9e par son p\u00e8re?","datePublished":"2026-08-31T12:59:52+00:00","dateModified":"2026-08-31T14:44:17+00:00","mainEntityOfPage":{"@id":"https:\/\/depeches241.com\/?p=30106"},"wordCount":711,"commentCount":0,"publisher":{"@id":"https:\/\/depeches241.com\/#organization"},"image":{"@id":"https:\/\/depeches241.com\/?p=30106#primaryimage"},"thumbnailUrl":"https:\/\/depeches241.com\/wp-content\/uploads\/2026\/08\/1003896528.jpg","keywords":["Alexandre Barro Chambrier","Clinique Chambrier","depeches241","Gabon","Politique","Violences post-\u00e9lectorales d'ao\u00fbt 2016"],"articleSection":["POLITIQUE","Une1"],"inLanguage":"fr-FR","potentialAction":[{"@type":"CommentAction","name":"Comment","target":["https:\/\/depeches241.com\/?p=30106#respond"]}]},{"@type":"WebPage","@id":"https:\/\/depeches241.com\/?p=30106","url":"https:\/\/depeches241.com\/?p=30106","name":"Violences post-\u00e9lectorales de 2016: Chambrier accus\u00e9 de bloquer les certificats m\u00e9dicaux des victimes soign\u00e9es dans la clinique fond\u00e9e par son p\u00e8re? - Groupe D\u00e9p\u00eaches241","isPartOf":{"@id":"https:\/\/depeches241.com\/#website"},"primaryImageOfPage":{"@id":"https:\/\/depeches241.com\/?p=30106#primaryimage"},"image":{"@id":"https:\/\/depeches241.com\/?p=30106#primaryimage"},"thumbnailUrl":"https:\/\/depeches241.com\/wp-content\/uploads\/2026\/08\/1003896528.jpg","datePublished":"2026-08-31T12:59:52+00:00","dateModified":"2026-08-31T14:44:17+00:00","description":"Le chapitre des violences post-\u00e9lectorales d'ao\u00fbt 2016 vient d\u2019\u00eatre enrichi par de nouvelles r\u00e9v\u00e9lations. Dans une courte vid\u00e9o relay\u00e9e sur les r\u00e9seaux sociaux, quelques victimes de cette nuit noire ont d\u00e9cid\u00e9 de sortir du silence, en interpellant nomm\u00e9ment Alexandre Barro Chambrier, afin que ce dernier puisse leur d\u00e9livrer les certificats m\u00e9dicaux attestant des soins re\u00e7us dans la clinique qui porte son nom, en vue de les soumettre au Chef de l'\u00c9tat dans le cadre du processus de restauration de la dignit\u00e9 des gabonais engag\u00e9 sous la Transition, et qui se poursuit aujourd'hui.","breadcrumb":{"@id":"https:\/\/depeches241.com\/?p=30106#breadcrumb"},"inLanguage":"fr-FR","potentialAction":[{"@type":"ReadAction","target":["https:\/\/depeches241.com\/?p=30106"]}]},{"@type":"ImageObject","inLanguage":"fr-FR","@id":"https:\/\/depeches241.com\/?p=30106#primaryimage","url":"https:\/\/depeches241.com\/wp-content\/uploads\/2026\/08\/1003896528.jpg","contentUrl":"https:\/\/depeches241.com\/wp-content\/uploads\/2026\/08\/1003896528.jpg","width":1280,"height":478},{"@type":"BreadcrumbList","@id":"https:\/\/depeches241.com\/?p=30106#breadcrumb","itemListElement":[{"@type":"ListItem","position":1,"name":"Accueil","item":"https:\/\/depeches241.com\/"},{"@type":"ListItem","position":2,"name":"Violences post-\u00e9lectorales de 2016: Chambrier accus\u00e9 de bloquer les certificats m\u00e9dicaux des victimes soign\u00e9es dans la clinique fond\u00e9e par son p\u00e8re?"}]},{"@type":"WebSite","@id":"https:\/\/depeches241.com\/#website","url":"https:\/\/depeches241.com\/","name":"D\u00e9p\u00eaches241","description":"M\u00e9dia d&#039;actualit\u00e9 Politique, \u00c9conomique, Sociale et Internationale","publisher":{"@id":"https:\/\/depeches241.com\/#organization"},"potentialAction":[{"@type":"SearchAction","target":{"@type":"EntryPoint","urlTemplate":"https:\/\/depeches241.com\/?s={search_term_string}"},"query-input":{"@type":"PropertyValueSpecification","valueRequired":true,"valueName":"search_term_string"}}],"inLanguage":"fr-FR"},{"@type":"Organization","@id":"https:\/\/depeches241.com\/#organization","name":"Groupe D\u00e9p\u00eaches241","url":"https:\/\/depeches241.com\/","logo":{"@type":"ImageObject","inLanguage":"fr-FR","@id":"https:\/\/depeches241.com\/#\/schema\/logo\/image\/","url":"https:\/\/depeches241.com\/wp-content\/uploads\/2021\/10\/cropped-Logo-new-Accueil.png","contentUrl":"https:\/\/depeches241.com\/wp-content\/uploads\/2021\/10\/cropped-Logo-new-Accueil.png","width":320,"height":105,"caption":"Groupe D\u00e9p\u00eaches241"},"image":{"@id":"https:\/\/depeches241.com\/#\/schema\/logo\/image\/"},"sameAs":["https:\/\/www.facebook.com\/depeches241"]},{"@type":"Person","@id":"https:\/\/depeches241.com\/#\/schema\/person\/37b1d864cb5b1c898f021c1ea6415cc4","name":"Florant Yinda","image":{"@type":"ImageObject","inLanguage":"fr-FR","@id":"https:\/\/secure.gravatar.com\/avatar\/3876d60934898c52a135f8b24ae4c866008e45f217ff9944bd13733e3a656bc0?s=96&d=mm&r=g","url":"https:\/\/secure.gravatar.com\/avatar\/3876d60934898c52a135f8b24ae4c866008e45f217ff9944bd13733e3a656bc0?s=96&d=mm&r=g","contentUrl":"https:\/\/secure.gravatar.com\/avatar\/3876d60934898c52a135f8b24ae4c866008e45f217ff9944bd13733e3a656bc0?s=96&d=mm&r=g","caption":"Florant Yinda"},"url":"https:\/\/depeches241.com\/?author=22"}]}},"_links":{"self":[{"href":"https:\/\/depeches241.com\/index.php?rest_route=\/wp\/v2\/posts\/30106","targetHints":{"allow":["GET"]}}],"collection":[{"href":"https:\/\/depeches241.com\/index.php?rest_route=\/wp\/v2\/posts"}],"about":[{"href":"https:\/\/depeches241.com\/index.php?rest_route=\/wp\/v2\/types\/post"}],"author":[{"embeddable":true,"href":"https:\/\/depeches241.com\/index.php?rest_route=\/wp\/v2\/users\/22"}],"replies":[{"embeddable":true,"href":"https:\/\/depeches241.com\/index.php?rest_route=%2Fwp%2Fv2%2Fcomments&post=30106"}],"version-history":[{"count":3,"href":"https:\/\/depeches241.com\/index.php?rest_route=\/wp\/v2\/posts\/30106\/revisions"}],"predecessor-version":[{"id":30111,"href":"https:\/\/depeches241.com\/index.php?rest_route=\/wp\/v2\/posts\/30106\/revisions\/30111"}],"wp:featuredmedia":[{"embeddable":true,"href":"https:\/\/depeches241.com\/index.php?rest_route=\/wp\/v2\/media\/30107"}],"wp:attachment":[{"href":"https:\/\/depeches241.com\/index.php?rest_route=%2Fwp%2Fv2%2Fmedia&parent=30106"}],"wp:term":[{"taxonomy":"category","embeddable":true,"href":"https:\/\/depeches241.com\/index.php?rest_route=%2Fwp%2Fv2%2Fcategories&post=30106"},{"taxonomy":"post_tag","embeddable":true,"href":"https:\/\/depeches241.com\/index.php?rest_route=%2Fwp%2Fv2%2Ftags&post=30106"}],"curies":[{"name":"wp","href":"https:\/\/api.w.org\/{rel}","templated":true}]}}