{"id":30113,"date":"2026-08-31T17:14:38","date_gmt":"2026-08-31T15:14:38","guid":{"rendered":"https:\/\/depeches241.com\/?p=30113"},"modified":"2026-08-31T18:58:26","modified_gmt":"2026-08-31T16:58:26","slug":"30113","status":"publish","type":"post","link":"https:\/\/depeches241.com\/?p=30113","title":{"rendered":""},"content":{"rendered":"\n<p class=\"wp-block-paragraph\"><strong>Gabon : quand le gouvernement Oligui Nguema pr\u00eache la bonne foi \u00e9cologique en sacs plastiques<\/strong><br><\/p>\n\n\n\n<p class=\"wp-block-paragraph\"><\/p>\n\n\n\n<figure class=\"wp-block-image size-large\"><img loading=\"lazy\" decoding=\"async\" width=\"1024\" height=\"437\" src=\"https:\/\/depeches241.com\/wp-content\/uploads\/2026\/08\/032EF56E-392E-464A-AECC-3C773834D41C-1024x437.jpeg\" alt=\"\" class=\"wp-image-30114\" srcset=\"https:\/\/depeches241.com\/wp-content\/uploads\/2026\/08\/032EF56E-392E-464A-AECC-3C773834D41C-1024x437.jpeg 1024w, https:\/\/depeches241.com\/wp-content\/uploads\/2026\/08\/032EF56E-392E-464A-AECC-3C773834D41C-300x128.jpeg 300w, https:\/\/depeches241.com\/wp-content\/uploads\/2026\/08\/032EF56E-392E-464A-AECC-3C773834D41C-768x328.jpeg 768w, https:\/\/depeches241.com\/wp-content\/uploads\/2026\/08\/032EF56E-392E-464A-AECC-3C773834D41C-1536x655.jpeg 1536w, https:\/\/depeches241.com\/wp-content\/uploads\/2026\/08\/032EF56E-392E-464A-AECC-3C773834D41C.jpeg 1672w\" sizes=\"auto, (max-width: 1024px) 100vw, 1024px\" \/><figcaption class=\"wp-element-caption\"><strong><em>\u00c0 l\u2019occasion de la f\u00eate de la lib\u00e9ration \u00e0 Makokou, Laurence Ndong, ministre de la fonction publique \u00e0 gauche et GNINGA CHANING ZENABA, ministre de l\u2019entrepreneuriat, du commerce et des PME, \u00e0 droite, en train de servir du poison dans les sacs plastiques \u00e0 usage unique pourtant interdit par la loi<\/em><\/strong> \u00a9 D\u00e9p\u00eaches 241<\/figcaption><\/figure>\n\n\n\n<p class=\"wp-block-paragraph\"><strong>Libreville, le 31 ao\u00fbt 2026-(D\u00e9p\u00eaches 241). Le 23 septembre 2025, le Gabon entamait officiellement sa croisade contre la pollution plastique. Par un post solennel publi\u00e9 sur les r\u00e9seaux sociaux, le Minist\u00e8re de l&rsquo;Environnement, de l&rsquo;\u00c9cologie et du Climat annon\u00e7ait l&rsquo;entr\u00e9e en vigueur sur l&rsquo;ensemble du territoire national de l&rsquo;interdiction des sacs plastiques \u00e0 usage unique. Cette mesure, ancr\u00e9e dans l&rsquo;article 5 de l&rsquo;Ordonnance n\u00b00012\/PR\/2024 du 26 f\u00e9vrier 2024 et ratifi\u00e9e par la Loi n\u00b0009\/2024 du 5 ao\u00fbt 2024, traduisait la volont\u00e9 affich\u00e9e du pr\u00e9sident Brice Clotaire Oligui Nguema de prot\u00e9ger la sant\u00e9 des populations, pr\u00e9server la biodiversit\u00e9 gabonaise et lutter \u00ab efficacement \u00bb contre la pollution plastique. Le minist\u00e8re appelait alors chaque citoyen, chaque op\u00e9rateur \u00e9conomique et la soci\u00e9t\u00e9 civile \u00e0 s&rsquo;impliquer pleinement dans cette transition vers un Gabon \u00ab plus propre, plus r\u00e9silient et tourn\u00e9 vers une \u00e9conomie circulaire durable \u00bb.<\/strong><\/p>\n\n\n\n<p class=\"has-drop-cap wp-block-paragraph\">Pour donner corps \u00e0 cette ambition, l&rsquo;ex\u00e9cutif n&rsquo;avait pas l\u00e9sin\u00e9 sur les moyens. Une infographie officielle d\u00e9taillait les cinq cat\u00e9gories de sacs encore tol\u00e9r\u00e9es \u00e0 titre strictement d\u00e9rogatoire, usage m\u00e9dical et pharmaceutique, industriel et agricole, collecte des d\u00e9chets, usage alimentaire, et cabas r\u00e9utilisables, pr\u00e9cisant que ces exceptions relevaient de l&rsquo;article 6 de la m\u00eame ordonnance.&nbsp;<\/p>\n\n\n\n<p class=\"wp-block-paragraph\">Le 21 juillet 2025, le minist\u00e8re avait m\u00eame publi\u00e9 un communiqu\u00e9 officiel pour \u00ab <strong><em>clarifier la port\u00e9e de la mesure<\/em><\/strong> \u00bb et encadrer de mani\u00e8re \u00ab <strong><em>tr\u00e8s stricte<\/em><\/strong> \u00bb les d\u00e9rogations, afin de rassurer les op\u00e9rateurs \u00e9conomiques tout en maintenant, disait-on, la fermet\u00e9 de la loi. La campagne \u00ab <strong><em>Z\u00e9ro Sac Plastique<\/em><\/strong> \u00bb battait son plein, promettant une interdiction compl\u00e9mentaire des bouteilles en plastique sans bouchons solidaires d\u00e8s le 1er janvier 2026. Le message \u00e9tait limpide : nul ne pourrait d\u00e9sormais ignorer la nouvelle donne \u00e9cologique.<\/p>\n\n\n\n<p class=\"wp-block-paragraph\">Pourtant, \u00e0 peine quelques mois apr\u00e8s cette entr\u00e9e en vigueur triomphale, le m\u00eame gouvernement offrait au pays un spectacle \u00e9difiant de contradictions. Lors de la f\u00eate nationale de la Lib\u00e9ration organis\u00e9e \u00e0 Makokou, capitale provinciale de l&rsquo;Ogoou\u00e9-Ivindo , \u00e0 l&rsquo;occasion de l&rsquo;inauguration du nouveau march\u00e9 par le pr\u00e9sident de la R\u00e9publique lui-m\u00eame, Brice Clotaire Oligui Nguema, une sc\u00e8ne pour le moins surprenante s&rsquo;est d\u00e9roul\u00e9e sous les yeux des populations.&nbsp;<\/p>\n\n\n\n<p class=\"wp-block-paragraph\">Du poisson frais, vendu aux riverains et aux visiteurs, \u00e9tait g\u00e9n\u00e9reusement distribu\u00e9 dans des sacs plastiques jetables \u00e0 usage unique par les membres du gouvernement, ces m\u00eames sacs que la l\u00e9gislation gabonaise entendait pourtant bannir des circuits commerciaux. L&rsquo;usage alimentaire, certes pr\u00e9vu comme d\u00e9rogation, ne saurait justifier l&rsquo;utilisation de sacs \u00e0 usage unique non r\u00e9utilisables lors d&rsquo;une c\u00e9r\u00e9monie officielle de cette envergure, plac\u00e9e sous le regard m\u00eame du chef de l&rsquo;\u00c9tat.<\/p>\n\n\n\n<p class=\"wp-block-paragraph\">Le paradoxe atteint son paroxysme lorsqu&rsquo;on examine le r\u00f4le du ministre de l&rsquo;Environnement de l&rsquo;\u00e9poque, Mays Mouissi. C&rsquo;est bien sous son autorit\u00e9, du 15 janvier au 14 novembre 2025, que les communiqu\u00e9s ont \u00e9t\u00e9 r\u00e9dig\u00e9s, les infographies diffus\u00e9es et la campagne de sensibilisation lanc\u00e9e. C&rsquo;est lui qui, du haut de son minist\u00e8re, appelait \u00e0 la mobilisation g\u00e9n\u00e9rale pour un Gabon \u00ab <strong><em>plus propre<\/em><\/strong> \u00bb. Et c&rsquo;est pourtant le m\u00eame gouvernement, le m\u00eame ex\u00e9cutif dont il fut l&rsquo;un des principaux porte-parole sur ce dossier, qui organiserait ou tol\u00e9rerait une telle entorse lors d&rsquo;un \u00e9v\u00e9nement national.&nbsp;<\/p>\n\n\n\n<p class=\"wp-block-paragraph\">Mays Mouissi, figure de proue de cette mesure et le gouvernement se retrouvent ainsi pris en flagrant d\u00e9lit d&rsquo;incoh\u00e9rence : architectes d&rsquo;une loi que leur propre camp est incapable de respecter, m\u00eame dans les manifestations officielles plac\u00e9es sous l&rsquo;\u00e9gide du chef de l&rsquo;\u00c9tat. L&rsquo;exemplarit\u00e9, pourtant brandie comme mot d&rsquo;ordre, semble s&rsquo;arr\u00eater aux portes du palais.&nbsp;<\/p>\n\n\n\n<p class=\"wp-block-paragraph\">Cette d\u00e9monstration publique de d\u00e9dain envers sa propre l\u00e9gislation porte un coup fatal \u00e0 la cr\u00e9dibilit\u00e9 de la r\u00e9glementation, d\u00e8s lors, comment exiger des commer\u00e7ants, des vendeurs de march\u00e9 et des citoyens qu&rsquo;ils renoncent aux sacs plastiques \u00e0 usage unique lorsque l&rsquo;\u00c9tat lui-m\u00eame, sous l\u00e9g\u00e8ret\u00e9 du gouvernement, face au regard du pr\u00e9sident et de son minist\u00e8re de l&rsquo;Environnement, distribue all\u00e8grement du poisson dans ces emballages proscrits ?<\/p>\n\n\n\n<p class=\"wp-block-paragraph\">Le message envoy\u00e9 est doublement pernicieux. Il laisse entendre que la loi n&rsquo;est qu&rsquo;une fa\u00e7ade destin\u00e9e \u00e0 endormir les consciences \u00e9cologiques, et il sugg\u00e8re que les d\u00e9rogations peuvent \u00eatre interpr\u00e9t\u00e9es avec un laxisme sans borne d\u00e8s lors qu&rsquo;il s&rsquo;agit d&rsquo;un \u00e9v\u00e9nement politique. Les op\u00e9rateurs \u00e9conomiques, d\u00e9j\u00e0 r\u00e9ticents \u00e0 engager des co\u00fbts de transition, n&rsquo;ont d\u00e9sormais aucune raison de se plier \u00e0 une interdiction que le premier responsable de sa mise en \u0153uvre a lui-m\u00eame viol\u00e9 et ignor\u00e9.&nbsp;<\/p>\n\n\n\n<p class=\"wp-block-paragraph\">Ainsi, le Gabon se r\u00eave en champion de la pr\u00e9servation environnementale, mais les actes du gouvernement peinent \u00e0 suivre ses beaux discours. L&rsquo;affaire des sacs plastiques de Makokou n&rsquo;est pas une simple bourde protocolaire. Elle r\u00e9v\u00e8le une fracture profonde entre la communication politique et la r\u00e9alit\u00e9 de la gouvernance. Tant que les plus hautes autorit\u00e9s du pays, et en premier lieu le minist\u00e8re de l&rsquo;Environnement incarn\u00e9 par Mays Mouissi, ne montreront pas l&rsquo;exemple par des actes concrets et non par des posts Facebook, la lutte contre la pollution plastique restera une vaine promesse. Et le <strong><em>\u00ab Z\u00e9ro Sac Plastique \u00bb<\/em><\/strong> ne sera qu&rsquo;un slogan de campagne, jetable comme les sacs qu&rsquo;il pr\u00e9tendait bannir.<\/p>\n","protected":false},"excerpt":{"rendered":"<p>Gabon : quand le gouvernement Oligui Nguema pr\u00eache la bonne foi \u00e9cologique en sacs plastiques Libreville, le 31 ao\u00fbt 2026-(D\u00e9p\u00eaches 241). Le 23 septembre 2025, le Gabon entamait officiellement sa croisade contre la pollution plastique. Par un post solennel publi\u00e9 sur les r\u00e9seaux sociaux, le Minist\u00e8re de l&rsquo;Environnement, de l&rsquo;\u00c9cologie [&hellip;]<\/p>\n","protected":false},"author":12,"featured_media":30114,"comment_status":"open","ping_status":"open","sticky":false,"template":"","format":"standard","meta":{"om_disable_all_campaigns":false,"footnotes":""},"categories":[3,117],"tags":[99,6225,59,90,1138,73,6229],"class_list":["post-30113","post","type-post","status-publish","format-standard","has-post-thumbnail","category-politique","category-une2","tag-depeches241","tag-fete-de-la-liberation-2","tag-gabon","tag-gouvernement","tag-mays-mouissi","tag-politique","tag-sacs-plastiques"],"yoast_head":"<!-- This site is optimized with the Yoast SEO plugin v28.3 - https:\/\/yoast.com\/product\/yoast-seo-wordpress\/ -->\n<title>- Groupe D\u00e9p\u00eaches241<\/title>\n<meta name=\"description\" content=\"Le 23 septembre 2025, le Gabon entamait officiellement sa croisade contre la pollution plastique. Par un post solennel publi\u00e9 sur les r\u00e9seaux sociaux, le Minist\u00e8re de l&#039;Environnement, de l&#039;\u00c9cologie et du Climat annon\u00e7ait l&#039;entr\u00e9e en vigueur sur l&#039;ensemble du territoire national de l&#039;interdiction des sacs plastiques \u00e0 usage unique. Cette mesure, ancr\u00e9e dans l&#039;article 5 de l&#039;Ordonnance n\u00b00012\/PR\/2024 du 26 f\u00e9vrier 2024 et ratifi\u00e9e par la Loi n\u00b0009\/2024 du 5 ao\u00fbt 2024, traduisait la volont\u00e9 affich\u00e9e du pr\u00e9sident Brice Clotaire Oligui Nguema de prot\u00e9ger la sant\u00e9 des populations, pr\u00e9server la biodiversit\u00e9 gabonaise et lutter \u00ab efficacement \u00bb contre la pollution plastique. Le minist\u00e8re appelait alors chaque citoyen, chaque op\u00e9rateur \u00e9conomique et la soci\u00e9t\u00e9 civile \u00e0 s&#039;impliquer pleinement dans cette transition vers un Gabon \u00ab plus propre, plus r\u00e9silient et tourn\u00e9 vers une \u00e9conomie circulaire durable \u00bb.\" \/>\n<meta name=\"robots\" content=\"index, follow, max-snippet:-1, max-image-preview:large, max-video-preview:-1\" \/>\n<link rel=\"canonical\" href=\"https:\/\/depeches241.com\/?p=30113\" \/>\n<meta property=\"og:locale\" content=\"fr_FR\" \/>\n<meta property=\"og:type\" content=\"article\" \/>\n<meta property=\"og:title\" content=\"- Groupe D\u00e9p\u00eaches241\" \/>\n<meta property=\"og:description\" content=\"Le 23 septembre 2025, le Gabon entamait officiellement sa croisade contre la pollution plastique. Par un post solennel publi\u00e9 sur les r\u00e9seaux sociaux, le Minist\u00e8re de l&#039;Environnement, de l&#039;\u00c9cologie et du Climat annon\u00e7ait l&#039;entr\u00e9e en vigueur sur l&#039;ensemble du territoire national de l&#039;interdiction des sacs plastiques \u00e0 usage unique. Cette mesure, ancr\u00e9e dans l&#039;article 5 de l&#039;Ordonnance n\u00b00012\/PR\/2024 du 26 f\u00e9vrier 2024 et ratifi\u00e9e par la Loi n\u00b0009\/2024 du 5 ao\u00fbt 2024, traduisait la volont\u00e9 affich\u00e9e du pr\u00e9sident Brice Clotaire Oligui Nguema de prot\u00e9ger la sant\u00e9 des populations, pr\u00e9server la biodiversit\u00e9 gabonaise et lutter \u00ab efficacement \u00bb contre la pollution plastique. Le minist\u00e8re appelait alors chaque citoyen, chaque op\u00e9rateur \u00e9conomique et la soci\u00e9t\u00e9 civile \u00e0 s&#039;impliquer pleinement dans cette transition vers un Gabon \u00ab plus propre, plus r\u00e9silient et tourn\u00e9 vers une \u00e9conomie circulaire durable \u00bb.\" \/>\n<meta property=\"og:url\" content=\"https:\/\/depeches241.com\/?p=30113\" \/>\n<meta property=\"og:site_name\" content=\"Groupe D\u00e9p\u00eaches241\" \/>\n<meta property=\"article:publisher\" content=\"https:\/\/www.facebook.com\/depeches241\" \/>\n<meta property=\"article:published_time\" content=\"2026-08-31T15:14:38+00:00\" \/>\n<meta property=\"article:modified_time\" content=\"2026-08-31T16:58:26+00:00\" \/>\n<meta property=\"og:image\" content=\"http:\/\/depeches241.com\/wp-content\/uploads\/2026\/08\/032EF56E-392E-464A-AECC-3C773834D41C.jpeg\" \/>\n\t<meta property=\"og:image:width\" content=\"1672\" \/>\n\t<meta property=\"og:image:height\" content=\"713\" \/>\n\t<meta property=\"og:image:type\" content=\"image\/jpeg\" \/>\n<meta name=\"author\" content=\"Iboka Marc Andr\u00e9\" \/>\n<meta name=\"twitter:card\" content=\"summary_large_image\" \/>\n<meta name=\"twitter:label1\" content=\"\u00c9crit par\" \/>\n\t<meta name=\"twitter:data1\" content=\"Iboka Marc Andr\u00e9\" \/>\n\t<meta name=\"twitter:label2\" content=\"Dur\u00e9e de lecture estim\u00e9e\" \/>\n\t<meta name=\"twitter:data2\" content=\"5 minutes\" \/>\n<script type=\"application\/ld+json\" class=\"yoast-schema-graph\">{\"@context\":\"https:\\\/\\\/schema.org\",\"@graph\":[{\"@type\":\"Article\",\"@id\":\"https:\\\/\\\/depeches241.com\\\/?p=30113#article\",\"isPartOf\":{\"@id\":\"https:\\\/\\\/depeches241.com\\\/?p=30113\"},\"author\":{\"name\":\"Iboka Marc Andr\u00e9\",\"@id\":\"https:\\\/\\\/depeches241.com\\\/#\\\/schema\\\/person\\\/5abcf4b9361e0d8aa457b404d877674f\"},\"headline\":\"Aucun titre\",\"datePublished\":\"2026-08-31T15:14:38+00:00\",\"dateModified\":\"2026-08-31T16:58:26+00:00\",\"mainEntityOfPage\":{\"@id\":\"https:\\\/\\\/depeches241.com\\\/?p=30113\"},\"wordCount\":1024,\"commentCount\":0,\"publisher\":{\"@id\":\"https:\\\/\\\/depeches241.com\\\/#organization\"},\"image\":{\"@id\":\"https:\\\/\\\/depeches241.com\\\/?p=30113#primaryimage\"},\"thumbnailUrl\":\"https:\\\/\\\/depeches241.com\\\/wp-content\\\/uploads\\\/2026\\\/08\\\/032EF56E-392E-464A-AECC-3C773834D41C.jpeg\",\"keywords\":[\"depeches241\",\"F\u00eate de la Lib\u00e9ration\",\"Gabon\",\"gouvernement\",\"Mays Mouissi\",\"Politique\",\"Sacs plastiques\"],\"articleSection\":[\"POLITIQUE\",\"Une2\"],\"inLanguage\":\"fr-FR\",\"potentialAction\":[{\"@type\":\"CommentAction\",\"name\":\"Comment\",\"target\":[\"https:\\\/\\\/depeches241.com\\\/?p=30113#respond\"]}]},{\"@type\":\"WebPage\",\"@id\":\"https:\\\/\\\/depeches241.com\\\/?p=30113\",\"url\":\"https:\\\/\\\/depeches241.com\\\/?p=30113\",\"name\":\"- Groupe D\u00e9p\u00eaches241\",\"isPartOf\":{\"@id\":\"https:\\\/\\\/depeches241.com\\\/#website\"},\"primaryImageOfPage\":{\"@id\":\"https:\\\/\\\/depeches241.com\\\/?p=30113#primaryimage\"},\"image\":{\"@id\":\"https:\\\/\\\/depeches241.com\\\/?p=30113#primaryimage\"},\"thumbnailUrl\":\"https:\\\/\\\/depeches241.com\\\/wp-content\\\/uploads\\\/2026\\\/08\\\/032EF56E-392E-464A-AECC-3C773834D41C.jpeg\",\"datePublished\":\"2026-08-31T15:14:38+00:00\",\"dateModified\":\"2026-08-31T16:58:26+00:00\",\"description\":\"Le 23 septembre 2025, le Gabon entamait officiellement sa croisade contre la pollution plastique. Par un post solennel publi\u00e9 sur les r\u00e9seaux sociaux, le Minist\u00e8re de l'Environnement, de l'\u00c9cologie et du Climat annon\u00e7ait l'entr\u00e9e en vigueur sur l'ensemble du territoire national de l'interdiction des sacs plastiques \u00e0 usage unique. Cette mesure, ancr\u00e9e dans l'article 5 de l'Ordonnance n\u00b00012\\\/PR\\\/2024 du 26 f\u00e9vrier 2024 et ratifi\u00e9e par la Loi n\u00b0009\\\/2024 du 5 ao\u00fbt 2024, traduisait la volont\u00e9 affich\u00e9e du pr\u00e9sident Brice Clotaire Oligui Nguema de prot\u00e9ger la sant\u00e9 des populations, pr\u00e9server la biodiversit\u00e9 gabonaise et lutter \u00ab efficacement \u00bb contre la pollution plastique. Le minist\u00e8re appelait alors chaque citoyen, chaque op\u00e9rateur \u00e9conomique et la soci\u00e9t\u00e9 civile \u00e0 s'impliquer pleinement dans cette transition vers un Gabon \u00ab plus propre, plus r\u00e9silient et tourn\u00e9 vers une \u00e9conomie circulaire durable \u00bb.\",\"inLanguage\":\"fr-FR\",\"potentialAction\":[{\"@type\":\"ReadAction\",\"target\":[\"https:\\\/\\\/depeches241.com\\\/?p=30113\"]}]},{\"@type\":\"ImageObject\",\"inLanguage\":\"fr-FR\",\"@id\":\"https:\\\/\\\/depeches241.com\\\/?p=30113#primaryimage\",\"url\":\"https:\\\/\\\/depeches241.com\\\/wp-content\\\/uploads\\\/2026\\\/08\\\/032EF56E-392E-464A-AECC-3C773834D41C.jpeg\",\"contentUrl\":\"https:\\\/\\\/depeches241.com\\\/wp-content\\\/uploads\\\/2026\\\/08\\\/032EF56E-392E-464A-AECC-3C773834D41C.jpeg\",\"width\":1672,\"height\":713},{\"@type\":\"WebSite\",\"@id\":\"https:\\\/\\\/depeches241.com\\\/#website\",\"url\":\"https:\\\/\\\/depeches241.com\\\/\",\"name\":\"D\u00e9p\u00eaches241\",\"description\":\"M\u00e9dia d&#039;actualit\u00e9 Politique, \u00c9conomique, Sociale et Internationale\",\"publisher\":{\"@id\":\"https:\\\/\\\/depeches241.com\\\/#organization\"},\"potentialAction\":[{\"@type\":\"SearchAction\",\"target\":{\"@type\":\"EntryPoint\",\"urlTemplate\":\"https:\\\/\\\/depeches241.com\\\/?s={search_term_string}\"},\"query-input\":{\"@type\":\"PropertyValueSpecification\",\"valueRequired\":true,\"valueName\":\"search_term_string\"}}],\"inLanguage\":\"fr-FR\"},{\"@type\":\"Organization\",\"@id\":\"https:\\\/\\\/depeches241.com\\\/#organization\",\"name\":\"Groupe D\u00e9p\u00eaches241\",\"url\":\"https:\\\/\\\/depeches241.com\\\/\",\"logo\":{\"@type\":\"ImageObject\",\"inLanguage\":\"fr-FR\",\"@id\":\"https:\\\/\\\/depeches241.com\\\/#\\\/schema\\\/logo\\\/image\\\/\",\"url\":\"https:\\\/\\\/depeches241.com\\\/wp-content\\\/uploads\\\/2021\\\/10\\\/cropped-Logo-new-Accueil.png\",\"contentUrl\":\"https:\\\/\\\/depeches241.com\\\/wp-content\\\/uploads\\\/2021\\\/10\\\/cropped-Logo-new-Accueil.png\",\"width\":320,\"height\":105,\"caption\":\"Groupe D\u00e9p\u00eaches241\"},\"image\":{\"@id\":\"https:\\\/\\\/depeches241.com\\\/#\\\/schema\\\/logo\\\/image\\\/\"},\"sameAs\":[\"https:\\\/\\\/www.facebook.com\\\/depeches241\"]},{\"@type\":\"Person\",\"@id\":\"https:\\\/\\\/depeches241.com\\\/#\\\/schema\\\/person\\\/5abcf4b9361e0d8aa457b404d877674f\",\"name\":\"Iboka Marc Andr\u00e9\",\"image\":{\"@type\":\"ImageObject\",\"inLanguage\":\"fr-FR\",\"@id\":\"https:\\\/\\\/secure.gravatar.com\\\/avatar\\\/13c33935f0a59dd3c3a52ae25f58c248a1bf75f6e9ab4e6a7a23bfb8f9f53136?s=96&d=mm&r=g\",\"url\":\"https:\\\/\\\/secure.gravatar.com\\\/avatar\\\/13c33935f0a59dd3c3a52ae25f58c248a1bf75f6e9ab4e6a7a23bfb8f9f53136?s=96&d=mm&r=g\",\"contentUrl\":\"https:\\\/\\\/secure.gravatar.com\\\/avatar\\\/13c33935f0a59dd3c3a52ae25f58c248a1bf75f6e9ab4e6a7a23bfb8f9f53136?s=96&d=mm&r=g\",\"caption\":\"Iboka Marc Andr\u00e9\"},\"url\":\"https:\\\/\\\/depeches241.com\\\/?author=12\"}]}<\/script>\n<!-- \/ Yoast SEO plugin. -->","yoast_head_json":{"title":"- Groupe D\u00e9p\u00eaches241","description":"Le 23 septembre 2025, le Gabon entamait officiellement sa croisade contre la pollution plastique. Par un post solennel publi\u00e9 sur les r\u00e9seaux sociaux, le Minist\u00e8re de l'Environnement, de l'\u00c9cologie et du Climat annon\u00e7ait l'entr\u00e9e en vigueur sur l'ensemble du territoire national de l'interdiction des sacs plastiques \u00e0 usage unique. Cette mesure, ancr\u00e9e dans l'article 5 de l'Ordonnance n\u00b00012\/PR\/2024 du 26 f\u00e9vrier 2024 et ratifi\u00e9e par la Loi n\u00b0009\/2024 du 5 ao\u00fbt 2024, traduisait la volont\u00e9 affich\u00e9e du pr\u00e9sident Brice Clotaire Oligui Nguema de prot\u00e9ger la sant\u00e9 des populations, pr\u00e9server la biodiversit\u00e9 gabonaise et lutter \u00ab efficacement \u00bb contre la pollution plastique. Le minist\u00e8re appelait alors chaque citoyen, chaque op\u00e9rateur \u00e9conomique et la soci\u00e9t\u00e9 civile \u00e0 s'impliquer pleinement dans cette transition vers un Gabon \u00ab plus propre, plus r\u00e9silient et tourn\u00e9 vers une \u00e9conomie circulaire durable \u00bb.","robots":{"index":"index","follow":"follow","max-snippet":"max-snippet:-1","max-image-preview":"max-image-preview:large","max-video-preview":"max-video-preview:-1"},"canonical":"https:\/\/depeches241.com\/?p=30113","og_locale":"fr_FR","og_type":"article","og_title":"- Groupe D\u00e9p\u00eaches241","og_description":"Le 23 septembre 2025, le Gabon entamait officiellement sa croisade contre la pollution plastique. Par un post solennel publi\u00e9 sur les r\u00e9seaux sociaux, le Minist\u00e8re de l'Environnement, de l'\u00c9cologie et du Climat annon\u00e7ait l'entr\u00e9e en vigueur sur l'ensemble du territoire national de l'interdiction des sacs plastiques \u00e0 usage unique. Cette mesure, ancr\u00e9e dans l'article 5 de l'Ordonnance n\u00b00012\/PR\/2024 du 26 f\u00e9vrier 2024 et ratifi\u00e9e par la Loi n\u00b0009\/2024 du 5 ao\u00fbt 2024, traduisait la volont\u00e9 affich\u00e9e du pr\u00e9sident Brice Clotaire Oligui Nguema de prot\u00e9ger la sant\u00e9 des populations, pr\u00e9server la biodiversit\u00e9 gabonaise et lutter \u00ab efficacement \u00bb contre la pollution plastique. Le minist\u00e8re appelait alors chaque citoyen, chaque op\u00e9rateur \u00e9conomique et la soci\u00e9t\u00e9 civile \u00e0 s'impliquer pleinement dans cette transition vers un Gabon \u00ab plus propre, plus r\u00e9silient et tourn\u00e9 vers une \u00e9conomie circulaire durable \u00bb.","og_url":"https:\/\/depeches241.com\/?p=30113","og_site_name":"Groupe D\u00e9p\u00eaches241","article_publisher":"https:\/\/www.facebook.com\/depeches241","article_published_time":"2026-08-31T15:14:38+00:00","article_modified_time":"2026-08-31T16:58:26+00:00","og_image":[{"width":1672,"height":713,"url":"http:\/\/depeches241.com\/wp-content\/uploads\/2026\/08\/032EF56E-392E-464A-AECC-3C773834D41C.jpeg","type":"image\/jpeg"}],"author":"Iboka Marc Andr\u00e9","twitter_card":"summary_large_image","twitter_misc":{"\u00c9crit par":"Iboka Marc Andr\u00e9","Dur\u00e9e de lecture estim\u00e9e":"5 minutes"},"schema":{"@context":"https:\/\/schema.org","@graph":[{"@type":"Article","@id":"https:\/\/depeches241.com\/?p=30113#article","isPartOf":{"@id":"https:\/\/depeches241.com\/?p=30113"},"author":{"name":"Iboka Marc Andr\u00e9","@id":"https:\/\/depeches241.com\/#\/schema\/person\/5abcf4b9361e0d8aa457b404d877674f"},"headline":"Aucun titre","datePublished":"2026-08-31T15:14:38+00:00","dateModified":"2026-08-31T16:58:26+00:00","mainEntityOfPage":{"@id":"https:\/\/depeches241.com\/?p=30113"},"wordCount":1024,"commentCount":0,"publisher":{"@id":"https:\/\/depeches241.com\/#organization"},"image":{"@id":"https:\/\/depeches241.com\/?p=30113#primaryimage"},"thumbnailUrl":"https:\/\/depeches241.com\/wp-content\/uploads\/2026\/08\/032EF56E-392E-464A-AECC-3C773834D41C.jpeg","keywords":["depeches241","F\u00eate de la Lib\u00e9ration","Gabon","gouvernement","Mays Mouissi","Politique","Sacs plastiques"],"articleSection":["POLITIQUE","Une2"],"inLanguage":"fr-FR","potentialAction":[{"@type":"CommentAction","name":"Comment","target":["https:\/\/depeches241.com\/?p=30113#respond"]}]},{"@type":"WebPage","@id":"https:\/\/depeches241.com\/?p=30113","url":"https:\/\/depeches241.com\/?p=30113","name":"- Groupe D\u00e9p\u00eaches241","isPartOf":{"@id":"https:\/\/depeches241.com\/#website"},"primaryImageOfPage":{"@id":"https:\/\/depeches241.com\/?p=30113#primaryimage"},"image":{"@id":"https:\/\/depeches241.com\/?p=30113#primaryimage"},"thumbnailUrl":"https:\/\/depeches241.com\/wp-content\/uploads\/2026\/08\/032EF56E-392E-464A-AECC-3C773834D41C.jpeg","datePublished":"2026-08-31T15:14:38+00:00","dateModified":"2026-08-31T16:58:26+00:00","description":"Le 23 septembre 2025, le Gabon entamait officiellement sa croisade contre la pollution plastique. Par un post solennel publi\u00e9 sur les r\u00e9seaux sociaux, le Minist\u00e8re de l'Environnement, de l'\u00c9cologie et du Climat annon\u00e7ait l'entr\u00e9e en vigueur sur l'ensemble du territoire national de l'interdiction des sacs plastiques \u00e0 usage unique. Cette mesure, ancr\u00e9e dans l'article 5 de l'Ordonnance n\u00b00012\/PR\/2024 du 26 f\u00e9vrier 2024 et ratifi\u00e9e par la Loi n\u00b0009\/2024 du 5 ao\u00fbt 2024, traduisait la volont\u00e9 affich\u00e9e du pr\u00e9sident Brice Clotaire Oligui Nguema de prot\u00e9ger la sant\u00e9 des populations, pr\u00e9server la biodiversit\u00e9 gabonaise et lutter \u00ab efficacement \u00bb contre la pollution plastique. Le minist\u00e8re appelait alors chaque citoyen, chaque op\u00e9rateur \u00e9conomique et la soci\u00e9t\u00e9 civile \u00e0 s'impliquer pleinement dans cette transition vers un Gabon \u00ab plus propre, plus r\u00e9silient et tourn\u00e9 vers une \u00e9conomie circulaire durable \u00bb.","inLanguage":"fr-FR","potentialAction":[{"@type":"ReadAction","target":["https:\/\/depeches241.com\/?p=30113"]}]},{"@type":"ImageObject","inLanguage":"fr-FR","@id":"https:\/\/depeches241.com\/?p=30113#primaryimage","url":"https:\/\/depeches241.com\/wp-content\/uploads\/2026\/08\/032EF56E-392E-464A-AECC-3C773834D41C.jpeg","contentUrl":"https:\/\/depeches241.com\/wp-content\/uploads\/2026\/08\/032EF56E-392E-464A-AECC-3C773834D41C.jpeg","width":1672,"height":713},{"@type":"WebSite","@id":"https:\/\/depeches241.com\/#website","url":"https:\/\/depeches241.com\/","name":"D\u00e9p\u00eaches241","description":"M\u00e9dia d&#039;actualit\u00e9 Politique, \u00c9conomique, Sociale et Internationale","publisher":{"@id":"https:\/\/depeches241.com\/#organization"},"potentialAction":[{"@type":"SearchAction","target":{"@type":"EntryPoint","urlTemplate":"https:\/\/depeches241.com\/?s={search_term_string}"},"query-input":{"@type":"PropertyValueSpecification","valueRequired":true,"valueName":"search_term_string"}}],"inLanguage":"fr-FR"},{"@type":"Organization","@id":"https:\/\/depeches241.com\/#organization","name":"Groupe D\u00e9p\u00eaches241","url":"https:\/\/depeches241.com\/","logo":{"@type":"ImageObject","inLanguage":"fr-FR","@id":"https:\/\/depeches241.com\/#\/schema\/logo\/image\/","url":"https:\/\/depeches241.com\/wp-content\/uploads\/2021\/10\/cropped-Logo-new-Accueil.png","contentUrl":"https:\/\/depeches241.com\/wp-content\/uploads\/2021\/10\/cropped-Logo-new-Accueil.png","width":320,"height":105,"caption":"Groupe D\u00e9p\u00eaches241"},"image":{"@id":"https:\/\/depeches241.com\/#\/schema\/logo\/image\/"},"sameAs":["https:\/\/www.facebook.com\/depeches241"]},{"@type":"Person","@id":"https:\/\/depeches241.com\/#\/schema\/person\/5abcf4b9361e0d8aa457b404d877674f","name":"Iboka Marc Andr\u00e9","image":{"@type":"ImageObject","inLanguage":"fr-FR","@id":"https:\/\/secure.gravatar.com\/avatar\/13c33935f0a59dd3c3a52ae25f58c248a1bf75f6e9ab4e6a7a23bfb8f9f53136?s=96&d=mm&r=g","url":"https:\/\/secure.gravatar.com\/avatar\/13c33935f0a59dd3c3a52ae25f58c248a1bf75f6e9ab4e6a7a23bfb8f9f53136?s=96&d=mm&r=g","contentUrl":"https:\/\/secure.gravatar.com\/avatar\/13c33935f0a59dd3c3a52ae25f58c248a1bf75f6e9ab4e6a7a23bfb8f9f53136?s=96&d=mm&r=g","caption":"Iboka Marc Andr\u00e9"},"url":"https:\/\/depeches241.com\/?author=12"}]}},"_links":{"self":[{"href":"https:\/\/depeches241.com\/index.php?rest_route=\/wp\/v2\/posts\/30113","targetHints":{"allow":["GET"]}}],"collection":[{"href":"https:\/\/depeches241.com\/index.php?rest_route=\/wp\/v2\/posts"}],"about":[{"href":"https:\/\/depeches241.com\/index.php?rest_route=\/wp\/v2\/types\/post"}],"author":[{"embeddable":true,"href":"https:\/\/depeches241.com\/index.php?rest_route=\/wp\/v2\/users\/12"}],"replies":[{"embeddable":true,"href":"https:\/\/depeches241.com\/index.php?rest_route=%2Fwp%2Fv2%2Fcomments&post=30113"}],"version-history":[{"count":2,"href":"https:\/\/depeches241.com\/index.php?rest_route=\/wp\/v2\/posts\/30113\/revisions"}],"predecessor-version":[{"id":30116,"href":"https:\/\/depeches241.com\/index.php?rest_route=\/wp\/v2\/posts\/30113\/revisions\/30116"}],"wp:featuredmedia":[{"embeddable":true,"href":"https:\/\/depeches241.com\/index.php?rest_route=\/wp\/v2\/media\/30114"}],"wp:attachment":[{"href":"https:\/\/depeches241.com\/index.php?rest_route=%2Fwp%2Fv2%2Fmedia&parent=30113"}],"wp:term":[{"taxonomy":"category","embeddable":true,"href":"https:\/\/depeches241.com\/index.php?rest_route=%2Fwp%2Fv2%2Fcategories&post=30113"},{"taxonomy":"post_tag","embeddable":true,"href":"https:\/\/depeches241.com\/index.php?rest_route=%2Fwp%2Fv2%2Ftags&post=30113"}],"curies":[{"name":"wp","href":"https:\/\/api.w.org\/{rel}","templated":true}]}}