{"id":30138,"date":"2026-09-01T15:21:26","date_gmt":"2026-09-01T13:21:26","guid":{"rendered":"https:\/\/depeches241.com\/?p=30138"},"modified":"2026-09-01T15:21:27","modified_gmt":"2026-09-01T13:21:27","slug":"gabon-marches-publics-pourquoi-letat-peine-t-il-encore-a-montrer-a-qui-va-largent-public","status":"publish","type":"post","link":"https:\/\/depeches241.com\/?p=30138","title":{"rendered":"Gabon: march\u00e9s publics, pourquoi l\u2019\u00c9tat peine-t-il encore \u00e0 montrer \u00e0 qui va l\u2019argent public ?"},"content":{"rendered":"\n<figure class=\"wp-block-image size-large\"><img loading=\"lazy\" decoding=\"async\" width=\"1024\" height=\"438\" src=\"https:\/\/depeches241.com\/wp-content\/uploads\/2026\/09\/9bbce438-cf82-4659-b7a1-f4fb365b6014-1024x438.jpeg\" alt=\"\" class=\"wp-image-30139\" srcset=\"https:\/\/depeches241.com\/wp-content\/uploads\/2026\/09\/9bbce438-cf82-4659-b7a1-f4fb365b6014-1024x438.jpeg 1024w, https:\/\/depeches241.com\/wp-content\/uploads\/2026\/09\/9bbce438-cf82-4659-b7a1-f4fb365b6014-300x128.jpeg 300w, https:\/\/depeches241.com\/wp-content\/uploads\/2026\/09\/9bbce438-cf82-4659-b7a1-f4fb365b6014-768x328.jpeg 768w, https:\/\/depeches241.com\/wp-content\/uploads\/2026\/09\/9bbce438-cf82-4659-b7a1-f4fb365b6014.jpeg 1280w\" sizes=\"auto, (max-width: 1024px) 100vw, 1024px\" \/><figcaption class=\"wp-element-caption\"><strong><em>Le vrai test de la transparence est de savoir qui re\u00e7oit l\u2019argent public, combien et pourquoi<\/em><\/strong> <em>\u00a9 D\u00e9p\u00eaches 241<\/em><br><\/figcaption><\/figure>\n\n\n\n<p class=\"wp-block-paragraph\"><strong>Libreville, le 1er septembre 2026 &#8211; (D\u00e9p\u00eaches 241). Le Gabon publie ses grandes orientations budg\u00e9taires, mais la tra\u00e7abilit\u00e9 de l&rsquo;argent se r\u00e9duit lorsqu&rsquo;il s&rsquo;agit de descendre jusqu&rsquo;aux march\u00e9s publics. Le D\u00e9partement d&rsquo;\u00c9tat am\u00e9ricain rel\u00e8ve que le pays ne publie pas r\u00e9guli\u00e8rement les informations concernant ces contrats. Une faiblesse qui d\u00e9place le d\u00e9bat de la transparence du budget vers celle, beaucoup plus concr\u00e8te, de la d\u00e9pense.<\/strong><\/p>\n\n\n\n<p class=\"has-drop-cap wp-block-paragraph\">Une loi de finances permet de conna\u00eetre les cr\u00e9dits accord\u00e9s \u00e0 un minist\u00e8re ou \u00e0 un programme. Elle ne dit cependant pas n\u00e9cessairement quelles entreprises obtiennent les contrats financ\u00e9s par ces cr\u00e9dits, pour quels montants et selon quelles proc\u00e9dures. C&rsquo;est la publication des donn\u00e9es relatives aux march\u00e9s qui permet de franchir cette seconde \u00e9tape et de suivre le chemin entre l&rsquo;autorisation parlementaire de d\u00e9penser et son b\u00e9n\u00e9ficiaire final.<\/p>\n\n\n\n<p class=\"wp-block-paragraph\">Le sujet est d&rsquo;autant plus sensible que les march\u00e9s publics constituent l&rsquo;un des principaux canaux par lesquels les investissements de l&rsquo;\u00c9tat se transforment en routes, b\u00e2timents, \u00e9quipements, prestations ou fournitures. Une information r\u00e9guli\u00e8re sur les attributions permettrait non seulement d&rsquo;identifier les b\u00e9n\u00e9ficiaires, mais aussi de suivre la concentration \u00e9ventuelle des commandes et la place respective des proc\u00e9dures concurrentielles et d\u00e9rogatoires.<\/p>\n\n\n\n<p class=\"wp-block-paragraph\">Le retard gabonais n&rsquo;est pas une fatalit\u00e9 r\u00e9gionale. Dans le m\u00eame exercice d&rsquo;\u00e9valuation, le Cameroun est cr\u00e9dit\u00e9 de la publication d&rsquo;informations de base sur les march\u00e9s publics, tandis que la R\u00e9publique centrafricaine a r\u00e9alis\u00e9 des progr\u00e8s significatifs en rendant accessibles des informations sur ses contrats. Le Congo et le Tchad sont, comme le Gabon, critiqu\u00e9s sur ce terrain.<\/p>\n\n\n\n<p class=\"wp-block-paragraph\">Pour le gouvernement, il s&rsquo;agit de permettre de suivre plus facilement comment et aupr\u00e8s de qui cet argent est d\u00e9pens\u00e9. Dans une p\u00e9riode o\u00f9 les investissements publics occupent une place centrale dans la politique \u00e9conomique, l&rsquo;ouverture des donn\u00e9es de la commande publique constituerait probablement l&rsquo;un des tests les plus concrets de la transparence financi\u00e8re.<\/p>\n\n\n\n<p class=\"wp-block-paragraph\"><\/p>\n","protected":false},"excerpt":{"rendered":"<p>Libreville, le 1er septembre 2026 &#8211; (D\u00e9p\u00eaches 241). Le Gabon publie ses grandes orientations budg\u00e9taires, mais la tra\u00e7abilit\u00e9 de l&rsquo;argent se r\u00e9duit lorsqu&rsquo;il s&rsquo;agit de descendre jusqu&rsquo;aux march\u00e9s publics. Le D\u00e9partement d&rsquo;\u00c9tat am\u00e9ricain rel\u00e8ve que le pays ne publie pas r\u00e9guli\u00e8rement les informations concernant ces contrats. Une faiblesse qui d\u00e9place [&hellip;]<\/p>\n","protected":false},"author":22,"featured_media":30139,"comment_status":"open","ping_status":"open","sticky":false,"template":"","format":"standard","meta":{"om_disable_all_campaigns":false,"footnotes":""},"categories":[4,116],"tags":[5792,99,141,59,4683],"class_list":["post-30138","post","type-post","status-publish","format-standard","has-post-thumbnail","category-economie","category-une1","tag-departement-detat-americain","tag-depeches241","tag-economie","tag-gabon","tag-marches-publics"],"yoast_head":"<!-- This site is optimized with the Yoast SEO plugin v28.4 - https:\/\/yoast.com\/product\/yoast-seo-wordpress\/ -->\n<title>Gabon: march\u00e9s publics, pourquoi l\u2019\u00c9tat peine-t-il encore \u00e0 montrer \u00e0 qui va l\u2019argent public ? - Groupe D\u00e9p\u00eaches241<\/title>\n<meta name=\"robots\" content=\"index, follow, max-snippet:-1, max-image-preview:large, max-video-preview:-1\" \/>\n<link rel=\"canonical\" href=\"https:\/\/depeches241.com\/?p=30138\" \/>\n<meta property=\"og:locale\" content=\"fr_FR\" \/>\n<meta property=\"og:type\" content=\"article\" \/>\n<meta property=\"og:title\" content=\"Gabon: march\u00e9s publics, pourquoi l\u2019\u00c9tat peine-t-il encore \u00e0 montrer \u00e0 qui va l\u2019argent public ? - Groupe D\u00e9p\u00eaches241\" \/>\n<meta property=\"og:description\" content=\"Libreville, le 1er septembre 2026 &#8211; (D\u00e9p\u00eaches 241). Le Gabon publie ses grandes orientations budg\u00e9taires, mais la tra\u00e7abilit\u00e9 de l&rsquo;argent se r\u00e9duit lorsqu&rsquo;il s&rsquo;agit de descendre jusqu&rsquo;aux march\u00e9s publics. Le D\u00e9partement d&rsquo;\u00c9tat am\u00e9ricain rel\u00e8ve que le pays ne publie pas r\u00e9guli\u00e8rement les informations concernant ces contrats. Une faiblesse qui d\u00e9place [&hellip;]\" \/>\n<meta property=\"og:url\" content=\"https:\/\/depeches241.com\/?p=30138\" \/>\n<meta property=\"og:site_name\" content=\"Groupe D\u00e9p\u00eaches241\" \/>\n<meta property=\"article:publisher\" content=\"https:\/\/www.facebook.com\/depeches241\" \/>\n<meta property=\"article:published_time\" content=\"2026-09-01T13:21:26+00:00\" \/>\n<meta property=\"article:modified_time\" content=\"2026-09-01T13:21:27+00:00\" \/>\n<meta property=\"og:image\" content=\"http:\/\/depeches241.com\/wp-content\/uploads\/2026\/09\/9bbce438-cf82-4659-b7a1-f4fb365b6014.jpeg\" \/>\n\t<meta property=\"og:image:width\" content=\"1280\" \/>\n\t<meta property=\"og:image:height\" content=\"547\" \/>\n\t<meta property=\"og:image:type\" content=\"image\/jpeg\" \/>\n<meta name=\"author\" content=\"Florant Yinda\" \/>\n<meta name=\"twitter:card\" content=\"summary_large_image\" \/>\n<meta name=\"twitter:label1\" content=\"\u00c9crit par\" \/>\n\t<meta name=\"twitter:data1\" content=\"Florant Yinda\" \/>\n\t<meta name=\"twitter:label2\" content=\"Dur\u00e9e de lecture estim\u00e9e\" \/>\n\t<meta name=\"twitter:data2\" content=\"2 minutes\" \/>\n<script type=\"application\/ld+json\" class=\"yoast-schema-graph\">{\"@context\":\"https:\\\/\\\/schema.org\",\"@graph\":[{\"@type\":\"Article\",\"@id\":\"https:\\\/\\\/depeches241.com\\\/?p=30138#article\",\"isPartOf\":{\"@id\":\"https:\\\/\\\/depeches241.com\\\/?p=30138\"},\"author\":{\"name\":\"Florant Yinda\",\"@id\":\"https:\\\/\\\/depeches241.com\\\/#\\\/schema\\\/person\\\/37b1d864cb5b1c898f021c1ea6415cc4\"},\"headline\":\"Gabon: march\u00e9s publics, pourquoi l\u2019\u00c9tat peine-t-il encore \u00e0 montrer \u00e0 qui va l\u2019argent public ?\",\"datePublished\":\"2026-09-01T13:21:26+00:00\",\"dateModified\":\"2026-09-01T13:21:27+00:00\",\"mainEntityOfPage\":{\"@id\":\"https:\\\/\\\/depeches241.com\\\/?p=30138\"},\"wordCount\":403,\"commentCount\":0,\"publisher\":{\"@id\":\"https:\\\/\\\/depeches241.com\\\/#organization\"},\"image\":{\"@id\":\"https:\\\/\\\/depeches241.com\\\/?p=30138#primaryimage\"},\"thumbnailUrl\":\"https:\\\/\\\/depeches241.com\\\/wp-content\\\/uploads\\\/2026\\\/09\\\/9bbce438-cf82-4659-b7a1-f4fb365b6014.jpeg\",\"keywords\":[\"D\u00e9partement d\u2019Etat Am\u00e9ricain\",\"depeches241\",\"Economie\",\"Gabon\",\"March\u00e9s publics\"],\"articleSection\":[\"ECONOMIE\",\"Une1\"],\"inLanguage\":\"fr-FR\",\"potentialAction\":[{\"@type\":\"CommentAction\",\"name\":\"Comment\",\"target\":[\"https:\\\/\\\/depeches241.com\\\/?p=30138#respond\"]}]},{\"@type\":\"WebPage\",\"@id\":\"https:\\\/\\\/depeches241.com\\\/?p=30138\",\"url\":\"https:\\\/\\\/depeches241.com\\\/?p=30138\",\"name\":\"Gabon: march\u00e9s publics, pourquoi l\u2019\u00c9tat peine-t-il encore \u00e0 montrer \u00e0 qui va l\u2019argent public ? - Groupe D\u00e9p\u00eaches241\",\"isPartOf\":{\"@id\":\"https:\\\/\\\/depeches241.com\\\/#website\"},\"primaryImageOfPage\":{\"@id\":\"https:\\\/\\\/depeches241.com\\\/?p=30138#primaryimage\"},\"image\":{\"@id\":\"https:\\\/\\\/depeches241.com\\\/?p=30138#primaryimage\"},\"thumbnailUrl\":\"https:\\\/\\\/depeches241.com\\\/wp-content\\\/uploads\\\/2026\\\/09\\\/9bbce438-cf82-4659-b7a1-f4fb365b6014.jpeg\",\"datePublished\":\"2026-09-01T13:21:26+00:00\",\"dateModified\":\"2026-09-01T13:21:27+00:00\",\"breadcrumb\":{\"@id\":\"https:\\\/\\\/depeches241.com\\\/?p=30138#breadcrumb\"},\"inLanguage\":\"fr-FR\",\"potentialAction\":[{\"@type\":\"ReadAction\",\"target\":[\"https:\\\/\\\/depeches241.com\\\/?p=30138\"]}]},{\"@type\":\"ImageObject\",\"inLanguage\":\"fr-FR\",\"@id\":\"https:\\\/\\\/depeches241.com\\\/?p=30138#primaryimage\",\"url\":\"https:\\\/\\\/depeches241.com\\\/wp-content\\\/uploads\\\/2026\\\/09\\\/9bbce438-cf82-4659-b7a1-f4fb365b6014.jpeg\",\"contentUrl\":\"https:\\\/\\\/depeches241.com\\\/wp-content\\\/uploads\\\/2026\\\/09\\\/9bbce438-cf82-4659-b7a1-f4fb365b6014.jpeg\",\"width\":1280,\"height\":547},{\"@type\":\"BreadcrumbList\",\"@id\":\"https:\\\/\\\/depeches241.com\\\/?p=30138#breadcrumb\",\"itemListElement\":[{\"@type\":\"ListItem\",\"position\":1,\"name\":\"Accueil\",\"item\":\"https:\\\/\\\/depeches241.com\\\/\"},{\"@type\":\"ListItem\",\"position\":2,\"name\":\"Gabon: march\u00e9s publics, pourquoi l\u2019\u00c9tat peine-t-il encore \u00e0 montrer \u00e0 qui va l\u2019argent public ?\"}]},{\"@type\":\"WebSite\",\"@id\":\"https:\\\/\\\/depeches241.com\\\/#website\",\"url\":\"https:\\\/\\\/depeches241.com\\\/\",\"name\":\"D\u00e9p\u00eaches241\",\"description\":\"M\u00e9dia d&#039;actualit\u00e9 Politique, \u00c9conomique, Sociale et Internationale\",\"publisher\":{\"@id\":\"https:\\\/\\\/depeches241.com\\\/#organization\"},\"potentialAction\":[{\"@type\":\"SearchAction\",\"target\":{\"@type\":\"EntryPoint\",\"urlTemplate\":\"https:\\\/\\\/depeches241.com\\\/?s={search_term_string}\"},\"query-input\":{\"@type\":\"PropertyValueSpecification\",\"valueRequired\":true,\"valueName\":\"search_term_string\"}}],\"inLanguage\":\"fr-FR\"},{\"@type\":\"Organization\",\"@id\":\"https:\\\/\\\/depeches241.com\\\/#organization\",\"name\":\"Groupe D\u00e9p\u00eaches241\",\"url\":\"https:\\\/\\\/depeches241.com\\\/\",\"logo\":{\"@type\":\"ImageObject\",\"inLanguage\":\"fr-FR\",\"@id\":\"https:\\\/\\\/depeches241.com\\\/#\\\/schema\\\/logo\\\/image\\\/\",\"url\":\"https:\\\/\\\/depeches241.com\\\/wp-content\\\/uploads\\\/2021\\\/10\\\/cropped-Logo-new-Accueil.png\",\"contentUrl\":\"https:\\\/\\\/depeches241.com\\\/wp-content\\\/uploads\\\/2021\\\/10\\\/cropped-Logo-new-Accueil.png\",\"width\":320,\"height\":105,\"caption\":\"Groupe D\u00e9p\u00eaches241\"},\"image\":{\"@id\":\"https:\\\/\\\/depeches241.com\\\/#\\\/schema\\\/logo\\\/image\\\/\"},\"sameAs\":[\"https:\\\/\\\/www.facebook.com\\\/depeches241\"]},{\"@type\":\"Person\",\"@id\":\"https:\\\/\\\/depeches241.com\\\/#\\\/schema\\\/person\\\/37b1d864cb5b1c898f021c1ea6415cc4\",\"name\":\"Florant Yinda\",\"image\":{\"@type\":\"ImageObject\",\"inLanguage\":\"fr-FR\",\"@id\":\"https:\\\/\\\/secure.gravatar.com\\\/avatar\\\/3876d60934898c52a135f8b24ae4c866008e45f217ff9944bd13733e3a656bc0?s=96&d=mm&r=g\",\"url\":\"https:\\\/\\\/secure.gravatar.com\\\/avatar\\\/3876d60934898c52a135f8b24ae4c866008e45f217ff9944bd13733e3a656bc0?s=96&d=mm&r=g\",\"contentUrl\":\"https:\\\/\\\/secure.gravatar.com\\\/avatar\\\/3876d60934898c52a135f8b24ae4c866008e45f217ff9944bd13733e3a656bc0?s=96&d=mm&r=g\",\"caption\":\"Florant Yinda\"},\"url\":\"https:\\\/\\\/depeches241.com\\\/?author=22\"}]}<\/script>\n<!-- \/ Yoast SEO plugin. -->","yoast_head_json":{"title":"Gabon: march\u00e9s publics, pourquoi l\u2019\u00c9tat peine-t-il encore \u00e0 montrer \u00e0 qui va l\u2019argent public ? - Groupe D\u00e9p\u00eaches241","robots":{"index":"index","follow":"follow","max-snippet":"max-snippet:-1","max-image-preview":"max-image-preview:large","max-video-preview":"max-video-preview:-1"},"canonical":"https:\/\/depeches241.com\/?p=30138","og_locale":"fr_FR","og_type":"article","og_title":"Gabon: march\u00e9s publics, pourquoi l\u2019\u00c9tat peine-t-il encore \u00e0 montrer \u00e0 qui va l\u2019argent public ? - Groupe D\u00e9p\u00eaches241","og_description":"Libreville, le 1er septembre 2026 &#8211; (D\u00e9p\u00eaches 241). Le Gabon publie ses grandes orientations budg\u00e9taires, mais la tra\u00e7abilit\u00e9 de l&rsquo;argent se r\u00e9duit lorsqu&rsquo;il s&rsquo;agit de descendre jusqu&rsquo;aux march\u00e9s publics. Le D\u00e9partement d&rsquo;\u00c9tat am\u00e9ricain rel\u00e8ve que le pays ne publie pas r\u00e9guli\u00e8rement les informations concernant ces contrats. Une faiblesse qui d\u00e9place [&hellip;]","og_url":"https:\/\/depeches241.com\/?p=30138","og_site_name":"Groupe D\u00e9p\u00eaches241","article_publisher":"https:\/\/www.facebook.com\/depeches241","article_published_time":"2026-09-01T13:21:26+00:00","article_modified_time":"2026-09-01T13:21:27+00:00","og_image":[{"width":1280,"height":547,"url":"http:\/\/depeches241.com\/wp-content\/uploads\/2026\/09\/9bbce438-cf82-4659-b7a1-f4fb365b6014.jpeg","type":"image\/jpeg"}],"author":"Florant Yinda","twitter_card":"summary_large_image","twitter_misc":{"\u00c9crit par":"Florant Yinda","Dur\u00e9e de lecture estim\u00e9e":"2 minutes"},"schema":{"@context":"https:\/\/schema.org","@graph":[{"@type":"Article","@id":"https:\/\/depeches241.com\/?p=30138#article","isPartOf":{"@id":"https:\/\/depeches241.com\/?p=30138"},"author":{"name":"Florant Yinda","@id":"https:\/\/depeches241.com\/#\/schema\/person\/37b1d864cb5b1c898f021c1ea6415cc4"},"headline":"Gabon: march\u00e9s publics, pourquoi l\u2019\u00c9tat peine-t-il encore \u00e0 montrer \u00e0 qui va l\u2019argent public ?","datePublished":"2026-09-01T13:21:26+00:00","dateModified":"2026-09-01T13:21:27+00:00","mainEntityOfPage":{"@id":"https:\/\/depeches241.com\/?p=30138"},"wordCount":403,"commentCount":0,"publisher":{"@id":"https:\/\/depeches241.com\/#organization"},"image":{"@id":"https:\/\/depeches241.com\/?p=30138#primaryimage"},"thumbnailUrl":"https:\/\/depeches241.com\/wp-content\/uploads\/2026\/09\/9bbce438-cf82-4659-b7a1-f4fb365b6014.jpeg","keywords":["D\u00e9partement d\u2019Etat Am\u00e9ricain","depeches241","Economie","Gabon","March\u00e9s publics"],"articleSection":["ECONOMIE","Une1"],"inLanguage":"fr-FR","potentialAction":[{"@type":"CommentAction","name":"Comment","target":["https:\/\/depeches241.com\/?p=30138#respond"]}]},{"@type":"WebPage","@id":"https:\/\/depeches241.com\/?p=30138","url":"https:\/\/depeches241.com\/?p=30138","name":"Gabon: march\u00e9s publics, pourquoi l\u2019\u00c9tat peine-t-il encore \u00e0 montrer \u00e0 qui va l\u2019argent public ? - Groupe D\u00e9p\u00eaches241","isPartOf":{"@id":"https:\/\/depeches241.com\/#website"},"primaryImageOfPage":{"@id":"https:\/\/depeches241.com\/?p=30138#primaryimage"},"image":{"@id":"https:\/\/depeches241.com\/?p=30138#primaryimage"},"thumbnailUrl":"https:\/\/depeches241.com\/wp-content\/uploads\/2026\/09\/9bbce438-cf82-4659-b7a1-f4fb365b6014.jpeg","datePublished":"2026-09-01T13:21:26+00:00","dateModified":"2026-09-01T13:21:27+00:00","breadcrumb":{"@id":"https:\/\/depeches241.com\/?p=30138#breadcrumb"},"inLanguage":"fr-FR","potentialAction":[{"@type":"ReadAction","target":["https:\/\/depeches241.com\/?p=30138"]}]},{"@type":"ImageObject","inLanguage":"fr-FR","@id":"https:\/\/depeches241.com\/?p=30138#primaryimage","url":"https:\/\/depeches241.com\/wp-content\/uploads\/2026\/09\/9bbce438-cf82-4659-b7a1-f4fb365b6014.jpeg","contentUrl":"https:\/\/depeches241.com\/wp-content\/uploads\/2026\/09\/9bbce438-cf82-4659-b7a1-f4fb365b6014.jpeg","width":1280,"height":547},{"@type":"BreadcrumbList","@id":"https:\/\/depeches241.com\/?p=30138#breadcrumb","itemListElement":[{"@type":"ListItem","position":1,"name":"Accueil","item":"https:\/\/depeches241.com\/"},{"@type":"ListItem","position":2,"name":"Gabon: march\u00e9s publics, pourquoi l\u2019\u00c9tat peine-t-il encore \u00e0 montrer \u00e0 qui va l\u2019argent public ?"}]},{"@type":"WebSite","@id":"https:\/\/depeches241.com\/#website","url":"https:\/\/depeches241.com\/","name":"D\u00e9p\u00eaches241","description":"M\u00e9dia d&#039;actualit\u00e9 Politique, \u00c9conomique, Sociale et Internationale","publisher":{"@id":"https:\/\/depeches241.com\/#organization"},"potentialAction":[{"@type":"SearchAction","target":{"@type":"EntryPoint","urlTemplate":"https:\/\/depeches241.com\/?s={search_term_string}"},"query-input":{"@type":"PropertyValueSpecification","valueRequired":true,"valueName":"search_term_string"}}],"inLanguage":"fr-FR"},{"@type":"Organization","@id":"https:\/\/depeches241.com\/#organization","name":"Groupe D\u00e9p\u00eaches241","url":"https:\/\/depeches241.com\/","logo":{"@type":"ImageObject","inLanguage":"fr-FR","@id":"https:\/\/depeches241.com\/#\/schema\/logo\/image\/","url":"https:\/\/depeches241.com\/wp-content\/uploads\/2021\/10\/cropped-Logo-new-Accueil.png","contentUrl":"https:\/\/depeches241.com\/wp-content\/uploads\/2021\/10\/cropped-Logo-new-Accueil.png","width":320,"height":105,"caption":"Groupe D\u00e9p\u00eaches241"},"image":{"@id":"https:\/\/depeches241.com\/#\/schema\/logo\/image\/"},"sameAs":["https:\/\/www.facebook.com\/depeches241"]},{"@type":"Person","@id":"https:\/\/depeches241.com\/#\/schema\/person\/37b1d864cb5b1c898f021c1ea6415cc4","name":"Florant Yinda","image":{"@type":"ImageObject","inLanguage":"fr-FR","@id":"https:\/\/secure.gravatar.com\/avatar\/3876d60934898c52a135f8b24ae4c866008e45f217ff9944bd13733e3a656bc0?s=96&d=mm&r=g","url":"https:\/\/secure.gravatar.com\/avatar\/3876d60934898c52a135f8b24ae4c866008e45f217ff9944bd13733e3a656bc0?s=96&d=mm&r=g","contentUrl":"https:\/\/secure.gravatar.com\/avatar\/3876d60934898c52a135f8b24ae4c866008e45f217ff9944bd13733e3a656bc0?s=96&d=mm&r=g","caption":"Florant Yinda"},"url":"https:\/\/depeches241.com\/?author=22"}]}},"_links":{"self":[{"href":"https:\/\/depeches241.com\/index.php?rest_route=\/wp\/v2\/posts\/30138","targetHints":{"allow":["GET"]}}],"collection":[{"href":"https:\/\/depeches241.com\/index.php?rest_route=\/wp\/v2\/posts"}],"about":[{"href":"https:\/\/depeches241.com\/index.php?rest_route=\/wp\/v2\/types\/post"}],"author":[{"embeddable":true,"href":"https:\/\/depeches241.com\/index.php?rest_route=\/wp\/v2\/users\/22"}],"replies":[{"embeddable":true,"href":"https:\/\/depeches241.com\/index.php?rest_route=%2Fwp%2Fv2%2Fcomments&post=30138"}],"version-history":[{"count":1,"href":"https:\/\/depeches241.com\/index.php?rest_route=\/wp\/v2\/posts\/30138\/revisions"}],"predecessor-version":[{"id":30141,"href":"https:\/\/depeches241.com\/index.php?rest_route=\/wp\/v2\/posts\/30138\/revisions\/30141"}],"wp:featuredmedia":[{"embeddable":true,"href":"https:\/\/depeches241.com\/index.php?rest_route=\/wp\/v2\/media\/30139"}],"wp:attachment":[{"href":"https:\/\/depeches241.com\/index.php?rest_route=%2Fwp%2Fv2%2Fmedia&parent=30138"}],"wp:term":[{"taxonomy":"category","embeddable":true,"href":"https:\/\/depeches241.com\/index.php?rest_route=%2Fwp%2Fv2%2Fcategories&post=30138"},{"taxonomy":"post_tag","embeddable":true,"href":"https:\/\/depeches241.com\/index.php?rest_route=%2Fwp%2Fv2%2Ftags&post=30138"}],"curies":[{"name":"wp","href":"https:\/\/api.w.org\/{rel}","templated":true}]}}