{"id":30149,"date":"2026-09-01T21:46:03","date_gmt":"2026-09-01T19:46:03","guid":{"rendered":"https:\/\/depeches241.com\/?p=30149"},"modified":"2026-09-01T21:49:15","modified_gmt":"2026-09-01T19:49:15","slug":"tournoi-de-la-montee-en-deuxieme-division-mitzic-fc-a-120-minutes-dun-exploit-historique","status":"publish","type":"post","link":"https:\/\/depeches241.com\/?p=30149","title":{"rendered":"Tournoi de la mont\u00e9e en deuxi\u00e8me division: Mitzic FC \u00e0 120 minutes d\u2019un exploit historique"},"content":{"rendered":"\n<figure class=\"wp-block-image size-large\"><img loading=\"lazy\" decoding=\"async\" width=\"1024\" height=\"401\" src=\"https:\/\/depeches241.com\/wp-content\/uploads\/2026\/09\/1003905193-1024x401.jpg\" alt=\"\" class=\"wp-image-30151\" srcset=\"https:\/\/depeches241.com\/wp-content\/uploads\/2026\/09\/1003905193-1024x401.jpg 1024w, https:\/\/depeches241.com\/wp-content\/uploads\/2026\/09\/1003905193-300x118.jpg 300w, https:\/\/depeches241.com\/wp-content\/uploads\/2026\/09\/1003905193-766x300.jpg 766w, https:\/\/depeches241.com\/wp-content\/uploads\/2026\/09\/1003905193.jpg 1080w\" sizes=\"auto, (max-width: 1024px) 100vw, 1024px\" \/><figcaption class=\"wp-element-caption\"><strong><em>La ville de Mitzic dans le Woleu-Ntem pourrait bient\u00f4t avoir une \u00e9quipe dans la sph\u00e8re professionnelle du football gabonais.<\/em><\/strong>\u00a9 D\u00e9p\u00eaches 241<\/figcaption><\/figure>\n\n\n\n<p class=\"wp-block-paragraph\"><strong>Libreville, le 1er septembre 2026-(D\u00e9p\u00eaches 241). Au Gabon, le tournoi de la mont\u00e9e en deuxi\u00e8me division professionnelle de football se disputera du 4 au 11 septembre prochain \u00e0 Makokou, dans la capitale provinciale de l&rsquo;Ogoou\u00e9-Ivindo. Une \u00e9quipe retient particuli\u00e8rement l\u2019attention, il s&rsquo;agit du champion du Woleu-Ntem, Mitzic FC. Log\u00e9e dans la poule B, l\u2019\u00e9quipe du d\u00e9partement de l\u2019Okano n\u2019est qu\u2019\u00e0 120 minutes d\u2019un exploit retentissant qui pourrait lui permettre de \u00ab jumper \u00bb dans la sph\u00e8re professionnelle, 20 ans apr\u00e8s l\u2019accession de l\u2019AS Mitzic dans l\u2019\u00e9lite du football gabonais.<\/strong><\/p>\n\n\n\n<p class=\"has-drop-cap wp-block-paragraph\">Les neuf \u00e9quipes qualifi\u00e9es pour la phase finale du championnat national D3, qualificative pour la mont\u00e9e en deuxi\u00e8me division professionnelle sont d\u00e9sormais fix\u00e9es sur leur sort. Le tirage au sort des groupes a eu lieu hier lundi 31 ao\u00fbt 2026 apr\u00e8s-midi, au si\u00e8ge de la f\u00e9d\u00e9ration gabonaise de football (Fegafoot), \u00e0 Owendo. Apr\u00e8s son sacre au championnat provincial D3 du Woleu-Ntem, Mitzic FC conna\u00eet d\u00e9sormais ses adversaires pour tenter de d\u00e9crocher son ticket pour la seconde division nationale.<\/p>\n\n\n\n<p class=\"wp-block-paragraph\">Plac\u00e9e dans la poule B avec le Club Olympique du Littoral (COL), vainqueur du championnat provincial D3 dans l\u2019Ogoou\u00e9-Maritime et le FC Schweitzer, championnat du Moyen-Ogoou\u00e9, les nordistes pourraient tirer leur \u00e9pingle du jeu. Avec le meilleur buteur de la saison r\u00e9guli\u00e8re dans ses rangs, le club Okanois part dans cette bataille avec des certitudes et un objectif pr\u00e9cis: d\u00e9crocher une mont\u00e9e historique en deuxi\u00e8me division professionnelle.<\/p>\n\n\n\n<p class=\"wp-block-paragraph\">Alors qu&rsquo;ils entrent en lice le dimanche 6 septembre prochain face \u00e0 FC Schweitzer de Lambar\u00e9n\u00e9, les Mitzicois n\u2019auront besoin que d\u2019une victoire et un match nul pour acc\u00e9der au second \u00e9chelon du football professionnel gabonais. 20 ans apr\u00e8s la mont\u00e9e en premi\u00e8re division de son anc\u00eatre AS Mitzic, la ville pourrait conna\u00eetre une nouvelle fois la joie d\u2019avoir une \u00e9quipe de football professionnel.<\/p>\n\n\n\n<p class=\"wp-block-paragraph\"><\/p>\n","protected":false},"excerpt":{"rendered":"<p>Libreville, le 1er septembre 2026-(D\u00e9p\u00eaches 241). Au Gabon, le tournoi de la mont\u00e9e en deuxi\u00e8me division professionnelle de football se disputera du 4 au 11 septembre prochain \u00e0 Makokou, dans la capitale provinciale de l&rsquo;Ogoou\u00e9-Ivindo. Une \u00e9quipe retient particuli\u00e8rement l\u2019attention, il s&rsquo;agit du champion du Woleu-Ntem, Mitzic FC. Log\u00e9e dans [&hellip;]<\/p>\n","protected":false},"author":18,"featured_media":30151,"comment_status":"open","ping_status":"open","sticky":false,"template":"","format":"standard","meta":{"om_disable_all_campaigns":false,"footnotes":""},"categories":[634,116],"tags":[99,406,59,6232,403,6231],"class_list":["post-30149","post","type-post","status-publish","format-standard","has-post-thumbnail","category-sport","category-une1","tag-depeches241","tag-football","tag-gabon","tag-mitzic-fc","tag-sport","tag-tournoi-de-la-montee-en-d2-pro"],"yoast_head":"<!-- This site is optimized with the Yoast SEO plugin v28.4 - https:\/\/yoast.com\/product\/yoast-seo-wordpress\/ -->\n<title>Tournoi de la mont\u00e9e en deuxi\u00e8me division: Mitzic FC \u00e0 120 minutes d\u2019un exploit historique - Groupe D\u00e9p\u00eaches241<\/title>\n<meta name=\"description\" content=\"Au Gabon, le tournoi de la mont\u00e9e en deuxi\u00e8me division professionnelle de football se disputera du 4 au 11 septembre prochain \u00e0 Makokou, dans la capitale provinciale de l&#039;Ogoou\u00e9-Ivindo. Une \u00e9quipe retient particuli\u00e8rement l\u2019attention, il s&#039;agit du champion du Woleu-Ntem, Mitzic FC. Log\u00e9e dans la poule B, l\u2019\u00e9quipe du d\u00e9partement de l\u2019Okano n\u2019est qu\u2019\u00e0 120 minutes d\u2019un exploit retentissant qui pourrait lui permettre de \u00ab jumper \u00bb dans la sph\u00e8re professionnelle, 20 ans apr\u00e8s l\u2019accession de l\u2019AS Mitzic dans l\u2019\u00e9lite du football gabonais.\" \/>\n<meta name=\"robots\" content=\"index, follow, max-snippet:-1, max-image-preview:large, max-video-preview:-1\" \/>\n<link rel=\"canonical\" href=\"https:\/\/depeches241.com\/?p=30149\" \/>\n<meta property=\"og:locale\" content=\"fr_FR\" \/>\n<meta property=\"og:type\" content=\"article\" \/>\n<meta property=\"og:title\" content=\"Tournoi de la mont\u00e9e en deuxi\u00e8me division: Mitzic FC \u00e0 120 minutes d\u2019un exploit historique - Groupe D\u00e9p\u00eaches241\" \/>\n<meta property=\"og:description\" content=\"Au Gabon, le tournoi de la mont\u00e9e en deuxi\u00e8me division professionnelle de football se disputera du 4 au 11 septembre prochain \u00e0 Makokou, dans la capitale provinciale de l&#039;Ogoou\u00e9-Ivindo. Une \u00e9quipe retient particuli\u00e8rement l\u2019attention, il s&#039;agit du champion du Woleu-Ntem, Mitzic FC. Log\u00e9e dans la poule B, l\u2019\u00e9quipe du d\u00e9partement de l\u2019Okano n\u2019est qu\u2019\u00e0 120 minutes d\u2019un exploit retentissant qui pourrait lui permettre de \u00ab jumper \u00bb dans la sph\u00e8re professionnelle, 20 ans apr\u00e8s l\u2019accession de l\u2019AS Mitzic dans l\u2019\u00e9lite du football gabonais.\" \/>\n<meta property=\"og:url\" content=\"https:\/\/depeches241.com\/?p=30149\" \/>\n<meta property=\"og:site_name\" content=\"Groupe D\u00e9p\u00eaches241\" \/>\n<meta property=\"article:publisher\" content=\"https:\/\/www.facebook.com\/depeches241\" \/>\n<meta property=\"article:published_time\" content=\"2026-09-01T19:46:03+00:00\" \/>\n<meta property=\"article:modified_time\" content=\"2026-09-01T19:49:15+00:00\" \/>\n<meta property=\"og:image\" content=\"http:\/\/depeches241.com\/wp-content\/uploads\/2026\/09\/1003905193.jpg\" \/>\n\t<meta property=\"og:image:width\" content=\"1080\" \/>\n\t<meta property=\"og:image:height\" content=\"423\" \/>\n\t<meta property=\"og:image:type\" content=\"image\/jpeg\" \/>\n<meta name=\"author\" content=\"Fabien BIBANG\" \/>\n<meta name=\"twitter:card\" content=\"summary_large_image\" \/>\n<meta name=\"twitter:label1\" content=\"\u00c9crit par\" \/>\n\t<meta name=\"twitter:data1\" content=\"Fabien BIBANG\" \/>\n\t<meta name=\"twitter:label2\" content=\"Dur\u00e9e de lecture estim\u00e9e\" \/>\n\t<meta name=\"twitter:data2\" content=\"2 minutes\" \/>\n<script type=\"application\/ld+json\" class=\"yoast-schema-graph\">{\"@context\":\"https:\\\/\\\/schema.org\",\"@graph\":[{\"@type\":\"Article\",\"@id\":\"https:\\\/\\\/depeches241.com\\\/?p=30149#article\",\"isPartOf\":{\"@id\":\"https:\\\/\\\/depeches241.com\\\/?p=30149\"},\"author\":{\"name\":\"Fabien BIBANG\",\"@id\":\"https:\\\/\\\/depeches241.com\\\/#\\\/schema\\\/person\\\/1901eab6e51ac627fab3abccbd181d4e\"},\"headline\":\"Tournoi de la mont\u00e9e en deuxi\u00e8me division: Mitzic FC \u00e0 120 minutes d\u2019un exploit historique\",\"datePublished\":\"2026-09-01T19:46:03+00:00\",\"dateModified\":\"2026-09-01T19:49:15+00:00\",\"mainEntityOfPage\":{\"@id\":\"https:\\\/\\\/depeches241.com\\\/?p=30149\"},\"wordCount\":379,\"commentCount\":0,\"publisher\":{\"@id\":\"https:\\\/\\\/depeches241.com\\\/#organization\"},\"image\":{\"@id\":\"https:\\\/\\\/depeches241.com\\\/?p=30149#primaryimage\"},\"thumbnailUrl\":\"https:\\\/\\\/depeches241.com\\\/wp-content\\\/uploads\\\/2026\\\/09\\\/1003905193.jpg\",\"keywords\":[\"depeches241\",\"Football\",\"Gabon\",\"Mitzic FC\",\"Sport\",\"Tournoi de la mont\u00e9e en D2 pro\"],\"articleSection\":[\"SPORT\",\"Une1\"],\"inLanguage\":\"fr-FR\",\"potentialAction\":[{\"@type\":\"CommentAction\",\"name\":\"Comment\",\"target\":[\"https:\\\/\\\/depeches241.com\\\/?p=30149#respond\"]}]},{\"@type\":\"WebPage\",\"@id\":\"https:\\\/\\\/depeches241.com\\\/?p=30149\",\"url\":\"https:\\\/\\\/depeches241.com\\\/?p=30149\",\"name\":\"Tournoi de la mont\u00e9e en deuxi\u00e8me division: Mitzic FC \u00e0 120 minutes d\u2019un exploit historique - Groupe D\u00e9p\u00eaches241\",\"isPartOf\":{\"@id\":\"https:\\\/\\\/depeches241.com\\\/#website\"},\"primaryImageOfPage\":{\"@id\":\"https:\\\/\\\/depeches241.com\\\/?p=30149#primaryimage\"},\"image\":{\"@id\":\"https:\\\/\\\/depeches241.com\\\/?p=30149#primaryimage\"},\"thumbnailUrl\":\"https:\\\/\\\/depeches241.com\\\/wp-content\\\/uploads\\\/2026\\\/09\\\/1003905193.jpg\",\"datePublished\":\"2026-09-01T19:46:03+00:00\",\"dateModified\":\"2026-09-01T19:49:15+00:00\",\"description\":\"Au Gabon, le tournoi de la mont\u00e9e en deuxi\u00e8me division professionnelle de football se disputera du 4 au 11 septembre prochain \u00e0 Makokou, dans la capitale provinciale de l'Ogoou\u00e9-Ivindo. Une \u00e9quipe retient particuli\u00e8rement l\u2019attention, il s'agit du champion du Woleu-Ntem, Mitzic FC. Log\u00e9e dans la poule B, l\u2019\u00e9quipe du d\u00e9partement de l\u2019Okano n\u2019est qu\u2019\u00e0 120 minutes d\u2019un exploit retentissant qui pourrait lui permettre de \u00ab jumper \u00bb dans la sph\u00e8re professionnelle, 20 ans apr\u00e8s l\u2019accession de l\u2019AS Mitzic dans l\u2019\u00e9lite du football gabonais.\",\"breadcrumb\":{\"@id\":\"https:\\\/\\\/depeches241.com\\\/?p=30149#breadcrumb\"},\"inLanguage\":\"fr-FR\",\"potentialAction\":[{\"@type\":\"ReadAction\",\"target\":[\"https:\\\/\\\/depeches241.com\\\/?p=30149\"]}]},{\"@type\":\"ImageObject\",\"inLanguage\":\"fr-FR\",\"@id\":\"https:\\\/\\\/depeches241.com\\\/?p=30149#primaryimage\",\"url\":\"https:\\\/\\\/depeches241.com\\\/wp-content\\\/uploads\\\/2026\\\/09\\\/1003905193.jpg\",\"contentUrl\":\"https:\\\/\\\/depeches241.com\\\/wp-content\\\/uploads\\\/2026\\\/09\\\/1003905193.jpg\",\"width\":1080,\"height\":423},{\"@type\":\"BreadcrumbList\",\"@id\":\"https:\\\/\\\/depeches241.com\\\/?p=30149#breadcrumb\",\"itemListElement\":[{\"@type\":\"ListItem\",\"position\":1,\"name\":\"Accueil\",\"item\":\"https:\\\/\\\/depeches241.com\\\/\"},{\"@type\":\"ListItem\",\"position\":2,\"name\":\"Tournoi de la mont\u00e9e en deuxi\u00e8me division: Mitzic FC \u00e0 120 minutes d\u2019un exploit historique\"}]},{\"@type\":\"WebSite\",\"@id\":\"https:\\\/\\\/depeches241.com\\\/#website\",\"url\":\"https:\\\/\\\/depeches241.com\\\/\",\"name\":\"D\u00e9p\u00eaches241\",\"description\":\"M\u00e9dia d&#039;actualit\u00e9 Politique, \u00c9conomique, Sociale et Internationale\",\"publisher\":{\"@id\":\"https:\\\/\\\/depeches241.com\\\/#organization\"},\"potentialAction\":[{\"@type\":\"SearchAction\",\"target\":{\"@type\":\"EntryPoint\",\"urlTemplate\":\"https:\\\/\\\/depeches241.com\\\/?s={search_term_string}\"},\"query-input\":{\"@type\":\"PropertyValueSpecification\",\"valueRequired\":true,\"valueName\":\"search_term_string\"}}],\"inLanguage\":\"fr-FR\"},{\"@type\":\"Organization\",\"@id\":\"https:\\\/\\\/depeches241.com\\\/#organization\",\"name\":\"Groupe D\u00e9p\u00eaches241\",\"url\":\"https:\\\/\\\/depeches241.com\\\/\",\"logo\":{\"@type\":\"ImageObject\",\"inLanguage\":\"fr-FR\",\"@id\":\"https:\\\/\\\/depeches241.com\\\/#\\\/schema\\\/logo\\\/image\\\/\",\"url\":\"https:\\\/\\\/depeches241.com\\\/wp-content\\\/uploads\\\/2021\\\/10\\\/cropped-Logo-new-Accueil.png\",\"contentUrl\":\"https:\\\/\\\/depeches241.com\\\/wp-content\\\/uploads\\\/2021\\\/10\\\/cropped-Logo-new-Accueil.png\",\"width\":320,\"height\":105,\"caption\":\"Groupe D\u00e9p\u00eaches241\"},\"image\":{\"@id\":\"https:\\\/\\\/depeches241.com\\\/#\\\/schema\\\/logo\\\/image\\\/\"},\"sameAs\":[\"https:\\\/\\\/www.facebook.com\\\/depeches241\"]},{\"@type\":\"Person\",\"@id\":\"https:\\\/\\\/depeches241.com\\\/#\\\/schema\\\/person\\\/1901eab6e51ac627fab3abccbd181d4e\",\"name\":\"Fabien BIBANG\",\"image\":{\"@type\":\"ImageObject\",\"inLanguage\":\"fr-FR\",\"@id\":\"https:\\\/\\\/secure.gravatar.com\\\/avatar\\\/18bb838415fc126d966f8ac8e32711b2843c5ba6e35a2e6699a14ef69705dc76?s=96&d=mm&r=g\",\"url\":\"https:\\\/\\\/secure.gravatar.com\\\/avatar\\\/18bb838415fc126d966f8ac8e32711b2843c5ba6e35a2e6699a14ef69705dc76?s=96&d=mm&r=g\",\"contentUrl\":\"https:\\\/\\\/secure.gravatar.com\\\/avatar\\\/18bb838415fc126d966f8ac8e32711b2843c5ba6e35a2e6699a14ef69705dc76?s=96&d=mm&r=g\",\"caption\":\"Fabien BIBANG\"},\"description\":\"Fabien BIBANG est dipl\u00f6m\u00e9 en Philosophie et Lettres. Son amour pour la lecture, l'histoire et les arts, ainsi que son engagement sur le front social l'ont tr\u00e8s t\u00f4t conduit sur les antennes des cha\u00eenes de t\u00e9l\u00e9s et radios pour y d\u00e9fendre ses postures. Sp\u00e9cialiste des questions socio-politiques, il re\u00e7oit le Prix Encouragements au Concours M\u00e9dias UNICEF en novembre 2022\",\"url\":\"https:\\\/\\\/depeches241.com\\\/?author=18\"}]}<\/script>\n<!-- \/ Yoast SEO plugin. -->","yoast_head_json":{"title":"Tournoi de la mont\u00e9e en deuxi\u00e8me division: Mitzic FC \u00e0 120 minutes d\u2019un exploit historique - Groupe D\u00e9p\u00eaches241","description":"Au Gabon, le tournoi de la mont\u00e9e en deuxi\u00e8me division professionnelle de football se disputera du 4 au 11 septembre prochain \u00e0 Makokou, dans la capitale provinciale de l'Ogoou\u00e9-Ivindo. Une \u00e9quipe retient particuli\u00e8rement l\u2019attention, il s'agit du champion du Woleu-Ntem, Mitzic FC. Log\u00e9e dans la poule B, l\u2019\u00e9quipe du d\u00e9partement de l\u2019Okano n\u2019est qu\u2019\u00e0 120 minutes d\u2019un exploit retentissant qui pourrait lui permettre de \u00ab jumper \u00bb dans la sph\u00e8re professionnelle, 20 ans apr\u00e8s l\u2019accession de l\u2019AS Mitzic dans l\u2019\u00e9lite du football gabonais.","robots":{"index":"index","follow":"follow","max-snippet":"max-snippet:-1","max-image-preview":"max-image-preview:large","max-video-preview":"max-video-preview:-1"},"canonical":"https:\/\/depeches241.com\/?p=30149","og_locale":"fr_FR","og_type":"article","og_title":"Tournoi de la mont\u00e9e en deuxi\u00e8me division: Mitzic FC \u00e0 120 minutes d\u2019un exploit historique - Groupe D\u00e9p\u00eaches241","og_description":"Au Gabon, le tournoi de la mont\u00e9e en deuxi\u00e8me division professionnelle de football se disputera du 4 au 11 septembre prochain \u00e0 Makokou, dans la capitale provinciale de l'Ogoou\u00e9-Ivindo. Une \u00e9quipe retient particuli\u00e8rement l\u2019attention, il s'agit du champion du Woleu-Ntem, Mitzic FC. Log\u00e9e dans la poule B, l\u2019\u00e9quipe du d\u00e9partement de l\u2019Okano n\u2019est qu\u2019\u00e0 120 minutes d\u2019un exploit retentissant qui pourrait lui permettre de \u00ab jumper \u00bb dans la sph\u00e8re professionnelle, 20 ans apr\u00e8s l\u2019accession de l\u2019AS Mitzic dans l\u2019\u00e9lite du football gabonais.","og_url":"https:\/\/depeches241.com\/?p=30149","og_site_name":"Groupe D\u00e9p\u00eaches241","article_publisher":"https:\/\/www.facebook.com\/depeches241","article_published_time":"2026-09-01T19:46:03+00:00","article_modified_time":"2026-09-01T19:49:15+00:00","og_image":[{"width":1080,"height":423,"url":"http:\/\/depeches241.com\/wp-content\/uploads\/2026\/09\/1003905193.jpg","type":"image\/jpeg"}],"author":"Fabien BIBANG","twitter_card":"summary_large_image","twitter_misc":{"\u00c9crit par":"Fabien BIBANG","Dur\u00e9e de lecture estim\u00e9e":"2 minutes"},"schema":{"@context":"https:\/\/schema.org","@graph":[{"@type":"Article","@id":"https:\/\/depeches241.com\/?p=30149#article","isPartOf":{"@id":"https:\/\/depeches241.com\/?p=30149"},"author":{"name":"Fabien BIBANG","@id":"https:\/\/depeches241.com\/#\/schema\/person\/1901eab6e51ac627fab3abccbd181d4e"},"headline":"Tournoi de la mont\u00e9e en deuxi\u00e8me division: Mitzic FC \u00e0 120 minutes d\u2019un exploit historique","datePublished":"2026-09-01T19:46:03+00:00","dateModified":"2026-09-01T19:49:15+00:00","mainEntityOfPage":{"@id":"https:\/\/depeches241.com\/?p=30149"},"wordCount":379,"commentCount":0,"publisher":{"@id":"https:\/\/depeches241.com\/#organization"},"image":{"@id":"https:\/\/depeches241.com\/?p=30149#primaryimage"},"thumbnailUrl":"https:\/\/depeches241.com\/wp-content\/uploads\/2026\/09\/1003905193.jpg","keywords":["depeches241","Football","Gabon","Mitzic FC","Sport","Tournoi de la mont\u00e9e en D2 pro"],"articleSection":["SPORT","Une1"],"inLanguage":"fr-FR","potentialAction":[{"@type":"CommentAction","name":"Comment","target":["https:\/\/depeches241.com\/?p=30149#respond"]}]},{"@type":"WebPage","@id":"https:\/\/depeches241.com\/?p=30149","url":"https:\/\/depeches241.com\/?p=30149","name":"Tournoi de la mont\u00e9e en deuxi\u00e8me division: Mitzic FC \u00e0 120 minutes d\u2019un exploit historique - Groupe D\u00e9p\u00eaches241","isPartOf":{"@id":"https:\/\/depeches241.com\/#website"},"primaryImageOfPage":{"@id":"https:\/\/depeches241.com\/?p=30149#primaryimage"},"image":{"@id":"https:\/\/depeches241.com\/?p=30149#primaryimage"},"thumbnailUrl":"https:\/\/depeches241.com\/wp-content\/uploads\/2026\/09\/1003905193.jpg","datePublished":"2026-09-01T19:46:03+00:00","dateModified":"2026-09-01T19:49:15+00:00","description":"Au Gabon, le tournoi de la mont\u00e9e en deuxi\u00e8me division professionnelle de football se disputera du 4 au 11 septembre prochain \u00e0 Makokou, dans la capitale provinciale de l'Ogoou\u00e9-Ivindo. Une \u00e9quipe retient particuli\u00e8rement l\u2019attention, il s'agit du champion du Woleu-Ntem, Mitzic FC. Log\u00e9e dans la poule B, l\u2019\u00e9quipe du d\u00e9partement de l\u2019Okano n\u2019est qu\u2019\u00e0 120 minutes d\u2019un exploit retentissant qui pourrait lui permettre de \u00ab jumper \u00bb dans la sph\u00e8re professionnelle, 20 ans apr\u00e8s l\u2019accession de l\u2019AS Mitzic dans l\u2019\u00e9lite du football gabonais.","breadcrumb":{"@id":"https:\/\/depeches241.com\/?p=30149#breadcrumb"},"inLanguage":"fr-FR","potentialAction":[{"@type":"ReadAction","target":["https:\/\/depeches241.com\/?p=30149"]}]},{"@type":"ImageObject","inLanguage":"fr-FR","@id":"https:\/\/depeches241.com\/?p=30149#primaryimage","url":"https:\/\/depeches241.com\/wp-content\/uploads\/2026\/09\/1003905193.jpg","contentUrl":"https:\/\/depeches241.com\/wp-content\/uploads\/2026\/09\/1003905193.jpg","width":1080,"height":423},{"@type":"BreadcrumbList","@id":"https:\/\/depeches241.com\/?p=30149#breadcrumb","itemListElement":[{"@type":"ListItem","position":1,"name":"Accueil","item":"https:\/\/depeches241.com\/"},{"@type":"ListItem","position":2,"name":"Tournoi de la mont\u00e9e en deuxi\u00e8me division: Mitzic FC \u00e0 120 minutes d\u2019un exploit historique"}]},{"@type":"WebSite","@id":"https:\/\/depeches241.com\/#website","url":"https:\/\/depeches241.com\/","name":"D\u00e9p\u00eaches241","description":"M\u00e9dia d&#039;actualit\u00e9 Politique, \u00c9conomique, Sociale et Internationale","publisher":{"@id":"https:\/\/depeches241.com\/#organization"},"potentialAction":[{"@type":"SearchAction","target":{"@type":"EntryPoint","urlTemplate":"https:\/\/depeches241.com\/?s={search_term_string}"},"query-input":{"@type":"PropertyValueSpecification","valueRequired":true,"valueName":"search_term_string"}}],"inLanguage":"fr-FR"},{"@type":"Organization","@id":"https:\/\/depeches241.com\/#organization","name":"Groupe D\u00e9p\u00eaches241","url":"https:\/\/depeches241.com\/","logo":{"@type":"ImageObject","inLanguage":"fr-FR","@id":"https:\/\/depeches241.com\/#\/schema\/logo\/image\/","url":"https:\/\/depeches241.com\/wp-content\/uploads\/2021\/10\/cropped-Logo-new-Accueil.png","contentUrl":"https:\/\/depeches241.com\/wp-content\/uploads\/2021\/10\/cropped-Logo-new-Accueil.png","width":320,"height":105,"caption":"Groupe D\u00e9p\u00eaches241"},"image":{"@id":"https:\/\/depeches241.com\/#\/schema\/logo\/image\/"},"sameAs":["https:\/\/www.facebook.com\/depeches241"]},{"@type":"Person","@id":"https:\/\/depeches241.com\/#\/schema\/person\/1901eab6e51ac627fab3abccbd181d4e","name":"Fabien BIBANG","image":{"@type":"ImageObject","inLanguage":"fr-FR","@id":"https:\/\/secure.gravatar.com\/avatar\/18bb838415fc126d966f8ac8e32711b2843c5ba6e35a2e6699a14ef69705dc76?s=96&d=mm&r=g","url":"https:\/\/secure.gravatar.com\/avatar\/18bb838415fc126d966f8ac8e32711b2843c5ba6e35a2e6699a14ef69705dc76?s=96&d=mm&r=g","contentUrl":"https:\/\/secure.gravatar.com\/avatar\/18bb838415fc126d966f8ac8e32711b2843c5ba6e35a2e6699a14ef69705dc76?s=96&d=mm&r=g","caption":"Fabien BIBANG"},"description":"Fabien BIBANG est dipl\u00f6m\u00e9 en Philosophie et Lettres. Son amour pour la lecture, l'histoire et les arts, ainsi que son engagement sur le front social l'ont tr\u00e8s t\u00f4t conduit sur les antennes des cha\u00eenes de t\u00e9l\u00e9s et radios pour y d\u00e9fendre ses postures. Sp\u00e9cialiste des questions socio-politiques, il re\u00e7oit le Prix Encouragements au Concours M\u00e9dias UNICEF en novembre 2022","url":"https:\/\/depeches241.com\/?author=18"}]}},"_links":{"self":[{"href":"https:\/\/depeches241.com\/index.php?rest_route=\/wp\/v2\/posts\/30149","targetHints":{"allow":["GET"]}}],"collection":[{"href":"https:\/\/depeches241.com\/index.php?rest_route=\/wp\/v2\/posts"}],"about":[{"href":"https:\/\/depeches241.com\/index.php?rest_route=\/wp\/v2\/types\/post"}],"author":[{"embeddable":true,"href":"https:\/\/depeches241.com\/index.php?rest_route=\/wp\/v2\/users\/18"}],"replies":[{"embeddable":true,"href":"https:\/\/depeches241.com\/index.php?rest_route=%2Fwp%2Fv2%2Fcomments&post=30149"}],"version-history":[{"count":2,"href":"https:\/\/depeches241.com\/index.php?rest_route=\/wp\/v2\/posts\/30149\/revisions"}],"predecessor-version":[{"id":30155,"href":"https:\/\/depeches241.com\/index.php?rest_route=\/wp\/v2\/posts\/30149\/revisions\/30155"}],"wp:featuredmedia":[{"embeddable":true,"href":"https:\/\/depeches241.com\/index.php?rest_route=\/wp\/v2\/media\/30151"}],"wp:attachment":[{"href":"https:\/\/depeches241.com\/index.php?rest_route=%2Fwp%2Fv2%2Fmedia&parent=30149"}],"wp:term":[{"taxonomy":"category","embeddable":true,"href":"https:\/\/depeches241.com\/index.php?rest_route=%2Fwp%2Fv2%2Fcategories&post=30149"},{"taxonomy":"post_tag","embeddable":true,"href":"https:\/\/depeches241.com\/index.php?rest_route=%2Fwp%2Fv2%2Ftags&post=30149"}],"curies":[{"name":"wp","href":"https:\/\/api.w.org\/{rel}","templated":true}]}}