{"id":30152,"date":"2026-09-01T21:52:20","date_gmt":"2026-09-01T19:52:20","guid":{"rendered":"https:\/\/depeches241.com\/?p=30152"},"modified":"2026-09-01T21:52:22","modified_gmt":"2026-09-01T19:52:22","slug":"massacres-post-electoraux-de-2016-tournons-la-page-exige-la-verite-car-on-ne-peut-pas-effacer-la-verite","status":"publish","type":"post","link":"https:\/\/depeches241.com\/?p=30152","title":{"rendered":"Massacres post-\u00e9lectoraux de 2016: Tournons la page exige la v\u00e9rit\u00e9, car \u00ab on ne peut pas effacer la v\u00e9rit\u00e9 \u00bb"},"content":{"rendered":"\n<figure class=\"wp-block-image size-large\"><img loading=\"lazy\" decoding=\"async\" width=\"1024\" height=\"444\" src=\"https:\/\/depeches241.com\/wp-content\/uploads\/2026\/09\/50D53436-7A0B-49A6-9879-8638960C3376-1-1024x444.jpeg\" alt=\"\" class=\"wp-image-30153\" srcset=\"https:\/\/depeches241.com\/wp-content\/uploads\/2026\/09\/50D53436-7A0B-49A6-9879-8638960C3376-1-1024x444.jpeg 1024w, https:\/\/depeches241.com\/wp-content\/uploads\/2026\/09\/50D53436-7A0B-49A6-9879-8638960C3376-1-300x130.jpeg 300w, https:\/\/depeches241.com\/wp-content\/uploads\/2026\/09\/50D53436-7A0B-49A6-9879-8638960C3376-1-768x333.jpeg 768w, https:\/\/depeches241.com\/wp-content\/uploads\/2026\/09\/50D53436-7A0B-49A6-9879-8638960C3376-1-1536x666.jpeg 1536w, https:\/\/depeches241.com\/wp-content\/uploads\/2026\/09\/50D53436-7A0B-49A6-9879-8638960C3376-1.jpeg 1672w\" sizes=\"auto, (max-width: 1024px) 100vw, 1024px\" \/><figcaption class=\"wp-element-caption\"><strong><em>Le mouvement Tournons la page d\u00e9nonce la l\u00e9thargie des autorit\u00e9s face aux cris de d\u00e9tresse de victimes et parents de victimes qui ne demandent que v\u00e9rit\u00e9 et justice. <\/em><\/strong>\u00a9 D\u00e9p\u00eaches 241<\/figcaption><\/figure>\n\n\n\n<p class=\"wp-block-paragraph\"><strong>Libreville, 1er septembre 2026-(D\u00e9p\u00eaches 241). Le mouvement panafricain de d\u00e9fense des droits humains Tournons la Page a d\u00e9nonc\u00e9, le 29 ao\u00fbt dernier, \u00e0 la veille de la c\u00e9l\u00e9bration de la troisi\u00e8me \u00e9dition de la F\u00eate nationale de la Lib\u00e9ration, le silence persistant autour des violences post-\u00e9lectorales survenues le 31 ao\u00fbt 2016. L\u2019organisation fustige notamment ce qu\u2019elle consid\u00e8re comme une absence de r\u00e9ponse suffisamment forte des autorit\u00e9s issues du changement de r\u00e9gime du 30 ao\u00fbt 2023 \u00e0 l\u2019\u00e9gard de la situation des victimes. Pour Tournons la Page, au regard de l\u2019importance de ces \u00e9v\u00e9nements dans l\u2019histoire politique r\u00e9cente du Gabon, la v\u00e9rit\u00e9 ne peut \u00eatre pass\u00e9e sous silence.<\/strong><\/p>\n\n\n\n<p class=\"has-drop-cap wp-block-paragraph\">\u00c0 mesure que le temps passe et que la question du sort des victimes des violences post-\u00e9lectorales de 2016 demeure insuffisamment trait\u00e9e, des organisations de la soci\u00e9t\u00e9 civile continuent de monter au cr\u00e9neau. Les violences avaient \u00e9clat\u00e9 apr\u00e8s la proclamation des r\u00e9sultats de l\u2019\u00e9lection pr\u00e9sidentielle du 27 ao\u00fbt 2016, dont la victoire d\u2019Ali Bongo Ondimba avait \u00e9t\u00e9 vivement contest\u00e9e par Jean Ping. Pour Tournons la Page, l\u2019enjeu d\u00e9passe d\u00e9sormais le seul souvenir d\u2019une crise \u00e9lectorale : il s\u2019agit de r\u00e9pondre aux attentes de celles et ceux qui ont \u00e9t\u00e9 tu\u00e9s, bless\u00e9s, arr\u00eat\u00e9s, port\u00e9s disparus ou durablement affect\u00e9s par ces \u00e9v\u00e9nements. Car selon l\u2019organisation <strong>&nbsp;\u00ab On ne peut pas effacer la v\u00e9rit\u00e9 \u00bb,<\/strong> soutient en substance le communiqu\u00e9.<\/p>\n\n\n\n<p class=\"wp-block-paragraph\">Cette nouvelle sortie de Tournons la Page, section Gabon, dirig\u00e9e par Blanche Symony Abegue, ne constitue donc pas seulement un rappel historique. Elle traduit surtout l\u2019exasp\u00e9ration face \u00e0 une attente qui vient de franchir le cap des dix ann\u00e9es sans suite. Dans son communiqu\u00e9, l\u2019organisation rappelle que le 31 ao\u00fbt 2016 constitue l\u2019une des journ\u00e9es les plus douloureuses de l\u2019histoire politique r\u00e9cente du Gabon, marqu\u00e9e par de nombreuses arrestations, des bless\u00e9s, mais \u00e9galement des morts et des disparitions. D\u00e8s lors, cette journ\u00e9e ne saurait \u00eatre r\u00e9duite \u00e0 un simple incident du parcours politique national. Elle demeure un \u00e9v\u00e9nement majeur dont les cons\u00e9quences continuent de peser sur de nombreuses familles.<\/p>\n\n\n\n<p class=\"wp-block-paragraph\">La prise de position de <strong><em>Tournons la Page<\/em><\/strong> pose ainsi une question fondamentale aux autorit\u00e9s actuelles : que devient la m\u00e9moire des victimes lorsque le pays c\u00e9l\u00e8bre sa propre \u00ab <strong><em>lib\u00e9ration<\/em><\/strong> \u00bb ? Pour l\u2019organisation, le changement intervenu le 30 ao\u00fbt 2023 ne devrait pas seulement \u00eatre consid\u00e9r\u00e9 comme une rupture politique avec le r\u00e9gime d\u2019Ali Bongo Ondimba. Il devrait \u00e9galement constituer l\u2019occasion de regarder en face les blessures h\u00e9rit\u00e9es des ann\u00e9es pr\u00e9c\u00e9dentes et de r\u00e9pondre aux revendications de justice exprim\u00e9es par les victimes et leurs familles. Il serait, dans cette perspective, contradictoire de c\u00e9l\u00e9brer la libert\u00e9 retrouv\u00e9e tout en laissant dans l\u2019ombre ceux qui ont pay\u00e9 un lourd tribut lors des pr\u00e9c\u00e9dentes crises politiques.<\/p>\n\n\n\n<p class=\"wp-block-paragraph\">La question de la prise en charge des victimes demeure \u00e9galement centrale. Au-del\u00e0 de la reconnaissance symbolique, certaines personnes ayant surv\u00e9cu aux violences de 2016 continuent, selon les t\u00e9moignages relay\u00e9s par les organisations de la soci\u00e9t\u00e9 civile, de vivre avec les cons\u00e9quences physiques, psychologiques et mat\u00e9rielles de ces \u00e9v\u00e9nements. La responsabilit\u00e9 des pouvoirs publics ne saurait donc se limiter \u00e0 la comm\u00e9moration du seul \u00e9v\u00e9nement du 30 ao\u00fbt 2023, et encore moins \u00e0 la d\u00e9coration des figures politiques. Elle devrait aussi se traduire, lorsque les faits et les responsabilit\u00e9s auront \u00e9t\u00e9 \u00e9tablis, par des mesures concr\u00e8tes de prise en charge, de r\u00e9paration et d\u2019accompagnement des victimes et des familles endeuill\u00e9es.<\/p>\n\n\n\n<p class=\"wp-block-paragraph\">C\u2019est pr\u00e9cis\u00e9ment sur ce terrain que la revendication de <strong><em>Tournons la Page<\/em><\/strong> prend une dimension politique et m\u00e9morielle. Demander la v\u00e9rit\u00e9 sur les violences de 2016 ne revient pas n\u00e9cessairement \u00e0 rouvrir les plaies du pass\u00e9 ; c\u2019est aussi chercher \u00e0 emp\u00eacher que ces blessures ne soient durablement enfouies sous le silence. Une d\u00e9mocratie qui aspire \u00e0 rompre avec les pratiques du pass\u00e9 ne peut durablement faire l\u2019impasse au sujet de la v\u00e9rit\u00e9 sur les p\u00e9riodes les plus sombres de son histoire. La justice, la reconnaissance des victimes et l\u2019\u00e9tablissement des responsabilit\u00e9s constituent, \u00e0 ce titre, des \u00e9l\u00e9ments essentiels d\u2019une v\u00e9ritable r\u00e9conciliation nationale.<\/p>\n\n\n\n<p class=\"wp-block-paragraph\">Dix ans apr\u00e8s les violences post-\u00e9lectorales de 2016, la question demeure donc enti\u00e8re : comment pourrait-on&nbsp; \u00ab <strong><em>Tourner la page<\/em><\/strong> \u00bb lorsqu\u2019une partie de l\u2019histoire reste encore douloureuse et que les victimes attendent toujours reconnaissance et r\u00e9paration ? Pour ce mouvement, tourner la page ne signifie manifestement pas oublier. Cela signifie regarder le pass\u00e9 en face, \u00e9tablir les faits, reconna\u00eetre les victimes et tirer les le\u00e7ons n\u00e9cessaires pour que de telles violences ne se reproduisent plus. Car une nation ne se construit pas en effa\u00e7ant ses blessures, mais en ayant le courage de les nommer et de les traiter.&nbsp;<\/p>\n\n\n\n<p class=\"wp-block-paragraph\">Ainsi, au Gabon, la c\u00e9l\u00e9bration de la Lib\u00e9ration pourrait prendre tout son sens si elle s\u2019accompagnait d\u2019un v\u00e9ritable travail de m\u00e9moire et de v\u00e9rit\u00e9. Parce qu\u2019en d\u00e9finitive, on peut tenter d\u2019oublier une histoire, mais on ne peut pas effacer la v\u00e9rit\u00e9.<\/p>\n","protected":false},"excerpt":{"rendered":"<p>Libreville, 1er septembre 2026-(D\u00e9p\u00eaches 241). Le mouvement panafricain de d\u00e9fense des droits humains Tournons la Page a d\u00e9nonc\u00e9, le 29 ao\u00fbt dernier, \u00e0 la veille de la c\u00e9l\u00e9bration de la troisi\u00e8me \u00e9dition de la F\u00eate nationale de la Lib\u00e9ration, le silence persistant autour des violences post-\u00e9lectorales survenues le 31 ao\u00fbt [&hellip;]<\/p>\n","protected":false},"author":21,"featured_media":30153,"comment_status":"open","ping_status":"open","sticky":false,"template":"","format":"standard","meta":{"om_disable_all_campaigns":false,"footnotes":""},"categories":[3,116],"tags":[99,59,90,6234,6233],"class_list":["post-30152","post","type-post","status-publish","format-standard","has-post-thumbnail","category-politique","category-une1","tag-depeches241","tag-gabon","tag-gouvernement","tag-massacres-post-electoraux","tag-mouvement-tournons-la-page"],"yoast_head":"<!-- This site is optimized with the Yoast SEO plugin v28.4 - https:\/\/yoast.com\/product\/yoast-seo-wordpress\/ -->\n<title>Massacres post-\u00e9lectoraux de 2016: Tournons la page exige la v\u00e9rit\u00e9, car \u00ab on ne peut pas effacer la v\u00e9rit\u00e9 \u00bb - Groupe D\u00e9p\u00eaches241<\/title>\n<meta name=\"description\" content=\"Le mouvement panafricain de d\u00e9fense des droits humains Tournons la Page a d\u00e9nonc\u00e9, le 29 ao\u00fbt dernier, \u00e0 la veille de la c\u00e9l\u00e9bration de la troisi\u00e8me \u00e9dition de la F\u00eate nationale de la Lib\u00e9ration, le silence persistant autour des violences post-\u00e9lectorales survenues le 31 ao\u00fbt 2016. L\u2019organisation fustige notamment ce qu\u2019elle consid\u00e8re comme une absence de r\u00e9ponse suffisamment forte des autorit\u00e9s issues du changement de r\u00e9gime du 30 ao\u00fbt 2023 \u00e0 l\u2019\u00e9gard de la situation des victimes. Pour Tournons la Page, au regard de l\u2019importance de ces \u00e9v\u00e9nements dans l\u2019histoire politique r\u00e9cente du Gabon, la v\u00e9rit\u00e9 ne peut \u00eatre pass\u00e9e sous silence.\" \/>\n<meta name=\"robots\" content=\"index, follow, max-snippet:-1, max-image-preview:large, max-video-preview:-1\" \/>\n<link rel=\"canonical\" href=\"https:\/\/depeches241.com\/?p=30152\" \/>\n<meta property=\"og:locale\" content=\"fr_FR\" \/>\n<meta property=\"og:type\" content=\"article\" \/>\n<meta property=\"og:title\" content=\"Massacres post-\u00e9lectoraux de 2016: Tournons la page exige la v\u00e9rit\u00e9, car \u00ab on ne peut pas effacer la v\u00e9rit\u00e9 \u00bb - Groupe D\u00e9p\u00eaches241\" \/>\n<meta property=\"og:description\" content=\"Le mouvement panafricain de d\u00e9fense des droits humains Tournons la Page a d\u00e9nonc\u00e9, le 29 ao\u00fbt dernier, \u00e0 la veille de la c\u00e9l\u00e9bration de la troisi\u00e8me \u00e9dition de la F\u00eate nationale de la Lib\u00e9ration, le silence persistant autour des violences post-\u00e9lectorales survenues le 31 ao\u00fbt 2016. L\u2019organisation fustige notamment ce qu\u2019elle consid\u00e8re comme une absence de r\u00e9ponse suffisamment forte des autorit\u00e9s issues du changement de r\u00e9gime du 30 ao\u00fbt 2023 \u00e0 l\u2019\u00e9gard de la situation des victimes. Pour Tournons la Page, au regard de l\u2019importance de ces \u00e9v\u00e9nements dans l\u2019histoire politique r\u00e9cente du Gabon, la v\u00e9rit\u00e9 ne peut \u00eatre pass\u00e9e sous silence.\" \/>\n<meta property=\"og:url\" content=\"https:\/\/depeches241.com\/?p=30152\" \/>\n<meta property=\"og:site_name\" content=\"Groupe D\u00e9p\u00eaches241\" \/>\n<meta property=\"article:publisher\" content=\"https:\/\/www.facebook.com\/depeches241\" \/>\n<meta property=\"article:published_time\" content=\"2026-09-01T19:52:20+00:00\" \/>\n<meta property=\"article:modified_time\" content=\"2026-09-01T19:52:22+00:00\" \/>\n<meta property=\"og:image\" content=\"http:\/\/depeches241.com\/wp-content\/uploads\/2026\/09\/50D53436-7A0B-49A6-9879-8638960C3376-1.jpeg\" \/>\n\t<meta property=\"og:image:width\" content=\"1672\" \/>\n\t<meta property=\"og:image:height\" content=\"725\" \/>\n\t<meta property=\"og:image:type\" content=\"image\/jpeg\" \/>\n<meta name=\"author\" content=\"Edgard Nze\" \/>\n<meta name=\"twitter:card\" content=\"summary_large_image\" \/>\n<meta name=\"twitter:label1\" content=\"\u00c9crit par\" \/>\n\t<meta name=\"twitter:data1\" content=\"Edgard Nze\" \/>\n\t<meta name=\"twitter:label2\" content=\"Dur\u00e9e de lecture estim\u00e9e\" \/>\n\t<meta name=\"twitter:data2\" content=\"5 minutes\" \/>\n<script type=\"application\/ld+json\" class=\"yoast-schema-graph\">{\"@context\":\"https:\\\/\\\/schema.org\",\"@graph\":[{\"@type\":\"Article\",\"@id\":\"https:\\\/\\\/depeches241.com\\\/?p=30152#article\",\"isPartOf\":{\"@id\":\"https:\\\/\\\/depeches241.com\\\/?p=30152\"},\"author\":{\"name\":\"Edgard Nze\",\"@id\":\"https:\\\/\\\/depeches241.com\\\/#\\\/schema\\\/person\\\/b176413dc3253251b009f794f4c98a7b\"},\"headline\":\"Massacres post-\u00e9lectoraux de 2016: Tournons la page exige la v\u00e9rit\u00e9, car \u00ab on ne peut pas effacer la v\u00e9rit\u00e9 \u00bb\",\"datePublished\":\"2026-09-01T19:52:20+00:00\",\"dateModified\":\"2026-09-01T19:52:22+00:00\",\"mainEntityOfPage\":{\"@id\":\"https:\\\/\\\/depeches241.com\\\/?p=30152\"},\"wordCount\":969,\"commentCount\":0,\"publisher\":{\"@id\":\"https:\\\/\\\/depeches241.com\\\/#organization\"},\"image\":{\"@id\":\"https:\\\/\\\/depeches241.com\\\/?p=30152#primaryimage\"},\"thumbnailUrl\":\"https:\\\/\\\/depeches241.com\\\/wp-content\\\/uploads\\\/2026\\\/09\\\/50D53436-7A0B-49A6-9879-8638960C3376-1.jpeg\",\"keywords\":[\"depeches241\",\"Gabon\",\"gouvernement\",\"Massacres post-\u00e9lectoraux\",\"Mouvement Tournons la page\"],\"articleSection\":[\"POLITIQUE\",\"Une1\"],\"inLanguage\":\"fr-FR\",\"potentialAction\":[{\"@type\":\"CommentAction\",\"name\":\"Comment\",\"target\":[\"https:\\\/\\\/depeches241.com\\\/?p=30152#respond\"]}]},{\"@type\":\"WebPage\",\"@id\":\"https:\\\/\\\/depeches241.com\\\/?p=30152\",\"url\":\"https:\\\/\\\/depeches241.com\\\/?p=30152\",\"name\":\"Massacres post-\u00e9lectoraux de 2016: Tournons la page exige la v\u00e9rit\u00e9, car \u00ab on ne peut pas effacer la v\u00e9rit\u00e9 \u00bb - Groupe D\u00e9p\u00eaches241\",\"isPartOf\":{\"@id\":\"https:\\\/\\\/depeches241.com\\\/#website\"},\"primaryImageOfPage\":{\"@id\":\"https:\\\/\\\/depeches241.com\\\/?p=30152#primaryimage\"},\"image\":{\"@id\":\"https:\\\/\\\/depeches241.com\\\/?p=30152#primaryimage\"},\"thumbnailUrl\":\"https:\\\/\\\/depeches241.com\\\/wp-content\\\/uploads\\\/2026\\\/09\\\/50D53436-7A0B-49A6-9879-8638960C3376-1.jpeg\",\"datePublished\":\"2026-09-01T19:52:20+00:00\",\"dateModified\":\"2026-09-01T19:52:22+00:00\",\"description\":\"Le mouvement panafricain de d\u00e9fense des droits humains Tournons la Page a d\u00e9nonc\u00e9, le 29 ao\u00fbt dernier, \u00e0 la veille de la c\u00e9l\u00e9bration de la troisi\u00e8me \u00e9dition de la F\u00eate nationale de la Lib\u00e9ration, le silence persistant autour des violences post-\u00e9lectorales survenues le 31 ao\u00fbt 2016. L\u2019organisation fustige notamment ce qu\u2019elle consid\u00e8re comme une absence de r\u00e9ponse suffisamment forte des autorit\u00e9s issues du changement de r\u00e9gime du 30 ao\u00fbt 2023 \u00e0 l\u2019\u00e9gard de la situation des victimes. Pour Tournons la Page, au regard de l\u2019importance de ces \u00e9v\u00e9nements dans l\u2019histoire politique r\u00e9cente du Gabon, la v\u00e9rit\u00e9 ne peut \u00eatre pass\u00e9e sous silence.\",\"breadcrumb\":{\"@id\":\"https:\\\/\\\/depeches241.com\\\/?p=30152#breadcrumb\"},\"inLanguage\":\"fr-FR\",\"potentialAction\":[{\"@type\":\"ReadAction\",\"target\":[\"https:\\\/\\\/depeches241.com\\\/?p=30152\"]}]},{\"@type\":\"ImageObject\",\"inLanguage\":\"fr-FR\",\"@id\":\"https:\\\/\\\/depeches241.com\\\/?p=30152#primaryimage\",\"url\":\"https:\\\/\\\/depeches241.com\\\/wp-content\\\/uploads\\\/2026\\\/09\\\/50D53436-7A0B-49A6-9879-8638960C3376-1.jpeg\",\"contentUrl\":\"https:\\\/\\\/depeches241.com\\\/wp-content\\\/uploads\\\/2026\\\/09\\\/50D53436-7A0B-49A6-9879-8638960C3376-1.jpeg\",\"width\":1672,\"height\":725},{\"@type\":\"BreadcrumbList\",\"@id\":\"https:\\\/\\\/depeches241.com\\\/?p=30152#breadcrumb\",\"itemListElement\":[{\"@type\":\"ListItem\",\"position\":1,\"name\":\"Accueil\",\"item\":\"https:\\\/\\\/depeches241.com\\\/\"},{\"@type\":\"ListItem\",\"position\":2,\"name\":\"Massacres post-\u00e9lectoraux de 2016: Tournons la page exige la v\u00e9rit\u00e9, car \u00ab on ne peut pas effacer la v\u00e9rit\u00e9 \u00bb\"}]},{\"@type\":\"WebSite\",\"@id\":\"https:\\\/\\\/depeches241.com\\\/#website\",\"url\":\"https:\\\/\\\/depeches241.com\\\/\",\"name\":\"D\u00e9p\u00eaches241\",\"description\":\"M\u00e9dia d&#039;actualit\u00e9 Politique, \u00c9conomique, Sociale et Internationale\",\"publisher\":{\"@id\":\"https:\\\/\\\/depeches241.com\\\/#organization\"},\"potentialAction\":[{\"@type\":\"SearchAction\",\"target\":{\"@type\":\"EntryPoint\",\"urlTemplate\":\"https:\\\/\\\/depeches241.com\\\/?s={search_term_string}\"},\"query-input\":{\"@type\":\"PropertyValueSpecification\",\"valueRequired\":true,\"valueName\":\"search_term_string\"}}],\"inLanguage\":\"fr-FR\"},{\"@type\":\"Organization\",\"@id\":\"https:\\\/\\\/depeches241.com\\\/#organization\",\"name\":\"Groupe D\u00e9p\u00eaches241\",\"url\":\"https:\\\/\\\/depeches241.com\\\/\",\"logo\":{\"@type\":\"ImageObject\",\"inLanguage\":\"fr-FR\",\"@id\":\"https:\\\/\\\/depeches241.com\\\/#\\\/schema\\\/logo\\\/image\\\/\",\"url\":\"https:\\\/\\\/depeches241.com\\\/wp-content\\\/uploads\\\/2021\\\/10\\\/cropped-Logo-new-Accueil.png\",\"contentUrl\":\"https:\\\/\\\/depeches241.com\\\/wp-content\\\/uploads\\\/2021\\\/10\\\/cropped-Logo-new-Accueil.png\",\"width\":320,\"height\":105,\"caption\":\"Groupe D\u00e9p\u00eaches241\"},\"image\":{\"@id\":\"https:\\\/\\\/depeches241.com\\\/#\\\/schema\\\/logo\\\/image\\\/\"},\"sameAs\":[\"https:\\\/\\\/www.facebook.com\\\/depeches241\"]},{\"@type\":\"Person\",\"@id\":\"https:\\\/\\\/depeches241.com\\\/#\\\/schema\\\/person\\\/b176413dc3253251b009f794f4c98a7b\",\"name\":\"Edgard Nze\",\"image\":{\"@type\":\"ImageObject\",\"inLanguage\":\"fr-FR\",\"@id\":\"https:\\\/\\\/secure.gravatar.com\\\/avatar\\\/e9b60835d9e03466cd15a40dd5277689b947a374e11ce409c3ec1c681cbb64df?s=96&d=mm&r=g\",\"url\":\"https:\\\/\\\/secure.gravatar.com\\\/avatar\\\/e9b60835d9e03466cd15a40dd5277689b947a374e11ce409c3ec1c681cbb64df?s=96&d=mm&r=g\",\"contentUrl\":\"https:\\\/\\\/secure.gravatar.com\\\/avatar\\\/e9b60835d9e03466cd15a40dd5277689b947a374e11ce409c3ec1c681cbb64df?s=96&d=mm&r=g\",\"caption\":\"Edgard Nze\"},\"url\":\"https:\\\/\\\/depeches241.com\\\/?author=21\"}]}<\/script>\n<!-- \/ Yoast SEO plugin. -->","yoast_head_json":{"title":"Massacres post-\u00e9lectoraux de 2016: Tournons la page exige la v\u00e9rit\u00e9, car \u00ab on ne peut pas effacer la v\u00e9rit\u00e9 \u00bb - Groupe D\u00e9p\u00eaches241","description":"Le mouvement panafricain de d\u00e9fense des droits humains Tournons la Page a d\u00e9nonc\u00e9, le 29 ao\u00fbt dernier, \u00e0 la veille de la c\u00e9l\u00e9bration de la troisi\u00e8me \u00e9dition de la F\u00eate nationale de la Lib\u00e9ration, le silence persistant autour des violences post-\u00e9lectorales survenues le 31 ao\u00fbt 2016. L\u2019organisation fustige notamment ce qu\u2019elle consid\u00e8re comme une absence de r\u00e9ponse suffisamment forte des autorit\u00e9s issues du changement de r\u00e9gime du 30 ao\u00fbt 2023 \u00e0 l\u2019\u00e9gard de la situation des victimes. Pour Tournons la Page, au regard de l\u2019importance de ces \u00e9v\u00e9nements dans l\u2019histoire politique r\u00e9cente du Gabon, la v\u00e9rit\u00e9 ne peut \u00eatre pass\u00e9e sous silence.","robots":{"index":"index","follow":"follow","max-snippet":"max-snippet:-1","max-image-preview":"max-image-preview:large","max-video-preview":"max-video-preview:-1"},"canonical":"https:\/\/depeches241.com\/?p=30152","og_locale":"fr_FR","og_type":"article","og_title":"Massacres post-\u00e9lectoraux de 2016: Tournons la page exige la v\u00e9rit\u00e9, car \u00ab on ne peut pas effacer la v\u00e9rit\u00e9 \u00bb - Groupe D\u00e9p\u00eaches241","og_description":"Le mouvement panafricain de d\u00e9fense des droits humains Tournons la Page a d\u00e9nonc\u00e9, le 29 ao\u00fbt dernier, \u00e0 la veille de la c\u00e9l\u00e9bration de la troisi\u00e8me \u00e9dition de la F\u00eate nationale de la Lib\u00e9ration, le silence persistant autour des violences post-\u00e9lectorales survenues le 31 ao\u00fbt 2016. L\u2019organisation fustige notamment ce qu\u2019elle consid\u00e8re comme une absence de r\u00e9ponse suffisamment forte des autorit\u00e9s issues du changement de r\u00e9gime du 30 ao\u00fbt 2023 \u00e0 l\u2019\u00e9gard de la situation des victimes. Pour Tournons la Page, au regard de l\u2019importance de ces \u00e9v\u00e9nements dans l\u2019histoire politique r\u00e9cente du Gabon, la v\u00e9rit\u00e9 ne peut \u00eatre pass\u00e9e sous silence.","og_url":"https:\/\/depeches241.com\/?p=30152","og_site_name":"Groupe D\u00e9p\u00eaches241","article_publisher":"https:\/\/www.facebook.com\/depeches241","article_published_time":"2026-09-01T19:52:20+00:00","article_modified_time":"2026-09-01T19:52:22+00:00","og_image":[{"width":1672,"height":725,"url":"http:\/\/depeches241.com\/wp-content\/uploads\/2026\/09\/50D53436-7A0B-49A6-9879-8638960C3376-1.jpeg","type":"image\/jpeg"}],"author":"Edgard Nze","twitter_card":"summary_large_image","twitter_misc":{"\u00c9crit par":"Edgard Nze","Dur\u00e9e de lecture estim\u00e9e":"5 minutes"},"schema":{"@context":"https:\/\/schema.org","@graph":[{"@type":"Article","@id":"https:\/\/depeches241.com\/?p=30152#article","isPartOf":{"@id":"https:\/\/depeches241.com\/?p=30152"},"author":{"name":"Edgard Nze","@id":"https:\/\/depeches241.com\/#\/schema\/person\/b176413dc3253251b009f794f4c98a7b"},"headline":"Massacres post-\u00e9lectoraux de 2016: Tournons la page exige la v\u00e9rit\u00e9, car \u00ab on ne peut pas effacer la v\u00e9rit\u00e9 \u00bb","datePublished":"2026-09-01T19:52:20+00:00","dateModified":"2026-09-01T19:52:22+00:00","mainEntityOfPage":{"@id":"https:\/\/depeches241.com\/?p=30152"},"wordCount":969,"commentCount":0,"publisher":{"@id":"https:\/\/depeches241.com\/#organization"},"image":{"@id":"https:\/\/depeches241.com\/?p=30152#primaryimage"},"thumbnailUrl":"https:\/\/depeches241.com\/wp-content\/uploads\/2026\/09\/50D53436-7A0B-49A6-9879-8638960C3376-1.jpeg","keywords":["depeches241","Gabon","gouvernement","Massacres post-\u00e9lectoraux","Mouvement Tournons la page"],"articleSection":["POLITIQUE","Une1"],"inLanguage":"fr-FR","potentialAction":[{"@type":"CommentAction","name":"Comment","target":["https:\/\/depeches241.com\/?p=30152#respond"]}]},{"@type":"WebPage","@id":"https:\/\/depeches241.com\/?p=30152","url":"https:\/\/depeches241.com\/?p=30152","name":"Massacres post-\u00e9lectoraux de 2016: Tournons la page exige la v\u00e9rit\u00e9, car \u00ab on ne peut pas effacer la v\u00e9rit\u00e9 \u00bb - Groupe D\u00e9p\u00eaches241","isPartOf":{"@id":"https:\/\/depeches241.com\/#website"},"primaryImageOfPage":{"@id":"https:\/\/depeches241.com\/?p=30152#primaryimage"},"image":{"@id":"https:\/\/depeches241.com\/?p=30152#primaryimage"},"thumbnailUrl":"https:\/\/depeches241.com\/wp-content\/uploads\/2026\/09\/50D53436-7A0B-49A6-9879-8638960C3376-1.jpeg","datePublished":"2026-09-01T19:52:20+00:00","dateModified":"2026-09-01T19:52:22+00:00","description":"Le mouvement panafricain de d\u00e9fense des droits humains Tournons la Page a d\u00e9nonc\u00e9, le 29 ao\u00fbt dernier, \u00e0 la veille de la c\u00e9l\u00e9bration de la troisi\u00e8me \u00e9dition de la F\u00eate nationale de la Lib\u00e9ration, le silence persistant autour des violences post-\u00e9lectorales survenues le 31 ao\u00fbt 2016. L\u2019organisation fustige notamment ce qu\u2019elle consid\u00e8re comme une absence de r\u00e9ponse suffisamment forte des autorit\u00e9s issues du changement de r\u00e9gime du 30 ao\u00fbt 2023 \u00e0 l\u2019\u00e9gard de la situation des victimes. Pour Tournons la Page, au regard de l\u2019importance de ces \u00e9v\u00e9nements dans l\u2019histoire politique r\u00e9cente du Gabon, la v\u00e9rit\u00e9 ne peut \u00eatre pass\u00e9e sous silence.","breadcrumb":{"@id":"https:\/\/depeches241.com\/?p=30152#breadcrumb"},"inLanguage":"fr-FR","potentialAction":[{"@type":"ReadAction","target":["https:\/\/depeches241.com\/?p=30152"]}]},{"@type":"ImageObject","inLanguage":"fr-FR","@id":"https:\/\/depeches241.com\/?p=30152#primaryimage","url":"https:\/\/depeches241.com\/wp-content\/uploads\/2026\/09\/50D53436-7A0B-49A6-9879-8638960C3376-1.jpeg","contentUrl":"https:\/\/depeches241.com\/wp-content\/uploads\/2026\/09\/50D53436-7A0B-49A6-9879-8638960C3376-1.jpeg","width":1672,"height":725},{"@type":"BreadcrumbList","@id":"https:\/\/depeches241.com\/?p=30152#breadcrumb","itemListElement":[{"@type":"ListItem","position":1,"name":"Accueil","item":"https:\/\/depeches241.com\/"},{"@type":"ListItem","position":2,"name":"Massacres post-\u00e9lectoraux de 2016: Tournons la page exige la v\u00e9rit\u00e9, car \u00ab on ne peut pas effacer la v\u00e9rit\u00e9 \u00bb"}]},{"@type":"WebSite","@id":"https:\/\/depeches241.com\/#website","url":"https:\/\/depeches241.com\/","name":"D\u00e9p\u00eaches241","description":"M\u00e9dia d&#039;actualit\u00e9 Politique, \u00c9conomique, Sociale et Internationale","publisher":{"@id":"https:\/\/depeches241.com\/#organization"},"potentialAction":[{"@type":"SearchAction","target":{"@type":"EntryPoint","urlTemplate":"https:\/\/depeches241.com\/?s={search_term_string}"},"query-input":{"@type":"PropertyValueSpecification","valueRequired":true,"valueName":"search_term_string"}}],"inLanguage":"fr-FR"},{"@type":"Organization","@id":"https:\/\/depeches241.com\/#organization","name":"Groupe D\u00e9p\u00eaches241","url":"https:\/\/depeches241.com\/","logo":{"@type":"ImageObject","inLanguage":"fr-FR","@id":"https:\/\/depeches241.com\/#\/schema\/logo\/image\/","url":"https:\/\/depeches241.com\/wp-content\/uploads\/2021\/10\/cropped-Logo-new-Accueil.png","contentUrl":"https:\/\/depeches241.com\/wp-content\/uploads\/2021\/10\/cropped-Logo-new-Accueil.png","width":320,"height":105,"caption":"Groupe D\u00e9p\u00eaches241"},"image":{"@id":"https:\/\/depeches241.com\/#\/schema\/logo\/image\/"},"sameAs":["https:\/\/www.facebook.com\/depeches241"]},{"@type":"Person","@id":"https:\/\/depeches241.com\/#\/schema\/person\/b176413dc3253251b009f794f4c98a7b","name":"Edgard Nze","image":{"@type":"ImageObject","inLanguage":"fr-FR","@id":"https:\/\/secure.gravatar.com\/avatar\/e9b60835d9e03466cd15a40dd5277689b947a374e11ce409c3ec1c681cbb64df?s=96&d=mm&r=g","url":"https:\/\/secure.gravatar.com\/avatar\/e9b60835d9e03466cd15a40dd5277689b947a374e11ce409c3ec1c681cbb64df?s=96&d=mm&r=g","contentUrl":"https:\/\/secure.gravatar.com\/avatar\/e9b60835d9e03466cd15a40dd5277689b947a374e11ce409c3ec1c681cbb64df?s=96&d=mm&r=g","caption":"Edgard Nze"},"url":"https:\/\/depeches241.com\/?author=21"}]}},"_links":{"self":[{"href":"https:\/\/depeches241.com\/index.php?rest_route=\/wp\/v2\/posts\/30152","targetHints":{"allow":["GET"]}}],"collection":[{"href":"https:\/\/depeches241.com\/index.php?rest_route=\/wp\/v2\/posts"}],"about":[{"href":"https:\/\/depeches241.com\/index.php?rest_route=\/wp\/v2\/types\/post"}],"author":[{"embeddable":true,"href":"https:\/\/depeches241.com\/index.php?rest_route=\/wp\/v2\/users\/21"}],"replies":[{"embeddable":true,"href":"https:\/\/depeches241.com\/index.php?rest_route=%2Fwp%2Fv2%2Fcomments&post=30152"}],"version-history":[{"count":1,"href":"https:\/\/depeches241.com\/index.php?rest_route=\/wp\/v2\/posts\/30152\/revisions"}],"predecessor-version":[{"id":30156,"href":"https:\/\/depeches241.com\/index.php?rest_route=\/wp\/v2\/posts\/30152\/revisions\/30156"}],"wp:featuredmedia":[{"embeddable":true,"href":"https:\/\/depeches241.com\/index.php?rest_route=\/wp\/v2\/media\/30153"}],"wp:attachment":[{"href":"https:\/\/depeches241.com\/index.php?rest_route=%2Fwp%2Fv2%2Fmedia&parent=30152"}],"wp:term":[{"taxonomy":"category","embeddable":true,"href":"https:\/\/depeches241.com\/index.php?rest_route=%2Fwp%2Fv2%2Fcategories&post=30152"},{"taxonomy":"post_tag","embeddable":true,"href":"https:\/\/depeches241.com\/index.php?rest_route=%2Fwp%2Fv2%2Ftags&post=30152"}],"curies":[{"name":"wp","href":"https:\/\/api.w.org\/{rel}","templated":true}]}}