{"id":30157,"date":"2026-09-02T12:01:41","date_gmt":"2026-09-02T10:01:41","guid":{"rendered":"https:\/\/depeches241.com\/?p=30157"},"modified":"2026-09-02T12:01:43","modified_gmt":"2026-09-02T10:01:43","slug":"phase-finale-d3-nationale-makokou-accueille-la-course-a-la-montee-en-d2","status":"publish","type":"post","link":"https:\/\/depeches241.com\/?p=30157","title":{"rendered":"Phase finale D3 nationale : Makokou accueille la course \u00e0 la mont\u00e9e en D2"},"content":{"rendered":"\n<figure class=\"wp-block-image size-large\"><img loading=\"lazy\" decoding=\"async\" width=\"1024\" height=\"449\" src=\"https:\/\/depeches241.com\/wp-content\/uploads\/2026\/09\/73CD68A6-CD81-4A35-A180-576D3CF8733E-1024x449.jpeg\" alt=\"\" class=\"wp-image-30158\" srcset=\"https:\/\/depeches241.com\/wp-content\/uploads\/2026\/09\/73CD68A6-CD81-4A35-A180-576D3CF8733E-1024x449.jpeg 1024w, https:\/\/depeches241.com\/wp-content\/uploads\/2026\/09\/73CD68A6-CD81-4A35-A180-576D3CF8733E-300x132.jpeg 300w, https:\/\/depeches241.com\/wp-content\/uploads\/2026\/09\/73CD68A6-CD81-4A35-A180-576D3CF8733E-768x337.jpeg 768w, https:\/\/depeches241.com\/wp-content\/uploads\/2026\/09\/73CD68A6-CD81-4A35-A180-576D3CF8733E-1536x673.jpeg 1536w, https:\/\/depeches241.com\/wp-content\/uploads\/2026\/09\/73CD68A6-CD81-4A35-A180-576D3CF8733E.jpeg 1672w\" sizes=\"auto, (max-width: 1024px) 100vw, 1024px\" \/><figcaption class=\"wp-element-caption\"><br><strong><em>Du 4 au 12 septembre prochain, la phase finale du championnat national de football D3 masculin se d\u00e9roulera \u00e0 Makokou. Le tirage au sort a eu lieu le 31 ao\u00fbt dernier, celui-ci a donn\u00e9 lieu \u00e0 tois groupes, contenant chacun trois \u00e9quipes. \u00a9 D\u00e9p\u00eaches 241<\/em><\/strong> <\/figcaption><\/figure>\n\n\n\n<p class=\"wp-block-paragraph\"><strong>Libreville, le 2 septembre 2026-(D\u00e9p\u00eaches) La ville de Makokou, capitale de la province de l\u2019Ogoou\u00e9-Ivindo, s\u2019appr\u00eate \u00e0 vibrer au rythme du football masculin avec la Phase finale D3 nationale pour la Mont\u00e9e en&nbsp; D2 Pro, pr\u00e9vue du 4 au 12 septembre 2026 au stade Alexandre Sambat. Cette comp\u00e9tition r\u00e9unira les clubs de troisi\u00e8me division engag\u00e9s dans la bataille pour acc\u00e9der \u00e0 la deuxi\u00e8me division professionnelle gabonaise.<\/strong><\/p>\n\n\n\n<p class=\"has-drop-cap wp-block-paragraph\">\u00c0 l\u2019issue du tirage au sort effectu\u00e9 le 31 ao\u00fbt, les neuf \u00e9quipes qualifi\u00e9es ont \u00e9t\u00e9 r\u00e9parties en trois poules de trois. La <strong><em>poule A<\/em><\/strong> <em><\/em>regroupe <strong><em>Setrag FC, la Ligue de football de l\u2019Ogoou\u00e9-Lolo et Assom GR<\/em><\/strong> <em><\/em>; la <strong><em>poule B<\/em><\/strong> est compos\u00e9e de <strong><em>COL, FC Schweitzer et Mitzic FC<\/em><\/strong> ; tandis que la <strong><em>poule C<\/em><\/strong> <em><\/em>rassemble <strong><em>Moanda FC, Munadji 76 et AS Ngouni\u00e9<\/em><\/strong><em>.<\/em> Durant neuf jours, ces formations tenteront de franchir les diff\u00e9rentes \u00e9tapes de cette phase finale pour d\u00e9crocher le pr\u00e9cieux s\u00e9same vers la D2.<\/p>\n\n\n\n<p class=\"wp-block-paragraph\">Entre ambition sportive et enjeu majeur de promotion, Makokou sera donc, du 4 au 12 septembre, le th\u00e9\u00e2tre d\u2019une v\u00e9ritable bataille pour la mont\u00e9e. Au stade Alexandre Sambat, chaque rencontre pourrait peser lourd dans la course \u00e0 l\u2019accession au deuxi\u00e8me \u00e9chelon du football professionnel gabonais.<\/p>\n\n\n\n<p class=\"wp-block-paragraph\"><\/p>\n","protected":false},"excerpt":{"rendered":"<p>Libreville, le 2 septembre 2026-(D\u00e9p\u00eaches) La ville de Makokou, capitale de la province de l\u2019Ogoou\u00e9-Ivindo, s\u2019appr\u00eate \u00e0 vibrer au rythme du football masculin avec la Phase finale D3 nationale pour la Mont\u00e9e en&nbsp; D2 Pro, pr\u00e9vue du 4 au 12 septembre 2026 au stade Alexandre Sambat. Cette comp\u00e9tition r\u00e9unira les [&hellip;]<\/p>\n","protected":false},"author":21,"featured_media":30158,"comment_status":"open","ping_status":"open","sticky":false,"template":"","format":"standard","meta":{"om_disable_all_campaigns":false,"footnotes":""},"categories":[634,116],"tags":[99,1298,406,59,1054,6237,6235],"class_list":["post-30157","post","type-post","status-publish","format-standard","has-post-thumbnail","category-sport","category-une1","tag-depeches241","tag-fegafoot","tag-football","tag-gabon","tag-makokou","tag-montee-en-d2-pro","tag-phase-finale-championnat-d3"],"yoast_head":"<!-- This site is optimized with the Yoast SEO plugin v28.4 - https:\/\/yoast.com\/product\/yoast-seo-wordpress\/ -->\n<title>Phase finale D3 nationale : Makokou accueille la course \u00e0 la mont\u00e9e en D2 - Groupe D\u00e9p\u00eaches241<\/title>\n<meta name=\"robots\" content=\"index, follow, max-snippet:-1, max-image-preview:large, max-video-preview:-1\" \/>\n<link rel=\"canonical\" href=\"https:\/\/depeches241.com\/?p=30157\" \/>\n<meta property=\"og:locale\" content=\"fr_FR\" \/>\n<meta property=\"og:type\" content=\"article\" \/>\n<meta property=\"og:title\" content=\"Phase finale D3 nationale : Makokou accueille la course \u00e0 la mont\u00e9e en D2 - Groupe D\u00e9p\u00eaches241\" \/>\n<meta property=\"og:description\" content=\"Libreville, le 2 septembre 2026-(D\u00e9p\u00eaches) La ville de Makokou, capitale de la province de l\u2019Ogoou\u00e9-Ivindo, s\u2019appr\u00eate \u00e0 vibrer au rythme du football masculin avec la Phase finale D3 nationale pour la Mont\u00e9e en&nbsp; D2 Pro, pr\u00e9vue du 4 au 12 septembre 2026 au stade Alexandre Sambat. Cette comp\u00e9tition r\u00e9unira les [&hellip;]\" \/>\n<meta property=\"og:url\" content=\"https:\/\/depeches241.com\/?p=30157\" \/>\n<meta property=\"og:site_name\" content=\"Groupe D\u00e9p\u00eaches241\" \/>\n<meta property=\"article:publisher\" content=\"https:\/\/www.facebook.com\/depeches241\" \/>\n<meta property=\"article:published_time\" content=\"2026-09-02T10:01:41+00:00\" \/>\n<meta property=\"article:modified_time\" content=\"2026-09-02T10:01:43+00:00\" \/>\n<meta property=\"og:image\" content=\"http:\/\/depeches241.com\/wp-content\/uploads\/2026\/09\/73CD68A6-CD81-4A35-A180-576D3CF8733E.jpeg\" \/>\n\t<meta property=\"og:image:width\" content=\"1672\" \/>\n\t<meta property=\"og:image:height\" content=\"733\" \/>\n\t<meta property=\"og:image:type\" content=\"image\/jpeg\" \/>\n<meta name=\"author\" content=\"Edgard Nze\" \/>\n<meta name=\"twitter:card\" content=\"summary_large_image\" \/>\n<meta name=\"twitter:label1\" content=\"\u00c9crit par\" \/>\n\t<meta name=\"twitter:data1\" content=\"Edgard Nze\" \/>\n\t<meta name=\"twitter:label2\" content=\"Dur\u00e9e de lecture estim\u00e9e\" \/>\n\t<meta name=\"twitter:data2\" content=\"1 minute\" \/>\n<script type=\"application\/ld+json\" class=\"yoast-schema-graph\">{\"@context\":\"https:\\\/\\\/schema.org\",\"@graph\":[{\"@type\":\"Article\",\"@id\":\"https:\\\/\\\/depeches241.com\\\/?p=30157#article\",\"isPartOf\":{\"@id\":\"https:\\\/\\\/depeches241.com\\\/?p=30157\"},\"author\":{\"name\":\"Edgard Nze\",\"@id\":\"https:\\\/\\\/depeches241.com\\\/#\\\/schema\\\/person\\\/b176413dc3253251b009f794f4c98a7b\"},\"headline\":\"Phase finale D3 nationale : Makokou accueille la course \u00e0 la mont\u00e9e en D2\",\"datePublished\":\"2026-09-02T10:01:41+00:00\",\"dateModified\":\"2026-09-02T10:01:43+00:00\",\"mainEntityOfPage\":{\"@id\":\"https:\\\/\\\/depeches241.com\\\/?p=30157\"},\"wordCount\":272,\"commentCount\":0,\"publisher\":{\"@id\":\"https:\\\/\\\/depeches241.com\\\/#organization\"},\"image\":{\"@id\":\"https:\\\/\\\/depeches241.com\\\/?p=30157#primaryimage\"},\"thumbnailUrl\":\"https:\\\/\\\/depeches241.com\\\/wp-content\\\/uploads\\\/2026\\\/09\\\/73CD68A6-CD81-4A35-A180-576D3CF8733E.jpeg\",\"keywords\":[\"depeches241\",\"Fegafoot\",\"Football\",\"Gabon\",\"MAKOKOU\",\"Mont\u00e9e en D2 Pro\",\"Phase finale Championnat D3\"],\"articleSection\":[\"SPORT\",\"Une1\"],\"inLanguage\":\"fr-FR\",\"potentialAction\":[{\"@type\":\"CommentAction\",\"name\":\"Comment\",\"target\":[\"https:\\\/\\\/depeches241.com\\\/?p=30157#respond\"]}]},{\"@type\":\"WebPage\",\"@id\":\"https:\\\/\\\/depeches241.com\\\/?p=30157\",\"url\":\"https:\\\/\\\/depeches241.com\\\/?p=30157\",\"name\":\"Phase finale D3 nationale : Makokou accueille la course \u00e0 la mont\u00e9e en D2 - Groupe D\u00e9p\u00eaches241\",\"isPartOf\":{\"@id\":\"https:\\\/\\\/depeches241.com\\\/#website\"},\"primaryImageOfPage\":{\"@id\":\"https:\\\/\\\/depeches241.com\\\/?p=30157#primaryimage\"},\"image\":{\"@id\":\"https:\\\/\\\/depeches241.com\\\/?p=30157#primaryimage\"},\"thumbnailUrl\":\"https:\\\/\\\/depeches241.com\\\/wp-content\\\/uploads\\\/2026\\\/09\\\/73CD68A6-CD81-4A35-A180-576D3CF8733E.jpeg\",\"datePublished\":\"2026-09-02T10:01:41+00:00\",\"dateModified\":\"2026-09-02T10:01:43+00:00\",\"breadcrumb\":{\"@id\":\"https:\\\/\\\/depeches241.com\\\/?p=30157#breadcrumb\"},\"inLanguage\":\"fr-FR\",\"potentialAction\":[{\"@type\":\"ReadAction\",\"target\":[\"https:\\\/\\\/depeches241.com\\\/?p=30157\"]}]},{\"@type\":\"ImageObject\",\"inLanguage\":\"fr-FR\",\"@id\":\"https:\\\/\\\/depeches241.com\\\/?p=30157#primaryimage\",\"url\":\"https:\\\/\\\/depeches241.com\\\/wp-content\\\/uploads\\\/2026\\\/09\\\/73CD68A6-CD81-4A35-A180-576D3CF8733E.jpeg\",\"contentUrl\":\"https:\\\/\\\/depeches241.com\\\/wp-content\\\/uploads\\\/2026\\\/09\\\/73CD68A6-CD81-4A35-A180-576D3CF8733E.jpeg\",\"width\":1672,\"height\":733},{\"@type\":\"BreadcrumbList\",\"@id\":\"https:\\\/\\\/depeches241.com\\\/?p=30157#breadcrumb\",\"itemListElement\":[{\"@type\":\"ListItem\",\"position\":1,\"name\":\"Accueil\",\"item\":\"https:\\\/\\\/depeches241.com\\\/\"},{\"@type\":\"ListItem\",\"position\":2,\"name\":\"Phase finale D3 nationale : Makokou accueille la course \u00e0 la mont\u00e9e en D2\"}]},{\"@type\":\"WebSite\",\"@id\":\"https:\\\/\\\/depeches241.com\\\/#website\",\"url\":\"https:\\\/\\\/depeches241.com\\\/\",\"name\":\"D\u00e9p\u00eaches241\",\"description\":\"M\u00e9dia d&#039;actualit\u00e9 Politique, \u00c9conomique, Sociale et Internationale\",\"publisher\":{\"@id\":\"https:\\\/\\\/depeches241.com\\\/#organization\"},\"potentialAction\":[{\"@type\":\"SearchAction\",\"target\":{\"@type\":\"EntryPoint\",\"urlTemplate\":\"https:\\\/\\\/depeches241.com\\\/?s={search_term_string}\"},\"query-input\":{\"@type\":\"PropertyValueSpecification\",\"valueRequired\":true,\"valueName\":\"search_term_string\"}}],\"inLanguage\":\"fr-FR\"},{\"@type\":\"Organization\",\"@id\":\"https:\\\/\\\/depeches241.com\\\/#organization\",\"name\":\"Groupe D\u00e9p\u00eaches241\",\"url\":\"https:\\\/\\\/depeches241.com\\\/\",\"logo\":{\"@type\":\"ImageObject\",\"inLanguage\":\"fr-FR\",\"@id\":\"https:\\\/\\\/depeches241.com\\\/#\\\/schema\\\/logo\\\/image\\\/\",\"url\":\"https:\\\/\\\/depeches241.com\\\/wp-content\\\/uploads\\\/2021\\\/10\\\/cropped-Logo-new-Accueil.png\",\"contentUrl\":\"https:\\\/\\\/depeches241.com\\\/wp-content\\\/uploads\\\/2021\\\/10\\\/cropped-Logo-new-Accueil.png\",\"width\":320,\"height\":105,\"caption\":\"Groupe D\u00e9p\u00eaches241\"},\"image\":{\"@id\":\"https:\\\/\\\/depeches241.com\\\/#\\\/schema\\\/logo\\\/image\\\/\"},\"sameAs\":[\"https:\\\/\\\/www.facebook.com\\\/depeches241\"]},{\"@type\":\"Person\",\"@id\":\"https:\\\/\\\/depeches241.com\\\/#\\\/schema\\\/person\\\/b176413dc3253251b009f794f4c98a7b\",\"name\":\"Edgard Nze\",\"image\":{\"@type\":\"ImageObject\",\"inLanguage\":\"fr-FR\",\"@id\":\"https:\\\/\\\/secure.gravatar.com\\\/avatar\\\/e9b60835d9e03466cd15a40dd5277689b947a374e11ce409c3ec1c681cbb64df?s=96&d=mm&r=g\",\"url\":\"https:\\\/\\\/secure.gravatar.com\\\/avatar\\\/e9b60835d9e03466cd15a40dd5277689b947a374e11ce409c3ec1c681cbb64df?s=96&d=mm&r=g\",\"contentUrl\":\"https:\\\/\\\/secure.gravatar.com\\\/avatar\\\/e9b60835d9e03466cd15a40dd5277689b947a374e11ce409c3ec1c681cbb64df?s=96&d=mm&r=g\",\"caption\":\"Edgard Nze\"},\"url\":\"https:\\\/\\\/depeches241.com\\\/?author=21\"}]}<\/script>\n<!-- \/ Yoast SEO plugin. -->","yoast_head_json":{"title":"Phase finale D3 nationale : Makokou accueille la course \u00e0 la mont\u00e9e en D2 - Groupe D\u00e9p\u00eaches241","robots":{"index":"index","follow":"follow","max-snippet":"max-snippet:-1","max-image-preview":"max-image-preview:large","max-video-preview":"max-video-preview:-1"},"canonical":"https:\/\/depeches241.com\/?p=30157","og_locale":"fr_FR","og_type":"article","og_title":"Phase finale D3 nationale : Makokou accueille la course \u00e0 la mont\u00e9e en D2 - Groupe D\u00e9p\u00eaches241","og_description":"Libreville, le 2 septembre 2026-(D\u00e9p\u00eaches) La ville de Makokou, capitale de la province de l\u2019Ogoou\u00e9-Ivindo, s\u2019appr\u00eate \u00e0 vibrer au rythme du football masculin avec la Phase finale D3 nationale pour la Mont\u00e9e en&nbsp; D2 Pro, pr\u00e9vue du 4 au 12 septembre 2026 au stade Alexandre Sambat. Cette comp\u00e9tition r\u00e9unira les [&hellip;]","og_url":"https:\/\/depeches241.com\/?p=30157","og_site_name":"Groupe D\u00e9p\u00eaches241","article_publisher":"https:\/\/www.facebook.com\/depeches241","article_published_time":"2026-09-02T10:01:41+00:00","article_modified_time":"2026-09-02T10:01:43+00:00","og_image":[{"width":1672,"height":733,"url":"http:\/\/depeches241.com\/wp-content\/uploads\/2026\/09\/73CD68A6-CD81-4A35-A180-576D3CF8733E.jpeg","type":"image\/jpeg"}],"author":"Edgard Nze","twitter_card":"summary_large_image","twitter_misc":{"\u00c9crit par":"Edgard Nze","Dur\u00e9e de lecture estim\u00e9e":"1 minute"},"schema":{"@context":"https:\/\/schema.org","@graph":[{"@type":"Article","@id":"https:\/\/depeches241.com\/?p=30157#article","isPartOf":{"@id":"https:\/\/depeches241.com\/?p=30157"},"author":{"name":"Edgard Nze","@id":"https:\/\/depeches241.com\/#\/schema\/person\/b176413dc3253251b009f794f4c98a7b"},"headline":"Phase finale D3 nationale : Makokou accueille la course \u00e0 la mont\u00e9e en D2","datePublished":"2026-09-02T10:01:41+00:00","dateModified":"2026-09-02T10:01:43+00:00","mainEntityOfPage":{"@id":"https:\/\/depeches241.com\/?p=30157"},"wordCount":272,"commentCount":0,"publisher":{"@id":"https:\/\/depeches241.com\/#organization"},"image":{"@id":"https:\/\/depeches241.com\/?p=30157#primaryimage"},"thumbnailUrl":"https:\/\/depeches241.com\/wp-content\/uploads\/2026\/09\/73CD68A6-CD81-4A35-A180-576D3CF8733E.jpeg","keywords":["depeches241","Fegafoot","Football","Gabon","MAKOKOU","Mont\u00e9e en D2 Pro","Phase finale Championnat D3"],"articleSection":["SPORT","Une1"],"inLanguage":"fr-FR","potentialAction":[{"@type":"CommentAction","name":"Comment","target":["https:\/\/depeches241.com\/?p=30157#respond"]}]},{"@type":"WebPage","@id":"https:\/\/depeches241.com\/?p=30157","url":"https:\/\/depeches241.com\/?p=30157","name":"Phase finale D3 nationale : Makokou accueille la course \u00e0 la mont\u00e9e en D2 - Groupe D\u00e9p\u00eaches241","isPartOf":{"@id":"https:\/\/depeches241.com\/#website"},"primaryImageOfPage":{"@id":"https:\/\/depeches241.com\/?p=30157#primaryimage"},"image":{"@id":"https:\/\/depeches241.com\/?p=30157#primaryimage"},"thumbnailUrl":"https:\/\/depeches241.com\/wp-content\/uploads\/2026\/09\/73CD68A6-CD81-4A35-A180-576D3CF8733E.jpeg","datePublished":"2026-09-02T10:01:41+00:00","dateModified":"2026-09-02T10:01:43+00:00","breadcrumb":{"@id":"https:\/\/depeches241.com\/?p=30157#breadcrumb"},"inLanguage":"fr-FR","potentialAction":[{"@type":"ReadAction","target":["https:\/\/depeches241.com\/?p=30157"]}]},{"@type":"ImageObject","inLanguage":"fr-FR","@id":"https:\/\/depeches241.com\/?p=30157#primaryimage","url":"https:\/\/depeches241.com\/wp-content\/uploads\/2026\/09\/73CD68A6-CD81-4A35-A180-576D3CF8733E.jpeg","contentUrl":"https:\/\/depeches241.com\/wp-content\/uploads\/2026\/09\/73CD68A6-CD81-4A35-A180-576D3CF8733E.jpeg","width":1672,"height":733},{"@type":"BreadcrumbList","@id":"https:\/\/depeches241.com\/?p=30157#breadcrumb","itemListElement":[{"@type":"ListItem","position":1,"name":"Accueil","item":"https:\/\/depeches241.com\/"},{"@type":"ListItem","position":2,"name":"Phase finale D3 nationale : Makokou accueille la course \u00e0 la mont\u00e9e en D2"}]},{"@type":"WebSite","@id":"https:\/\/depeches241.com\/#website","url":"https:\/\/depeches241.com\/","name":"D\u00e9p\u00eaches241","description":"M\u00e9dia d&#039;actualit\u00e9 Politique, \u00c9conomique, Sociale et Internationale","publisher":{"@id":"https:\/\/depeches241.com\/#organization"},"potentialAction":[{"@type":"SearchAction","target":{"@type":"EntryPoint","urlTemplate":"https:\/\/depeches241.com\/?s={search_term_string}"},"query-input":{"@type":"PropertyValueSpecification","valueRequired":true,"valueName":"search_term_string"}}],"inLanguage":"fr-FR"},{"@type":"Organization","@id":"https:\/\/depeches241.com\/#organization","name":"Groupe D\u00e9p\u00eaches241","url":"https:\/\/depeches241.com\/","logo":{"@type":"ImageObject","inLanguage":"fr-FR","@id":"https:\/\/depeches241.com\/#\/schema\/logo\/image\/","url":"https:\/\/depeches241.com\/wp-content\/uploads\/2021\/10\/cropped-Logo-new-Accueil.png","contentUrl":"https:\/\/depeches241.com\/wp-content\/uploads\/2021\/10\/cropped-Logo-new-Accueil.png","width":320,"height":105,"caption":"Groupe D\u00e9p\u00eaches241"},"image":{"@id":"https:\/\/depeches241.com\/#\/schema\/logo\/image\/"},"sameAs":["https:\/\/www.facebook.com\/depeches241"]},{"@type":"Person","@id":"https:\/\/depeches241.com\/#\/schema\/person\/b176413dc3253251b009f794f4c98a7b","name":"Edgard Nze","image":{"@type":"ImageObject","inLanguage":"fr-FR","@id":"https:\/\/secure.gravatar.com\/avatar\/e9b60835d9e03466cd15a40dd5277689b947a374e11ce409c3ec1c681cbb64df?s=96&d=mm&r=g","url":"https:\/\/secure.gravatar.com\/avatar\/e9b60835d9e03466cd15a40dd5277689b947a374e11ce409c3ec1c681cbb64df?s=96&d=mm&r=g","contentUrl":"https:\/\/secure.gravatar.com\/avatar\/e9b60835d9e03466cd15a40dd5277689b947a374e11ce409c3ec1c681cbb64df?s=96&d=mm&r=g","caption":"Edgard Nze"},"url":"https:\/\/depeches241.com\/?author=21"}]}},"_links":{"self":[{"href":"https:\/\/depeches241.com\/index.php?rest_route=\/wp\/v2\/posts\/30157","targetHints":{"allow":["GET"]}}],"collection":[{"href":"https:\/\/depeches241.com\/index.php?rest_route=\/wp\/v2\/posts"}],"about":[{"href":"https:\/\/depeches241.com\/index.php?rest_route=\/wp\/v2\/types\/post"}],"author":[{"embeddable":true,"href":"https:\/\/depeches241.com\/index.php?rest_route=\/wp\/v2\/users\/21"}],"replies":[{"embeddable":true,"href":"https:\/\/depeches241.com\/index.php?rest_route=%2Fwp%2Fv2%2Fcomments&post=30157"}],"version-history":[{"count":2,"href":"https:\/\/depeches241.com\/index.php?rest_route=\/wp\/v2\/posts\/30157\/revisions"}],"predecessor-version":[{"id":30160,"href":"https:\/\/depeches241.com\/index.php?rest_route=\/wp\/v2\/posts\/30157\/revisions\/30160"}],"wp:featuredmedia":[{"embeddable":true,"href":"https:\/\/depeches241.com\/index.php?rest_route=\/wp\/v2\/media\/30158"}],"wp:attachment":[{"href":"https:\/\/depeches241.com\/index.php?rest_route=%2Fwp%2Fv2%2Fmedia&parent=30157"}],"wp:term":[{"taxonomy":"category","embeddable":true,"href":"https:\/\/depeches241.com\/index.php?rest_route=%2Fwp%2Fv2%2Fcategories&post=30157"},{"taxonomy":"post_tag","embeddable":true,"href":"https:\/\/depeches241.com\/index.php?rest_route=%2Fwp%2Fv2%2Ftags&post=30157"}],"curies":[{"name":"wp","href":"https:\/\/api.w.org\/{rel}","templated":true}]}}