{"id":30164,"date":"2026-09-02T14:30:23","date_gmt":"2026-09-02T12:30:23","guid":{"rendered":"https:\/\/depeches241.com\/?p=30164"},"modified":"2026-09-02T14:33:40","modified_gmt":"2026-09-02T12:33:40","slug":"discours-sur-degalite-devant-la-loi-tous-egaux-devant-la-loi-sauf-les-proches-et-les-intouchables","status":"publish","type":"post","link":"https:\/\/depeches241.com\/?p=30164","title":{"rendered":"Discours sur l\u2019\u00e9galit\u00e9 devant la loi: tous \u00e9gaux devant la loi, sauf les proches et les intouchables ?\u00a0"},"content":{"rendered":"\n<figure class=\"wp-block-image size-large\"><img loading=\"lazy\" decoding=\"async\" width=\"1024\" height=\"454\" src=\"https:\/\/depeches241.com\/wp-content\/uploads\/2026\/09\/d215636f-ebf3-4112-8488-f0c0525f2548-1024x454.jpeg\" alt=\"\" class=\"wp-image-30165\" srcset=\"https:\/\/depeches241.com\/wp-content\/uploads\/2026\/09\/d215636f-ebf3-4112-8488-f0c0525f2548-1024x454.jpeg 1024w, https:\/\/depeches241.com\/wp-content\/uploads\/2026\/09\/d215636f-ebf3-4112-8488-f0c0525f2548-300x133.jpeg 300w, https:\/\/depeches241.com\/wp-content\/uploads\/2026\/09\/d215636f-ebf3-4112-8488-f0c0525f2548-768x341.jpeg 768w, https:\/\/depeches241.com\/wp-content\/uploads\/2026\/09\/d215636f-ebf3-4112-8488-f0c0525f2548.jpeg 1280w\" sizes=\"auto, (max-width: 1024px) 100vw, 1024px\" \/><figcaption class=\"wp-element-caption\"><strong><em>Entre la noblesse du discours et la r\u00e9alit\u00e9 des actes, l\u2019\u00e9galit\u00e9 attend encore son verdict<\/em><\/strong> <em>\u00a9 D\u00e9p\u00eaches 241<\/em><\/figcaption><\/figure>\n\n\n\n<p class=\"wp-block-paragraph\"><strong>Libreville, le 2 septembre 2026 &#8211; (D\u00e9p\u00eaches 241). Le 30 ao\u00fbt, jour de la F\u00eate de la Lib\u00e9ration, le Pr\u00e9sident de la R\u00e9publique a prononc\u00e9, \u00e0 l\u2019occasion de son adresse \u00e0 la Nation, des mots qui auraient pu \u00eatre grav\u00e9s au fronton de tous les palais de justice du pays. Brice Clotaire Oligui Ngu\u00e9ma y a \u00e9rig\u00e9 l\u2019\u00e9galit\u00e9 devant la loi en pierre angulaire de la R\u00e9publique qu\u2019il appelle de ses v\u0153ux. Un principe noble, une promesse solennelle, mais que l\u2019actualit\u00e9 r\u00e9cente, faite de suspensions \u00e0 g\u00e9om\u00e9trie variable et de proches manifestement \u00e9pargn\u00e9s, s\u2019ent\u00eate \u00e0 contredire.<\/strong><\/p>\n\n\n\n<p class=\"wp-block-paragraph\">Dans son adresse \u00e0 la Nation \u00e0 l\u2019occasion de la comm\u00e9moration du 30 ao\u00fbt, le pr\u00e9sident de la R\u00e9publique, Brice Clotaire Oligui Nguema, a rappel\u00e9 avec une solennit\u00e9 bienvenue l\u2019un des fondements les plus sacr\u00e9s de toute d\u00e9mocratie, l\u2019\u00e9galit\u00e9 de tous devant la loi. Un discours noble, r\u00e9publicain et n\u00e9cessaire. Mais une exigence de cette nature ne prend toute sa force que lorsqu\u2019elle traverse sans distinction les cercles du pouvoir, les proximit\u00e9s familiales et les fid\u00e9lit\u00e9s politiques. Car, l\u2019\u00c9tat de droit ne se mesure pas seulement \u00e0 la s\u00e9v\u00e9rit\u00e9 avec laquelle il frappe certains, mais aussi \u00e0 sa capacit\u00e9 \u00e0 ne prot\u00e9ger personne.&nbsp;<\/p>\n\n\n\n<p class=\"wp-block-paragraph\"><strong>Le verbe et la promesse&nbsp;<\/strong><\/p>\n\n\n\n<p class=\"wp-block-paragraph\">Il y a dans la parole pr\u00e9sidentielle une \u00e9l\u00e9gance qui force le respect. <strong><em>\u00ab Dans le Gabon que nous voulons b\u00e2tir, l&rsquo;\u00e9galit\u00e9 devant la loi est un principe constitutionnel. Aucun pan de la soci\u00e9t\u00e9 ne peut s&rsquo;y soustraire \u00bb<\/em><\/strong>, a d\u00e9clar\u00e9 le Chef de l&rsquo;\u00c9tat, avec cette gravit\u00e9 que conf\u00e8re la fonction lorsqu&rsquo;elle se souvient de ses devoirs.&nbsp;<\/p>\n\n\n\n<p class=\"wp-block-paragraph\"><strong>LIRE AUSSI: <a href=\"https:\/\/depeches241.com\/?p=19153\"><strong>N\u00e9potisme: quand Oligui Nguema \u00ab donne bouche \u00bb aux PDGistes en reproduisant ce pourquoi il les a d\u00e9pos\u00e9s&nbsp;<\/strong><\/a><\/strong><\/p>\n\n\n\n<p class=\"wp-block-paragraph\">La formule ne se contente pas d&rsquo;affirmer un id\u00e9al, elle en dessine les contours les plus larges, puisque le Pr\u00e9sident a pris soin de pr\u00e9ciser : <strong><em>\u00ab Qu&rsquo;il s&rsquo;agisse d&rsquo;un membre du Gouvernement, d&rsquo;un magistrat, d&rsquo;un avocat, d&rsquo;un haut responsable civil ou militaire, d&rsquo;un m\u00e9decin, d&rsquo;une sage-femme, d&rsquo;un agent de l&rsquo;\u00c9tat ou d&rsquo;un op\u00e9rateur \u00e9conomique, chacun doit d\u00e9sormais r\u00e9pondre de ses actes. \u00bb.<\/em><\/strong> C&rsquo;est ainsi, en effet, que devrait fonctionner une Nation o\u00f9 l&rsquo;\u00c9tat de droit n&rsquo;est pas un slogan de tribune mais une architecture vivante.<\/p>\n\n\n\n<p class=\"wp-block-paragraph\">Et l&rsquo;on veut croire, en \u00e9coutant ce discours, que le Conseil de discipline du Conseil de la magistrature, qui vient de radier Eddy Narcisse Minang, ancien Procureur g\u00e9n\u00e9ral pr\u00e8s la Cour d&rsquo;appel de Libreville, et de sanctionner Bruno Obiang Mve, ancien procureur de la R\u00e9publique, de douze mois de suspension assortie d&rsquo;une suspension partielle de salaire, n&rsquo;est que le premier chapitre d&rsquo;une purge sans exception ni faveur.<\/p>\n\n\n\n<p class=\"wp-block-paragraph\"><strong>L&rsquo;ombre port\u00e9e du s\u00e9rail&nbsp;<\/strong><\/p>\n\n\n\n<p class=\"wp-block-paragraph\">Mais l&rsquo;exigence d&rsquo;\u00e9galit\u00e9, pour m\u00e9riter son nom, ne saurait s&rsquo;arr\u00eater au seuil des antichambres du pouvoir. Elle doit, si elle est sinc\u00e8re, traverser les liens du sang comme ceux de l&rsquo;alliance. Or, le souvenir est encore frais d&rsquo;Aur\u00e9lien Mintsa Mi Ngu\u00e9ma, petit fr\u00e8re du Pr\u00e9sident et ancien Directeur G\u00e9n\u00e9ral du Budget et des Finances Publiques, suspendu de ses fonctions en juin 2024 sur fond de soup\u00e7ons de malversations financi\u00e8res,&nbsp; sans que l&rsquo;on sache, depuis, ce qu&rsquo;il est advenu de cette affaires et de ces soup\u00e7ons.<\/p>\n\n\n\n<p class=\"wp-block-paragraph\"><strong>LIRE AUSSI: <a href=\"https:\/\/depeches241.com\/?p=20305\"><strong>Affaire WebCor ITP: Komanda d\u00e9mis de ses fonctions, quid de Diane Moussounda Directrice G\u00e9n\u00e9rale de l\u2019AJE ?<\/strong><\/a><\/strong><\/p>\n\n\n\n<p class=\"wp-block-paragraph\">Plus troublant encore, l&rsquo;affaire WebCor, ce scandale de haute trahison o\u00f9 Diane Moussounda, s\u0153ur a\u00een\u00e9e de la seconde \u00e9pouse du Chef de l&rsquo;\u00c9tat, a sign\u00e9 aux c\u00f4t\u00e9s de Jean Paul Komanda, alors Premier Pr\u00e9sident du Conseil d&rsquo;\u00c9tat, <a href=\"https:\/\/depeches241.com\/?p=28565\">un protocole transactionnel qui a mis le Gabon en d\u00e9faut face \u00e0 l&rsquo;entreprise maltaise WebCor<\/a>. Komanda, lui, a pay\u00e9 le prix de sa fonction, Diane Moussounda, nomm\u00e9e depuis \u00e0 la t\u00eate de l&rsquo;Agence Judiciaire de l&rsquo;\u00c9tat, n&rsquo;a jamais eu \u00e0 r\u00e9pondre de rien. Deux signataires, un m\u00eame dossier, un seul sanctionn\u00e9 : voil\u00e0 qui ressemble fort \u00e0 cette <strong><em>\u00ab soustraction \u00bb<\/em><\/strong> que le Pr\u00e9sident promettait pourtant d&rsquo;abolir.<\/p>\n\n\n\n<p class=\"wp-block-paragraph\"><strong>Les scandales que la loi n\u2019a pas vu&nbsp;<\/strong><\/p>\n\n\n\n<p class=\"wp-block-paragraph\">La liste, h\u00e9las, ne s&rsquo;arr\u00eate pas l\u00e0. Au minist\u00e8re de l&rsquo;\u00c9ducation Nationale, une enqu\u00eate sur les primes des vacations a mis au jour la disparition de plus de 700 millions de francs CFA. Parmi les vingt-cinq agents entendus, l&rsquo;un d&rsquo;eux a formellement mis en cause la ministre Cam\u00e9lia Ntoutoume Leclerc, pr\u00e9cisant que toute d\u00e9pense engag\u00e9e par le d\u00e9partement porte son sceau, quelle qu&rsquo;en soit la nature. Cet aveu n&rsquo;a, \u00e0 ce jour, d\u00e9clench\u00e9 aucune poursuite.<\/p>\n\n\n\n<p class=\"wp-block-paragraph\"><strong>LIRE AUSSI: <a href=\"https:\/\/depeches241.com\/?p=28930\"><strong>D\u00e9tournement de 700 millions \u00e0 l\u2019\u00c9ducation nationale : Cam\u00e9lia Ntoutoume doit-elle se mettre \u00e0 la disposition de la justice ?<\/strong><\/a><\/strong><\/p>\n\n\n\n<p class=\"wp-block-paragraph\">Et que dire de l&rsquo;affaire Ogowet Siffon, o\u00f9 l&rsquo;ancien ministre du Tourisme, interpell\u00e9 par le B2 puis \u00e9crou\u00e9 le 22 d\u00e9cembre 2025, a mis en cause de mani\u00e8re r\u00e9p\u00e9t\u00e9e sa secr\u00e9taire g\u00e9n\u00e9rale, <a href=\"https:\/\/depeches241.com\/?p=27194\">Liliane Ngari, qu&rsquo;il pr\u00e9sente comme complice et actrice centrale des d\u00e9tournements ?<\/a> Le 24 d\u00e9cembre, c&rsquo;est pourtant lui seul qui restait sous mandat de d\u00e9p\u00f4t, tandis que celle qu&rsquo;il accusait recouvrait sa libert\u00e9.&nbsp;<\/p>\n\n\n\n<p class=\"wp-block-paragraph\">Ainsi va, semble-t-il, la justice gabonaise : s\u00e9v\u00e8re pour qui tombe en disgr\u00e2ce, silencieuse pour qui reste dans les bonnes gr\u00e2ces du syst\u00e8me. Le discours du 30 ao\u00fbt m\u00e9rite d&rsquo;\u00eatre salu\u00e9 pour sa noblesse mais il m\u00e9riterait surtout d&rsquo;\u00eatre tenu et appliqu\u00e9 avec rigueur, objectivit\u00e9 et impartialit\u00e9 pour tous.&nbsp;<\/p>\n","protected":false},"excerpt":{"rendered":"<p>Libreville, le 2 septembre 2026 &#8211; (D\u00e9p\u00eaches 241). Le 30 ao\u00fbt, jour de la F\u00eate de la Lib\u00e9ration, le Pr\u00e9sident de la R\u00e9publique a prononc\u00e9, \u00e0 l\u2019occasion de son adresse \u00e0 la Nation, des mots qui auraient pu \u00eatre grav\u00e9s au fronton de tous les palais de justice du pays. [&hellip;]<\/p>\n","protected":false},"author":12,"featured_media":30165,"comment_status":"open","ping_status":"open","sticky":false,"template":"","format":"standard","meta":{"om_disable_all_campaigns":false,"footnotes":""},"categories":[6,3,117],"tags":[99,6238,6241,59,6239,2854,73],"class_list":["post-30164","post","type-post","status-publish","format-standard","has-post-thumbnail","category-faits-divers-justice","category-politique","category-une2","tag-depeches241","tag-egalite-devant-la-loi","tag-famille","tag-gabon","tag-impartialite","tag-oligui-brice-nguema","tag-politique"],"yoast_head":"<!-- This site is optimized with the Yoast SEO plugin v28.4 - https:\/\/yoast.com\/product\/yoast-seo-wordpress\/ -->\n<title>Discours sur l\u2019\u00e9galit\u00e9 devant la loi: tous \u00e9gaux devant la loi, sauf les proches et les intouchables ?\u00a0 - Groupe D\u00e9p\u00eaches241<\/title>\n<meta name=\"description\" content=\"Le 30 ao\u00fbt, jour de la F\u00eate de la Lib\u00e9ration, le Pr\u00e9sident de la R\u00e9publique a prononc\u00e9, \u00e0 l\u2019occasion de son adresse \u00e0 la Nation, des mots qui auraient pu \u00eatre grav\u00e9s au fronton de tous les palais de justice du pays. Brice Clotaire Oligui Ngu\u00e9ma y a \u00e9rig\u00e9 l\u2019\u00e9galit\u00e9 devant la loi en pierre angulaire de la R\u00e9publique qu\u2019il appelle de ses v\u0153ux. Un principe noble, une promesse solennelle, mais que l\u2019actualit\u00e9 r\u00e9cente, faite de suspensions \u00e0 g\u00e9om\u00e9trie variable et de proches manifestement \u00e9pargn\u00e9s, s\u2019ent\u00eate \u00e0 contredire.\" \/>\n<meta name=\"robots\" content=\"index, follow, max-snippet:-1, max-image-preview:large, max-video-preview:-1\" \/>\n<link rel=\"canonical\" href=\"https:\/\/depeches241.com\/?p=30164\" \/>\n<meta property=\"og:locale\" content=\"fr_FR\" \/>\n<meta property=\"og:type\" content=\"article\" \/>\n<meta property=\"og:title\" content=\"Discours sur l\u2019\u00e9galit\u00e9 devant la loi: tous \u00e9gaux devant la loi, sauf les proches et les intouchables ?\u00a0 - Groupe D\u00e9p\u00eaches241\" \/>\n<meta property=\"og:description\" content=\"Le 30 ao\u00fbt, jour de la F\u00eate de la Lib\u00e9ration, le Pr\u00e9sident de la R\u00e9publique a prononc\u00e9, \u00e0 l\u2019occasion de son adresse \u00e0 la Nation, des mots qui auraient pu \u00eatre grav\u00e9s au fronton de tous les palais de justice du pays. Brice Clotaire Oligui Ngu\u00e9ma y a \u00e9rig\u00e9 l\u2019\u00e9galit\u00e9 devant la loi en pierre angulaire de la R\u00e9publique qu\u2019il appelle de ses v\u0153ux. Un principe noble, une promesse solennelle, mais que l\u2019actualit\u00e9 r\u00e9cente, faite de suspensions \u00e0 g\u00e9om\u00e9trie variable et de proches manifestement \u00e9pargn\u00e9s, s\u2019ent\u00eate \u00e0 contredire.\" \/>\n<meta property=\"og:url\" content=\"https:\/\/depeches241.com\/?p=30164\" \/>\n<meta property=\"og:site_name\" content=\"Groupe D\u00e9p\u00eaches241\" \/>\n<meta property=\"article:publisher\" content=\"https:\/\/www.facebook.com\/depeches241\" \/>\n<meta property=\"article:published_time\" content=\"2026-09-02T12:30:23+00:00\" \/>\n<meta property=\"article:modified_time\" content=\"2026-09-02T12:33:40+00:00\" \/>\n<meta property=\"og:image\" content=\"http:\/\/depeches241.com\/wp-content\/uploads\/2026\/09\/d215636f-ebf3-4112-8488-f0c0525f2548.jpeg\" \/>\n\t<meta property=\"og:image:width\" content=\"1280\" \/>\n\t<meta property=\"og:image:height\" content=\"568\" \/>\n\t<meta property=\"og:image:type\" content=\"image\/jpeg\" \/>\n<meta name=\"author\" content=\"Iboka Marc Andr\u00e9\" \/>\n<meta name=\"twitter:card\" content=\"summary_large_image\" \/>\n<meta name=\"twitter:label1\" content=\"\u00c9crit par\" \/>\n\t<meta name=\"twitter:data1\" content=\"Iboka Marc Andr\u00e9\" \/>\n\t<meta name=\"twitter:label2\" content=\"Dur\u00e9e de lecture estim\u00e9e\" \/>\n\t<meta name=\"twitter:data2\" content=\"5 minutes\" \/>\n<script type=\"application\/ld+json\" class=\"yoast-schema-graph\">{\"@context\":\"https:\\\/\\\/schema.org\",\"@graph\":[{\"@type\":\"Article\",\"@id\":\"https:\\\/\\\/depeches241.com\\\/?p=30164#article\",\"isPartOf\":{\"@id\":\"https:\\\/\\\/depeches241.com\\\/?p=30164\"},\"author\":{\"name\":\"Iboka Marc Andr\u00e9\",\"@id\":\"https:\\\/\\\/depeches241.com\\\/#\\\/schema\\\/person\\\/5abcf4b9361e0d8aa457b404d877674f\"},\"headline\":\"Discours sur l\u2019\u00e9galit\u00e9 devant la loi: tous \u00e9gaux devant la loi, sauf les proches et les intouchables ?\u00a0\",\"datePublished\":\"2026-09-02T12:30:23+00:00\",\"dateModified\":\"2026-09-02T12:33:40+00:00\",\"mainEntityOfPage\":{\"@id\":\"https:\\\/\\\/depeches241.com\\\/?p=30164\"},\"wordCount\":1048,\"commentCount\":0,\"publisher\":{\"@id\":\"https:\\\/\\\/depeches241.com\\\/#organization\"},\"image\":{\"@id\":\"https:\\\/\\\/depeches241.com\\\/?p=30164#primaryimage\"},\"thumbnailUrl\":\"https:\\\/\\\/depeches241.com\\\/wp-content\\\/uploads\\\/2026\\\/09\\\/d215636f-ebf3-4112-8488-f0c0525f2548.jpeg\",\"keywords\":[\"depeches241\",\"\u00c9galit\u00e9 devant la loi\",\"Famille\",\"Gabon\",\"Impartialit\u00e9\",\"Oligui Brice Nguema\",\"Politique\"],\"articleSection\":[\"JUSTICE\",\"POLITIQUE\",\"Une2\"],\"inLanguage\":\"fr-FR\",\"potentialAction\":[{\"@type\":\"CommentAction\",\"name\":\"Comment\",\"target\":[\"https:\\\/\\\/depeches241.com\\\/?p=30164#respond\"]}]},{\"@type\":\"WebPage\",\"@id\":\"https:\\\/\\\/depeches241.com\\\/?p=30164\",\"url\":\"https:\\\/\\\/depeches241.com\\\/?p=30164\",\"name\":\"Discours sur l\u2019\u00e9galit\u00e9 devant la loi: tous \u00e9gaux devant la loi, sauf les proches et les intouchables ?\u00a0 - Groupe D\u00e9p\u00eaches241\",\"isPartOf\":{\"@id\":\"https:\\\/\\\/depeches241.com\\\/#website\"},\"primaryImageOfPage\":{\"@id\":\"https:\\\/\\\/depeches241.com\\\/?p=30164#primaryimage\"},\"image\":{\"@id\":\"https:\\\/\\\/depeches241.com\\\/?p=30164#primaryimage\"},\"thumbnailUrl\":\"https:\\\/\\\/depeches241.com\\\/wp-content\\\/uploads\\\/2026\\\/09\\\/d215636f-ebf3-4112-8488-f0c0525f2548.jpeg\",\"datePublished\":\"2026-09-02T12:30:23+00:00\",\"dateModified\":\"2026-09-02T12:33:40+00:00\",\"description\":\"Le 30 ao\u00fbt, jour de la F\u00eate de la Lib\u00e9ration, le Pr\u00e9sident de la R\u00e9publique a prononc\u00e9, \u00e0 l\u2019occasion de son adresse \u00e0 la Nation, des mots qui auraient pu \u00eatre grav\u00e9s au fronton de tous les palais de justice du pays. Brice Clotaire Oligui Ngu\u00e9ma y a \u00e9rig\u00e9 l\u2019\u00e9galit\u00e9 devant la loi en pierre angulaire de la R\u00e9publique qu\u2019il appelle de ses v\u0153ux. Un principe noble, une promesse solennelle, mais que l\u2019actualit\u00e9 r\u00e9cente, faite de suspensions \u00e0 g\u00e9om\u00e9trie variable et de proches manifestement \u00e9pargn\u00e9s, s\u2019ent\u00eate \u00e0 contredire.\",\"breadcrumb\":{\"@id\":\"https:\\\/\\\/depeches241.com\\\/?p=30164#breadcrumb\"},\"inLanguage\":\"fr-FR\",\"potentialAction\":[{\"@type\":\"ReadAction\",\"target\":[\"https:\\\/\\\/depeches241.com\\\/?p=30164\"]}]},{\"@type\":\"ImageObject\",\"inLanguage\":\"fr-FR\",\"@id\":\"https:\\\/\\\/depeches241.com\\\/?p=30164#primaryimage\",\"url\":\"https:\\\/\\\/depeches241.com\\\/wp-content\\\/uploads\\\/2026\\\/09\\\/d215636f-ebf3-4112-8488-f0c0525f2548.jpeg\",\"contentUrl\":\"https:\\\/\\\/depeches241.com\\\/wp-content\\\/uploads\\\/2026\\\/09\\\/d215636f-ebf3-4112-8488-f0c0525f2548.jpeg\",\"width\":1280,\"height\":568},{\"@type\":\"BreadcrumbList\",\"@id\":\"https:\\\/\\\/depeches241.com\\\/?p=30164#breadcrumb\",\"itemListElement\":[{\"@type\":\"ListItem\",\"position\":1,\"name\":\"Accueil\",\"item\":\"https:\\\/\\\/depeches241.com\\\/\"},{\"@type\":\"ListItem\",\"position\":2,\"name\":\"Discours sur l\u2019\u00e9galit\u00e9 devant la loi: tous \u00e9gaux devant la loi, sauf les proches et les intouchables ?\u00a0\"}]},{\"@type\":\"WebSite\",\"@id\":\"https:\\\/\\\/depeches241.com\\\/#website\",\"url\":\"https:\\\/\\\/depeches241.com\\\/\",\"name\":\"D\u00e9p\u00eaches241\",\"description\":\"M\u00e9dia d&#039;actualit\u00e9 Politique, \u00c9conomique, Sociale et Internationale\",\"publisher\":{\"@id\":\"https:\\\/\\\/depeches241.com\\\/#organization\"},\"potentialAction\":[{\"@type\":\"SearchAction\",\"target\":{\"@type\":\"EntryPoint\",\"urlTemplate\":\"https:\\\/\\\/depeches241.com\\\/?s={search_term_string}\"},\"query-input\":{\"@type\":\"PropertyValueSpecification\",\"valueRequired\":true,\"valueName\":\"search_term_string\"}}],\"inLanguage\":\"fr-FR\"},{\"@type\":\"Organization\",\"@id\":\"https:\\\/\\\/depeches241.com\\\/#organization\",\"name\":\"Groupe D\u00e9p\u00eaches241\",\"url\":\"https:\\\/\\\/depeches241.com\\\/\",\"logo\":{\"@type\":\"ImageObject\",\"inLanguage\":\"fr-FR\",\"@id\":\"https:\\\/\\\/depeches241.com\\\/#\\\/schema\\\/logo\\\/image\\\/\",\"url\":\"https:\\\/\\\/depeches241.com\\\/wp-content\\\/uploads\\\/2021\\\/10\\\/cropped-Logo-new-Accueil.png\",\"contentUrl\":\"https:\\\/\\\/depeches241.com\\\/wp-content\\\/uploads\\\/2021\\\/10\\\/cropped-Logo-new-Accueil.png\",\"width\":320,\"height\":105,\"caption\":\"Groupe D\u00e9p\u00eaches241\"},\"image\":{\"@id\":\"https:\\\/\\\/depeches241.com\\\/#\\\/schema\\\/logo\\\/image\\\/\"},\"sameAs\":[\"https:\\\/\\\/www.facebook.com\\\/depeches241\"]},{\"@type\":\"Person\",\"@id\":\"https:\\\/\\\/depeches241.com\\\/#\\\/schema\\\/person\\\/5abcf4b9361e0d8aa457b404d877674f\",\"name\":\"Iboka Marc Andr\u00e9\",\"image\":{\"@type\":\"ImageObject\",\"inLanguage\":\"fr-FR\",\"@id\":\"https:\\\/\\\/secure.gravatar.com\\\/avatar\\\/13c33935f0a59dd3c3a52ae25f58c248a1bf75f6e9ab4e6a7a23bfb8f9f53136?s=96&d=mm&r=g\",\"url\":\"https:\\\/\\\/secure.gravatar.com\\\/avatar\\\/13c33935f0a59dd3c3a52ae25f58c248a1bf75f6e9ab4e6a7a23bfb8f9f53136?s=96&d=mm&r=g\",\"contentUrl\":\"https:\\\/\\\/secure.gravatar.com\\\/avatar\\\/13c33935f0a59dd3c3a52ae25f58c248a1bf75f6e9ab4e6a7a23bfb8f9f53136?s=96&d=mm&r=g\",\"caption\":\"Iboka Marc Andr\u00e9\"},\"url\":\"https:\\\/\\\/depeches241.com\\\/?author=12\"}]}<\/script>\n<!-- \/ Yoast SEO plugin. -->","yoast_head_json":{"title":"Discours sur l\u2019\u00e9galit\u00e9 devant la loi: tous \u00e9gaux devant la loi, sauf les proches et les intouchables ?\u00a0 - Groupe D\u00e9p\u00eaches241","description":"Le 30 ao\u00fbt, jour de la F\u00eate de la Lib\u00e9ration, le Pr\u00e9sident de la R\u00e9publique a prononc\u00e9, \u00e0 l\u2019occasion de son adresse \u00e0 la Nation, des mots qui auraient pu \u00eatre grav\u00e9s au fronton de tous les palais de justice du pays. Brice Clotaire Oligui Ngu\u00e9ma y a \u00e9rig\u00e9 l\u2019\u00e9galit\u00e9 devant la loi en pierre angulaire de la R\u00e9publique qu\u2019il appelle de ses v\u0153ux. Un principe noble, une promesse solennelle, mais que l\u2019actualit\u00e9 r\u00e9cente, faite de suspensions \u00e0 g\u00e9om\u00e9trie variable et de proches manifestement \u00e9pargn\u00e9s, s\u2019ent\u00eate \u00e0 contredire.","robots":{"index":"index","follow":"follow","max-snippet":"max-snippet:-1","max-image-preview":"max-image-preview:large","max-video-preview":"max-video-preview:-1"},"canonical":"https:\/\/depeches241.com\/?p=30164","og_locale":"fr_FR","og_type":"article","og_title":"Discours sur l\u2019\u00e9galit\u00e9 devant la loi: tous \u00e9gaux devant la loi, sauf les proches et les intouchables ?\u00a0 - Groupe D\u00e9p\u00eaches241","og_description":"Le 30 ao\u00fbt, jour de la F\u00eate de la Lib\u00e9ration, le Pr\u00e9sident de la R\u00e9publique a prononc\u00e9, \u00e0 l\u2019occasion de son adresse \u00e0 la Nation, des mots qui auraient pu \u00eatre grav\u00e9s au fronton de tous les palais de justice du pays. Brice Clotaire Oligui Ngu\u00e9ma y a \u00e9rig\u00e9 l\u2019\u00e9galit\u00e9 devant la loi en pierre angulaire de la R\u00e9publique qu\u2019il appelle de ses v\u0153ux. Un principe noble, une promesse solennelle, mais que l\u2019actualit\u00e9 r\u00e9cente, faite de suspensions \u00e0 g\u00e9om\u00e9trie variable et de proches manifestement \u00e9pargn\u00e9s, s\u2019ent\u00eate \u00e0 contredire.","og_url":"https:\/\/depeches241.com\/?p=30164","og_site_name":"Groupe D\u00e9p\u00eaches241","article_publisher":"https:\/\/www.facebook.com\/depeches241","article_published_time":"2026-09-02T12:30:23+00:00","article_modified_time":"2026-09-02T12:33:40+00:00","og_image":[{"width":1280,"height":568,"url":"http:\/\/depeches241.com\/wp-content\/uploads\/2026\/09\/d215636f-ebf3-4112-8488-f0c0525f2548.jpeg","type":"image\/jpeg"}],"author":"Iboka Marc Andr\u00e9","twitter_card":"summary_large_image","twitter_misc":{"\u00c9crit par":"Iboka Marc Andr\u00e9","Dur\u00e9e de lecture estim\u00e9e":"5 minutes"},"schema":{"@context":"https:\/\/schema.org","@graph":[{"@type":"Article","@id":"https:\/\/depeches241.com\/?p=30164#article","isPartOf":{"@id":"https:\/\/depeches241.com\/?p=30164"},"author":{"name":"Iboka Marc Andr\u00e9","@id":"https:\/\/depeches241.com\/#\/schema\/person\/5abcf4b9361e0d8aa457b404d877674f"},"headline":"Discours sur l\u2019\u00e9galit\u00e9 devant la loi: tous \u00e9gaux devant la loi, sauf les proches et les intouchables ?\u00a0","datePublished":"2026-09-02T12:30:23+00:00","dateModified":"2026-09-02T12:33:40+00:00","mainEntityOfPage":{"@id":"https:\/\/depeches241.com\/?p=30164"},"wordCount":1048,"commentCount":0,"publisher":{"@id":"https:\/\/depeches241.com\/#organization"},"image":{"@id":"https:\/\/depeches241.com\/?p=30164#primaryimage"},"thumbnailUrl":"https:\/\/depeches241.com\/wp-content\/uploads\/2026\/09\/d215636f-ebf3-4112-8488-f0c0525f2548.jpeg","keywords":["depeches241","\u00c9galit\u00e9 devant la loi","Famille","Gabon","Impartialit\u00e9","Oligui Brice Nguema","Politique"],"articleSection":["JUSTICE","POLITIQUE","Une2"],"inLanguage":"fr-FR","potentialAction":[{"@type":"CommentAction","name":"Comment","target":["https:\/\/depeches241.com\/?p=30164#respond"]}]},{"@type":"WebPage","@id":"https:\/\/depeches241.com\/?p=30164","url":"https:\/\/depeches241.com\/?p=30164","name":"Discours sur l\u2019\u00e9galit\u00e9 devant la loi: tous \u00e9gaux devant la loi, sauf les proches et les intouchables ?\u00a0 - Groupe D\u00e9p\u00eaches241","isPartOf":{"@id":"https:\/\/depeches241.com\/#website"},"primaryImageOfPage":{"@id":"https:\/\/depeches241.com\/?p=30164#primaryimage"},"image":{"@id":"https:\/\/depeches241.com\/?p=30164#primaryimage"},"thumbnailUrl":"https:\/\/depeches241.com\/wp-content\/uploads\/2026\/09\/d215636f-ebf3-4112-8488-f0c0525f2548.jpeg","datePublished":"2026-09-02T12:30:23+00:00","dateModified":"2026-09-02T12:33:40+00:00","description":"Le 30 ao\u00fbt, jour de la F\u00eate de la Lib\u00e9ration, le Pr\u00e9sident de la R\u00e9publique a prononc\u00e9, \u00e0 l\u2019occasion de son adresse \u00e0 la Nation, des mots qui auraient pu \u00eatre grav\u00e9s au fronton de tous les palais de justice du pays. Brice Clotaire Oligui Ngu\u00e9ma y a \u00e9rig\u00e9 l\u2019\u00e9galit\u00e9 devant la loi en pierre angulaire de la R\u00e9publique qu\u2019il appelle de ses v\u0153ux. Un principe noble, une promesse solennelle, mais que l\u2019actualit\u00e9 r\u00e9cente, faite de suspensions \u00e0 g\u00e9om\u00e9trie variable et de proches manifestement \u00e9pargn\u00e9s, s\u2019ent\u00eate \u00e0 contredire.","breadcrumb":{"@id":"https:\/\/depeches241.com\/?p=30164#breadcrumb"},"inLanguage":"fr-FR","potentialAction":[{"@type":"ReadAction","target":["https:\/\/depeches241.com\/?p=30164"]}]},{"@type":"ImageObject","inLanguage":"fr-FR","@id":"https:\/\/depeches241.com\/?p=30164#primaryimage","url":"https:\/\/depeches241.com\/wp-content\/uploads\/2026\/09\/d215636f-ebf3-4112-8488-f0c0525f2548.jpeg","contentUrl":"https:\/\/depeches241.com\/wp-content\/uploads\/2026\/09\/d215636f-ebf3-4112-8488-f0c0525f2548.jpeg","width":1280,"height":568},{"@type":"BreadcrumbList","@id":"https:\/\/depeches241.com\/?p=30164#breadcrumb","itemListElement":[{"@type":"ListItem","position":1,"name":"Accueil","item":"https:\/\/depeches241.com\/"},{"@type":"ListItem","position":2,"name":"Discours sur l\u2019\u00e9galit\u00e9 devant la loi: tous \u00e9gaux devant la loi, sauf les proches et les intouchables ?\u00a0"}]},{"@type":"WebSite","@id":"https:\/\/depeches241.com\/#website","url":"https:\/\/depeches241.com\/","name":"D\u00e9p\u00eaches241","description":"M\u00e9dia d&#039;actualit\u00e9 Politique, \u00c9conomique, Sociale et Internationale","publisher":{"@id":"https:\/\/depeches241.com\/#organization"},"potentialAction":[{"@type":"SearchAction","target":{"@type":"EntryPoint","urlTemplate":"https:\/\/depeches241.com\/?s={search_term_string}"},"query-input":{"@type":"PropertyValueSpecification","valueRequired":true,"valueName":"search_term_string"}}],"inLanguage":"fr-FR"},{"@type":"Organization","@id":"https:\/\/depeches241.com\/#organization","name":"Groupe D\u00e9p\u00eaches241","url":"https:\/\/depeches241.com\/","logo":{"@type":"ImageObject","inLanguage":"fr-FR","@id":"https:\/\/depeches241.com\/#\/schema\/logo\/image\/","url":"https:\/\/depeches241.com\/wp-content\/uploads\/2021\/10\/cropped-Logo-new-Accueil.png","contentUrl":"https:\/\/depeches241.com\/wp-content\/uploads\/2021\/10\/cropped-Logo-new-Accueil.png","width":320,"height":105,"caption":"Groupe D\u00e9p\u00eaches241"},"image":{"@id":"https:\/\/depeches241.com\/#\/schema\/logo\/image\/"},"sameAs":["https:\/\/www.facebook.com\/depeches241"]},{"@type":"Person","@id":"https:\/\/depeches241.com\/#\/schema\/person\/5abcf4b9361e0d8aa457b404d877674f","name":"Iboka Marc Andr\u00e9","image":{"@type":"ImageObject","inLanguage":"fr-FR","@id":"https:\/\/secure.gravatar.com\/avatar\/13c33935f0a59dd3c3a52ae25f58c248a1bf75f6e9ab4e6a7a23bfb8f9f53136?s=96&d=mm&r=g","url":"https:\/\/secure.gravatar.com\/avatar\/13c33935f0a59dd3c3a52ae25f58c248a1bf75f6e9ab4e6a7a23bfb8f9f53136?s=96&d=mm&r=g","contentUrl":"https:\/\/secure.gravatar.com\/avatar\/13c33935f0a59dd3c3a52ae25f58c248a1bf75f6e9ab4e6a7a23bfb8f9f53136?s=96&d=mm&r=g","caption":"Iboka Marc Andr\u00e9"},"url":"https:\/\/depeches241.com\/?author=12"}]}},"_links":{"self":[{"href":"https:\/\/depeches241.com\/index.php?rest_route=\/wp\/v2\/posts\/30164","targetHints":{"allow":["GET"]}}],"collection":[{"href":"https:\/\/depeches241.com\/index.php?rest_route=\/wp\/v2\/posts"}],"about":[{"href":"https:\/\/depeches241.com\/index.php?rest_route=\/wp\/v2\/types\/post"}],"author":[{"embeddable":true,"href":"https:\/\/depeches241.com\/index.php?rest_route=\/wp\/v2\/users\/12"}],"replies":[{"embeddable":true,"href":"https:\/\/depeches241.com\/index.php?rest_route=%2Fwp%2Fv2%2Fcomments&post=30164"}],"version-history":[{"count":2,"href":"https:\/\/depeches241.com\/index.php?rest_route=\/wp\/v2\/posts\/30164\/revisions"}],"predecessor-version":[{"id":30167,"href":"https:\/\/depeches241.com\/index.php?rest_route=\/wp\/v2\/posts\/30164\/revisions\/30167"}],"wp:featuredmedia":[{"embeddable":true,"href":"https:\/\/depeches241.com\/index.php?rest_route=\/wp\/v2\/media\/30165"}],"wp:attachment":[{"href":"https:\/\/depeches241.com\/index.php?rest_route=%2Fwp%2Fv2%2Fmedia&parent=30164"}],"wp:term":[{"taxonomy":"category","embeddable":true,"href":"https:\/\/depeches241.com\/index.php?rest_route=%2Fwp%2Fv2%2Fcategories&post=30164"},{"taxonomy":"post_tag","embeddable":true,"href":"https:\/\/depeches241.com\/index.php?rest_route=%2Fwp%2Fv2%2Ftags&post=30164"}],"curies":[{"name":"wp","href":"https:\/\/api.w.org\/{rel}","templated":true}]}}