{"id":30168,"date":"2026-09-02T15:08:52","date_gmt":"2026-09-02T13:08:52","guid":{"rendered":"https:\/\/depeches241.com\/?p=30168"},"modified":"2026-09-02T15:12:14","modified_gmt":"2026-09-02T13:12:14","slug":"promesse-presidentielle-de-1500-postes-budgetaires-aux-chomeurs-les-demandeurs-demploi-reunis-au-sein-du-mnvg-devant-le-parvis-du-ministere-de-la-fonction-publique-demain-3-septembre","status":"publish","type":"post","link":"https:\/\/depeches241.com\/?p=30168","title":{"rendered":"Promesse pr\u00e9sidentielle de 1500 postes budg\u00e9taires aux ch\u00f4meurs: les demandeurs d&#8217;emploi r\u00e9unis au sein du MNVG devant le parvis du minist\u00e8re de la fonction publique demain 3 septembre"},"content":{"rendered":"\n<figure class=\"wp-block-image size-large\"><img loading=\"lazy\" decoding=\"async\" width=\"1024\" height=\"439\" src=\"https:\/\/depeches241.com\/wp-content\/uploads\/2026\/09\/1003908664-1024x439.png\" alt=\"\" class=\"wp-image-30169\" srcset=\"https:\/\/depeches241.com\/wp-content\/uploads\/2026\/09\/1003908664-1024x439.png 1024w, https:\/\/depeches241.com\/wp-content\/uploads\/2026\/09\/1003908664-300x128.png 300w, https:\/\/depeches241.com\/wp-content\/uploads\/2026\/09\/1003908664-766x328.png 766w, https:\/\/depeches241.com\/wp-content\/uploads\/2026\/09\/1003908664-1536x658.png 1536w, https:\/\/depeches241.com\/wp-content\/uploads\/2026\/09\/1003908664.png 1672w\" sizes=\"auto, (max-width: 1024px) 100vw, 1024px\" \/><figcaption class=\"wp-element-caption\"><strong><em>Lass\u00e9s de la lenteur administrative qui entoure leur situation, les membres du MNVG se donnent rendez-vous demain, jeudi 3 septembre 2026, devant le parvis du minist\u00e8re de la Fonction Publique.<\/em><\/strong>\u00a9 D\u00e9p\u00eaches 241<\/figcaption><\/figure>\n\n\n\n<p class=\"wp-block-paragraph\"><strong>Libreville, le 2 septembre 2026-(D\u00e9p\u00eaches 241). Les demandeurs d&#8217;emploi r\u00e9unis au sein du Mouvement National des Visionnaires du Gabon (MNVG) n\u2019en peuvent des lenteurs administratives qui \u00e9maillent leurs dossiers. En ao\u00fbt 2024, le Pr\u00e9sident de la R\u00e9publique, Chef de l&rsquo;\u00c9tat, Brice Clotaire Oligui Nguema, octroyait 1500 postes budg\u00e9taires \u00e0 cette organisation compos\u00e9e de milliers de jeunes dipl\u00f4m\u00e9s gabonais. Deux ans plus tard, aucune ligne n\u2019a boug\u00e9, la parole pr\u00e9sidentielle semble \u00eatre pi\u00e9tin\u00e9e par ses ministres. Un sentiment qui entame la patience des b\u00e9n\u00e9ficiaires, lesquels ont d\u00e9cid\u00e9 d\u2019investir le parvis du minist\u00e8re de la Fonction Publique et du Renforcement des Capacit\u00e9s, demain jeudi 3 septembre 2026, \u00e0 l\u2019effet de conna\u00eetre o\u00f9 se situe le blocus qui emp\u00eache l\u2019aboutissement de leurs dossiers.<\/strong><\/p>\n\n\n\n<p class=\"has-drop-cap wp-block-paragraph\">Pour eux, c&rsquo;\u00e9tait une victoire historique: le 8 ao\u00fbt 2024, lors d\u2019une audience publique au Palais pr\u00e9sidentiel, le Chef de l&rsquo;\u00c9tat, Brice Clotaire Oligui Nguema, offrait 1500 postes budg\u00e9taires, r\u00e9partis entre deux minist\u00e8res. 750 postes budg\u00e9taires pour l\u2019\u00c9ducation Nationale et 750 autres orient\u00e9s vers le minist\u00e8re de la Sant\u00e9. L\u2019instruction \u00e9tait claire et pr\u00e9cise, il appartenait simplement aux d\u00e9partements minist\u00e9riels concern\u00e9s par le suivi administratif de ce dossier, de mettre en musique cette parole pr\u00e9sidentielle.<\/p>\n\n\n\n<p class=\"wp-block-paragraph\"><strong>Une inertie administrative difficile \u00e0 comprendre<\/strong><\/p>\n\n\n\n<p class=\"wp-block-paragraph\">Seulement, deux ans plus tard, les b\u00e9n\u00e9ficiaires d\u00e9chantent, la d\u00e9sillusion et l\u2019incompr\u00e9hension grandissent, la <strong>\u00ab parole sacr\u00e9e \u00bb<\/strong> du Chef de l&rsquo;\u00c9tat, est malmen\u00e9e par ses ministres. <strong><em>\u00ab Cela fait maintenant dix (10) mois que des compatriotes ont sign\u00e9 des fiches bleues \u00e0 l&rsquo;Education Nationale et trois (03) mois que nous avons d\u00e9pos\u00e9 d&rsquo;autres dossiers aupr\u00e8s de la Fonction Publique, dans l\u2019espoir l\u00e9gitime de voir nos situations examin\u00e9es et de pouvoir enfin acc\u00e9der \u00e0 un emploi. Nos postes budg\u00e9taires ne doivent pas \u00eatre une affaire banale, car depuis le 08 Ao\u00fbt 2024, Son Excellence le Chef de l&rsquo;\u00c9tat nous avait octroy\u00e9 1500, dont 750 \u00e0 la Sant\u00e9 et 750 \u00e0 l&rsquo;Education Nationale \u00bb<\/em><\/strong>, a d\u00e9clar\u00e9 un membre de l&rsquo;organisation.<\/p>\n\n\n\n<p class=\"wp-block-paragraph\">Restant sur l\u2019inertie de l\u2019administration sur cette affaire, le m\u00eame membre a laiss\u00e9 entendre qu\u2019<strong><em>\u00ab aucune suite concr\u00e8te ne nous a \u00e9t\u00e9 communiqu\u00e9e \u00e0 ce jour. Face \u00e0 cette attente qui n\u2019a que trop dur\u00e9, nous lan\u00e7ons un appel solennel \u00e0 l\u2019ensemble des ch\u00f4meurs membres du MNVG \u00e0 se mobiliser massivement de mani\u00e8re pacifique, disciplin\u00e9e et responsable devant le minist\u00e8re de la Fonction Publique, demain jeudi 3 septembre 2026 \u00bb<\/em><\/strong>, a-t-il ajout\u00e9.<\/p>\n\n\n\n<p class=\"wp-block-paragraph\"><strong>Les ch\u00f4meurs r\u00e9clament simplement le respect strict des instructions du Chef de l&rsquo;\u00c9tat <\/strong><\/p>\n\n\n\n<p class=\"wp-block-paragraph\">Depuis le d\u00e9but de cette affaire, les demandeurs d&#8217;emploi brillent par une constante: depuis deux ans, ils appellent au respect scrupuleux de la parole sacr\u00e9e du Chef de l&rsquo;\u00c9tat. <strong><em>\u00ab Nous ne demandons pas un privil\u00e8ge, nous r\u00e9clamons simplement que nos dossiers soient examin\u00e9s et que nos situations soient trait\u00e9es avec justice et transparence car la parole du Pr\u00e9sident de la R\u00e9publique, Chef de l&rsquo;\u00c9tat, est sacr\u00e9e et ex\u00e9cutoire \u00bb<\/em><\/strong>, a-t-il conclu son propos. <\/p>\n\n\n\n<p class=\"wp-block-paragraph\">Gageons d\u00e9sormais que la sortie de demain apportera des r\u00e9ponses claires et satisfaisantes aux milliers de jeunes dipl\u00f4m\u00e9s qui n\u2019en peuvent plus du ch\u00f4mage end\u00e9mique qui d\u00e9truit de nombreuses vies au Gabon, et ce, depuis bient\u00f4t deux d\u00e9cennies. <\/p>\n\n\n\n<p class=\"wp-block-paragraph\"><\/p>\n","protected":false},"excerpt":{"rendered":"<p>Libreville, le 2 septembre 2026-(D\u00e9p\u00eaches 241). Les demandeurs d&#8217;emploi r\u00e9unis au sein du Mouvement National des Visionnaires du Gabon (MNVG) n\u2019en peuvent des lenteurs administratives qui \u00e9maillent leurs dossiers. En ao\u00fbt 2024, le Pr\u00e9sident de la R\u00e9publique, Chef de l&rsquo;\u00c9tat, Brice Clotaire Oligui Nguema, octroyait 1500 postes budg\u00e9taires \u00e0 cette [&hellip;]<\/p>\n","protected":false},"author":22,"featured_media":30169,"comment_status":"open","ping_status":"open","sticky":false,"template":"","format":"standard","meta":{"om_disable_all_campaigns":false,"footnotes":""},"categories":[3,116],"tags":[99,59,2894,1252,6242,73],"class_list":["post-30168","post","type-post","status-publish","format-standard","has-post-thumbnail","category-politique","category-une1","tag-depeches241","tag-gabon","tag-laurence-ndong","tag-ministere-de-la-fonction-publique","tag-mnvg","tag-politique"],"yoast_head":"<!-- This site is optimized with the Yoast SEO plugin v28.4 - https:\/\/yoast.com\/product\/yoast-seo-wordpress\/ -->\n<title>Promesse pr\u00e9sidentielle de 1500 postes budg\u00e9taires aux ch\u00f4meurs: les demandeurs d&#039;emploi r\u00e9unis au sein du MNVG devant le parvis du minist\u00e8re de la fonction publique demain 3 septembre - Groupe D\u00e9p\u00eaches241<\/title>\n<meta name=\"description\" content=\"Les demandeurs d&#039;emploi r\u00e9unis au sein du Mouvement National des Visionnaires du Gabon (MNVG) n\u2019en peuvent des lenteurs administratives qui \u00e9maillent leurs dossiers. En ao\u00fbt 2024, le Pr\u00e9sident de la R\u00e9publique, Chef de l&#039;\u00c9tat, Brice Clotaire Oligui Nguema, octroyait 1500 postes budg\u00e9taires \u00e0 cette organisation compos\u00e9e de milliers de jeunes dipl\u00f4m\u00e9s gabonais. Deux ans plus tard, aucune ligne n\u2019a boug\u00e9, la parole pr\u00e9sidentielle semble \u00eatre pi\u00e9tin\u00e9e par ses ministres. Un sentiment qui entame la patience des b\u00e9n\u00e9ficiaires, lesquels ont d\u00e9cid\u00e9 d\u2019investir le parvis du minist\u00e8re de la Fonction Publique et du Renforcement des Capacit\u00e9s, demain jeudi 3 septembre 2026, \u00e0 l\u2019effet de conna\u00eetre o\u00f9 se situe le blocus qui emp\u00eache l\u2019aboutissement de leurs dossiers.\" \/>\n<meta name=\"robots\" content=\"index, follow, max-snippet:-1, max-image-preview:large, max-video-preview:-1\" \/>\n<link rel=\"canonical\" href=\"https:\/\/depeches241.com\/?p=30168\" \/>\n<meta property=\"og:locale\" content=\"fr_FR\" \/>\n<meta property=\"og:type\" content=\"article\" \/>\n<meta property=\"og:title\" content=\"Promesse pr\u00e9sidentielle de 1500 postes budg\u00e9taires aux ch\u00f4meurs: les demandeurs d&#039;emploi r\u00e9unis au sein du MNVG devant le parvis du minist\u00e8re de la fonction publique demain 3 septembre - Groupe D\u00e9p\u00eaches241\" \/>\n<meta property=\"og:description\" content=\"Les demandeurs d&#039;emploi r\u00e9unis au sein du Mouvement National des Visionnaires du Gabon (MNVG) n\u2019en peuvent des lenteurs administratives qui \u00e9maillent leurs dossiers. En ao\u00fbt 2024, le Pr\u00e9sident de la R\u00e9publique, Chef de l&#039;\u00c9tat, Brice Clotaire Oligui Nguema, octroyait 1500 postes budg\u00e9taires \u00e0 cette organisation compos\u00e9e de milliers de jeunes dipl\u00f4m\u00e9s gabonais. Deux ans plus tard, aucune ligne n\u2019a boug\u00e9, la parole pr\u00e9sidentielle semble \u00eatre pi\u00e9tin\u00e9e par ses ministres. Un sentiment qui entame la patience des b\u00e9n\u00e9ficiaires, lesquels ont d\u00e9cid\u00e9 d\u2019investir le parvis du minist\u00e8re de la Fonction Publique et du Renforcement des Capacit\u00e9s, demain jeudi 3 septembre 2026, \u00e0 l\u2019effet de conna\u00eetre o\u00f9 se situe le blocus qui emp\u00eache l\u2019aboutissement de leurs dossiers.\" \/>\n<meta property=\"og:url\" content=\"https:\/\/depeches241.com\/?p=30168\" \/>\n<meta property=\"og:site_name\" content=\"Groupe D\u00e9p\u00eaches241\" \/>\n<meta property=\"article:publisher\" content=\"https:\/\/www.facebook.com\/depeches241\" \/>\n<meta property=\"article:published_time\" content=\"2026-09-02T13:08:52+00:00\" \/>\n<meta property=\"article:modified_time\" content=\"2026-09-02T13:12:14+00:00\" \/>\n<meta property=\"og:image\" content=\"http:\/\/depeches241.com\/wp-content\/uploads\/2026\/09\/1003908664.png\" \/>\n\t<meta property=\"og:image:width\" content=\"1672\" \/>\n\t<meta property=\"og:image:height\" content=\"716\" \/>\n\t<meta property=\"og:image:type\" content=\"image\/png\" \/>\n<meta name=\"author\" content=\"Florant Yinda\" \/>\n<meta name=\"twitter:card\" content=\"summary_large_image\" \/>\n<meta name=\"twitter:label1\" content=\"\u00c9crit par\" \/>\n\t<meta name=\"twitter:data1\" content=\"Florant Yinda\" \/>\n\t<meta name=\"twitter:label2\" content=\"Dur\u00e9e de lecture estim\u00e9e\" \/>\n\t<meta name=\"twitter:data2\" content=\"3 minutes\" \/>\n<script type=\"application\/ld+json\" class=\"yoast-schema-graph\">{\"@context\":\"https:\\\/\\\/schema.org\",\"@graph\":[{\"@type\":\"Article\",\"@id\":\"https:\\\/\\\/depeches241.com\\\/?p=30168#article\",\"isPartOf\":{\"@id\":\"https:\\\/\\\/depeches241.com\\\/?p=30168\"},\"author\":{\"name\":\"Florant Yinda\",\"@id\":\"https:\\\/\\\/depeches241.com\\\/#\\\/schema\\\/person\\\/37b1d864cb5b1c898f021c1ea6415cc4\"},\"headline\":\"Promesse pr\u00e9sidentielle de 1500 postes budg\u00e9taires aux ch\u00f4meurs: les demandeurs d&#8217;emploi r\u00e9unis au sein du MNVG devant le parvis du minist\u00e8re de la fonction publique demain 3 septembre\",\"datePublished\":\"2026-09-02T13:08:52+00:00\",\"dateModified\":\"2026-09-02T13:12:14+00:00\",\"mainEntityOfPage\":{\"@id\":\"https:\\\/\\\/depeches241.com\\\/?p=30168\"},\"wordCount\":651,\"commentCount\":0,\"publisher\":{\"@id\":\"https:\\\/\\\/depeches241.com\\\/#organization\"},\"image\":{\"@id\":\"https:\\\/\\\/depeches241.com\\\/?p=30168#primaryimage\"},\"thumbnailUrl\":\"https:\\\/\\\/depeches241.com\\\/wp-content\\\/uploads\\\/2026\\\/09\\\/1003908664.png\",\"keywords\":[\"depeches241\",\"Gabon\",\"Laurence Ndong\",\"Minist\u00e8re de la Fonction publique\",\"MNVG\",\"Politique\"],\"articleSection\":[\"POLITIQUE\",\"Une1\"],\"inLanguage\":\"fr-FR\",\"potentialAction\":[{\"@type\":\"CommentAction\",\"name\":\"Comment\",\"target\":[\"https:\\\/\\\/depeches241.com\\\/?p=30168#respond\"]}]},{\"@type\":\"WebPage\",\"@id\":\"https:\\\/\\\/depeches241.com\\\/?p=30168\",\"url\":\"https:\\\/\\\/depeches241.com\\\/?p=30168\",\"name\":\"Promesse pr\u00e9sidentielle de 1500 postes budg\u00e9taires aux ch\u00f4meurs: les demandeurs d'emploi r\u00e9unis au sein du MNVG devant le parvis du minist\u00e8re de la fonction publique demain 3 septembre - Groupe D\u00e9p\u00eaches241\",\"isPartOf\":{\"@id\":\"https:\\\/\\\/depeches241.com\\\/#website\"},\"primaryImageOfPage\":{\"@id\":\"https:\\\/\\\/depeches241.com\\\/?p=30168#primaryimage\"},\"image\":{\"@id\":\"https:\\\/\\\/depeches241.com\\\/?p=30168#primaryimage\"},\"thumbnailUrl\":\"https:\\\/\\\/depeches241.com\\\/wp-content\\\/uploads\\\/2026\\\/09\\\/1003908664.png\",\"datePublished\":\"2026-09-02T13:08:52+00:00\",\"dateModified\":\"2026-09-02T13:12:14+00:00\",\"description\":\"Les demandeurs d'emploi r\u00e9unis au sein du Mouvement National des Visionnaires du Gabon (MNVG) n\u2019en peuvent des lenteurs administratives qui \u00e9maillent leurs dossiers. En ao\u00fbt 2024, le Pr\u00e9sident de la R\u00e9publique, Chef de l'\u00c9tat, Brice Clotaire Oligui Nguema, octroyait 1500 postes budg\u00e9taires \u00e0 cette organisation compos\u00e9e de milliers de jeunes dipl\u00f4m\u00e9s gabonais. Deux ans plus tard, aucune ligne n\u2019a boug\u00e9, la parole pr\u00e9sidentielle semble \u00eatre pi\u00e9tin\u00e9e par ses ministres. Un sentiment qui entame la patience des b\u00e9n\u00e9ficiaires, lesquels ont d\u00e9cid\u00e9 d\u2019investir le parvis du minist\u00e8re de la Fonction Publique et du Renforcement des Capacit\u00e9s, demain jeudi 3 septembre 2026, \u00e0 l\u2019effet de conna\u00eetre o\u00f9 se situe le blocus qui emp\u00eache l\u2019aboutissement de leurs dossiers.\",\"breadcrumb\":{\"@id\":\"https:\\\/\\\/depeches241.com\\\/?p=30168#breadcrumb\"},\"inLanguage\":\"fr-FR\",\"potentialAction\":[{\"@type\":\"ReadAction\",\"target\":[\"https:\\\/\\\/depeches241.com\\\/?p=30168\"]}]},{\"@type\":\"ImageObject\",\"inLanguage\":\"fr-FR\",\"@id\":\"https:\\\/\\\/depeches241.com\\\/?p=30168#primaryimage\",\"url\":\"https:\\\/\\\/depeches241.com\\\/wp-content\\\/uploads\\\/2026\\\/09\\\/1003908664.png\",\"contentUrl\":\"https:\\\/\\\/depeches241.com\\\/wp-content\\\/uploads\\\/2026\\\/09\\\/1003908664.png\",\"width\":1672,\"height\":716},{\"@type\":\"BreadcrumbList\",\"@id\":\"https:\\\/\\\/depeches241.com\\\/?p=30168#breadcrumb\",\"itemListElement\":[{\"@type\":\"ListItem\",\"position\":1,\"name\":\"Accueil\",\"item\":\"https:\\\/\\\/depeches241.com\\\/\"},{\"@type\":\"ListItem\",\"position\":2,\"name\":\"Promesse pr\u00e9sidentielle de 1500 postes budg\u00e9taires aux ch\u00f4meurs: les demandeurs d&#8217;emploi r\u00e9unis au sein du MNVG devant le parvis du minist\u00e8re de la fonction publique demain 3 septembre\"}]},{\"@type\":\"WebSite\",\"@id\":\"https:\\\/\\\/depeches241.com\\\/#website\",\"url\":\"https:\\\/\\\/depeches241.com\\\/\",\"name\":\"D\u00e9p\u00eaches241\",\"description\":\"M\u00e9dia d&#039;actualit\u00e9 Politique, \u00c9conomique, Sociale et Internationale\",\"publisher\":{\"@id\":\"https:\\\/\\\/depeches241.com\\\/#organization\"},\"potentialAction\":[{\"@type\":\"SearchAction\",\"target\":{\"@type\":\"EntryPoint\",\"urlTemplate\":\"https:\\\/\\\/depeches241.com\\\/?s={search_term_string}\"},\"query-input\":{\"@type\":\"PropertyValueSpecification\",\"valueRequired\":true,\"valueName\":\"search_term_string\"}}],\"inLanguage\":\"fr-FR\"},{\"@type\":\"Organization\",\"@id\":\"https:\\\/\\\/depeches241.com\\\/#organization\",\"name\":\"Groupe D\u00e9p\u00eaches241\",\"url\":\"https:\\\/\\\/depeches241.com\\\/\",\"logo\":{\"@type\":\"ImageObject\",\"inLanguage\":\"fr-FR\",\"@id\":\"https:\\\/\\\/depeches241.com\\\/#\\\/schema\\\/logo\\\/image\\\/\",\"url\":\"https:\\\/\\\/depeches241.com\\\/wp-content\\\/uploads\\\/2021\\\/10\\\/cropped-Logo-new-Accueil.png\",\"contentUrl\":\"https:\\\/\\\/depeches241.com\\\/wp-content\\\/uploads\\\/2021\\\/10\\\/cropped-Logo-new-Accueil.png\",\"width\":320,\"height\":105,\"caption\":\"Groupe D\u00e9p\u00eaches241\"},\"image\":{\"@id\":\"https:\\\/\\\/depeches241.com\\\/#\\\/schema\\\/logo\\\/image\\\/\"},\"sameAs\":[\"https:\\\/\\\/www.facebook.com\\\/depeches241\"]},{\"@type\":\"Person\",\"@id\":\"https:\\\/\\\/depeches241.com\\\/#\\\/schema\\\/person\\\/37b1d864cb5b1c898f021c1ea6415cc4\",\"name\":\"Florant Yinda\",\"image\":{\"@type\":\"ImageObject\",\"inLanguage\":\"fr-FR\",\"@id\":\"https:\\\/\\\/secure.gravatar.com\\\/avatar\\\/3876d60934898c52a135f8b24ae4c866008e45f217ff9944bd13733e3a656bc0?s=96&d=mm&r=g\",\"url\":\"https:\\\/\\\/secure.gravatar.com\\\/avatar\\\/3876d60934898c52a135f8b24ae4c866008e45f217ff9944bd13733e3a656bc0?s=96&d=mm&r=g\",\"contentUrl\":\"https:\\\/\\\/secure.gravatar.com\\\/avatar\\\/3876d60934898c52a135f8b24ae4c866008e45f217ff9944bd13733e3a656bc0?s=96&d=mm&r=g\",\"caption\":\"Florant Yinda\"},\"url\":\"https:\\\/\\\/depeches241.com\\\/?author=22\"}]}<\/script>\n<!-- \/ Yoast SEO plugin. -->","yoast_head_json":{"title":"Promesse pr\u00e9sidentielle de 1500 postes budg\u00e9taires aux ch\u00f4meurs: les demandeurs d'emploi r\u00e9unis au sein du MNVG devant le parvis du minist\u00e8re de la fonction publique demain 3 septembre - Groupe D\u00e9p\u00eaches241","description":"Les demandeurs d'emploi r\u00e9unis au sein du Mouvement National des Visionnaires du Gabon (MNVG) n\u2019en peuvent des lenteurs administratives qui \u00e9maillent leurs dossiers. En ao\u00fbt 2024, le Pr\u00e9sident de la R\u00e9publique, Chef de l'\u00c9tat, Brice Clotaire Oligui Nguema, octroyait 1500 postes budg\u00e9taires \u00e0 cette organisation compos\u00e9e de milliers de jeunes dipl\u00f4m\u00e9s gabonais. Deux ans plus tard, aucune ligne n\u2019a boug\u00e9, la parole pr\u00e9sidentielle semble \u00eatre pi\u00e9tin\u00e9e par ses ministres. Un sentiment qui entame la patience des b\u00e9n\u00e9ficiaires, lesquels ont d\u00e9cid\u00e9 d\u2019investir le parvis du minist\u00e8re de la Fonction Publique et du Renforcement des Capacit\u00e9s, demain jeudi 3 septembre 2026, \u00e0 l\u2019effet de conna\u00eetre o\u00f9 se situe le blocus qui emp\u00eache l\u2019aboutissement de leurs dossiers.","robots":{"index":"index","follow":"follow","max-snippet":"max-snippet:-1","max-image-preview":"max-image-preview:large","max-video-preview":"max-video-preview:-1"},"canonical":"https:\/\/depeches241.com\/?p=30168","og_locale":"fr_FR","og_type":"article","og_title":"Promesse pr\u00e9sidentielle de 1500 postes budg\u00e9taires aux ch\u00f4meurs: les demandeurs d'emploi r\u00e9unis au sein du MNVG devant le parvis du minist\u00e8re de la fonction publique demain 3 septembre - Groupe D\u00e9p\u00eaches241","og_description":"Les demandeurs d'emploi r\u00e9unis au sein du Mouvement National des Visionnaires du Gabon (MNVG) n\u2019en peuvent des lenteurs administratives qui \u00e9maillent leurs dossiers. En ao\u00fbt 2024, le Pr\u00e9sident de la R\u00e9publique, Chef de l'\u00c9tat, Brice Clotaire Oligui Nguema, octroyait 1500 postes budg\u00e9taires \u00e0 cette organisation compos\u00e9e de milliers de jeunes dipl\u00f4m\u00e9s gabonais. Deux ans plus tard, aucune ligne n\u2019a boug\u00e9, la parole pr\u00e9sidentielle semble \u00eatre pi\u00e9tin\u00e9e par ses ministres. Un sentiment qui entame la patience des b\u00e9n\u00e9ficiaires, lesquels ont d\u00e9cid\u00e9 d\u2019investir le parvis du minist\u00e8re de la Fonction Publique et du Renforcement des Capacit\u00e9s, demain jeudi 3 septembre 2026, \u00e0 l\u2019effet de conna\u00eetre o\u00f9 se situe le blocus qui emp\u00eache l\u2019aboutissement de leurs dossiers.","og_url":"https:\/\/depeches241.com\/?p=30168","og_site_name":"Groupe D\u00e9p\u00eaches241","article_publisher":"https:\/\/www.facebook.com\/depeches241","article_published_time":"2026-09-02T13:08:52+00:00","article_modified_time":"2026-09-02T13:12:14+00:00","og_image":[{"width":1672,"height":716,"url":"http:\/\/depeches241.com\/wp-content\/uploads\/2026\/09\/1003908664.png","type":"image\/png"}],"author":"Florant Yinda","twitter_card":"summary_large_image","twitter_misc":{"\u00c9crit par":"Florant Yinda","Dur\u00e9e de lecture estim\u00e9e":"3 minutes"},"schema":{"@context":"https:\/\/schema.org","@graph":[{"@type":"Article","@id":"https:\/\/depeches241.com\/?p=30168#article","isPartOf":{"@id":"https:\/\/depeches241.com\/?p=30168"},"author":{"name":"Florant Yinda","@id":"https:\/\/depeches241.com\/#\/schema\/person\/37b1d864cb5b1c898f021c1ea6415cc4"},"headline":"Promesse pr\u00e9sidentielle de 1500 postes budg\u00e9taires aux ch\u00f4meurs: les demandeurs d&#8217;emploi r\u00e9unis au sein du MNVG devant le parvis du minist\u00e8re de la fonction publique demain 3 septembre","datePublished":"2026-09-02T13:08:52+00:00","dateModified":"2026-09-02T13:12:14+00:00","mainEntityOfPage":{"@id":"https:\/\/depeches241.com\/?p=30168"},"wordCount":651,"commentCount":0,"publisher":{"@id":"https:\/\/depeches241.com\/#organization"},"image":{"@id":"https:\/\/depeches241.com\/?p=30168#primaryimage"},"thumbnailUrl":"https:\/\/depeches241.com\/wp-content\/uploads\/2026\/09\/1003908664.png","keywords":["depeches241","Gabon","Laurence Ndong","Minist\u00e8re de la Fonction publique","MNVG","Politique"],"articleSection":["POLITIQUE","Une1"],"inLanguage":"fr-FR","potentialAction":[{"@type":"CommentAction","name":"Comment","target":["https:\/\/depeches241.com\/?p=30168#respond"]}]},{"@type":"WebPage","@id":"https:\/\/depeches241.com\/?p=30168","url":"https:\/\/depeches241.com\/?p=30168","name":"Promesse pr\u00e9sidentielle de 1500 postes budg\u00e9taires aux ch\u00f4meurs: les demandeurs d'emploi r\u00e9unis au sein du MNVG devant le parvis du minist\u00e8re de la fonction publique demain 3 septembre - Groupe D\u00e9p\u00eaches241","isPartOf":{"@id":"https:\/\/depeches241.com\/#website"},"primaryImageOfPage":{"@id":"https:\/\/depeches241.com\/?p=30168#primaryimage"},"image":{"@id":"https:\/\/depeches241.com\/?p=30168#primaryimage"},"thumbnailUrl":"https:\/\/depeches241.com\/wp-content\/uploads\/2026\/09\/1003908664.png","datePublished":"2026-09-02T13:08:52+00:00","dateModified":"2026-09-02T13:12:14+00:00","description":"Les demandeurs d'emploi r\u00e9unis au sein du Mouvement National des Visionnaires du Gabon (MNVG) n\u2019en peuvent des lenteurs administratives qui \u00e9maillent leurs dossiers. En ao\u00fbt 2024, le Pr\u00e9sident de la R\u00e9publique, Chef de l'\u00c9tat, Brice Clotaire Oligui Nguema, octroyait 1500 postes budg\u00e9taires \u00e0 cette organisation compos\u00e9e de milliers de jeunes dipl\u00f4m\u00e9s gabonais. Deux ans plus tard, aucune ligne n\u2019a boug\u00e9, la parole pr\u00e9sidentielle semble \u00eatre pi\u00e9tin\u00e9e par ses ministres. Un sentiment qui entame la patience des b\u00e9n\u00e9ficiaires, lesquels ont d\u00e9cid\u00e9 d\u2019investir le parvis du minist\u00e8re de la Fonction Publique et du Renforcement des Capacit\u00e9s, demain jeudi 3 septembre 2026, \u00e0 l\u2019effet de conna\u00eetre o\u00f9 se situe le blocus qui emp\u00eache l\u2019aboutissement de leurs dossiers.","breadcrumb":{"@id":"https:\/\/depeches241.com\/?p=30168#breadcrumb"},"inLanguage":"fr-FR","potentialAction":[{"@type":"ReadAction","target":["https:\/\/depeches241.com\/?p=30168"]}]},{"@type":"ImageObject","inLanguage":"fr-FR","@id":"https:\/\/depeches241.com\/?p=30168#primaryimage","url":"https:\/\/depeches241.com\/wp-content\/uploads\/2026\/09\/1003908664.png","contentUrl":"https:\/\/depeches241.com\/wp-content\/uploads\/2026\/09\/1003908664.png","width":1672,"height":716},{"@type":"BreadcrumbList","@id":"https:\/\/depeches241.com\/?p=30168#breadcrumb","itemListElement":[{"@type":"ListItem","position":1,"name":"Accueil","item":"https:\/\/depeches241.com\/"},{"@type":"ListItem","position":2,"name":"Promesse pr\u00e9sidentielle de 1500 postes budg\u00e9taires aux ch\u00f4meurs: les demandeurs d&#8217;emploi r\u00e9unis au sein du MNVG devant le parvis du minist\u00e8re de la fonction publique demain 3 septembre"}]},{"@type":"WebSite","@id":"https:\/\/depeches241.com\/#website","url":"https:\/\/depeches241.com\/","name":"D\u00e9p\u00eaches241","description":"M\u00e9dia d&#039;actualit\u00e9 Politique, \u00c9conomique, Sociale et Internationale","publisher":{"@id":"https:\/\/depeches241.com\/#organization"},"potentialAction":[{"@type":"SearchAction","target":{"@type":"EntryPoint","urlTemplate":"https:\/\/depeches241.com\/?s={search_term_string}"},"query-input":{"@type":"PropertyValueSpecification","valueRequired":true,"valueName":"search_term_string"}}],"inLanguage":"fr-FR"},{"@type":"Organization","@id":"https:\/\/depeches241.com\/#organization","name":"Groupe D\u00e9p\u00eaches241","url":"https:\/\/depeches241.com\/","logo":{"@type":"ImageObject","inLanguage":"fr-FR","@id":"https:\/\/depeches241.com\/#\/schema\/logo\/image\/","url":"https:\/\/depeches241.com\/wp-content\/uploads\/2021\/10\/cropped-Logo-new-Accueil.png","contentUrl":"https:\/\/depeches241.com\/wp-content\/uploads\/2021\/10\/cropped-Logo-new-Accueil.png","width":320,"height":105,"caption":"Groupe D\u00e9p\u00eaches241"},"image":{"@id":"https:\/\/depeches241.com\/#\/schema\/logo\/image\/"},"sameAs":["https:\/\/www.facebook.com\/depeches241"]},{"@type":"Person","@id":"https:\/\/depeches241.com\/#\/schema\/person\/37b1d864cb5b1c898f021c1ea6415cc4","name":"Florant Yinda","image":{"@type":"ImageObject","inLanguage":"fr-FR","@id":"https:\/\/secure.gravatar.com\/avatar\/3876d60934898c52a135f8b24ae4c866008e45f217ff9944bd13733e3a656bc0?s=96&d=mm&r=g","url":"https:\/\/secure.gravatar.com\/avatar\/3876d60934898c52a135f8b24ae4c866008e45f217ff9944bd13733e3a656bc0?s=96&d=mm&r=g","contentUrl":"https:\/\/secure.gravatar.com\/avatar\/3876d60934898c52a135f8b24ae4c866008e45f217ff9944bd13733e3a656bc0?s=96&d=mm&r=g","caption":"Florant Yinda"},"url":"https:\/\/depeches241.com\/?author=22"}]}},"_links":{"self":[{"href":"https:\/\/depeches241.com\/index.php?rest_route=\/wp\/v2\/posts\/30168","targetHints":{"allow":["GET"]}}],"collection":[{"href":"https:\/\/depeches241.com\/index.php?rest_route=\/wp\/v2\/posts"}],"about":[{"href":"https:\/\/depeches241.com\/index.php?rest_route=\/wp\/v2\/types\/post"}],"author":[{"embeddable":true,"href":"https:\/\/depeches241.com\/index.php?rest_route=\/wp\/v2\/users\/22"}],"replies":[{"embeddable":true,"href":"https:\/\/depeches241.com\/index.php?rest_route=%2Fwp%2Fv2%2Fcomments&post=30168"}],"version-history":[{"count":2,"href":"https:\/\/depeches241.com\/index.php?rest_route=\/wp\/v2\/posts\/30168\/revisions"}],"predecessor-version":[{"id":30171,"href":"https:\/\/depeches241.com\/index.php?rest_route=\/wp\/v2\/posts\/30168\/revisions\/30171"}],"wp:featuredmedia":[{"embeddable":true,"href":"https:\/\/depeches241.com\/index.php?rest_route=\/wp\/v2\/media\/30169"}],"wp:attachment":[{"href":"https:\/\/depeches241.com\/index.php?rest_route=%2Fwp%2Fv2%2Fmedia&parent=30168"}],"wp:term":[{"taxonomy":"category","embeddable":true,"href":"https:\/\/depeches241.com\/index.php?rest_route=%2Fwp%2Fv2%2Fcategories&post=30168"},{"taxonomy":"post_tag","embeddable":true,"href":"https:\/\/depeches241.com\/index.php?rest_route=%2Fwp%2Fv2%2Ftags&post=30168"}],"curies":[{"name":"wp","href":"https:\/\/api.w.org\/{rel}","templated":true}]}}