{"id":30172,"date":"2026-09-02T16:51:07","date_gmt":"2026-09-02T14:51:07","guid":{"rendered":"https:\/\/depeches241.com\/?p=30172"},"modified":"2026-09-02T16:52:48","modified_gmt":"2026-09-02T14:52:48","slug":"gabon-ignorees-par-les-autorites-du-nouveau-regime-les-victimes-de-2016-honorent-les-martyrs-tombes-pour-la-nation","status":"publish","type":"post","link":"https:\/\/depeches241.com\/?p=30172","title":{"rendered":"Gabon: Ignor\u00e9es par les autorit\u00e9s du nouveau r\u00e9gime, les victimes de 2016 honorent les martyrs tomb\u00e9s pour la Nation"},"content":{"rendered":"\n<figure class=\"wp-block-image size-large\"><img loading=\"lazy\" decoding=\"async\" width=\"1024\" height=\"416\" src=\"https:\/\/depeches241.com\/wp-content\/uploads\/2026\/09\/1003909184-1024x416.png\" alt=\"\" class=\"wp-image-30173\" srcset=\"https:\/\/depeches241.com\/wp-content\/uploads\/2026\/09\/1003909184-1024x416.png 1024w, https:\/\/depeches241.com\/wp-content\/uploads\/2026\/09\/1003909184-300x122.png 300w, https:\/\/depeches241.com\/wp-content\/uploads\/2026\/09\/1003909184-767x312.png 767w, https:\/\/depeches241.com\/wp-content\/uploads\/2026\/09\/1003909184-1536x625.png 1536w, https:\/\/depeches241.com\/wp-content\/uploads\/2026\/09\/1003909184.png 1670w\" sizes=\"auto, (max-width: 1024px) 100vw, 1024px\" \/><figcaption class=\"wp-element-caption\"><strong><em>Les rescap\u00e9s et les familles des victimes des violences post-\u00e9lectorales de 2016 refusent que les martyrs tomb\u00e9s pour la Nation soient oubli\u00e9s, pendant que certains apparatchiks du r\u00e9gime qu&rsquo;ils combattaient hier sont honor\u00e9s aujourd&rsquo;hui.<\/em><\/strong>\u00a9 D\u00e9p\u00eaches 241<\/figcaption><\/figure>\n\n\n\n<p class=\"wp-block-paragraph\"><strong>Libreville, le 2 septembre 2026-(D\u00e9p\u00eaches 241). Depuis l\u2019arriv\u00e9e au pouvoir en ao\u00fbt 2023 de Brice Clotaire Oligui Nguema, les victimes des violences post-\u00e9lectorales d&rsquo;ao\u00fbt 2016 n&rsquo;ont de cesse de l\u2019interpeller sur la n\u00e9cessit\u00e9 de restaurer les survivants et les familles des compatriotes tomb\u00e9s pendant l\u2019attaque du QG de Jean Ping, dans la nuit du 31 au 1er septembre 2016. Une demande rest\u00e9e sourde jusqu&rsquo;\u00e0 ce jour, si bien que, pour le compte de la troisi\u00e8me \u00e9dition de la journ\u00e9e nationale de la Lib\u00e9ration c\u00e9l\u00e9br\u00e9e le 30 ao\u00fbt dernier, certains survivants et les familles des disparus ont d\u00e9cid\u00e9, eux-m\u00eames, d\u2019honorer leurs enfants et parents tomb\u00e9s sous les balles du r\u00e9gime d\u2019Ali Bongo Ondimba, en protestation au silence des nouvelles autorit\u00e9s qui tardent toujours \u00e0 faire la lumi\u00e8re sur cette page sombre de l&rsquo;histoire politique du pays.<\/strong><\/p>\n\n\n\n<p class=\"has-drop-cap wp-block-paragraph\">L\u2019opinion se souvient encore de la nuit du 31 au 1er septembre 2016. L\u2019ancien pr\u00e9sident du Gabon, Ali Bongo Ondimba, vient d\u2019\u00eatre d\u00e9clar\u00e9 r\u00e9\u00e9lu \u00e0 l&rsquo;issue d\u2019un processus \u00e9lectoral extr\u00eamement tendu, les populations contestant cette victoire se ressemblent au QG politique de Jean Ping, principal challenger de l\u2019\u00e9poque. D\u00e9bute alors une nuit d\u00e9sormais grav\u00e9e dans la m\u00e9moire collective: des escouades lourdement arm\u00e9es prennent d\u2019assaut le QG de Jean Ping. Plusieurs d\u00e9tonations retentissent. De nombreux morts et bless\u00e9s graves sont enregistr\u00e9s selon le camp de l&rsquo;opposition de l\u2019\u00e9poque, trois personnes tu\u00e9es, selon la version du gouvernement.<\/p>\n\n\n\n<p class=\"wp-block-paragraph\">\u00c9touff\u00e9es et malmen\u00e9es sous le r\u00e9gime d\u2019Ali Bongo Ondimba, les familles des disparus de cette p\u00e9riode noire ont d\u00e9cid\u00e9 d\u2019honorer eux-m\u00eames, leurs parents tomb\u00e9s ce jour, sur le chemin de la lutte pour la lib\u00e9ration du Gabon. <strong><em>\u00ab Je suis une victime directe des violences militaires du 31 ao\u00fbt 2016, ancien prisonnier des m\u00eames \u00e9v\u00e9nements parce que j&rsquo;ai \u00e9t\u00e9 envoy\u00e9 \u00e0 sans famille apr\u00e8s avoir pass\u00e9 14 jours d\u2019hospitalisation, saignant avec une op\u00e9ration pour moi qui a \u00e9t\u00e9 pratiquement une op\u00e9ration de charcuterie \u00bb<\/em><\/strong>, a d\u2019abord d\u00e9clar\u00e9, Cyrille Lemboumbou, l\u2019une des victimes.<\/p>\n\n\n\n<p class=\"wp-block-paragraph\"><strong>Le refus cat\u00e9gorique de l&rsquo;oubli volontaire<\/strong><\/p>\n\n\n\n<p class=\"wp-block-paragraph\">En guise de protestation contre ce qui pourrait \u00eatre per\u00e7u comme un silence complice des nouvelles autorit\u00e9s, les survivants et plusieurs proches des disparus de cette attaque ont pris la r\u00e9solution de c\u00e9l\u00e9brer, \u00e0 leur mani\u00e8re, les martyrs de cette nuit horrible: <strong><em>\u00ab Nous sommes donc \u00e0 cette place pour comm\u00e9morer la m\u00e9moire de nos martyrs (\u2026) le 31 ao\u00fbt 2016, la jeunesse gabonaise a \u00e9t\u00e9 traqu\u00e9e, assassin\u00e9e et bless\u00e9e \u00bb<\/em><\/strong>, a ajout\u00e9 Cyrille<\/p>\n\n\n\n<p class=\"wp-block-paragraph\">Restant sur l\u2019organisation de leur sit-in, le survivant soutient qu\u2019<strong><em>\u00ab ils peuvent faire semblant ne pas saisir la port\u00e9e de cette situation, mais il n\u2019est pas question pour nous que cette situation soit oubli\u00e9e, que ces crimes soient class\u00e9s pour pertes et profits. Il est bien vrai que l\u2019\u00c9tat central continue de faire fi de cette situation, mais la r\u00e9alit\u00e9 est l\u00e0, ils ne pourront pas changer cela \u00bb<\/em><\/strong>, a-t-il rappel\u00e9.<\/p>\n\n\n\n<p class=\"wp-block-paragraph\"><strong>De l\u2019espoir \u00e0 la d\u00e9sillusion ?<\/strong><\/p>\n\n\n\n<p class=\"wp-block-paragraph\">D\u00e9pit\u00e9s de voir certains hauts dignitaires de l\u2019ancien r\u00e9gime, responsables de leurs souffrances, \u00eatre honor\u00e9s et d\u00e9cor\u00e9s le 30 ao\u00fbt dernier \u00e0 l&rsquo;occasion de la journ\u00e9e nationale de la Lib\u00e9ration, les rescap\u00e9s de la barbarie militaire du 30 ao\u00fbt 2016 disent ne plus croire \u00e0 leur restauration. <strong><em>\u00ab J&rsquo;ai cru au 30 ao\u00fbt 2023, j&rsquo;ai c\u00e9l\u00e9br\u00e9 le 30 ao\u00fbt 2023. Mais apr\u00e8s le 30 ao\u00fbt 2023, je n\u2019y crois plus trop. Je ne pouvais pas penser que l\u2019esp\u00e9rance que l&rsquo;on nous a promise hier, devrait appartenir \u00e0 une certaine classe \u00bb<\/em><\/strong>, a chut\u00e9 Cyrille, au sujet des d\u00e9corations et autres distinctions remise aux anciens thurif\u00e9raires du r\u00e9gime Bongo-PDG. <\/p>\n\n\n\n<p class=\"wp-block-paragraph\"><\/p>\n","protected":false},"excerpt":{"rendered":"<p>Libreville, le 2 septembre 2026-(D\u00e9p\u00eaches 241). Depuis l\u2019arriv\u00e9e au pouvoir en ao\u00fbt 2023 de Brice Clotaire Oligui Nguema, les victimes des violences post-\u00e9lectorales d&rsquo;ao\u00fbt 2016 n&rsquo;ont de cesse de l\u2019interpeller sur la n\u00e9cessit\u00e9 de restaurer les survivants et les familles des compatriotes tomb\u00e9s pendant l\u2019attaque du QG de Jean Ping, [&hellip;]<\/p>\n","protected":false},"author":22,"featured_media":30173,"comment_status":"open","ping_status":"open","sticky":false,"template":"","format":"standard","meta":{"om_disable_all_campaigns":false,"footnotes":""},"categories":[3,117],"tags":[99,59,73,6243,6177],"class_list":["post-30172","post","type-post","status-publish","format-standard","has-post-thumbnail","category-politique","category-une2","tag-depeches241","tag-gabon","tag-politique","tag-victimes","tag-violences-post-electorales-daout-2016"],"yoast_head":"<!-- This site is optimized with the Yoast SEO plugin v28.4 - https:\/\/yoast.com\/product\/yoast-seo-wordpress\/ -->\n<title>Gabon: Ignor\u00e9es par les autorit\u00e9s du nouveau r\u00e9gime, les victimes de 2016 honorent les martyrs tomb\u00e9s pour la Nation - Groupe D\u00e9p\u00eaches241<\/title>\n<meta name=\"description\" content=\"Depuis l\u2019arriv\u00e9e au pouvoir en ao\u00fbt 2023 de Brice Clotaire Oligui Nguema, les victimes des violences post-\u00e9lectorales d&#039;ao\u00fbt 2016 n&#039;ont de cesse de l\u2019interpeller sur la n\u00e9cessit\u00e9 de restaurer les survivants et les familles des compatriotes tomb\u00e9s pendant l\u2019attaque du QG de Jean Ping, dans la nuit du 31 au 1er septembre 2016. Une demande rest\u00e9e sourde jusqu&#039;\u00e0 ce jour, si bien que, pour le compte de la troisi\u00e8me \u00e9dition de la journ\u00e9e nationale de la Lib\u00e9ration c\u00e9l\u00e9br\u00e9e le 30 ao\u00fbt dernier, certains survivants et les familles des disparus ont d\u00e9cid\u00e9, eux-m\u00eames, d\u2019honorer leurs enfants et parents tomb\u00e9s sous les balles du r\u00e9gime d\u2019Ali Bongo Ondimba, en protestation au silence des nouvelles autorit\u00e9s qui tardent toujours \u00e0 faire la lumi\u00e8re sur cette page sombre de l&#039;histoire politique du pays.\" \/>\n<meta name=\"robots\" content=\"index, follow, max-snippet:-1, max-image-preview:large, max-video-preview:-1\" \/>\n<link rel=\"canonical\" href=\"https:\/\/depeches241.com\/?p=30172\" \/>\n<meta property=\"og:locale\" content=\"fr_FR\" \/>\n<meta property=\"og:type\" content=\"article\" \/>\n<meta property=\"og:title\" content=\"Gabon: Ignor\u00e9es par les autorit\u00e9s du nouveau r\u00e9gime, les victimes de 2016 honorent les martyrs tomb\u00e9s pour la Nation - Groupe D\u00e9p\u00eaches241\" \/>\n<meta property=\"og:description\" content=\"Depuis l\u2019arriv\u00e9e au pouvoir en ao\u00fbt 2023 de Brice Clotaire Oligui Nguema, les victimes des violences post-\u00e9lectorales d&#039;ao\u00fbt 2016 n&#039;ont de cesse de l\u2019interpeller sur la n\u00e9cessit\u00e9 de restaurer les survivants et les familles des compatriotes tomb\u00e9s pendant l\u2019attaque du QG de Jean Ping, dans la nuit du 31 au 1er septembre 2016. Une demande rest\u00e9e sourde jusqu&#039;\u00e0 ce jour, si bien que, pour le compte de la troisi\u00e8me \u00e9dition de la journ\u00e9e nationale de la Lib\u00e9ration c\u00e9l\u00e9br\u00e9e le 30 ao\u00fbt dernier, certains survivants et les familles des disparus ont d\u00e9cid\u00e9, eux-m\u00eames, d\u2019honorer leurs enfants et parents tomb\u00e9s sous les balles du r\u00e9gime d\u2019Ali Bongo Ondimba, en protestation au silence des nouvelles autorit\u00e9s qui tardent toujours \u00e0 faire la lumi\u00e8re sur cette page sombre de l&#039;histoire politique du pays.\" \/>\n<meta property=\"og:url\" content=\"https:\/\/depeches241.com\/?p=30172\" \/>\n<meta property=\"og:site_name\" content=\"Groupe D\u00e9p\u00eaches241\" \/>\n<meta property=\"article:publisher\" content=\"https:\/\/www.facebook.com\/depeches241\" \/>\n<meta property=\"article:published_time\" content=\"2026-09-02T14:51:07+00:00\" \/>\n<meta property=\"article:modified_time\" content=\"2026-09-02T14:52:48+00:00\" \/>\n<meta property=\"og:image\" content=\"http:\/\/depeches241.com\/wp-content\/uploads\/2026\/09\/1003909184.png\" \/>\n\t<meta property=\"og:image:width\" content=\"1670\" \/>\n\t<meta property=\"og:image:height\" content=\"679\" \/>\n\t<meta property=\"og:image:type\" content=\"image\/png\" \/>\n<meta name=\"author\" content=\"Florant Yinda\" \/>\n<meta name=\"twitter:card\" content=\"summary_large_image\" \/>\n<meta name=\"twitter:label1\" content=\"\u00c9crit par\" \/>\n\t<meta name=\"twitter:data1\" content=\"Florant Yinda\" \/>\n\t<meta name=\"twitter:label2\" content=\"Dur\u00e9e de lecture estim\u00e9e\" \/>\n\t<meta name=\"twitter:data2\" content=\"4 minutes\" \/>\n<script type=\"application\/ld+json\" class=\"yoast-schema-graph\">{\"@context\":\"https:\\\/\\\/schema.org\",\"@graph\":[{\"@type\":\"Article\",\"@id\":\"https:\\\/\\\/depeches241.com\\\/?p=30172#article\",\"isPartOf\":{\"@id\":\"https:\\\/\\\/depeches241.com\\\/?p=30172\"},\"author\":{\"name\":\"Florant Yinda\",\"@id\":\"https:\\\/\\\/depeches241.com\\\/#\\\/schema\\\/person\\\/37b1d864cb5b1c898f021c1ea6415cc4\"},\"headline\":\"Gabon: Ignor\u00e9es par les autorit\u00e9s du nouveau r\u00e9gime, les victimes de 2016 honorent les martyrs tomb\u00e9s pour la Nation\",\"datePublished\":\"2026-09-02T14:51:07+00:00\",\"dateModified\":\"2026-09-02T14:52:48+00:00\",\"mainEntityOfPage\":{\"@id\":\"https:\\\/\\\/depeches241.com\\\/?p=30172\"},\"wordCount\":737,\"commentCount\":0,\"publisher\":{\"@id\":\"https:\\\/\\\/depeches241.com\\\/#organization\"},\"image\":{\"@id\":\"https:\\\/\\\/depeches241.com\\\/?p=30172#primaryimage\"},\"thumbnailUrl\":\"https:\\\/\\\/depeches241.com\\\/wp-content\\\/uploads\\\/2026\\\/09\\\/1003909184.png\",\"keywords\":[\"depeches241\",\"Gabon\",\"Politique\",\"Victimes\",\"Violences post-\u00e9lectorales d'ao\u00fbt 2016\"],\"articleSection\":[\"POLITIQUE\",\"Une2\"],\"inLanguage\":\"fr-FR\",\"potentialAction\":[{\"@type\":\"CommentAction\",\"name\":\"Comment\",\"target\":[\"https:\\\/\\\/depeches241.com\\\/?p=30172#respond\"]}]},{\"@type\":\"WebPage\",\"@id\":\"https:\\\/\\\/depeches241.com\\\/?p=30172\",\"url\":\"https:\\\/\\\/depeches241.com\\\/?p=30172\",\"name\":\"Gabon: Ignor\u00e9es par les autorit\u00e9s du nouveau r\u00e9gime, les victimes de 2016 honorent les martyrs tomb\u00e9s pour la Nation - Groupe D\u00e9p\u00eaches241\",\"isPartOf\":{\"@id\":\"https:\\\/\\\/depeches241.com\\\/#website\"},\"primaryImageOfPage\":{\"@id\":\"https:\\\/\\\/depeches241.com\\\/?p=30172#primaryimage\"},\"image\":{\"@id\":\"https:\\\/\\\/depeches241.com\\\/?p=30172#primaryimage\"},\"thumbnailUrl\":\"https:\\\/\\\/depeches241.com\\\/wp-content\\\/uploads\\\/2026\\\/09\\\/1003909184.png\",\"datePublished\":\"2026-09-02T14:51:07+00:00\",\"dateModified\":\"2026-09-02T14:52:48+00:00\",\"description\":\"Depuis l\u2019arriv\u00e9e au pouvoir en ao\u00fbt 2023 de Brice Clotaire Oligui Nguema, les victimes des violences post-\u00e9lectorales d'ao\u00fbt 2016 n'ont de cesse de l\u2019interpeller sur la n\u00e9cessit\u00e9 de restaurer les survivants et les familles des compatriotes tomb\u00e9s pendant l\u2019attaque du QG de Jean Ping, dans la nuit du 31 au 1er septembre 2016. Une demande rest\u00e9e sourde jusqu'\u00e0 ce jour, si bien que, pour le compte de la troisi\u00e8me \u00e9dition de la journ\u00e9e nationale de la Lib\u00e9ration c\u00e9l\u00e9br\u00e9e le 30 ao\u00fbt dernier, certains survivants et les familles des disparus ont d\u00e9cid\u00e9, eux-m\u00eames, d\u2019honorer leurs enfants et parents tomb\u00e9s sous les balles du r\u00e9gime d\u2019Ali Bongo Ondimba, en protestation au silence des nouvelles autorit\u00e9s qui tardent toujours \u00e0 faire la lumi\u00e8re sur cette page sombre de l'histoire politique du pays.\",\"breadcrumb\":{\"@id\":\"https:\\\/\\\/depeches241.com\\\/?p=30172#breadcrumb\"},\"inLanguage\":\"fr-FR\",\"potentialAction\":[{\"@type\":\"ReadAction\",\"target\":[\"https:\\\/\\\/depeches241.com\\\/?p=30172\"]}]},{\"@type\":\"ImageObject\",\"inLanguage\":\"fr-FR\",\"@id\":\"https:\\\/\\\/depeches241.com\\\/?p=30172#primaryimage\",\"url\":\"https:\\\/\\\/depeches241.com\\\/wp-content\\\/uploads\\\/2026\\\/09\\\/1003909184.png\",\"contentUrl\":\"https:\\\/\\\/depeches241.com\\\/wp-content\\\/uploads\\\/2026\\\/09\\\/1003909184.png\",\"width\":1670,\"height\":679},{\"@type\":\"BreadcrumbList\",\"@id\":\"https:\\\/\\\/depeches241.com\\\/?p=30172#breadcrumb\",\"itemListElement\":[{\"@type\":\"ListItem\",\"position\":1,\"name\":\"Accueil\",\"item\":\"https:\\\/\\\/depeches241.com\\\/\"},{\"@type\":\"ListItem\",\"position\":2,\"name\":\"Gabon: Ignor\u00e9es par les autorit\u00e9s du nouveau r\u00e9gime, les victimes de 2016 honorent les martyrs tomb\u00e9s pour la Nation\"}]},{\"@type\":\"WebSite\",\"@id\":\"https:\\\/\\\/depeches241.com\\\/#website\",\"url\":\"https:\\\/\\\/depeches241.com\\\/\",\"name\":\"D\u00e9p\u00eaches241\",\"description\":\"M\u00e9dia d&#039;actualit\u00e9 Politique, \u00c9conomique, Sociale et Internationale\",\"publisher\":{\"@id\":\"https:\\\/\\\/depeches241.com\\\/#organization\"},\"potentialAction\":[{\"@type\":\"SearchAction\",\"target\":{\"@type\":\"EntryPoint\",\"urlTemplate\":\"https:\\\/\\\/depeches241.com\\\/?s={search_term_string}\"},\"query-input\":{\"@type\":\"PropertyValueSpecification\",\"valueRequired\":true,\"valueName\":\"search_term_string\"}}],\"inLanguage\":\"fr-FR\"},{\"@type\":\"Organization\",\"@id\":\"https:\\\/\\\/depeches241.com\\\/#organization\",\"name\":\"Groupe D\u00e9p\u00eaches241\",\"url\":\"https:\\\/\\\/depeches241.com\\\/\",\"logo\":{\"@type\":\"ImageObject\",\"inLanguage\":\"fr-FR\",\"@id\":\"https:\\\/\\\/depeches241.com\\\/#\\\/schema\\\/logo\\\/image\\\/\",\"url\":\"https:\\\/\\\/depeches241.com\\\/wp-content\\\/uploads\\\/2021\\\/10\\\/cropped-Logo-new-Accueil.png\",\"contentUrl\":\"https:\\\/\\\/depeches241.com\\\/wp-content\\\/uploads\\\/2021\\\/10\\\/cropped-Logo-new-Accueil.png\",\"width\":320,\"height\":105,\"caption\":\"Groupe D\u00e9p\u00eaches241\"},\"image\":{\"@id\":\"https:\\\/\\\/depeches241.com\\\/#\\\/schema\\\/logo\\\/image\\\/\"},\"sameAs\":[\"https:\\\/\\\/www.facebook.com\\\/depeches241\"]},{\"@type\":\"Person\",\"@id\":\"https:\\\/\\\/depeches241.com\\\/#\\\/schema\\\/person\\\/37b1d864cb5b1c898f021c1ea6415cc4\",\"name\":\"Florant Yinda\",\"image\":{\"@type\":\"ImageObject\",\"inLanguage\":\"fr-FR\",\"@id\":\"https:\\\/\\\/secure.gravatar.com\\\/avatar\\\/3876d60934898c52a135f8b24ae4c866008e45f217ff9944bd13733e3a656bc0?s=96&d=mm&r=g\",\"url\":\"https:\\\/\\\/secure.gravatar.com\\\/avatar\\\/3876d60934898c52a135f8b24ae4c866008e45f217ff9944bd13733e3a656bc0?s=96&d=mm&r=g\",\"contentUrl\":\"https:\\\/\\\/secure.gravatar.com\\\/avatar\\\/3876d60934898c52a135f8b24ae4c866008e45f217ff9944bd13733e3a656bc0?s=96&d=mm&r=g\",\"caption\":\"Florant Yinda\"},\"url\":\"https:\\\/\\\/depeches241.com\\\/?author=22\"}]}<\/script>\n<!-- \/ Yoast SEO plugin. -->","yoast_head_json":{"title":"Gabon: Ignor\u00e9es par les autorit\u00e9s du nouveau r\u00e9gime, les victimes de 2016 honorent les martyrs tomb\u00e9s pour la Nation - Groupe D\u00e9p\u00eaches241","description":"Depuis l\u2019arriv\u00e9e au pouvoir en ao\u00fbt 2023 de Brice Clotaire Oligui Nguema, les victimes des violences post-\u00e9lectorales d'ao\u00fbt 2016 n'ont de cesse de l\u2019interpeller sur la n\u00e9cessit\u00e9 de restaurer les survivants et les familles des compatriotes tomb\u00e9s pendant l\u2019attaque du QG de Jean Ping, dans la nuit du 31 au 1er septembre 2016. Une demande rest\u00e9e sourde jusqu'\u00e0 ce jour, si bien que, pour le compte de la troisi\u00e8me \u00e9dition de la journ\u00e9e nationale de la Lib\u00e9ration c\u00e9l\u00e9br\u00e9e le 30 ao\u00fbt dernier, certains survivants et les familles des disparus ont d\u00e9cid\u00e9, eux-m\u00eames, d\u2019honorer leurs enfants et parents tomb\u00e9s sous les balles du r\u00e9gime d\u2019Ali Bongo Ondimba, en protestation au silence des nouvelles autorit\u00e9s qui tardent toujours \u00e0 faire la lumi\u00e8re sur cette page sombre de l'histoire politique du pays.","robots":{"index":"index","follow":"follow","max-snippet":"max-snippet:-1","max-image-preview":"max-image-preview:large","max-video-preview":"max-video-preview:-1"},"canonical":"https:\/\/depeches241.com\/?p=30172","og_locale":"fr_FR","og_type":"article","og_title":"Gabon: Ignor\u00e9es par les autorit\u00e9s du nouveau r\u00e9gime, les victimes de 2016 honorent les martyrs tomb\u00e9s pour la Nation - Groupe D\u00e9p\u00eaches241","og_description":"Depuis l\u2019arriv\u00e9e au pouvoir en ao\u00fbt 2023 de Brice Clotaire Oligui Nguema, les victimes des violences post-\u00e9lectorales d'ao\u00fbt 2016 n'ont de cesse de l\u2019interpeller sur la n\u00e9cessit\u00e9 de restaurer les survivants et les familles des compatriotes tomb\u00e9s pendant l\u2019attaque du QG de Jean Ping, dans la nuit du 31 au 1er septembre 2016. Une demande rest\u00e9e sourde jusqu'\u00e0 ce jour, si bien que, pour le compte de la troisi\u00e8me \u00e9dition de la journ\u00e9e nationale de la Lib\u00e9ration c\u00e9l\u00e9br\u00e9e le 30 ao\u00fbt dernier, certains survivants et les familles des disparus ont d\u00e9cid\u00e9, eux-m\u00eames, d\u2019honorer leurs enfants et parents tomb\u00e9s sous les balles du r\u00e9gime d\u2019Ali Bongo Ondimba, en protestation au silence des nouvelles autorit\u00e9s qui tardent toujours \u00e0 faire la lumi\u00e8re sur cette page sombre de l'histoire politique du pays.","og_url":"https:\/\/depeches241.com\/?p=30172","og_site_name":"Groupe D\u00e9p\u00eaches241","article_publisher":"https:\/\/www.facebook.com\/depeches241","article_published_time":"2026-09-02T14:51:07+00:00","article_modified_time":"2026-09-02T14:52:48+00:00","og_image":[{"width":1670,"height":679,"url":"http:\/\/depeches241.com\/wp-content\/uploads\/2026\/09\/1003909184.png","type":"image\/png"}],"author":"Florant Yinda","twitter_card":"summary_large_image","twitter_misc":{"\u00c9crit par":"Florant Yinda","Dur\u00e9e de lecture estim\u00e9e":"4 minutes"},"schema":{"@context":"https:\/\/schema.org","@graph":[{"@type":"Article","@id":"https:\/\/depeches241.com\/?p=30172#article","isPartOf":{"@id":"https:\/\/depeches241.com\/?p=30172"},"author":{"name":"Florant Yinda","@id":"https:\/\/depeches241.com\/#\/schema\/person\/37b1d864cb5b1c898f021c1ea6415cc4"},"headline":"Gabon: Ignor\u00e9es par les autorit\u00e9s du nouveau r\u00e9gime, les victimes de 2016 honorent les martyrs tomb\u00e9s pour la Nation","datePublished":"2026-09-02T14:51:07+00:00","dateModified":"2026-09-02T14:52:48+00:00","mainEntityOfPage":{"@id":"https:\/\/depeches241.com\/?p=30172"},"wordCount":737,"commentCount":0,"publisher":{"@id":"https:\/\/depeches241.com\/#organization"},"image":{"@id":"https:\/\/depeches241.com\/?p=30172#primaryimage"},"thumbnailUrl":"https:\/\/depeches241.com\/wp-content\/uploads\/2026\/09\/1003909184.png","keywords":["depeches241","Gabon","Politique","Victimes","Violences post-\u00e9lectorales d'ao\u00fbt 2016"],"articleSection":["POLITIQUE","Une2"],"inLanguage":"fr-FR","potentialAction":[{"@type":"CommentAction","name":"Comment","target":["https:\/\/depeches241.com\/?p=30172#respond"]}]},{"@type":"WebPage","@id":"https:\/\/depeches241.com\/?p=30172","url":"https:\/\/depeches241.com\/?p=30172","name":"Gabon: Ignor\u00e9es par les autorit\u00e9s du nouveau r\u00e9gime, les victimes de 2016 honorent les martyrs tomb\u00e9s pour la Nation - Groupe D\u00e9p\u00eaches241","isPartOf":{"@id":"https:\/\/depeches241.com\/#website"},"primaryImageOfPage":{"@id":"https:\/\/depeches241.com\/?p=30172#primaryimage"},"image":{"@id":"https:\/\/depeches241.com\/?p=30172#primaryimage"},"thumbnailUrl":"https:\/\/depeches241.com\/wp-content\/uploads\/2026\/09\/1003909184.png","datePublished":"2026-09-02T14:51:07+00:00","dateModified":"2026-09-02T14:52:48+00:00","description":"Depuis l\u2019arriv\u00e9e au pouvoir en ao\u00fbt 2023 de Brice Clotaire Oligui Nguema, les victimes des violences post-\u00e9lectorales d'ao\u00fbt 2016 n'ont de cesse de l\u2019interpeller sur la n\u00e9cessit\u00e9 de restaurer les survivants et les familles des compatriotes tomb\u00e9s pendant l\u2019attaque du QG de Jean Ping, dans la nuit du 31 au 1er septembre 2016. Une demande rest\u00e9e sourde jusqu'\u00e0 ce jour, si bien que, pour le compte de la troisi\u00e8me \u00e9dition de la journ\u00e9e nationale de la Lib\u00e9ration c\u00e9l\u00e9br\u00e9e le 30 ao\u00fbt dernier, certains survivants et les familles des disparus ont d\u00e9cid\u00e9, eux-m\u00eames, d\u2019honorer leurs enfants et parents tomb\u00e9s sous les balles du r\u00e9gime d\u2019Ali Bongo Ondimba, en protestation au silence des nouvelles autorit\u00e9s qui tardent toujours \u00e0 faire la lumi\u00e8re sur cette page sombre de l'histoire politique du pays.","breadcrumb":{"@id":"https:\/\/depeches241.com\/?p=30172#breadcrumb"},"inLanguage":"fr-FR","potentialAction":[{"@type":"ReadAction","target":["https:\/\/depeches241.com\/?p=30172"]}]},{"@type":"ImageObject","inLanguage":"fr-FR","@id":"https:\/\/depeches241.com\/?p=30172#primaryimage","url":"https:\/\/depeches241.com\/wp-content\/uploads\/2026\/09\/1003909184.png","contentUrl":"https:\/\/depeches241.com\/wp-content\/uploads\/2026\/09\/1003909184.png","width":1670,"height":679},{"@type":"BreadcrumbList","@id":"https:\/\/depeches241.com\/?p=30172#breadcrumb","itemListElement":[{"@type":"ListItem","position":1,"name":"Accueil","item":"https:\/\/depeches241.com\/"},{"@type":"ListItem","position":2,"name":"Gabon: Ignor\u00e9es par les autorit\u00e9s du nouveau r\u00e9gime, les victimes de 2016 honorent les martyrs tomb\u00e9s pour la Nation"}]},{"@type":"WebSite","@id":"https:\/\/depeches241.com\/#website","url":"https:\/\/depeches241.com\/","name":"D\u00e9p\u00eaches241","description":"M\u00e9dia d&#039;actualit\u00e9 Politique, \u00c9conomique, Sociale et Internationale","publisher":{"@id":"https:\/\/depeches241.com\/#organization"},"potentialAction":[{"@type":"SearchAction","target":{"@type":"EntryPoint","urlTemplate":"https:\/\/depeches241.com\/?s={search_term_string}"},"query-input":{"@type":"PropertyValueSpecification","valueRequired":true,"valueName":"search_term_string"}}],"inLanguage":"fr-FR"},{"@type":"Organization","@id":"https:\/\/depeches241.com\/#organization","name":"Groupe D\u00e9p\u00eaches241","url":"https:\/\/depeches241.com\/","logo":{"@type":"ImageObject","inLanguage":"fr-FR","@id":"https:\/\/depeches241.com\/#\/schema\/logo\/image\/","url":"https:\/\/depeches241.com\/wp-content\/uploads\/2021\/10\/cropped-Logo-new-Accueil.png","contentUrl":"https:\/\/depeches241.com\/wp-content\/uploads\/2021\/10\/cropped-Logo-new-Accueil.png","width":320,"height":105,"caption":"Groupe D\u00e9p\u00eaches241"},"image":{"@id":"https:\/\/depeches241.com\/#\/schema\/logo\/image\/"},"sameAs":["https:\/\/www.facebook.com\/depeches241"]},{"@type":"Person","@id":"https:\/\/depeches241.com\/#\/schema\/person\/37b1d864cb5b1c898f021c1ea6415cc4","name":"Florant Yinda","image":{"@type":"ImageObject","inLanguage":"fr-FR","@id":"https:\/\/secure.gravatar.com\/avatar\/3876d60934898c52a135f8b24ae4c866008e45f217ff9944bd13733e3a656bc0?s=96&d=mm&r=g","url":"https:\/\/secure.gravatar.com\/avatar\/3876d60934898c52a135f8b24ae4c866008e45f217ff9944bd13733e3a656bc0?s=96&d=mm&r=g","contentUrl":"https:\/\/secure.gravatar.com\/avatar\/3876d60934898c52a135f8b24ae4c866008e45f217ff9944bd13733e3a656bc0?s=96&d=mm&r=g","caption":"Florant Yinda"},"url":"https:\/\/depeches241.com\/?author=22"}]}},"_links":{"self":[{"href":"https:\/\/depeches241.com\/index.php?rest_route=\/wp\/v2\/posts\/30172","targetHints":{"allow":["GET"]}}],"collection":[{"href":"https:\/\/depeches241.com\/index.php?rest_route=\/wp\/v2\/posts"}],"about":[{"href":"https:\/\/depeches241.com\/index.php?rest_route=\/wp\/v2\/types\/post"}],"author":[{"embeddable":true,"href":"https:\/\/depeches241.com\/index.php?rest_route=\/wp\/v2\/users\/22"}],"replies":[{"embeddable":true,"href":"https:\/\/depeches241.com\/index.php?rest_route=%2Fwp%2Fv2%2Fcomments&post=30172"}],"version-history":[{"count":3,"href":"https:\/\/depeches241.com\/index.php?rest_route=\/wp\/v2\/posts\/30172\/revisions"}],"predecessor-version":[{"id":30176,"href":"https:\/\/depeches241.com\/index.php?rest_route=\/wp\/v2\/posts\/30172\/revisions\/30176"}],"wp:featuredmedia":[{"embeddable":true,"href":"https:\/\/depeches241.com\/index.php?rest_route=\/wp\/v2\/media\/30173"}],"wp:attachment":[{"href":"https:\/\/depeches241.com\/index.php?rest_route=%2Fwp%2Fv2%2Fmedia&parent=30172"}],"wp:term":[{"taxonomy":"category","embeddable":true,"href":"https:\/\/depeches241.com\/index.php?rest_route=%2Fwp%2Fv2%2Fcategories&post=30172"},{"taxonomy":"post_tag","embeddable":true,"href":"https:\/\/depeches241.com\/index.php?rest_route=%2Fwp%2Fv2%2Ftags&post=30172"}],"curies":[{"name":"wp","href":"https:\/\/api.w.org\/{rel}","templated":true}]}}