{"id":30177,"date":"2026-09-02T17:41:53","date_gmt":"2026-09-02T15:41:53","guid":{"rendered":"https:\/\/depeches241.com\/?p=30177"},"modified":"2026-09-02T17:41:57","modified_gmt":"2026-09-02T15:41:57","slug":"gabon-en-attendant-le-tramway-dowendo-un-projet-de-telecabine-pour-nzeng-ayong","status":"publish","type":"post","link":"https:\/\/depeches241.com\/?p=30177","title":{"rendered":"Gabon : en attendant le tramway d\u2019Owendo, un projet de t\u00e9l\u00e9cabine pour Nzeng-Ayong"},"content":{"rendered":"\n<figure class=\"wp-block-image size-large\"><img loading=\"lazy\" decoding=\"async\" width=\"1024\" height=\"432\" src=\"https:\/\/depeches241.com\/wp-content\/uploads\/2026\/09\/f72fc44f-6dfa-429b-9be9-ddff53fc7d69-1024x432.jpeg\" alt=\"\" class=\"wp-image-30178\" srcset=\"https:\/\/depeches241.com\/wp-content\/uploads\/2026\/09\/f72fc44f-6dfa-429b-9be9-ddff53fc7d69-1024x432.jpeg 1024w, https:\/\/depeches241.com\/wp-content\/uploads\/2026\/09\/f72fc44f-6dfa-429b-9be9-ddff53fc7d69-300x127.jpeg 300w, https:\/\/depeches241.com\/wp-content\/uploads\/2026\/09\/f72fc44f-6dfa-429b-9be9-ddff53fc7d69-768x324.jpeg 768w, https:\/\/depeches241.com\/wp-content\/uploads\/2026\/09\/f72fc44f-6dfa-429b-9be9-ddff53fc7d69.jpeg 1080w\" sizes=\"auto, (max-width: 1024px) 100vw, 1024px\" \/><figcaption class=\"wp-element-caption\"><strong><em>Une nouvelle ambition pour Libreville quand la pr\u00e9c\u00e9dente n\u2019est toujours pas mat\u00e9rialis\u00e9e <\/em><\/strong><em>\u00a9 D\u00e9p\u00eaches 241<\/em><\/figcaption><\/figure>\n\n\n\n<p class=\"wp-block-paragraph\"><strong>Libreville, le 2 septembre 2026 &#8211; (D\u00e9p\u00eaches 241). \u00c0 Libreville, les transports collectifs pourraient bient\u00f4t emprunter autant les rails que les airs. Alors que le projet de tramway reliant Owendo au nord de la capitale reste encore \u00e0 concr\u00e9tiser, une entreprise gabonaise propose d\u00e9sormais de prendre de la hauteur. Ing\u00e9nierie du Rail et la soci\u00e9t\u00e9 de projet OG\u00d3LI portent une liaison par t\u00e9l\u00e9cabine de 6,5 kilom\u00e8tres entre Nzeng-Ayong et la Cit\u00e9 \u00c9meraude. Six stations sont annonc\u00e9es et, surtout, une promesse susceptible de parler aux automobilistes habitu\u00e9s aux bouchons : parcourir le trajet en seulement 14 minutes.<\/strong><\/p>\n\n\n\n<p class=\"has-drop-cap wp-block-paragraph\">L\u2019id\u00e9e peut faire sourire et m\u00eame \u00e9clater de rire dans une ville o\u00f9 le taxi reste roi, o\u00f9 les transports publics peinent encore \u00e0 couvrir correctement l\u2019agglom\u00e9ration et o\u00f9 les nids de poules restent ma\u00eetres du jeu sur certaines art\u00e8res. Elle n\u2019est pourtant pas aussi extravagante qu\u2019elle en a l\u2019air. Medell\u00edn, en Colombie, ou La Paz, en Bolivie, ont int\u00e9gr\u00e9 des t\u00e9l\u00e9cabines \u00e0 leurs r\u00e9seaux de transport urbain.<\/p>\n\n\n\n<p class=\"wp-block-paragraph\"><strong>Une solution a\u00e9rienne face \u00e0 une ville au bord de l\u2019asphyxie<\/strong><\/p>\n\n\n\n<p class=\"wp-block-paragraph\">&nbsp;\u00c0 Libreville, le trac\u00e9 propos\u00e9 relierait en outre Nzeng-Ayong, l\u2019un des principaux bassins de population de la capitale, \u00e0 la Cit\u00e9 \u00c9meraude, appel\u00e9e \u00e0 accueillir un important p\u00f4le administratif. Autrement dit, OG\u00d3LI ne propose pas seulement une attraction a\u00e9rienne : il vise potentiellement un corridor domicile-travail.<\/p>\n\n\n\n<p class=\"wp-block-paragraph\">Reste que Libreville commence surtout \u00e0 accumuler les projets de mobilit\u00e9 avant d\u2019avoir vu circuler les premiers v\u00e9hicules. Alors que le gouvernement mise d\u00e9j\u00e0 sur un projet de tramway pour restructurer les d\u00e9placements dans le Grand Libreville, voici maintenant la t\u00e9l\u00e9cabine qui entre dans la danse. Sur le papier, les deux peuvent \u00eatre compl\u00e9mentaires. Dans la pratique, il faudra surtout savoir lequel sortira r\u00e9ellement des pr\u00e9sentations, \u00e9tudes et annonces pour transporter quotidiennement des passagers. Car dans une capitale congestionn\u00e9e, le moyen de transport le plus r\u00e9volutionnaire reste encore celui qui arrive effectivement \u00e0 destination.<\/p>\n\n\n\n<p class=\"wp-block-paragraph\"><strong>Du tramway \u00e0 la t\u00e9l\u00e9cabine, Libreville attend toujours ses transports<\/strong><\/p>\n\n\n\n<p class=\"wp-block-paragraph\">OG\u00d3LI devra surtout r\u00e9pondre \u00e0 quelques questions moins spectaculaires que les cabines suspendues. Combien co\u00fbtera l\u2019infrastructure, qui la financera, combien co\u00fbtera le ticket et combien de passagers pourront \u00eatre transport\u00e9s chaque heure ? Une liaison de 6,5 kilom\u00e8tres n\u2019a d\u2019int\u00e9r\u00eat comme transport de masse que si son tarif reste accessible et si sa capacit\u00e9 absorbe une fraction significative des d\u00e9placements du corridor.&nbsp;<\/p>\n\n\n\n<p class=\"wp-block-paragraph\">\u00c0 cela s\u2019ajoutent l\u2019entretien des \u00e9quipements, la disponibilit\u00e9 des pi\u00e8ces, la continuit\u00e9 du service sous fortes pluies et surtout la connexion des six stations aux taxis, bus et autres modes de transport. Descendre du ciel pour retrouver un embouteillage au pied de la station r\u00e9duirait quelque peu l\u2019int\u00e9r\u00eat de l\u2019exercice.<\/p>\n\n\n\n<p class=\"wp-block-paragraph\">Le projet OG\u00d3LI a n\u00e9anmoins le m\u00e9rite de poser autrement le probl\u00e8me des d\u00e9placements \u00e0 Libreville : puisque construire de nouvelles routes devient difficile dans une ville d\u00e9j\u00e0 dense, pourquoi ne pas exploiter l\u2019espace a\u00e9rien ? Mais avant d\u2019imaginer Nzeng-Ayong vu d\u2019une cabine, il faudra passer l\u2019\u00e9preuve beaucoup plus terre-\u00e0-terre du financement et du prix du billet. Entre le tramway annonc\u00e9 \u00e0 Owendo et la t\u00e9l\u00e9cabine propos\u00e9e \u00e0 Nzeng-Ayong, Libreville ne manque d\u00e9sormais plus d\u2019id\u00e9es pour \u00e9chapper aux bouchons. Reste ce petit d\u00e9tail : les construire.&nbsp;<\/p>\n","protected":false},"excerpt":{"rendered":"<p>Libreville, le 2 septembre 2026 &#8211; (D\u00e9p\u00eaches 241). \u00c0 Libreville, les transports collectifs pourraient bient\u00f4t emprunter autant les rails que les airs. Alors que le projet de tramway reliant Owendo au nord de la capitale reste encore \u00e0 concr\u00e9tiser, une entreprise gabonaise propose d\u00e9sormais de prendre de la hauteur. Ing\u00e9nierie [&hellip;]<\/p>\n","protected":false},"author":21,"featured_media":30178,"comment_status":"open","ping_status":"open","sticky":false,"template":"","format":"standard","meta":{"om_disable_all_campaigns":false,"footnotes":""},"categories":[4,116],"tags":[99,59,73,6245,6244],"class_list":["post-30177","post","type-post","status-publish","format-standard","has-post-thumbnail","category-economie","category-une1","tag-depeches241","tag-gabon","tag-politique","tag-telecabine","tag-tramway"],"yoast_head":"<!-- This site is optimized with the Yoast SEO plugin v28.4 - https:\/\/yoast.com\/product\/yoast-seo-wordpress\/ -->\n<title>Gabon : en attendant le tramway d\u2019Owendo, un projet de t\u00e9l\u00e9cabine pour Nzeng-Ayong - Groupe D\u00e9p\u00eaches241<\/title>\n<meta name=\"description\" content=\"\u00c0 Libreville, les transports collectifs pourraient bient\u00f4t emprunter autant les rails que les airs. Alors que le projet de tramway reliant Owendo au nord de la capitale reste encore \u00e0 concr\u00e9tiser, une entreprise gabonaise propose d\u00e9sormais de prendre de la hauteur. Ing\u00e9nierie du Rail et la soci\u00e9t\u00e9 de projet OG\u00d3LI portent une liaison par t\u00e9l\u00e9cabine de 6,5 kilom\u00e8tres entre Nzeng-Ayong et la Cit\u00e9 \u00c9meraude. Six stations sont annonc\u00e9es et, surtout, une promesse susceptible de parler aux automobilistes habitu\u00e9s aux bouchons : parcourir le trajet en seulement 14 minutes.\" \/>\n<meta name=\"robots\" content=\"index, follow, max-snippet:-1, max-image-preview:large, max-video-preview:-1\" \/>\n<link rel=\"canonical\" href=\"https:\/\/depeches241.com\/?p=30177\" \/>\n<meta property=\"og:locale\" content=\"fr_FR\" \/>\n<meta property=\"og:type\" content=\"article\" \/>\n<meta property=\"og:title\" content=\"Gabon : en attendant le tramway d\u2019Owendo, un projet de t\u00e9l\u00e9cabine pour Nzeng-Ayong - Groupe D\u00e9p\u00eaches241\" \/>\n<meta property=\"og:description\" content=\"\u00c0 Libreville, les transports collectifs pourraient bient\u00f4t emprunter autant les rails que les airs. Alors que le projet de tramway reliant Owendo au nord de la capitale reste encore \u00e0 concr\u00e9tiser, une entreprise gabonaise propose d\u00e9sormais de prendre de la hauteur. Ing\u00e9nierie du Rail et la soci\u00e9t\u00e9 de projet OG\u00d3LI portent une liaison par t\u00e9l\u00e9cabine de 6,5 kilom\u00e8tres entre Nzeng-Ayong et la Cit\u00e9 \u00c9meraude. Six stations sont annonc\u00e9es et, surtout, une promesse susceptible de parler aux automobilistes habitu\u00e9s aux bouchons : parcourir le trajet en seulement 14 minutes.\" \/>\n<meta property=\"og:url\" content=\"https:\/\/depeches241.com\/?p=30177\" \/>\n<meta property=\"og:site_name\" content=\"Groupe D\u00e9p\u00eaches241\" \/>\n<meta property=\"article:publisher\" content=\"https:\/\/www.facebook.com\/depeches241\" \/>\n<meta property=\"article:published_time\" content=\"2026-09-02T15:41:53+00:00\" \/>\n<meta property=\"article:modified_time\" content=\"2026-09-02T15:41:57+00:00\" \/>\n<meta property=\"og:image\" content=\"http:\/\/depeches241.com\/wp-content\/uploads\/2026\/09\/f72fc44f-6dfa-429b-9be9-ddff53fc7d69.jpeg\" \/>\n\t<meta property=\"og:image:width\" content=\"1080\" \/>\n\t<meta property=\"og:image:height\" content=\"456\" \/>\n\t<meta property=\"og:image:type\" content=\"image\/jpeg\" \/>\n<meta name=\"author\" content=\"Edgard Nze\" \/>\n<meta name=\"twitter:card\" content=\"summary_large_image\" \/>\n<meta name=\"twitter:label1\" content=\"\u00c9crit par\" \/>\n\t<meta name=\"twitter:data1\" content=\"Edgard Nze\" \/>\n\t<meta name=\"twitter:label2\" content=\"Dur\u00e9e de lecture estim\u00e9e\" \/>\n\t<meta name=\"twitter:data2\" content=\"3 minutes\" \/>\n<script type=\"application\/ld+json\" class=\"yoast-schema-graph\">{\"@context\":\"https:\\\/\\\/schema.org\",\"@graph\":[{\"@type\":\"Article\",\"@id\":\"https:\\\/\\\/depeches241.com\\\/?p=30177#article\",\"isPartOf\":{\"@id\":\"https:\\\/\\\/depeches241.com\\\/?p=30177\"},\"author\":{\"name\":\"Edgard Nze\",\"@id\":\"https:\\\/\\\/depeches241.com\\\/#\\\/schema\\\/person\\\/b176413dc3253251b009f794f4c98a7b\"},\"headline\":\"Gabon : en attendant le tramway d\u2019Owendo, un projet de t\u00e9l\u00e9cabine pour Nzeng-Ayong\",\"datePublished\":\"2026-09-02T15:41:53+00:00\",\"dateModified\":\"2026-09-02T15:41:57+00:00\",\"mainEntityOfPage\":{\"@id\":\"https:\\\/\\\/depeches241.com\\\/?p=30177\"},\"wordCount\":620,\"commentCount\":0,\"publisher\":{\"@id\":\"https:\\\/\\\/depeches241.com\\\/#organization\"},\"image\":{\"@id\":\"https:\\\/\\\/depeches241.com\\\/?p=30177#primaryimage\"},\"thumbnailUrl\":\"https:\\\/\\\/depeches241.com\\\/wp-content\\\/uploads\\\/2026\\\/09\\\/f72fc44f-6dfa-429b-9be9-ddff53fc7d69.jpeg\",\"keywords\":[\"depeches241\",\"Gabon\",\"Politique\",\"T\u00e9l\u00e9cabine\",\"Tramway\"],\"articleSection\":[\"ECONOMIE\",\"Une1\"],\"inLanguage\":\"fr-FR\",\"potentialAction\":[{\"@type\":\"CommentAction\",\"name\":\"Comment\",\"target\":[\"https:\\\/\\\/depeches241.com\\\/?p=30177#respond\"]}]},{\"@type\":\"WebPage\",\"@id\":\"https:\\\/\\\/depeches241.com\\\/?p=30177\",\"url\":\"https:\\\/\\\/depeches241.com\\\/?p=30177\",\"name\":\"Gabon : en attendant le tramway d\u2019Owendo, un projet de t\u00e9l\u00e9cabine pour Nzeng-Ayong - Groupe D\u00e9p\u00eaches241\",\"isPartOf\":{\"@id\":\"https:\\\/\\\/depeches241.com\\\/#website\"},\"primaryImageOfPage\":{\"@id\":\"https:\\\/\\\/depeches241.com\\\/?p=30177#primaryimage\"},\"image\":{\"@id\":\"https:\\\/\\\/depeches241.com\\\/?p=30177#primaryimage\"},\"thumbnailUrl\":\"https:\\\/\\\/depeches241.com\\\/wp-content\\\/uploads\\\/2026\\\/09\\\/f72fc44f-6dfa-429b-9be9-ddff53fc7d69.jpeg\",\"datePublished\":\"2026-09-02T15:41:53+00:00\",\"dateModified\":\"2026-09-02T15:41:57+00:00\",\"description\":\"\u00c0 Libreville, les transports collectifs pourraient bient\u00f4t emprunter autant les rails que les airs. Alors que le projet de tramway reliant Owendo au nord de la capitale reste encore \u00e0 concr\u00e9tiser, une entreprise gabonaise propose d\u00e9sormais de prendre de la hauteur. Ing\u00e9nierie du Rail et la soci\u00e9t\u00e9 de projet OG\u00d3LI portent une liaison par t\u00e9l\u00e9cabine de 6,5 kilom\u00e8tres entre Nzeng-Ayong et la Cit\u00e9 \u00c9meraude. Six stations sont annonc\u00e9es et, surtout, une promesse susceptible de parler aux automobilistes habitu\u00e9s aux bouchons : parcourir le trajet en seulement 14 minutes.\",\"breadcrumb\":{\"@id\":\"https:\\\/\\\/depeches241.com\\\/?p=30177#breadcrumb\"},\"inLanguage\":\"fr-FR\",\"potentialAction\":[{\"@type\":\"ReadAction\",\"target\":[\"https:\\\/\\\/depeches241.com\\\/?p=30177\"]}]},{\"@type\":\"ImageObject\",\"inLanguage\":\"fr-FR\",\"@id\":\"https:\\\/\\\/depeches241.com\\\/?p=30177#primaryimage\",\"url\":\"https:\\\/\\\/depeches241.com\\\/wp-content\\\/uploads\\\/2026\\\/09\\\/f72fc44f-6dfa-429b-9be9-ddff53fc7d69.jpeg\",\"contentUrl\":\"https:\\\/\\\/depeches241.com\\\/wp-content\\\/uploads\\\/2026\\\/09\\\/f72fc44f-6dfa-429b-9be9-ddff53fc7d69.jpeg\",\"width\":1080,\"height\":456},{\"@type\":\"BreadcrumbList\",\"@id\":\"https:\\\/\\\/depeches241.com\\\/?p=30177#breadcrumb\",\"itemListElement\":[{\"@type\":\"ListItem\",\"position\":1,\"name\":\"Accueil\",\"item\":\"https:\\\/\\\/depeches241.com\\\/\"},{\"@type\":\"ListItem\",\"position\":2,\"name\":\"Gabon : en attendant le tramway d\u2019Owendo, un projet de t\u00e9l\u00e9cabine pour Nzeng-Ayong\"}]},{\"@type\":\"WebSite\",\"@id\":\"https:\\\/\\\/depeches241.com\\\/#website\",\"url\":\"https:\\\/\\\/depeches241.com\\\/\",\"name\":\"D\u00e9p\u00eaches241\",\"description\":\"M\u00e9dia d&#039;actualit\u00e9 Politique, \u00c9conomique, Sociale et Internationale\",\"publisher\":{\"@id\":\"https:\\\/\\\/depeches241.com\\\/#organization\"},\"potentialAction\":[{\"@type\":\"SearchAction\",\"target\":{\"@type\":\"EntryPoint\",\"urlTemplate\":\"https:\\\/\\\/depeches241.com\\\/?s={search_term_string}\"},\"query-input\":{\"@type\":\"PropertyValueSpecification\",\"valueRequired\":true,\"valueName\":\"search_term_string\"}}],\"inLanguage\":\"fr-FR\"},{\"@type\":\"Organization\",\"@id\":\"https:\\\/\\\/depeches241.com\\\/#organization\",\"name\":\"Groupe D\u00e9p\u00eaches241\",\"url\":\"https:\\\/\\\/depeches241.com\\\/\",\"logo\":{\"@type\":\"ImageObject\",\"inLanguage\":\"fr-FR\",\"@id\":\"https:\\\/\\\/depeches241.com\\\/#\\\/schema\\\/logo\\\/image\\\/\",\"url\":\"https:\\\/\\\/depeches241.com\\\/wp-content\\\/uploads\\\/2021\\\/10\\\/cropped-Logo-new-Accueil.png\",\"contentUrl\":\"https:\\\/\\\/depeches241.com\\\/wp-content\\\/uploads\\\/2021\\\/10\\\/cropped-Logo-new-Accueil.png\",\"width\":320,\"height\":105,\"caption\":\"Groupe D\u00e9p\u00eaches241\"},\"image\":{\"@id\":\"https:\\\/\\\/depeches241.com\\\/#\\\/schema\\\/logo\\\/image\\\/\"},\"sameAs\":[\"https:\\\/\\\/www.facebook.com\\\/depeches241\"]},{\"@type\":\"Person\",\"@id\":\"https:\\\/\\\/depeches241.com\\\/#\\\/schema\\\/person\\\/b176413dc3253251b009f794f4c98a7b\",\"name\":\"Edgard Nze\",\"image\":{\"@type\":\"ImageObject\",\"inLanguage\":\"fr-FR\",\"@id\":\"https:\\\/\\\/secure.gravatar.com\\\/avatar\\\/e9b60835d9e03466cd15a40dd5277689b947a374e11ce409c3ec1c681cbb64df?s=96&d=mm&r=g\",\"url\":\"https:\\\/\\\/secure.gravatar.com\\\/avatar\\\/e9b60835d9e03466cd15a40dd5277689b947a374e11ce409c3ec1c681cbb64df?s=96&d=mm&r=g\",\"contentUrl\":\"https:\\\/\\\/secure.gravatar.com\\\/avatar\\\/e9b60835d9e03466cd15a40dd5277689b947a374e11ce409c3ec1c681cbb64df?s=96&d=mm&r=g\",\"caption\":\"Edgard Nze\"},\"url\":\"https:\\\/\\\/depeches241.com\\\/?author=21\"}]}<\/script>\n<!-- \/ Yoast SEO plugin. -->","yoast_head_json":{"title":"Gabon : en attendant le tramway d\u2019Owendo, un projet de t\u00e9l\u00e9cabine pour Nzeng-Ayong - Groupe D\u00e9p\u00eaches241","description":"\u00c0 Libreville, les transports collectifs pourraient bient\u00f4t emprunter autant les rails que les airs. Alors que le projet de tramway reliant Owendo au nord de la capitale reste encore \u00e0 concr\u00e9tiser, une entreprise gabonaise propose d\u00e9sormais de prendre de la hauteur. Ing\u00e9nierie du Rail et la soci\u00e9t\u00e9 de projet OG\u00d3LI portent une liaison par t\u00e9l\u00e9cabine de 6,5 kilom\u00e8tres entre Nzeng-Ayong et la Cit\u00e9 \u00c9meraude. Six stations sont annonc\u00e9es et, surtout, une promesse susceptible de parler aux automobilistes habitu\u00e9s aux bouchons : parcourir le trajet en seulement 14 minutes.","robots":{"index":"index","follow":"follow","max-snippet":"max-snippet:-1","max-image-preview":"max-image-preview:large","max-video-preview":"max-video-preview:-1"},"canonical":"https:\/\/depeches241.com\/?p=30177","og_locale":"fr_FR","og_type":"article","og_title":"Gabon : en attendant le tramway d\u2019Owendo, un projet de t\u00e9l\u00e9cabine pour Nzeng-Ayong - Groupe D\u00e9p\u00eaches241","og_description":"\u00c0 Libreville, les transports collectifs pourraient bient\u00f4t emprunter autant les rails que les airs. Alors que le projet de tramway reliant Owendo au nord de la capitale reste encore \u00e0 concr\u00e9tiser, une entreprise gabonaise propose d\u00e9sormais de prendre de la hauteur. Ing\u00e9nierie du Rail et la soci\u00e9t\u00e9 de projet OG\u00d3LI portent une liaison par t\u00e9l\u00e9cabine de 6,5 kilom\u00e8tres entre Nzeng-Ayong et la Cit\u00e9 \u00c9meraude. Six stations sont annonc\u00e9es et, surtout, une promesse susceptible de parler aux automobilistes habitu\u00e9s aux bouchons : parcourir le trajet en seulement 14 minutes.","og_url":"https:\/\/depeches241.com\/?p=30177","og_site_name":"Groupe D\u00e9p\u00eaches241","article_publisher":"https:\/\/www.facebook.com\/depeches241","article_published_time":"2026-09-02T15:41:53+00:00","article_modified_time":"2026-09-02T15:41:57+00:00","og_image":[{"width":1080,"height":456,"url":"http:\/\/depeches241.com\/wp-content\/uploads\/2026\/09\/f72fc44f-6dfa-429b-9be9-ddff53fc7d69.jpeg","type":"image\/jpeg"}],"author":"Edgard Nze","twitter_card":"summary_large_image","twitter_misc":{"\u00c9crit par":"Edgard Nze","Dur\u00e9e de lecture estim\u00e9e":"3 minutes"},"schema":{"@context":"https:\/\/schema.org","@graph":[{"@type":"Article","@id":"https:\/\/depeches241.com\/?p=30177#article","isPartOf":{"@id":"https:\/\/depeches241.com\/?p=30177"},"author":{"name":"Edgard Nze","@id":"https:\/\/depeches241.com\/#\/schema\/person\/b176413dc3253251b009f794f4c98a7b"},"headline":"Gabon : en attendant le tramway d\u2019Owendo, un projet de t\u00e9l\u00e9cabine pour Nzeng-Ayong","datePublished":"2026-09-02T15:41:53+00:00","dateModified":"2026-09-02T15:41:57+00:00","mainEntityOfPage":{"@id":"https:\/\/depeches241.com\/?p=30177"},"wordCount":620,"commentCount":0,"publisher":{"@id":"https:\/\/depeches241.com\/#organization"},"image":{"@id":"https:\/\/depeches241.com\/?p=30177#primaryimage"},"thumbnailUrl":"https:\/\/depeches241.com\/wp-content\/uploads\/2026\/09\/f72fc44f-6dfa-429b-9be9-ddff53fc7d69.jpeg","keywords":["depeches241","Gabon","Politique","T\u00e9l\u00e9cabine","Tramway"],"articleSection":["ECONOMIE","Une1"],"inLanguage":"fr-FR","potentialAction":[{"@type":"CommentAction","name":"Comment","target":["https:\/\/depeches241.com\/?p=30177#respond"]}]},{"@type":"WebPage","@id":"https:\/\/depeches241.com\/?p=30177","url":"https:\/\/depeches241.com\/?p=30177","name":"Gabon : en attendant le tramway d\u2019Owendo, un projet de t\u00e9l\u00e9cabine pour Nzeng-Ayong - Groupe D\u00e9p\u00eaches241","isPartOf":{"@id":"https:\/\/depeches241.com\/#website"},"primaryImageOfPage":{"@id":"https:\/\/depeches241.com\/?p=30177#primaryimage"},"image":{"@id":"https:\/\/depeches241.com\/?p=30177#primaryimage"},"thumbnailUrl":"https:\/\/depeches241.com\/wp-content\/uploads\/2026\/09\/f72fc44f-6dfa-429b-9be9-ddff53fc7d69.jpeg","datePublished":"2026-09-02T15:41:53+00:00","dateModified":"2026-09-02T15:41:57+00:00","description":"\u00c0 Libreville, les transports collectifs pourraient bient\u00f4t emprunter autant les rails que les airs. Alors que le projet de tramway reliant Owendo au nord de la capitale reste encore \u00e0 concr\u00e9tiser, une entreprise gabonaise propose d\u00e9sormais de prendre de la hauteur. Ing\u00e9nierie du Rail et la soci\u00e9t\u00e9 de projet OG\u00d3LI portent une liaison par t\u00e9l\u00e9cabine de 6,5 kilom\u00e8tres entre Nzeng-Ayong et la Cit\u00e9 \u00c9meraude. Six stations sont annonc\u00e9es et, surtout, une promesse susceptible de parler aux automobilistes habitu\u00e9s aux bouchons : parcourir le trajet en seulement 14 minutes.","breadcrumb":{"@id":"https:\/\/depeches241.com\/?p=30177#breadcrumb"},"inLanguage":"fr-FR","potentialAction":[{"@type":"ReadAction","target":["https:\/\/depeches241.com\/?p=30177"]}]},{"@type":"ImageObject","inLanguage":"fr-FR","@id":"https:\/\/depeches241.com\/?p=30177#primaryimage","url":"https:\/\/depeches241.com\/wp-content\/uploads\/2026\/09\/f72fc44f-6dfa-429b-9be9-ddff53fc7d69.jpeg","contentUrl":"https:\/\/depeches241.com\/wp-content\/uploads\/2026\/09\/f72fc44f-6dfa-429b-9be9-ddff53fc7d69.jpeg","width":1080,"height":456},{"@type":"BreadcrumbList","@id":"https:\/\/depeches241.com\/?p=30177#breadcrumb","itemListElement":[{"@type":"ListItem","position":1,"name":"Accueil","item":"https:\/\/depeches241.com\/"},{"@type":"ListItem","position":2,"name":"Gabon : en attendant le tramway d\u2019Owendo, un projet de t\u00e9l\u00e9cabine pour Nzeng-Ayong"}]},{"@type":"WebSite","@id":"https:\/\/depeches241.com\/#website","url":"https:\/\/depeches241.com\/","name":"D\u00e9p\u00eaches241","description":"M\u00e9dia d&#039;actualit\u00e9 Politique, \u00c9conomique, Sociale et Internationale","publisher":{"@id":"https:\/\/depeches241.com\/#organization"},"potentialAction":[{"@type":"SearchAction","target":{"@type":"EntryPoint","urlTemplate":"https:\/\/depeches241.com\/?s={search_term_string}"},"query-input":{"@type":"PropertyValueSpecification","valueRequired":true,"valueName":"search_term_string"}}],"inLanguage":"fr-FR"},{"@type":"Organization","@id":"https:\/\/depeches241.com\/#organization","name":"Groupe D\u00e9p\u00eaches241","url":"https:\/\/depeches241.com\/","logo":{"@type":"ImageObject","inLanguage":"fr-FR","@id":"https:\/\/depeches241.com\/#\/schema\/logo\/image\/","url":"https:\/\/depeches241.com\/wp-content\/uploads\/2021\/10\/cropped-Logo-new-Accueil.png","contentUrl":"https:\/\/depeches241.com\/wp-content\/uploads\/2021\/10\/cropped-Logo-new-Accueil.png","width":320,"height":105,"caption":"Groupe D\u00e9p\u00eaches241"},"image":{"@id":"https:\/\/depeches241.com\/#\/schema\/logo\/image\/"},"sameAs":["https:\/\/www.facebook.com\/depeches241"]},{"@type":"Person","@id":"https:\/\/depeches241.com\/#\/schema\/person\/b176413dc3253251b009f794f4c98a7b","name":"Edgard Nze","image":{"@type":"ImageObject","inLanguage":"fr-FR","@id":"https:\/\/secure.gravatar.com\/avatar\/e9b60835d9e03466cd15a40dd5277689b947a374e11ce409c3ec1c681cbb64df?s=96&d=mm&r=g","url":"https:\/\/secure.gravatar.com\/avatar\/e9b60835d9e03466cd15a40dd5277689b947a374e11ce409c3ec1c681cbb64df?s=96&d=mm&r=g","contentUrl":"https:\/\/secure.gravatar.com\/avatar\/e9b60835d9e03466cd15a40dd5277689b947a374e11ce409c3ec1c681cbb64df?s=96&d=mm&r=g","caption":"Edgard Nze"},"url":"https:\/\/depeches241.com\/?author=21"}]}},"_links":{"self":[{"href":"https:\/\/depeches241.com\/index.php?rest_route=\/wp\/v2\/posts\/30177","targetHints":{"allow":["GET"]}}],"collection":[{"href":"https:\/\/depeches241.com\/index.php?rest_route=\/wp\/v2\/posts"}],"about":[{"href":"https:\/\/depeches241.com\/index.php?rest_route=\/wp\/v2\/types\/post"}],"author":[{"embeddable":true,"href":"https:\/\/depeches241.com\/index.php?rest_route=\/wp\/v2\/users\/21"}],"replies":[{"embeddable":true,"href":"https:\/\/depeches241.com\/index.php?rest_route=%2Fwp%2Fv2%2Fcomments&post=30177"}],"version-history":[{"count":1,"href":"https:\/\/depeches241.com\/index.php?rest_route=\/wp\/v2\/posts\/30177\/revisions"}],"predecessor-version":[{"id":30179,"href":"https:\/\/depeches241.com\/index.php?rest_route=\/wp\/v2\/posts\/30177\/revisions\/30179"}],"wp:featuredmedia":[{"embeddable":true,"href":"https:\/\/depeches241.com\/index.php?rest_route=\/wp\/v2\/media\/30178"}],"wp:attachment":[{"href":"https:\/\/depeches241.com\/index.php?rest_route=%2Fwp%2Fv2%2Fmedia&parent=30177"}],"wp:term":[{"taxonomy":"category","embeddable":true,"href":"https:\/\/depeches241.com\/index.php?rest_route=%2Fwp%2Fv2%2Fcategories&post=30177"},{"taxonomy":"post_tag","embeddable":true,"href":"https:\/\/depeches241.com\/index.php?rest_route=%2Fwp%2Fv2%2Ftags&post=30177"}],"curies":[{"name":"wp","href":"https:\/\/api.w.org\/{rel}","templated":true}]}}