{"id":30180,"date":"2026-09-02T19:41:16","date_gmt":"2026-09-02T17:41:16","guid":{"rendered":"https:\/\/depeches241.com\/?p=30180"},"modified":"2026-09-02T19:41:17","modified_gmt":"2026-09-02T17:41:17","slug":"oligui-nguema-exige-de-ladministration-dexpliquer-avant-de-mettre-en-oeuvre-une-recommandation-ignoree-pour-les-casses-et-deguerpissements","status":"publish","type":"post","link":"https:\/\/depeches241.com\/?p=30180","title":{"rendered":"Oligui Nguema exige de l\u2019administration d\u2019expliquer avant de mettre en \u0153uvre : une recommandation ignor\u00e9e pour les casses et d\u00e9guerpissements ?"},"content":{"rendered":"\n<figure class=\"wp-block-image size-large\"><img loading=\"lazy\" decoding=\"async\" width=\"1024\" height=\"402\" src=\"https:\/\/depeches241.com\/wp-content\/uploads\/2026\/09\/17f79f30-f161-4d8d-ac8e-c26b8255f0c3-1024x402.jpeg\" alt=\"\" class=\"wp-image-30181\" srcset=\"https:\/\/depeches241.com\/wp-content\/uploads\/2026\/09\/17f79f30-f161-4d8d-ac8e-c26b8255f0c3-1024x402.jpeg 1024w, https:\/\/depeches241.com\/wp-content\/uploads\/2026\/09\/17f79f30-f161-4d8d-ac8e-c26b8255f0c3-300x118.jpeg 300w, https:\/\/depeches241.com\/wp-content\/uploads\/2026\/09\/17f79f30-f161-4d8d-ac8e-c26b8255f0c3-768x302.jpeg 768w, https:\/\/depeches241.com\/wp-content\/uploads\/2026\/09\/17f79f30-f161-4d8d-ac8e-c26b8255f0c3.jpeg 1080w\" sizes=\"auto, (max-width: 1024px) 100vw, 1024px\" \/><figcaption class=\"wp-element-caption\"><strong><em>\u00c0 l\u2019heure o\u00f9 les deguerpissements sont per\u00e7us comme des man\u0153uvres de d\u00e9shumanisation, il est temps que la p\u00e9dagogie invoqu\u00e9e par la pr\u00e9sident soit appliqu\u00e9e avec effectivit\u00e9 surtout si elle dite sans hypocrisie  <\/em><\/strong><em>\u00a9 D\u00e9p\u00eaches 241<\/em><\/figcaption><\/figure>\n\n\n\n<p class=\"wp-block-paragraph\"><strong>Libreville, le 2 septembre 2026-(D\u00e9p\u00eaches 241) Le 29 ao\u00fbt dernier, \u00e0 l\u2019occasion du discours \u00e0 la nation du pr\u00e9sident de la R\u00e9publique, Brice Clotaire Oligui Nguema, marquant la f\u00eate de la Lib\u00e9ration, le la\u00efus du chef de l\u2019\u00c9tat n\u2019a pas manqu\u00e9 de rappeler \u00e0 l\u2019ordre certains dirigeants d\u2019administration. Le num\u00e9ro un gabonais a notamment fustig\u00e9 le comportement, devenu presque une coutume, consistant \u00e0 mettre en \u0153uvre certaines mesures, le plus souvent contre les populations, sans explications ni avertissement pr\u00e9alable. Objectif vis\u00e9 : corriger le tir, en mettant en place les m\u00e9canismes de pr\u00e9voyance permettant de pr\u00e9parer les citoyens avant l\u2019impl\u00e9mentation de toute mesure. Un discours qui semble tomber sous le sens aux oreilles des victimes des casses et d\u00e9guerpissements, dont certains dorment depuis lors dans la rue.<\/strong><\/p>\n\n\n\n<p class=\"has-drop-cap wp-block-paragraph\">S\u2019il est vrai que le discours prononc\u00e9 par le pr\u00e9sident de la R\u00e9publique, chef de l\u2019\u00c9tat, chef du gouvernement, Brice Clotaire Oligui Nguema, \u00e0 l\u2019occasion de la c\u00e9l\u00e9bration de la f\u00eate de la Lib\u00e9ration, \u00e0 Makokou, s\u2019est traduit par plusieurs annonces et autres promesses, le point culminant, pour certains, surtout pour ceux qui se disent victimes de l\u2019\u00c9tat depuis l\u2019arriv\u00e9e au pouvoir de l\u2019actuel chef de l\u2019\u00c9tat, c\u2019est la recommandation du pr\u00e9sident consistant \u00e0 demander aux administrations de proc\u00e9der aux explications avant toute mise en \u0153uvre d\u2019une mesure. Une d\u00e9claration pour le moins&nbsp; choquante et et tout autant frustrante pour une certaine opinion, laquelle estime que cette recommandation ne serait qu\u2019un leurre de plus.&nbsp;<\/p>\n\n\n\n<p class=\"wp-block-paragraph\"><strong>Une prise de parole bien plus proche d\u2019une ruse que d\u2019une v\u00e9ritable prise de conscience&nbsp;<\/strong><\/p>\n\n\n\n<p class=\"wp-block-paragraph\">D\u2019apparence, le la\u00efus pr\u00e9sidentiel semble logique, coh\u00e9rent. Il r\u00e9pond \u00e0 la demande incessante des populations qui crient \u00e0 l\u2019injustice face \u00e0 certaines administrations repr\u00e9sentant l\u2019\u00c9tat, qui ne manquent pas de fouler aux pieds leurs droits. La prise de parole du chef de l\u2019\u00c9tat r\u00e9sonne telle celle d\u2019un p\u00e8re qui a finalement entendu les cris de d\u00e9tresse de ses enfants et qui a d\u00e9cid\u00e9 d\u2019y apporter les r\u00e9ponses ad\u00e9quates. Dans un pays normal, o\u00f9 les citoyens se sentent libres de leurs mouvements, o\u00f9 leurs droits sont respect\u00e9s et o\u00f9 la loi s\u2019applique \u00e0 tous de la m\u00eame mani\u00e8re, on aurait cru sans ambages \u00e0 la sinc\u00e9rit\u00e9 de ce discours. Mais h\u00e9las, il y a parfois trop d\u2019abus, trop d\u2019actes et parfois trop de paroles inopportunes qui viennent contredire l\u2019innocente intention de ce propos pr\u00e9sidentiel.<\/p>\n\n\n\n<p class=\"wp-block-paragraph\">Pour en constater les faits, rien de plus facile. Il suffit de regarder les proc\u00e9dures des casses et d\u00e9guerpissements qui ont \u00e9maill\u00e9 les diff\u00e9rentes op\u00e9rations qui ont eu lieu depuis la chute du r\u00e9gime avilissant d\u2019Ali Bongo. Du jour au lendemain, les populations de Plaine Orety se sont retrouv\u00e9es d\u00e9pourvues du strict minimum vital. En cause, l\u2019\u00c9tat, \u00e0 travers son minist\u00e8re des Travaux publics, aurait d\u00e9cid\u00e9 sans d\u00e9lai de les d\u00e9guerpir. Quand bien m\u00eame certains habitants y vivaient depuis des g\u00e9n\u00e9rations. Les plus chanceux avaient b\u00e9n\u00e9fici\u00e9 d\u2019un d\u00e9lai de trois jours. Le tout sans aucune mesure d\u2019accompagnement, pour leur permettre de se reloger ou m\u00eame d\u2019aller reconstruire ailleurs.<\/p>\n\n\n\n<p class=\"wp-block-paragraph\"><strong>La Cote-Ivoire comme mod\u00e8le sur les casses<\/strong><\/p>\n\n\n\n<p class=\"wp-block-paragraph\">Dans le contexte africain, outre la C\u00f4te d\u2019Ivoire, le Gabon semble \u00eatre un des&nbsp; seuls pays o\u00f9 l\u2019\u00c9tat d\u00e9cide unilat\u00e9ralement de d\u00e9truire les biens de ces populations, sans aucune indemnisation ni plan de relogement. Faisant de ses propres citoyens des sans-abri. Au lieu de l\u2019am\u00e9lioration des conditions de vie et de la restauration de la dignit\u00e9 tant promise au peuple gabonais, l\u2019Etat lui offre de la violence et le d\u00e9ni de droit. Ces populations se&nbsp; retrouvent trop souvent involontairement \u00e0 vivre dans leur propre pays comme des sans-domicile-fixe. L\u2019op\u00e9ration n\u2019aurait \u00e9pargn\u00e9 personne : enfants, parents, vieux tous ont vu leur maison s\u2019\u00e9crouler sous le bruit assourdissant des bulldozers. Seule la rue les a accueillis \u00e0 bras ouverts.<\/p>\n\n\n\n<p class=\"wp-block-paragraph\">De Plaine Orety, en passant par derri\u00e8re les ambassades de Chine et de Russie et aujourd\u2019hui Okala et ses environs, le discours est le m\u00eame. Tous sont empar\u00e9s par le doute et refusent vraisemblablement de percevoir ne fusse qu\u2019une once de sinc\u00e9rit\u00e9 dans le discours du chef de l\u2019Etat. Carrefours SNI, Essassa, derri\u00e8re Berthe et Jean, la cit\u00e9 Bangol, et, en perspective, les habitants d\u2019Okala et ceux jonchant la cl\u00f4ture de la cit\u00e9 d\u00e9mocratie, les populations d\u00e9crivent une catastrophe sociale orchestr\u00e9e par l\u2019\u00c9tat \u00e0 travers ses administrations comp\u00e9tentes.<\/p>\n\n\n\n<p class=\"wp-block-paragraph\"><strong>Se d\u00e9douaner au lieu d\u2019assumer&nbsp;<\/strong><\/p>\n\n\n\n<p class=\"wp-block-paragraph\">D\u00e8s lors, le discours du pr\u00e9sident est inconfortant, car il ne semble rassurer personne. Il donne davantage l\u2019impression d\u2019un d\u00e9j\u00e0-vu qu\u2019autre chose. Certains consid\u00e9rant que feindre de bl\u00e2mer les administrations sans avoir pris les mesures ad\u00e9quates pour r\u00e9parer les dommages caus\u00e9s et les injustices subies, ce n\u2019est plus seulement un discours proche de la ruse, c\u2019est un moyen mal agenc\u00e9 pour le chef de l\u2019\u00c9tat de se d\u00e9douaner des actions pos\u00e9es par son gouvernement. Oubliant que la Constitution, dont il est le garant, fait de lui le premier et seul responsable des actes de son gouvernement devant le peuple, d\u2019autant qu\u2019il est \u00e0 la fois chef de l\u2019\u00c9tat et chef du gouvernement.<\/p>\n\n\n\n<p class=\"wp-block-paragraph\"><strong>Les actes parleraient bien plus que les discours&nbsp;<\/strong><\/p>\n\n\n\n<p class=\"wp-block-paragraph\">Au-del\u00e0 des mots, la v\u00e9ritable port\u00e9e de cette recommandation pr\u00e9sidentielle se mesurera donc \u00e0 sa traduction concr\u00e8te sur le terrain. Demander aux administrations d\u2019expliquer avant d\u2019agir constitue, en soi, une exigence \u00e9l\u00e9mentaire de respect des citoyens. Mais cette exigence ne saurait avoir de sens si elle n\u2019est pas accompagn\u00e9e d\u2019une \u00e9valuation des op\u00e9rations d\u00e9j\u00e0 men\u00e9es, d\u2019une prise en compte des pr\u00e9judices subis et, lorsque cela est n\u00e9cessaire, de mesures permettant aux populations concern\u00e9es de retrouver des conditions de vie dignes. Pour les victimes des casses et des d\u00e9guerpissements, le temps des discours ne pourra \u00eatre consid\u00e9r\u00e9 comme v\u00e9ritablement achev\u00e9 que lorsque les engagements annonc\u00e9s produiront des effets visibles.&nbsp;<\/p>\n\n\n\n<p class=\"wp-block-paragraph\">Car entre la promesse d\u2019un \u00c9tat plus respectueux de ses citoyens et la r\u00e9alit\u00e9 v\u00e9cue par ceux qui ont perdu leurs biens et leurs logements, demeure encore un foss\u00e9 que seule l\u2019action pourra v\u00e9ritablement combler.<\/p>\n\n\n\n<p class=\"wp-block-paragraph\"><\/p>\n","protected":false},"excerpt":{"rendered":"<p>Libreville, le 2 septembre 2026-(D\u00e9p\u00eaches 241) Le 29 ao\u00fbt dernier, \u00e0 l\u2019occasion du discours \u00e0 la nation du pr\u00e9sident de la R\u00e9publique, Brice Clotaire Oligui Nguema, marquant la f\u00eate de la Lib\u00e9ration, le la\u00efus du chef de l\u2019\u00c9tat n\u2019a pas manqu\u00e9 de rappeler \u00e0 l\u2019ordre certains dirigeants d\u2019administration. Le num\u00e9ro [&hellip;]<\/p>\n","protected":false},"author":12,"featured_media":30181,"comment_status":"open","ping_status":"open","sticky":false,"template":"","format":"standard","meta":{"om_disable_all_campaigns":false,"footnotes":""},"categories":[3,116],"tags":[6247,3463,99,6248,59,6246,73],"class_list":["post-30180","post","type-post","status-publish","format-standard","has-post-thumbnail","category-politique","category-une1","tag-admistration","tag-deguerpissement","tag-depeches241","tag-explication","tag-gabon","tag-pedagogie","tag-politique"],"yoast_head":"<!-- This site is optimized with the Yoast SEO plugin v28.4 - https:\/\/yoast.com\/product\/yoast-seo-wordpress\/ -->\n<title>Oligui Nguema exige de l\u2019administration d\u2019expliquer avant de mettre en \u0153uvre : une recommandation ignor\u00e9e pour les casses et d\u00e9guerpissements ? - Groupe D\u00e9p\u00eaches241<\/title>\n<meta name=\"description\" content=\"Le 29 ao\u00fbt dernier, \u00e0 l\u2019occasion du discours \u00e0 la nation du pr\u00e9sident de la R\u00e9publique, Brice Clotaire Oligui Nguema, marquant la f\u00eate de la Lib\u00e9ration, le la\u00efus du chef de l\u2019\u00c9tat n\u2019a pas manqu\u00e9 de rappeler \u00e0 l\u2019ordre certains dirigeants d\u2019administration. Le num\u00e9ro un gabonais a notamment fustig\u00e9 le comportement, devenu presque une coutume, consistant \u00e0 mettre en \u0153uvre certaines mesures, le plus souvent contre les populations, sans explications ni avertissement pr\u00e9alable. Objectif vis\u00e9 : corriger le tir, en mettant en place les m\u00e9canismes de pr\u00e9voyance permettant de pr\u00e9parer les citoyens avant l\u2019impl\u00e9mentation de toute mesure. Un discours qui semble tomber sous le sens aux oreilles des victimes des casses et d\u00e9guerpissements, dont certains dorment depuis lors dans la rue.\" \/>\n<meta name=\"robots\" content=\"index, follow, max-snippet:-1, max-image-preview:large, max-video-preview:-1\" \/>\n<link rel=\"canonical\" href=\"https:\/\/depeches241.com\/?p=30180\" \/>\n<meta property=\"og:locale\" content=\"fr_FR\" \/>\n<meta property=\"og:type\" content=\"article\" \/>\n<meta property=\"og:title\" content=\"Oligui Nguema exige de l\u2019administration d\u2019expliquer avant de mettre en \u0153uvre : une recommandation ignor\u00e9e pour les casses et d\u00e9guerpissements ? - Groupe D\u00e9p\u00eaches241\" \/>\n<meta property=\"og:description\" content=\"Le 29 ao\u00fbt dernier, \u00e0 l\u2019occasion du discours \u00e0 la nation du pr\u00e9sident de la R\u00e9publique, Brice Clotaire Oligui Nguema, marquant la f\u00eate de la Lib\u00e9ration, le la\u00efus du chef de l\u2019\u00c9tat n\u2019a pas manqu\u00e9 de rappeler \u00e0 l\u2019ordre certains dirigeants d\u2019administration. Le num\u00e9ro un gabonais a notamment fustig\u00e9 le comportement, devenu presque une coutume, consistant \u00e0 mettre en \u0153uvre certaines mesures, le plus souvent contre les populations, sans explications ni avertissement pr\u00e9alable. Objectif vis\u00e9 : corriger le tir, en mettant en place les m\u00e9canismes de pr\u00e9voyance permettant de pr\u00e9parer les citoyens avant l\u2019impl\u00e9mentation de toute mesure. Un discours qui semble tomber sous le sens aux oreilles des victimes des casses et d\u00e9guerpissements, dont certains dorment depuis lors dans la rue.\" \/>\n<meta property=\"og:url\" content=\"https:\/\/depeches241.com\/?p=30180\" \/>\n<meta property=\"og:site_name\" content=\"Groupe D\u00e9p\u00eaches241\" \/>\n<meta property=\"article:publisher\" content=\"https:\/\/www.facebook.com\/depeches241\" \/>\n<meta property=\"article:published_time\" content=\"2026-09-02T17:41:16+00:00\" \/>\n<meta property=\"article:modified_time\" content=\"2026-09-02T17:41:17+00:00\" \/>\n<meta property=\"og:image\" content=\"http:\/\/depeches241.com\/wp-content\/uploads\/2026\/09\/17f79f30-f161-4d8d-ac8e-c26b8255f0c3.jpeg\" \/>\n\t<meta property=\"og:image:width\" content=\"1080\" \/>\n\t<meta property=\"og:image:height\" content=\"424\" \/>\n\t<meta property=\"og:image:type\" content=\"image\/jpeg\" \/>\n<meta name=\"author\" content=\"Iboka Marc Andr\u00e9\" \/>\n<meta name=\"twitter:card\" content=\"summary_large_image\" \/>\n<meta name=\"twitter:label1\" content=\"\u00c9crit par\" \/>\n\t<meta name=\"twitter:data1\" content=\"Iboka Marc Andr\u00e9\" \/>\n\t<meta name=\"twitter:label2\" content=\"Dur\u00e9e de lecture estim\u00e9e\" \/>\n\t<meta name=\"twitter:data2\" content=\"6 minutes\" \/>\n<script type=\"application\/ld+json\" class=\"yoast-schema-graph\">{\"@context\":\"https:\\\/\\\/schema.org\",\"@graph\":[{\"@type\":\"Article\",\"@id\":\"https:\\\/\\\/depeches241.com\\\/?p=30180#article\",\"isPartOf\":{\"@id\":\"https:\\\/\\\/depeches241.com\\\/?p=30180\"},\"author\":{\"name\":\"Iboka Marc Andr\u00e9\",\"@id\":\"https:\\\/\\\/depeches241.com\\\/#\\\/schema\\\/person\\\/5abcf4b9361e0d8aa457b404d877674f\"},\"headline\":\"Oligui Nguema exige de l\u2019administration d\u2019expliquer avant de mettre en \u0153uvre : une recommandation ignor\u00e9e pour les casses et d\u00e9guerpissements ?\",\"datePublished\":\"2026-09-02T17:41:16+00:00\",\"dateModified\":\"2026-09-02T17:41:17+00:00\",\"mainEntityOfPage\":{\"@id\":\"https:\\\/\\\/depeches241.com\\\/?p=30180\"},\"wordCount\":1201,\"commentCount\":0,\"publisher\":{\"@id\":\"https:\\\/\\\/depeches241.com\\\/#organization\"},\"image\":{\"@id\":\"https:\\\/\\\/depeches241.com\\\/?p=30180#primaryimage\"},\"thumbnailUrl\":\"https:\\\/\\\/depeches241.com\\\/wp-content\\\/uploads\\\/2026\\\/09\\\/17f79f30-f161-4d8d-ac8e-c26b8255f0c3.jpeg\",\"keywords\":[\"Admistration\",\"d\u00e9guerpissement\",\"depeches241\",\"Explication\",\"Gabon\",\"P\u00e9dagogie\",\"Politique\"],\"articleSection\":[\"POLITIQUE\",\"Une1\"],\"inLanguage\":\"fr-FR\",\"potentialAction\":[{\"@type\":\"CommentAction\",\"name\":\"Comment\",\"target\":[\"https:\\\/\\\/depeches241.com\\\/?p=30180#respond\"]}]},{\"@type\":\"WebPage\",\"@id\":\"https:\\\/\\\/depeches241.com\\\/?p=30180\",\"url\":\"https:\\\/\\\/depeches241.com\\\/?p=30180\",\"name\":\"Oligui Nguema exige de l\u2019administration d\u2019expliquer avant de mettre en \u0153uvre : une recommandation ignor\u00e9e pour les casses et d\u00e9guerpissements ? - Groupe D\u00e9p\u00eaches241\",\"isPartOf\":{\"@id\":\"https:\\\/\\\/depeches241.com\\\/#website\"},\"primaryImageOfPage\":{\"@id\":\"https:\\\/\\\/depeches241.com\\\/?p=30180#primaryimage\"},\"image\":{\"@id\":\"https:\\\/\\\/depeches241.com\\\/?p=30180#primaryimage\"},\"thumbnailUrl\":\"https:\\\/\\\/depeches241.com\\\/wp-content\\\/uploads\\\/2026\\\/09\\\/17f79f30-f161-4d8d-ac8e-c26b8255f0c3.jpeg\",\"datePublished\":\"2026-09-02T17:41:16+00:00\",\"dateModified\":\"2026-09-02T17:41:17+00:00\",\"description\":\"Le 29 ao\u00fbt dernier, \u00e0 l\u2019occasion du discours \u00e0 la nation du pr\u00e9sident de la R\u00e9publique, Brice Clotaire Oligui Nguema, marquant la f\u00eate de la Lib\u00e9ration, le la\u00efus du chef de l\u2019\u00c9tat n\u2019a pas manqu\u00e9 de rappeler \u00e0 l\u2019ordre certains dirigeants d\u2019administration. Le num\u00e9ro un gabonais a notamment fustig\u00e9 le comportement, devenu presque une coutume, consistant \u00e0 mettre en \u0153uvre certaines mesures, le plus souvent contre les populations, sans explications ni avertissement pr\u00e9alable. Objectif vis\u00e9 : corriger le tir, en mettant en place les m\u00e9canismes de pr\u00e9voyance permettant de pr\u00e9parer les citoyens avant l\u2019impl\u00e9mentation de toute mesure. Un discours qui semble tomber sous le sens aux oreilles des victimes des casses et d\u00e9guerpissements, dont certains dorment depuis lors dans la rue.\",\"breadcrumb\":{\"@id\":\"https:\\\/\\\/depeches241.com\\\/?p=30180#breadcrumb\"},\"inLanguage\":\"fr-FR\",\"potentialAction\":[{\"@type\":\"ReadAction\",\"target\":[\"https:\\\/\\\/depeches241.com\\\/?p=30180\"]}]},{\"@type\":\"ImageObject\",\"inLanguage\":\"fr-FR\",\"@id\":\"https:\\\/\\\/depeches241.com\\\/?p=30180#primaryimage\",\"url\":\"https:\\\/\\\/depeches241.com\\\/wp-content\\\/uploads\\\/2026\\\/09\\\/17f79f30-f161-4d8d-ac8e-c26b8255f0c3.jpeg\",\"contentUrl\":\"https:\\\/\\\/depeches241.com\\\/wp-content\\\/uploads\\\/2026\\\/09\\\/17f79f30-f161-4d8d-ac8e-c26b8255f0c3.jpeg\",\"width\":1080,\"height\":424},{\"@type\":\"BreadcrumbList\",\"@id\":\"https:\\\/\\\/depeches241.com\\\/?p=30180#breadcrumb\",\"itemListElement\":[{\"@type\":\"ListItem\",\"position\":1,\"name\":\"Accueil\",\"item\":\"https:\\\/\\\/depeches241.com\\\/\"},{\"@type\":\"ListItem\",\"position\":2,\"name\":\"Oligui Nguema exige de l\u2019administration d\u2019expliquer avant de mettre en \u0153uvre : une recommandation ignor\u00e9e pour les casses et d\u00e9guerpissements ?\"}]},{\"@type\":\"WebSite\",\"@id\":\"https:\\\/\\\/depeches241.com\\\/#website\",\"url\":\"https:\\\/\\\/depeches241.com\\\/\",\"name\":\"D\u00e9p\u00eaches241\",\"description\":\"M\u00e9dia d&#039;actualit\u00e9 Politique, \u00c9conomique, Sociale et Internationale\",\"publisher\":{\"@id\":\"https:\\\/\\\/depeches241.com\\\/#organization\"},\"potentialAction\":[{\"@type\":\"SearchAction\",\"target\":{\"@type\":\"EntryPoint\",\"urlTemplate\":\"https:\\\/\\\/depeches241.com\\\/?s={search_term_string}\"},\"query-input\":{\"@type\":\"PropertyValueSpecification\",\"valueRequired\":true,\"valueName\":\"search_term_string\"}}],\"inLanguage\":\"fr-FR\"},{\"@type\":\"Organization\",\"@id\":\"https:\\\/\\\/depeches241.com\\\/#organization\",\"name\":\"Groupe D\u00e9p\u00eaches241\",\"url\":\"https:\\\/\\\/depeches241.com\\\/\",\"logo\":{\"@type\":\"ImageObject\",\"inLanguage\":\"fr-FR\",\"@id\":\"https:\\\/\\\/depeches241.com\\\/#\\\/schema\\\/logo\\\/image\\\/\",\"url\":\"https:\\\/\\\/depeches241.com\\\/wp-content\\\/uploads\\\/2021\\\/10\\\/cropped-Logo-new-Accueil.png\",\"contentUrl\":\"https:\\\/\\\/depeches241.com\\\/wp-content\\\/uploads\\\/2021\\\/10\\\/cropped-Logo-new-Accueil.png\",\"width\":320,\"height\":105,\"caption\":\"Groupe D\u00e9p\u00eaches241\"},\"image\":{\"@id\":\"https:\\\/\\\/depeches241.com\\\/#\\\/schema\\\/logo\\\/image\\\/\"},\"sameAs\":[\"https:\\\/\\\/www.facebook.com\\\/depeches241\"]},{\"@type\":\"Person\",\"@id\":\"https:\\\/\\\/depeches241.com\\\/#\\\/schema\\\/person\\\/5abcf4b9361e0d8aa457b404d877674f\",\"name\":\"Iboka Marc Andr\u00e9\",\"image\":{\"@type\":\"ImageObject\",\"inLanguage\":\"fr-FR\",\"@id\":\"https:\\\/\\\/secure.gravatar.com\\\/avatar\\\/13c33935f0a59dd3c3a52ae25f58c248a1bf75f6e9ab4e6a7a23bfb8f9f53136?s=96&d=mm&r=g\",\"url\":\"https:\\\/\\\/secure.gravatar.com\\\/avatar\\\/13c33935f0a59dd3c3a52ae25f58c248a1bf75f6e9ab4e6a7a23bfb8f9f53136?s=96&d=mm&r=g\",\"contentUrl\":\"https:\\\/\\\/secure.gravatar.com\\\/avatar\\\/13c33935f0a59dd3c3a52ae25f58c248a1bf75f6e9ab4e6a7a23bfb8f9f53136?s=96&d=mm&r=g\",\"caption\":\"Iboka Marc Andr\u00e9\"},\"url\":\"https:\\\/\\\/depeches241.com\\\/?author=12\"}]}<\/script>\n<!-- \/ Yoast SEO plugin. -->","yoast_head_json":{"title":"Oligui Nguema exige de l\u2019administration d\u2019expliquer avant de mettre en \u0153uvre : une recommandation ignor\u00e9e pour les casses et d\u00e9guerpissements ? - Groupe D\u00e9p\u00eaches241","description":"Le 29 ao\u00fbt dernier, \u00e0 l\u2019occasion du discours \u00e0 la nation du pr\u00e9sident de la R\u00e9publique, Brice Clotaire Oligui Nguema, marquant la f\u00eate de la Lib\u00e9ration, le la\u00efus du chef de l\u2019\u00c9tat n\u2019a pas manqu\u00e9 de rappeler \u00e0 l\u2019ordre certains dirigeants d\u2019administration. Le num\u00e9ro un gabonais a notamment fustig\u00e9 le comportement, devenu presque une coutume, consistant \u00e0 mettre en \u0153uvre certaines mesures, le plus souvent contre les populations, sans explications ni avertissement pr\u00e9alable. Objectif vis\u00e9 : corriger le tir, en mettant en place les m\u00e9canismes de pr\u00e9voyance permettant de pr\u00e9parer les citoyens avant l\u2019impl\u00e9mentation de toute mesure. Un discours qui semble tomber sous le sens aux oreilles des victimes des casses et d\u00e9guerpissements, dont certains dorment depuis lors dans la rue.","robots":{"index":"index","follow":"follow","max-snippet":"max-snippet:-1","max-image-preview":"max-image-preview:large","max-video-preview":"max-video-preview:-1"},"canonical":"https:\/\/depeches241.com\/?p=30180","og_locale":"fr_FR","og_type":"article","og_title":"Oligui Nguema exige de l\u2019administration d\u2019expliquer avant de mettre en \u0153uvre : une recommandation ignor\u00e9e pour les casses et d\u00e9guerpissements ? - Groupe D\u00e9p\u00eaches241","og_description":"Le 29 ao\u00fbt dernier, \u00e0 l\u2019occasion du discours \u00e0 la nation du pr\u00e9sident de la R\u00e9publique, Brice Clotaire Oligui Nguema, marquant la f\u00eate de la Lib\u00e9ration, le la\u00efus du chef de l\u2019\u00c9tat n\u2019a pas manqu\u00e9 de rappeler \u00e0 l\u2019ordre certains dirigeants d\u2019administration. Le num\u00e9ro un gabonais a notamment fustig\u00e9 le comportement, devenu presque une coutume, consistant \u00e0 mettre en \u0153uvre certaines mesures, le plus souvent contre les populations, sans explications ni avertissement pr\u00e9alable. Objectif vis\u00e9 : corriger le tir, en mettant en place les m\u00e9canismes de pr\u00e9voyance permettant de pr\u00e9parer les citoyens avant l\u2019impl\u00e9mentation de toute mesure. Un discours qui semble tomber sous le sens aux oreilles des victimes des casses et d\u00e9guerpissements, dont certains dorment depuis lors dans la rue.","og_url":"https:\/\/depeches241.com\/?p=30180","og_site_name":"Groupe D\u00e9p\u00eaches241","article_publisher":"https:\/\/www.facebook.com\/depeches241","article_published_time":"2026-09-02T17:41:16+00:00","article_modified_time":"2026-09-02T17:41:17+00:00","og_image":[{"width":1080,"height":424,"url":"http:\/\/depeches241.com\/wp-content\/uploads\/2026\/09\/17f79f30-f161-4d8d-ac8e-c26b8255f0c3.jpeg","type":"image\/jpeg"}],"author":"Iboka Marc Andr\u00e9","twitter_card":"summary_large_image","twitter_misc":{"\u00c9crit par":"Iboka Marc Andr\u00e9","Dur\u00e9e de lecture estim\u00e9e":"6 minutes"},"schema":{"@context":"https:\/\/schema.org","@graph":[{"@type":"Article","@id":"https:\/\/depeches241.com\/?p=30180#article","isPartOf":{"@id":"https:\/\/depeches241.com\/?p=30180"},"author":{"name":"Iboka Marc Andr\u00e9","@id":"https:\/\/depeches241.com\/#\/schema\/person\/5abcf4b9361e0d8aa457b404d877674f"},"headline":"Oligui Nguema exige de l\u2019administration d\u2019expliquer avant de mettre en \u0153uvre : une recommandation ignor\u00e9e pour les casses et d\u00e9guerpissements ?","datePublished":"2026-09-02T17:41:16+00:00","dateModified":"2026-09-02T17:41:17+00:00","mainEntityOfPage":{"@id":"https:\/\/depeches241.com\/?p=30180"},"wordCount":1201,"commentCount":0,"publisher":{"@id":"https:\/\/depeches241.com\/#organization"},"image":{"@id":"https:\/\/depeches241.com\/?p=30180#primaryimage"},"thumbnailUrl":"https:\/\/depeches241.com\/wp-content\/uploads\/2026\/09\/17f79f30-f161-4d8d-ac8e-c26b8255f0c3.jpeg","keywords":["Admistration","d\u00e9guerpissement","depeches241","Explication","Gabon","P\u00e9dagogie","Politique"],"articleSection":["POLITIQUE","Une1"],"inLanguage":"fr-FR","potentialAction":[{"@type":"CommentAction","name":"Comment","target":["https:\/\/depeches241.com\/?p=30180#respond"]}]},{"@type":"WebPage","@id":"https:\/\/depeches241.com\/?p=30180","url":"https:\/\/depeches241.com\/?p=30180","name":"Oligui Nguema exige de l\u2019administration d\u2019expliquer avant de mettre en \u0153uvre : une recommandation ignor\u00e9e pour les casses et d\u00e9guerpissements ? - Groupe D\u00e9p\u00eaches241","isPartOf":{"@id":"https:\/\/depeches241.com\/#website"},"primaryImageOfPage":{"@id":"https:\/\/depeches241.com\/?p=30180#primaryimage"},"image":{"@id":"https:\/\/depeches241.com\/?p=30180#primaryimage"},"thumbnailUrl":"https:\/\/depeches241.com\/wp-content\/uploads\/2026\/09\/17f79f30-f161-4d8d-ac8e-c26b8255f0c3.jpeg","datePublished":"2026-09-02T17:41:16+00:00","dateModified":"2026-09-02T17:41:17+00:00","description":"Le 29 ao\u00fbt dernier, \u00e0 l\u2019occasion du discours \u00e0 la nation du pr\u00e9sident de la R\u00e9publique, Brice Clotaire Oligui Nguema, marquant la f\u00eate de la Lib\u00e9ration, le la\u00efus du chef de l\u2019\u00c9tat n\u2019a pas manqu\u00e9 de rappeler \u00e0 l\u2019ordre certains dirigeants d\u2019administration. Le num\u00e9ro un gabonais a notamment fustig\u00e9 le comportement, devenu presque une coutume, consistant \u00e0 mettre en \u0153uvre certaines mesures, le plus souvent contre les populations, sans explications ni avertissement pr\u00e9alable. Objectif vis\u00e9 : corriger le tir, en mettant en place les m\u00e9canismes de pr\u00e9voyance permettant de pr\u00e9parer les citoyens avant l\u2019impl\u00e9mentation de toute mesure. Un discours qui semble tomber sous le sens aux oreilles des victimes des casses et d\u00e9guerpissements, dont certains dorment depuis lors dans la rue.","breadcrumb":{"@id":"https:\/\/depeches241.com\/?p=30180#breadcrumb"},"inLanguage":"fr-FR","potentialAction":[{"@type":"ReadAction","target":["https:\/\/depeches241.com\/?p=30180"]}]},{"@type":"ImageObject","inLanguage":"fr-FR","@id":"https:\/\/depeches241.com\/?p=30180#primaryimage","url":"https:\/\/depeches241.com\/wp-content\/uploads\/2026\/09\/17f79f30-f161-4d8d-ac8e-c26b8255f0c3.jpeg","contentUrl":"https:\/\/depeches241.com\/wp-content\/uploads\/2026\/09\/17f79f30-f161-4d8d-ac8e-c26b8255f0c3.jpeg","width":1080,"height":424},{"@type":"BreadcrumbList","@id":"https:\/\/depeches241.com\/?p=30180#breadcrumb","itemListElement":[{"@type":"ListItem","position":1,"name":"Accueil","item":"https:\/\/depeches241.com\/"},{"@type":"ListItem","position":2,"name":"Oligui Nguema exige de l\u2019administration d\u2019expliquer avant de mettre en \u0153uvre : une recommandation ignor\u00e9e pour les casses et d\u00e9guerpissements ?"}]},{"@type":"WebSite","@id":"https:\/\/depeches241.com\/#website","url":"https:\/\/depeches241.com\/","name":"D\u00e9p\u00eaches241","description":"M\u00e9dia d&#039;actualit\u00e9 Politique, \u00c9conomique, Sociale et Internationale","publisher":{"@id":"https:\/\/depeches241.com\/#organization"},"potentialAction":[{"@type":"SearchAction","target":{"@type":"EntryPoint","urlTemplate":"https:\/\/depeches241.com\/?s={search_term_string}"},"query-input":{"@type":"PropertyValueSpecification","valueRequired":true,"valueName":"search_term_string"}}],"inLanguage":"fr-FR"},{"@type":"Organization","@id":"https:\/\/depeches241.com\/#organization","name":"Groupe D\u00e9p\u00eaches241","url":"https:\/\/depeches241.com\/","logo":{"@type":"ImageObject","inLanguage":"fr-FR","@id":"https:\/\/depeches241.com\/#\/schema\/logo\/image\/","url":"https:\/\/depeches241.com\/wp-content\/uploads\/2021\/10\/cropped-Logo-new-Accueil.png","contentUrl":"https:\/\/depeches241.com\/wp-content\/uploads\/2021\/10\/cropped-Logo-new-Accueil.png","width":320,"height":105,"caption":"Groupe D\u00e9p\u00eaches241"},"image":{"@id":"https:\/\/depeches241.com\/#\/schema\/logo\/image\/"},"sameAs":["https:\/\/www.facebook.com\/depeches241"]},{"@type":"Person","@id":"https:\/\/depeches241.com\/#\/schema\/person\/5abcf4b9361e0d8aa457b404d877674f","name":"Iboka Marc Andr\u00e9","image":{"@type":"ImageObject","inLanguage":"fr-FR","@id":"https:\/\/secure.gravatar.com\/avatar\/13c33935f0a59dd3c3a52ae25f58c248a1bf75f6e9ab4e6a7a23bfb8f9f53136?s=96&d=mm&r=g","url":"https:\/\/secure.gravatar.com\/avatar\/13c33935f0a59dd3c3a52ae25f58c248a1bf75f6e9ab4e6a7a23bfb8f9f53136?s=96&d=mm&r=g","contentUrl":"https:\/\/secure.gravatar.com\/avatar\/13c33935f0a59dd3c3a52ae25f58c248a1bf75f6e9ab4e6a7a23bfb8f9f53136?s=96&d=mm&r=g","caption":"Iboka Marc Andr\u00e9"},"url":"https:\/\/depeches241.com\/?author=12"}]}},"_links":{"self":[{"href":"https:\/\/depeches241.com\/index.php?rest_route=\/wp\/v2\/posts\/30180","targetHints":{"allow":["GET"]}}],"collection":[{"href":"https:\/\/depeches241.com\/index.php?rest_route=\/wp\/v2\/posts"}],"about":[{"href":"https:\/\/depeches241.com\/index.php?rest_route=\/wp\/v2\/types\/post"}],"author":[{"embeddable":true,"href":"https:\/\/depeches241.com\/index.php?rest_route=\/wp\/v2\/users\/12"}],"replies":[{"embeddable":true,"href":"https:\/\/depeches241.com\/index.php?rest_route=%2Fwp%2Fv2%2Fcomments&post=30180"}],"version-history":[{"count":1,"href":"https:\/\/depeches241.com\/index.php?rest_route=\/wp\/v2\/posts\/30180\/revisions"}],"predecessor-version":[{"id":30182,"href":"https:\/\/depeches241.com\/index.php?rest_route=\/wp\/v2\/posts\/30180\/revisions\/30182"}],"wp:featuredmedia":[{"embeddable":true,"href":"https:\/\/depeches241.com\/index.php?rest_route=\/wp\/v2\/media\/30181"}],"wp:attachment":[{"href":"https:\/\/depeches241.com\/index.php?rest_route=%2Fwp%2Fv2%2Fmedia&parent=30180"}],"wp:term":[{"taxonomy":"category","embeddable":true,"href":"https:\/\/depeches241.com\/index.php?rest_route=%2Fwp%2Fv2%2Fcategories&post=30180"},{"taxonomy":"post_tag","embeddable":true,"href":"https:\/\/depeches241.com\/index.php?rest_route=%2Fwp%2Fv2%2Ftags&post=30180"}],"curies":[{"name":"wp","href":"https:\/\/api.w.org\/{rel}","templated":true}]}}