{"id":30183,"date":"2026-09-02T20:45:40","date_gmt":"2026-09-02T18:45:40","guid":{"rendered":"https:\/\/depeches241.com\/?p=30183"},"modified":"2026-09-02T20:49:29","modified_gmt":"2026-09-02T18:49:29","slug":"gabon-humilie-par-le-communique-ayant-dissout-le-staff-des-pantheres-apres-la-can-2025-aubameyang-se-met-en-stand-by-pour-la-selection","status":"publish","type":"post","link":"https:\/\/depeches241.com\/?p=30183","title":{"rendered":"Gabon: humili\u00e9 par le communiqu\u00e9 ayant dissout le staff des Panth\u00e8res apr\u00e8s la CAN 2025, Aubameyang se met en \u00ab stand-by \u00bb pour la s\u00e9lection"},"content":{"rendered":"\n<figure class=\"wp-block-image size-large\"><img loading=\"lazy\" decoding=\"async\" width=\"1024\" height=\"406\" src=\"https:\/\/depeches241.com\/wp-content\/uploads\/2026\/09\/1003910006-1024x406.png\" alt=\"\" class=\"wp-image-30184\" srcset=\"https:\/\/depeches241.com\/wp-content\/uploads\/2026\/09\/1003910006-1024x406.png 1024w, https:\/\/depeches241.com\/wp-content\/uploads\/2026\/09\/1003910006-300x119.png 300w, https:\/\/depeches241.com\/wp-content\/uploads\/2026\/09\/1003910006-767x304.png 767w, https:\/\/depeches241.com\/wp-content\/uploads\/2026\/09\/1003910006-1536x609.png 1536w, https:\/\/depeches241.com\/wp-content\/uploads\/2026\/09\/1003910006.png 1670w\" sizes=\"auto, (max-width: 1024px) 100vw, 1024px\" \/><figcaption class=\"wp-element-caption\"><strong><em>L&rsquo;ancien Ballon d&rsquo;Or africain vient de se mettre en retrait de la s\u00e9lection nationale apr\u00e8s l&rsquo;humiliation qu&rsquo;il a subie.<\/em><\/strong>\u00a9 D\u00e9p\u00eaches 241<\/figcaption><\/figure>\n\n\n\n<p class=\"wp-block-paragraph\"><strong>Libreville, le 2 septembre 2026-(D\u00e9p\u00eaches 241). Tr\u00e8s en vue en ce d\u00e9but de saison en Espagne o\u00f9 il performe avec son nouveau club du Deportivo La Corogne, le footballeur international gabonais Pierre-Emerick Aubameyang \u00e9tait l&rsquo;invit\u00e9 de Talents d\u2019Afrique sur Canal+, le 31 ao\u00fbt dernier. Interrog\u00e9 sur son avenir en s\u00e9lection nationale, l\u2019ancien buteur de l\u2019Olympique de Marseille clairement dit se mettre en retrait de l\u2019\u00e9quipe nationale, pour l&rsquo;instant.<\/strong><\/p>\n\n\n\n<p class=\"has-drop-cap wp-block-paragraph\">La superstar du football mondial, Pierre-Emerick Aubameyang \u00e9tait sur le plateau de Talents d&rsquo;Afrique il y a quelques jours. \u00c9voquant le sujet de la s\u00e9lection nationale, les Panth\u00e8res du Gabon, il est revenu sur un \u00e9pisode assez difficile et incompr\u00e9hensible pour lui. <strong><em>\u00ab Pour moi c&rsquo;est en stand-by pour l&rsquo;instant, parce qu&rsquo;apr\u00e8s ce qui s&rsquo;est pass\u00e9 apr\u00e8s la CAN, de ce que j\u2019avais compris, c&rsquo;est que j&rsquo;\u00e9tais banni \u00bb<\/em><\/strong>, a clairement laiss\u00e9 entendre l\u2019ex buteur d\u2019Arsenal.<\/p>\n\n\n\n<p class=\"wp-block-paragraph\"><strong>\u00c9rig\u00e9 en bouc \u00e9missaire, malgr\u00e9 les sacrifices consentis pour participer \u00e0 la CAN 2025 <\/strong><\/p>\n\n\n\n<p class=\"wp-block-paragraph\">Le nouveau pensionnaire du Deportivo la Corogne en Espagne est longuement revenu sur cet \u00e9pisode qui, visiblement, a laiss\u00e9 de grosses traces. <strong><em>\u00ab Je n&rsquo;ai jamais trich\u00e9 (&#8230;) on est toute une \u00e9quipe \u00e0 repr\u00e9senter un pays. Et \u00e7a fait mal de voir son nom sali comme \u00e7a, alors que, comme je l&rsquo;ai dit, je suis venu bless\u00e9, j&rsquo;ai tout donn\u00e9 pour \u00eatre en forme \u00bb<\/em><\/strong>, a-t-il ajout\u00e9.<\/p>\n\n\n\n<p class=\"wp-block-paragraph\">Se sentant humili\u00e9 apr\u00e8s ces \u00e9v\u00e9nements ayant suivi l\u2019\u00e9limination du Gabon au premier tour de la Coupe d&rsquo;Afrique des Nations (CAN) 2025 au Maroc, l\u2019international a d\u00e9cid\u00e9 de se mettre momentan\u00e9ment en retrait de l\u2019\u00e9quipe nationale. <strong><em>\u00ab En tout cas pour moi, en attendant, c&rsquo;est stand-by pour la s\u00e9lection \u00bb<\/em><\/strong>, a conclu PEA sur le plateau de Talents d\u2019Afrique. <\/p>\n\n\n\n<p class=\"wp-block-paragraph\"><strong>Un communiqu\u00e9 punitif qui aura fini par se retourner contre la s\u00e9lection<\/strong><\/p>\n\n\n\n<p class=\"wp-block-paragraph\">Tout est parti de ce communiqu\u00e9 cinglant, diffus\u00e9 au lendemain de la d\u00e9faite face \u00e0 la C\u00f4te d\u2019Ivoire, dans lequel le ministre des Sports de l\u2019\u00e9poque, Simplice-D\u00e9sir\u00e9 Mamboula, annon\u00e7ait la dissolution du staff technique, la suspension de l\u2019\u00e9quipe nationale et la mise \u00e0 l\u2019\u00e9cart de Pierre-Emerick Aubameyang et de Bruno Ecuele Manga, au nom d\u2019une <strong><em>\u00ab prestation d\u00e9shonorante \u00bb<\/em><\/strong> jug\u00e9e indigne des couleurs nationales. <\/p>\n\n\n\n<p class=\"wp-block-paragraph\">Une sanction lev\u00e9e quelques jours plus tard sous l\u2019impulsion du chef de l\u2019\u00c9tat, mais dont le venin, lui, n\u2019aura visiblement jamais \u00e9t\u00e9 retir\u00e9. Car derri\u00e8re l\u2019habillage disciplinaire, c\u2019est bien un r\u00e8glement de comptes avec le staff technique qui semblait se jouer au prix, aujourd\u2019hui, de la disponibilit\u00e9 de la plus grande star que le football gabonais ait connue.<\/p>\n\n\n\n<p class=\"wp-block-paragraph\">En choisissant de sacrifier des hommes pour solder une col\u00e8re, les autorit\u00e9s sportives ont surtout r\u00e9ussi un tour de force, priver durablement les Panth\u00e8res de leur capitaine embl\u00e9matique, \u00e0 quelques mois d\u2019\u00e9ch\u00e9ances majeures o\u00f9 son talent aurait pourtant \u00e9t\u00e9 pr\u00e9cieux.<\/p>\n\n\n\n<p class=\"wp-block-paragraph\"><\/p>\n","protected":false},"excerpt":{"rendered":"<p>Libreville, le 2 septembre 2026-(D\u00e9p\u00eaches 241). Tr\u00e8s en vue en ce d\u00e9but de saison en Espagne o\u00f9 il performe avec son nouveau club du Deportivo La Corogne, le footballeur international gabonais Pierre-Emerick Aubameyang \u00e9tait l&rsquo;invit\u00e9 de Talents d\u2019Afrique sur Canal+, le 31 ao\u00fbt dernier. Interrog\u00e9 sur son avenir en s\u00e9lection [&hellip;]<\/p>\n","protected":false},"author":18,"featured_media":30184,"comment_status":"open","ping_status":"open","sticky":false,"template":"","format":"standard","meta":{"om_disable_all_campaigns":false,"footnotes":""},"categories":[634,116],"tags":[99,406,59,445,580,403,6249],"class_list":["post-30183","post","type-post","status-publish","format-standard","has-post-thumbnail","category-sport","category-une1","tag-depeches241","tag-football","tag-gabon","tag-pantheres-du-gabon","tag-pierre-emerick-aubameyang","tag-sport","tag-stand-by"],"yoast_head":"<!-- This site is optimized with the Yoast SEO plugin v28.4 - https:\/\/yoast.com\/product\/yoast-seo-wordpress\/ -->\n<title>Gabon: humili\u00e9 par le communiqu\u00e9 ayant dissout le staff des Panth\u00e8res apr\u00e8s la CAN 2025, Aubameyang se met en \u00ab stand-by \u00bb pour la s\u00e9lection - Groupe D\u00e9p\u00eaches241<\/title>\n<meta name=\"description\" content=\"Tr\u00e8s en vue en ce d\u00e9but de saison en Espagne o\u00f9 il performe avec son nouveau club du Deportivo La Corogne, le footballeur international gabonais Pierre-Emerick Aubameyang \u00e9tait l&#039;invit\u00e9 de Talents d\u2019Afrique sur Canal+, le 31 ao\u00fbt dernier. Interrog\u00e9 sur son avenir en s\u00e9lection nationale, l\u2019ancien buteur de l\u2019Olympique de Marseille clairement dit se mettre en retrait de l\u2019\u00e9quipe nationale, pour l&#039;instant.\" \/>\n<meta name=\"robots\" content=\"index, follow, max-snippet:-1, max-image-preview:large, max-video-preview:-1\" \/>\n<link rel=\"canonical\" href=\"https:\/\/depeches241.com\/?p=30183\" \/>\n<meta property=\"og:locale\" content=\"fr_FR\" \/>\n<meta property=\"og:type\" content=\"article\" \/>\n<meta property=\"og:title\" content=\"Gabon: humili\u00e9 par le communiqu\u00e9 ayant dissout le staff des Panth\u00e8res apr\u00e8s la CAN 2025, Aubameyang se met en \u00ab stand-by \u00bb pour la s\u00e9lection - Groupe D\u00e9p\u00eaches241\" \/>\n<meta property=\"og:description\" content=\"Tr\u00e8s en vue en ce d\u00e9but de saison en Espagne o\u00f9 il performe avec son nouveau club du Deportivo La Corogne, le footballeur international gabonais Pierre-Emerick Aubameyang \u00e9tait l&#039;invit\u00e9 de Talents d\u2019Afrique sur Canal+, le 31 ao\u00fbt dernier. Interrog\u00e9 sur son avenir en s\u00e9lection nationale, l\u2019ancien buteur de l\u2019Olympique de Marseille clairement dit se mettre en retrait de l\u2019\u00e9quipe nationale, pour l&#039;instant.\" \/>\n<meta property=\"og:url\" content=\"https:\/\/depeches241.com\/?p=30183\" \/>\n<meta property=\"og:site_name\" content=\"Groupe D\u00e9p\u00eaches241\" \/>\n<meta property=\"article:publisher\" content=\"https:\/\/www.facebook.com\/depeches241\" \/>\n<meta property=\"article:published_time\" content=\"2026-09-02T18:45:40+00:00\" \/>\n<meta property=\"article:modified_time\" content=\"2026-09-02T18:49:29+00:00\" \/>\n<meta property=\"og:image\" content=\"http:\/\/depeches241.com\/wp-content\/uploads\/2026\/09\/1003910006.png\" \/>\n\t<meta property=\"og:image:width\" content=\"1670\" \/>\n\t<meta property=\"og:image:height\" content=\"662\" \/>\n\t<meta property=\"og:image:type\" content=\"image\/png\" \/>\n<meta name=\"author\" content=\"Fabien BIBANG\" \/>\n<meta name=\"twitter:card\" content=\"summary_large_image\" \/>\n<meta name=\"twitter:label1\" content=\"\u00c9crit par\" \/>\n\t<meta name=\"twitter:data1\" content=\"Fabien BIBANG\" \/>\n\t<meta name=\"twitter:label2\" content=\"Dur\u00e9e de lecture estim\u00e9e\" \/>\n\t<meta name=\"twitter:data2\" content=\"3 minutes\" \/>\n<script type=\"application\/ld+json\" class=\"yoast-schema-graph\">{\"@context\":\"https:\\\/\\\/schema.org\",\"@graph\":[{\"@type\":\"Article\",\"@id\":\"https:\\\/\\\/depeches241.com\\\/?p=30183#article\",\"isPartOf\":{\"@id\":\"https:\\\/\\\/depeches241.com\\\/?p=30183\"},\"author\":{\"name\":\"Fabien BIBANG\",\"@id\":\"https:\\\/\\\/depeches241.com\\\/#\\\/schema\\\/person\\\/1901eab6e51ac627fab3abccbd181d4e\"},\"headline\":\"Gabon: humili\u00e9 par le communiqu\u00e9 ayant dissout le staff des Panth\u00e8res apr\u00e8s la CAN 2025, Aubameyang se met en \u00ab stand-by \u00bb pour la s\u00e9lection\",\"datePublished\":\"2026-09-02T18:45:40+00:00\",\"dateModified\":\"2026-09-02T18:49:29+00:00\",\"mainEntityOfPage\":{\"@id\":\"https:\\\/\\\/depeches241.com\\\/?p=30183\"},\"wordCount\":565,\"commentCount\":0,\"publisher\":{\"@id\":\"https:\\\/\\\/depeches241.com\\\/#organization\"},\"image\":{\"@id\":\"https:\\\/\\\/depeches241.com\\\/?p=30183#primaryimage\"},\"thumbnailUrl\":\"https:\\\/\\\/depeches241.com\\\/wp-content\\\/uploads\\\/2026\\\/09\\\/1003910006.png\",\"keywords\":[\"depeches241\",\"Football\",\"Gabon\",\"Panth\u00e8res du Gabon\",\"Pierre-Emerick Aubameyang\",\"Sport\",\"Stand-by\"],\"articleSection\":[\"SPORT\",\"Une1\"],\"inLanguage\":\"fr-FR\",\"potentialAction\":[{\"@type\":\"CommentAction\",\"name\":\"Comment\",\"target\":[\"https:\\\/\\\/depeches241.com\\\/?p=30183#respond\"]}]},{\"@type\":\"WebPage\",\"@id\":\"https:\\\/\\\/depeches241.com\\\/?p=30183\",\"url\":\"https:\\\/\\\/depeches241.com\\\/?p=30183\",\"name\":\"Gabon: humili\u00e9 par le communiqu\u00e9 ayant dissout le staff des Panth\u00e8res apr\u00e8s la CAN 2025, Aubameyang se met en \u00ab stand-by \u00bb pour la s\u00e9lection - Groupe D\u00e9p\u00eaches241\",\"isPartOf\":{\"@id\":\"https:\\\/\\\/depeches241.com\\\/#website\"},\"primaryImageOfPage\":{\"@id\":\"https:\\\/\\\/depeches241.com\\\/?p=30183#primaryimage\"},\"image\":{\"@id\":\"https:\\\/\\\/depeches241.com\\\/?p=30183#primaryimage\"},\"thumbnailUrl\":\"https:\\\/\\\/depeches241.com\\\/wp-content\\\/uploads\\\/2026\\\/09\\\/1003910006.png\",\"datePublished\":\"2026-09-02T18:45:40+00:00\",\"dateModified\":\"2026-09-02T18:49:29+00:00\",\"description\":\"Tr\u00e8s en vue en ce d\u00e9but de saison en Espagne o\u00f9 il performe avec son nouveau club du Deportivo La Corogne, le footballeur international gabonais Pierre-Emerick Aubameyang \u00e9tait l'invit\u00e9 de Talents d\u2019Afrique sur Canal+, le 31 ao\u00fbt dernier. Interrog\u00e9 sur son avenir en s\u00e9lection nationale, l\u2019ancien buteur de l\u2019Olympique de Marseille clairement dit se mettre en retrait de l\u2019\u00e9quipe nationale, pour l'instant.\",\"breadcrumb\":{\"@id\":\"https:\\\/\\\/depeches241.com\\\/?p=30183#breadcrumb\"},\"inLanguage\":\"fr-FR\",\"potentialAction\":[{\"@type\":\"ReadAction\",\"target\":[\"https:\\\/\\\/depeches241.com\\\/?p=30183\"]}]},{\"@type\":\"ImageObject\",\"inLanguage\":\"fr-FR\",\"@id\":\"https:\\\/\\\/depeches241.com\\\/?p=30183#primaryimage\",\"url\":\"https:\\\/\\\/depeches241.com\\\/wp-content\\\/uploads\\\/2026\\\/09\\\/1003910006.png\",\"contentUrl\":\"https:\\\/\\\/depeches241.com\\\/wp-content\\\/uploads\\\/2026\\\/09\\\/1003910006.png\",\"width\":1670,\"height\":662},{\"@type\":\"BreadcrumbList\",\"@id\":\"https:\\\/\\\/depeches241.com\\\/?p=30183#breadcrumb\",\"itemListElement\":[{\"@type\":\"ListItem\",\"position\":1,\"name\":\"Accueil\",\"item\":\"https:\\\/\\\/depeches241.com\\\/\"},{\"@type\":\"ListItem\",\"position\":2,\"name\":\"Gabon: humili\u00e9 par le communiqu\u00e9 ayant dissout le staff des Panth\u00e8res apr\u00e8s la CAN 2025, Aubameyang se met en \u00ab stand-by \u00bb pour la s\u00e9lection\"}]},{\"@type\":\"WebSite\",\"@id\":\"https:\\\/\\\/depeches241.com\\\/#website\",\"url\":\"https:\\\/\\\/depeches241.com\\\/\",\"name\":\"D\u00e9p\u00eaches241\",\"description\":\"M\u00e9dia d&#039;actualit\u00e9 Politique, \u00c9conomique, Sociale et Internationale\",\"publisher\":{\"@id\":\"https:\\\/\\\/depeches241.com\\\/#organization\"},\"potentialAction\":[{\"@type\":\"SearchAction\",\"target\":{\"@type\":\"EntryPoint\",\"urlTemplate\":\"https:\\\/\\\/depeches241.com\\\/?s={search_term_string}\"},\"query-input\":{\"@type\":\"PropertyValueSpecification\",\"valueRequired\":true,\"valueName\":\"search_term_string\"}}],\"inLanguage\":\"fr-FR\"},{\"@type\":\"Organization\",\"@id\":\"https:\\\/\\\/depeches241.com\\\/#organization\",\"name\":\"Groupe D\u00e9p\u00eaches241\",\"url\":\"https:\\\/\\\/depeches241.com\\\/\",\"logo\":{\"@type\":\"ImageObject\",\"inLanguage\":\"fr-FR\",\"@id\":\"https:\\\/\\\/depeches241.com\\\/#\\\/schema\\\/logo\\\/image\\\/\",\"url\":\"https:\\\/\\\/depeches241.com\\\/wp-content\\\/uploads\\\/2021\\\/10\\\/cropped-Logo-new-Accueil.png\",\"contentUrl\":\"https:\\\/\\\/depeches241.com\\\/wp-content\\\/uploads\\\/2021\\\/10\\\/cropped-Logo-new-Accueil.png\",\"width\":320,\"height\":105,\"caption\":\"Groupe D\u00e9p\u00eaches241\"},\"image\":{\"@id\":\"https:\\\/\\\/depeches241.com\\\/#\\\/schema\\\/logo\\\/image\\\/\"},\"sameAs\":[\"https:\\\/\\\/www.facebook.com\\\/depeches241\"]},{\"@type\":\"Person\",\"@id\":\"https:\\\/\\\/depeches241.com\\\/#\\\/schema\\\/person\\\/1901eab6e51ac627fab3abccbd181d4e\",\"name\":\"Fabien BIBANG\",\"image\":{\"@type\":\"ImageObject\",\"inLanguage\":\"fr-FR\",\"@id\":\"https:\\\/\\\/secure.gravatar.com\\\/avatar\\\/18bb838415fc126d966f8ac8e32711b2843c5ba6e35a2e6699a14ef69705dc76?s=96&d=mm&r=g\",\"url\":\"https:\\\/\\\/secure.gravatar.com\\\/avatar\\\/18bb838415fc126d966f8ac8e32711b2843c5ba6e35a2e6699a14ef69705dc76?s=96&d=mm&r=g\",\"contentUrl\":\"https:\\\/\\\/secure.gravatar.com\\\/avatar\\\/18bb838415fc126d966f8ac8e32711b2843c5ba6e35a2e6699a14ef69705dc76?s=96&d=mm&r=g\",\"caption\":\"Fabien BIBANG\"},\"description\":\"Fabien BIBANG est dipl\u00f6m\u00e9 en Philosophie et Lettres. Son amour pour la lecture, l'histoire et les arts, ainsi que son engagement sur le front social l'ont tr\u00e8s t\u00f4t conduit sur les antennes des cha\u00eenes de t\u00e9l\u00e9s et radios pour y d\u00e9fendre ses postures. Sp\u00e9cialiste des questions socio-politiques, il re\u00e7oit le Prix Encouragements au Concours M\u00e9dias UNICEF en novembre 2022\",\"url\":\"https:\\\/\\\/depeches241.com\\\/?author=18\"}]}<\/script>\n<!-- \/ Yoast SEO plugin. -->","yoast_head_json":{"title":"Gabon: humili\u00e9 par le communiqu\u00e9 ayant dissout le staff des Panth\u00e8res apr\u00e8s la CAN 2025, Aubameyang se met en \u00ab stand-by \u00bb pour la s\u00e9lection - Groupe D\u00e9p\u00eaches241","description":"Tr\u00e8s en vue en ce d\u00e9but de saison en Espagne o\u00f9 il performe avec son nouveau club du Deportivo La Corogne, le footballeur international gabonais Pierre-Emerick Aubameyang \u00e9tait l'invit\u00e9 de Talents d\u2019Afrique sur Canal+, le 31 ao\u00fbt dernier. Interrog\u00e9 sur son avenir en s\u00e9lection nationale, l\u2019ancien buteur de l\u2019Olympique de Marseille clairement dit se mettre en retrait de l\u2019\u00e9quipe nationale, pour l'instant.","robots":{"index":"index","follow":"follow","max-snippet":"max-snippet:-1","max-image-preview":"max-image-preview:large","max-video-preview":"max-video-preview:-1"},"canonical":"https:\/\/depeches241.com\/?p=30183","og_locale":"fr_FR","og_type":"article","og_title":"Gabon: humili\u00e9 par le communiqu\u00e9 ayant dissout le staff des Panth\u00e8res apr\u00e8s la CAN 2025, Aubameyang se met en \u00ab stand-by \u00bb pour la s\u00e9lection - Groupe D\u00e9p\u00eaches241","og_description":"Tr\u00e8s en vue en ce d\u00e9but de saison en Espagne o\u00f9 il performe avec son nouveau club du Deportivo La Corogne, le footballeur international gabonais Pierre-Emerick Aubameyang \u00e9tait l'invit\u00e9 de Talents d\u2019Afrique sur Canal+, le 31 ao\u00fbt dernier. Interrog\u00e9 sur son avenir en s\u00e9lection nationale, l\u2019ancien buteur de l\u2019Olympique de Marseille clairement dit se mettre en retrait de l\u2019\u00e9quipe nationale, pour l'instant.","og_url":"https:\/\/depeches241.com\/?p=30183","og_site_name":"Groupe D\u00e9p\u00eaches241","article_publisher":"https:\/\/www.facebook.com\/depeches241","article_published_time":"2026-09-02T18:45:40+00:00","article_modified_time":"2026-09-02T18:49:29+00:00","og_image":[{"width":1670,"height":662,"url":"http:\/\/depeches241.com\/wp-content\/uploads\/2026\/09\/1003910006.png","type":"image\/png"}],"author":"Fabien BIBANG","twitter_card":"summary_large_image","twitter_misc":{"\u00c9crit par":"Fabien BIBANG","Dur\u00e9e de lecture estim\u00e9e":"3 minutes"},"schema":{"@context":"https:\/\/schema.org","@graph":[{"@type":"Article","@id":"https:\/\/depeches241.com\/?p=30183#article","isPartOf":{"@id":"https:\/\/depeches241.com\/?p=30183"},"author":{"name":"Fabien BIBANG","@id":"https:\/\/depeches241.com\/#\/schema\/person\/1901eab6e51ac627fab3abccbd181d4e"},"headline":"Gabon: humili\u00e9 par le communiqu\u00e9 ayant dissout le staff des Panth\u00e8res apr\u00e8s la CAN 2025, Aubameyang se met en \u00ab stand-by \u00bb pour la s\u00e9lection","datePublished":"2026-09-02T18:45:40+00:00","dateModified":"2026-09-02T18:49:29+00:00","mainEntityOfPage":{"@id":"https:\/\/depeches241.com\/?p=30183"},"wordCount":565,"commentCount":0,"publisher":{"@id":"https:\/\/depeches241.com\/#organization"},"image":{"@id":"https:\/\/depeches241.com\/?p=30183#primaryimage"},"thumbnailUrl":"https:\/\/depeches241.com\/wp-content\/uploads\/2026\/09\/1003910006.png","keywords":["depeches241","Football","Gabon","Panth\u00e8res du Gabon","Pierre-Emerick Aubameyang","Sport","Stand-by"],"articleSection":["SPORT","Une1"],"inLanguage":"fr-FR","potentialAction":[{"@type":"CommentAction","name":"Comment","target":["https:\/\/depeches241.com\/?p=30183#respond"]}]},{"@type":"WebPage","@id":"https:\/\/depeches241.com\/?p=30183","url":"https:\/\/depeches241.com\/?p=30183","name":"Gabon: humili\u00e9 par le communiqu\u00e9 ayant dissout le staff des Panth\u00e8res apr\u00e8s la CAN 2025, Aubameyang se met en \u00ab stand-by \u00bb pour la s\u00e9lection - Groupe D\u00e9p\u00eaches241","isPartOf":{"@id":"https:\/\/depeches241.com\/#website"},"primaryImageOfPage":{"@id":"https:\/\/depeches241.com\/?p=30183#primaryimage"},"image":{"@id":"https:\/\/depeches241.com\/?p=30183#primaryimage"},"thumbnailUrl":"https:\/\/depeches241.com\/wp-content\/uploads\/2026\/09\/1003910006.png","datePublished":"2026-09-02T18:45:40+00:00","dateModified":"2026-09-02T18:49:29+00:00","description":"Tr\u00e8s en vue en ce d\u00e9but de saison en Espagne o\u00f9 il performe avec son nouveau club du Deportivo La Corogne, le footballeur international gabonais Pierre-Emerick Aubameyang \u00e9tait l'invit\u00e9 de Talents d\u2019Afrique sur Canal+, le 31 ao\u00fbt dernier. Interrog\u00e9 sur son avenir en s\u00e9lection nationale, l\u2019ancien buteur de l\u2019Olympique de Marseille clairement dit se mettre en retrait de l\u2019\u00e9quipe nationale, pour l'instant.","breadcrumb":{"@id":"https:\/\/depeches241.com\/?p=30183#breadcrumb"},"inLanguage":"fr-FR","potentialAction":[{"@type":"ReadAction","target":["https:\/\/depeches241.com\/?p=30183"]}]},{"@type":"ImageObject","inLanguage":"fr-FR","@id":"https:\/\/depeches241.com\/?p=30183#primaryimage","url":"https:\/\/depeches241.com\/wp-content\/uploads\/2026\/09\/1003910006.png","contentUrl":"https:\/\/depeches241.com\/wp-content\/uploads\/2026\/09\/1003910006.png","width":1670,"height":662},{"@type":"BreadcrumbList","@id":"https:\/\/depeches241.com\/?p=30183#breadcrumb","itemListElement":[{"@type":"ListItem","position":1,"name":"Accueil","item":"https:\/\/depeches241.com\/"},{"@type":"ListItem","position":2,"name":"Gabon: humili\u00e9 par le communiqu\u00e9 ayant dissout le staff des Panth\u00e8res apr\u00e8s la CAN 2025, Aubameyang se met en \u00ab stand-by \u00bb pour la s\u00e9lection"}]},{"@type":"WebSite","@id":"https:\/\/depeches241.com\/#website","url":"https:\/\/depeches241.com\/","name":"D\u00e9p\u00eaches241","description":"M\u00e9dia d&#039;actualit\u00e9 Politique, \u00c9conomique, Sociale et Internationale","publisher":{"@id":"https:\/\/depeches241.com\/#organization"},"potentialAction":[{"@type":"SearchAction","target":{"@type":"EntryPoint","urlTemplate":"https:\/\/depeches241.com\/?s={search_term_string}"},"query-input":{"@type":"PropertyValueSpecification","valueRequired":true,"valueName":"search_term_string"}}],"inLanguage":"fr-FR"},{"@type":"Organization","@id":"https:\/\/depeches241.com\/#organization","name":"Groupe D\u00e9p\u00eaches241","url":"https:\/\/depeches241.com\/","logo":{"@type":"ImageObject","inLanguage":"fr-FR","@id":"https:\/\/depeches241.com\/#\/schema\/logo\/image\/","url":"https:\/\/depeches241.com\/wp-content\/uploads\/2021\/10\/cropped-Logo-new-Accueil.png","contentUrl":"https:\/\/depeches241.com\/wp-content\/uploads\/2021\/10\/cropped-Logo-new-Accueil.png","width":320,"height":105,"caption":"Groupe D\u00e9p\u00eaches241"},"image":{"@id":"https:\/\/depeches241.com\/#\/schema\/logo\/image\/"},"sameAs":["https:\/\/www.facebook.com\/depeches241"]},{"@type":"Person","@id":"https:\/\/depeches241.com\/#\/schema\/person\/1901eab6e51ac627fab3abccbd181d4e","name":"Fabien BIBANG","image":{"@type":"ImageObject","inLanguage":"fr-FR","@id":"https:\/\/secure.gravatar.com\/avatar\/18bb838415fc126d966f8ac8e32711b2843c5ba6e35a2e6699a14ef69705dc76?s=96&d=mm&r=g","url":"https:\/\/secure.gravatar.com\/avatar\/18bb838415fc126d966f8ac8e32711b2843c5ba6e35a2e6699a14ef69705dc76?s=96&d=mm&r=g","contentUrl":"https:\/\/secure.gravatar.com\/avatar\/18bb838415fc126d966f8ac8e32711b2843c5ba6e35a2e6699a14ef69705dc76?s=96&d=mm&r=g","caption":"Fabien BIBANG"},"description":"Fabien BIBANG est dipl\u00f6m\u00e9 en Philosophie et Lettres. Son amour pour la lecture, l'histoire et les arts, ainsi que son engagement sur le front social l'ont tr\u00e8s t\u00f4t conduit sur les antennes des cha\u00eenes de t\u00e9l\u00e9s et radios pour y d\u00e9fendre ses postures. Sp\u00e9cialiste des questions socio-politiques, il re\u00e7oit le Prix Encouragements au Concours M\u00e9dias UNICEF en novembre 2022","url":"https:\/\/depeches241.com\/?author=18"}]}},"_links":{"self":[{"href":"https:\/\/depeches241.com\/index.php?rest_route=\/wp\/v2\/posts\/30183","targetHints":{"allow":["GET"]}}],"collection":[{"href":"https:\/\/depeches241.com\/index.php?rest_route=\/wp\/v2\/posts"}],"about":[{"href":"https:\/\/depeches241.com\/index.php?rest_route=\/wp\/v2\/types\/post"}],"author":[{"embeddable":true,"href":"https:\/\/depeches241.com\/index.php?rest_route=\/wp\/v2\/users\/18"}],"replies":[{"embeddable":true,"href":"https:\/\/depeches241.com\/index.php?rest_route=%2Fwp%2Fv2%2Fcomments&post=30183"}],"version-history":[{"count":3,"href":"https:\/\/depeches241.com\/index.php?rest_route=\/wp\/v2\/posts\/30183\/revisions"}],"predecessor-version":[{"id":30188,"href":"https:\/\/depeches241.com\/index.php?rest_route=\/wp\/v2\/posts\/30183\/revisions\/30188"}],"wp:featuredmedia":[{"embeddable":true,"href":"https:\/\/depeches241.com\/index.php?rest_route=\/wp\/v2\/media\/30184"}],"wp:attachment":[{"href":"https:\/\/depeches241.com\/index.php?rest_route=%2Fwp%2Fv2%2Fmedia&parent=30183"}],"wp:term":[{"taxonomy":"category","embeddable":true,"href":"https:\/\/depeches241.com\/index.php?rest_route=%2Fwp%2Fv2%2Fcategories&post=30183"},{"taxonomy":"post_tag","embeddable":true,"href":"https:\/\/depeches241.com\/index.php?rest_route=%2Fwp%2Fv2%2Ftags&post=30183"}],"curies":[{"name":"wp","href":"https:\/\/api.w.org\/{rel}","templated":true}]}}