{"id":30189,"date":"2026-09-02T23:53:52","date_gmt":"2026-09-02T21:53:52","guid":{"rendered":"https:\/\/depeches241.com\/?p=30189"},"modified":"2026-09-02T23:53:53","modified_gmt":"2026-09-02T21:53:53","slug":"adrien-nguema-mba-et-le-mutisme-sur-la-regularisation-des-partis-politiques-caporaliser-letat-par-le-silence","status":"publish","type":"post","link":"https:\/\/depeches241.com\/?p=30189","title":{"rendered":"Adrien Nguema Mba et le mutisme sur la r\u00e9gularisation des Partis politiques: caporaliser l&rsquo;\u00c9tat par le silence ?"},"content":{"rendered":"\n<figure class=\"wp-block-image size-large\"><img loading=\"lazy\" decoding=\"async\" width=\"1024\" height=\"435\" src=\"https:\/\/depeches241.com\/wp-content\/uploads\/2026\/09\/35513548-657a-4dd3-8e79-f9192dad60ea-1024x435.jpeg\" alt=\"\" class=\"wp-image-30190\" srcset=\"https:\/\/depeches241.com\/wp-content\/uploads\/2026\/09\/35513548-657a-4dd3-8e79-f9192dad60ea-1024x435.jpeg 1024w, https:\/\/depeches241.com\/wp-content\/uploads\/2026\/09\/35513548-657a-4dd3-8e79-f9192dad60ea-300x128.jpeg 300w, https:\/\/depeches241.com\/wp-content\/uploads\/2026\/09\/35513548-657a-4dd3-8e79-f9192dad60ea-768x326.jpeg 768w, https:\/\/depeches241.com\/wp-content\/uploads\/2026\/09\/35513548-657a-4dd3-8e79-f9192dad60ea.jpeg 1080w\" sizes=\"auto, (max-width: 1024px) 100vw, 1024px\" \/><figcaption class=\"wp-element-caption\"><strong><em>Silence sur la r\u00e9gularisation des partis politiques, Adrien Ngu\u00e9ma Mba et le r\u00e9gime veulent-ils caporaliser l\u2019\u00c9tat et taire le d\u00e9bat d\u00e9mocratique ?<\/em><\/strong>  <em><strong>\u00a9<\/strong>\u00a0D\u00e9p\u00eaches 241<\/em><br><\/figcaption><\/figure>\n\n\n\n<p class=\"wp-block-paragraph\"><strong>Libreville, le 2 septembre 2026-(D\u00e9p\u00eaches 241). Depuis le 27 juin dernier, date de cl\u00f4ture du d\u00e9p\u00f4t des dossiers de r\u00e9gularisation des partis politiques, un silence pesant s&rsquo;est abattu sur le Minist\u00e8re de l&rsquo;Int\u00e9rieur. Sur 102 formations politiques l\u00e9galement reconnues, 69 avaient d\u00e9pos\u00e9 leur dossier d\u00e9but juillet, selon un communiqu\u00e9 gouvernemental. Deux mois plus tard, aucune liste d\u00e9finitive n&rsquo;a \u00e9t\u00e9 rendue publique, et le landerneau politique gabonais retient son souffle, suspendu \u00e0 une d\u00e9cision qui tarde \u00e0 venir, ou qui, peut-\u00eatre, ne viendra jamais dans la clart\u00e9 qu&rsquo;elle devrait avoir.<\/strong><\/p>\n\n\n\n<p class=\"wp-block-paragraph\">Plus de deux mois apr\u00e8s la cl\u00f4ture de l\u2019op\u00e9ration de r\u00e9gularisation des Partis politiques, le minist\u00e8re de l\u2019Int\u00e9rieur n\u2019a toujours pas rendu publique la liste des formations ayant satisfait aux nouvelles exigences l\u00e9gales. Le 3 juillet, l&rsquo;administration annon\u00e7ait avoir re\u00e7u 69 dossiers sur 102 formations recens\u00e9es, pr\u00e9cisant qu&rsquo;un <strong><em>\u00ab examen rigoureux \u00bb<\/em><\/strong> \u00e9tait en cours et qu&rsquo;une <strong><em>\u00ab notification individuelle \u00bb<\/em><\/strong> suivrait.&nbsp;<\/p>\n\n\n\n<p class=\"wp-block-paragraph\">Depuis, plus rien. Aucune actualisation, aucun chiffre, aucune \u00e9ch\u00e9ance. Une question, pourtant \u00e9l\u00e9mentaire, s&rsquo;impose avec une insistance croissante. Comment expliquer que 69 dossiers demeurent, deux mois durant, dans les limbes administratives d&rsquo;un minist\u00e8re qui avait pourtant su, en l&rsquo;espace de six jours, en traiter 102 ? <a href=\"https:\/\/depeches241.com\/?p=24950\">L&rsquo;arithm\u00e9tique du doute a ses vertus, l\u2019une d\u2019elle c\u2019est qu\u2019elle oblige \u00e0 s&rsquo;interroger sur ce qui, entre le z\u00e8le initial<\/a> et l&rsquo;inertie actuelle, a bien pu se produire.<\/p>\n\n\n\n<p class=\"wp-block-paragraph\"><strong>Le r\u00e9gularisation ou l\u2019art de gagner du temps pour continuer \u00e0 \u00e9touffer ?&nbsp;<\/strong><\/p>\n\n\n\n<p class=\"wp-block-paragraph\">Que la r\u00e9forme port\u00e9e par ce texte comporte une part de n\u00e9cessit\u00e9, nul ne songe s\u00e9rieusement \u00e0 le contester. Un pays o\u00f9 des Partis politiques n&rsquo;existaient que sur le papier, sans adh\u00e9rents v\u00e9rifiables, sans ancrage r\u00e9el, appelait sans doute une clarification. Mais entre assainir un champ politique et l&rsquo;\u00e9touffer, la fronti\u00e8re est t\u00e9nue, et c&rsquo;est pr\u00e9cis\u00e9ment cette fronti\u00e8re que le silence actuel du gouvernement contribue \u00e0 brouiller.&nbsp;<\/p>\n\n\n\n<p class=\"wp-block-paragraph\"><strong>LIRE AUSSI: <a href=\"https:\/\/depeches241.com\/?p=29768\"><strong>R\u00e9gularisation des partis politiques : pr\u00e8s de deux mois apr\u00e8s le d\u00e9p\u00f4t des dossiers, une attente interminable, qu\u2019est-ce qui bloque ?<\/strong><\/a><\/strong><\/p>\n\n\n\n<p class=\"wp-block-paragraph\">Car \u00e0 trop faire durer l&rsquo;instruction sans jamais en communiquer les r\u00e9sultats, l&rsquo;ex\u00e9cutif installe une r\u00e9forme dans l&rsquo;ambigu\u00eft\u00e9, un climat o\u00f9 chaque Parti sauf ceux proche du r\u00e9gime, ignore s&rsquo;il existe encore juridiquement, o\u00f9 le d\u00e9bat d\u00e9mocratique se retrouve suspendu \u00e0 un verdict administratif qui ne vient pas.&nbsp;<\/p>\n\n\n\n<p class=\"wp-block-paragraph\">Tout se passe, \u00e0 observer ce jeu de la montre, comme si le r\u00e9gime trouvait quelque avantage discret \u00e0 laisser le pluralisme politique dans l&rsquo;incertitude, une mani\u00e8re, sans jamais l&rsquo;assumer frontalement, de caporaliser l&rsquo;\u00c9tat en installant le doute l\u00e0 o\u00f9 devrait r\u00e9gner la clart\u00e9.<\/p>\n\n\n\n<p class=\"wp-block-paragraph\">&nbsp;<strong>Ali Akbar Onanga a t-il eu tort d\u2019avoir raison trop t\u00f4t ?&nbsp;&nbsp;<\/strong><\/p>\n\n\n\n<p class=\"wp-block-paragraph\">Cette d\u00e9rive, un ancien ministre l&rsquo;avait pressentie d\u00e8s l&rsquo;annonce de la r\u00e9forme. Selon Ali Akbar Onanga, il s&rsquo;agissait d\u00e9j\u00e0 d&rsquo;une tentative \u00e0 peine voil\u00e9e de restreindre l&rsquo;expression politique plurielle. <strong><em>\u00ab Nous nous alarmons des r\u00e9centes annonces du Pr\u00e9sident de la R\u00e9publique [&#8230;] concernant la r\u00e9forme du cadre l\u00e9gal r\u00e9gissant les Partis politiques sous couvert de rationalisation, \u00bb<\/em><\/strong> alertait-il d\u00e9j\u00e0.&nbsp;<\/p>\n\n\n\n<p class=\"wp-block-paragraph\"><strong>LIRE AUSSI: <a href=\"https:\/\/depeches241.com\/?p=24010\"><strong>Gabon: Ali Akbar Onanga accuse le nouveau pouvoir de vouloir \u00ab fa\u00e7onner un paysage politique docile d\u00e9pourvu de toute opposition v\u00e9ritable \u00bb<\/strong><\/a><\/strong><\/p>\n\n\n\n<p class=\"wp-block-paragraph\">Il y voyait la volont\u00e9 de fa\u00e7onner <strong><em>\u00ab un paysage politique docile d\u00e9pourvu de toute opposition v\u00e9ritable \u00bb<\/em><\/strong>. Des mots que le silence actuel du Ministre de l&rsquo;Int\u00e9rieur, Adrien Ngu\u00e9ma Mba, ne d\u00e9ment gu\u00e8re,&nbsp; il les nourrit, au contraire, d&rsquo;un argument suppl\u00e9mentaire.<\/p>\n\n\n\n<p class=\"wp-block-paragraph\"><strong>Le silence de Nguema Mba face au questionnement l\u00e9gitime&nbsp;<\/strong><\/p>\n\n\n\n<p class=\"wp-block-paragraph\">Reste alors une s\u00e9rie de questions que ni le Ministre de l&rsquo;Int\u00e9rieur ni le Pr\u00e9sident de la R\u00e9publique ne sauraient \u00e9ternellement esquiver. Que se passe-t-il r\u00e9ellement dans les couloirs de l&rsquo;instruction ? Quelles manigances, quels arbitrages, quelles h\u00e9sitations retardent une d\u00e9cision que la loi elle-m\u00eame appelait \u00e0 trancher dans des d\u00e9lais raisonnables ?&nbsp;<\/p>\n\n\n\n<p class=\"wp-block-paragraph\">Pourquoi ce mutisme, quand la transparence aurait d\u00fb \u00eatre la signature d&rsquo;une r\u00e9forme pr\u00e9sent\u00e9e comme fondatrice ? \u00c0 Adrien Nguema Mba de rompre ce silence qui ne grandit personne. \u00c0 Brice Clotaire Oligui Nguema, garant de la refondation d\u00e9mocratique qu&rsquo;il a lui-m\u00eame promise, de veiller \u00e0 ce que la r\u00e9gularisation des Partis ne devienne pas, par la seule vertu du temps qui passe, l&rsquo;instrument discret d&rsquo;un mus\u00e8lement, d\u2019une caporalisation et d\u2019un \u00e9touffement m\u00e9thodique mais pernicieux de la d\u00e9mocratie.<\/p>\n\n\n\n<p class=\"wp-block-paragraph\"><\/p>\n","protected":false},"excerpt":{"rendered":"<p>Libreville, le 2 septembre 2026-(D\u00e9p\u00eaches 241). Depuis le 27 juin dernier, date de cl\u00f4ture du d\u00e9p\u00f4t des dossiers de r\u00e9gularisation des partis politiques, un silence pesant s&rsquo;est abattu sur le Minist\u00e8re de l&rsquo;Int\u00e9rieur. Sur 102 formations politiques l\u00e9galement reconnues, 69 avaient d\u00e9pos\u00e9 leur dossier d\u00e9but juillet, selon un communiqu\u00e9 gouvernemental. [&hellip;]<\/p>\n","protected":false},"author":22,"featured_media":30190,"comment_status":"open","ping_status":"open","sticky":false,"template":"","format":"standard","meta":{"om_disable_all_campaigns":false,"footnotes":""},"categories":[28,3,116],"tags":[6250,5966,99,59,2616,73,3164],"class_list":["post-30189","post","type-post","status-publish","format-standard","has-post-thumbnail","category-partis-politiques","category-politique","category-une1","tag-caporalisation","tag-democratie","tag-depeches241","tag-gabon","tag-parti-politique","tag-politique","tag-regularisation"],"yoast_head":"<!-- This site is optimized with the Yoast SEO plugin v28.4 - https:\/\/yoast.com\/product\/yoast-seo-wordpress\/ -->\n<title>Adrien Nguema Mba et le mutisme sur la r\u00e9gularisation des Partis politiques: caporaliser l&#039;\u00c9tat par le silence ? - Groupe D\u00e9p\u00eaches241<\/title>\n<meta name=\"description\" content=\"Depuis le 27 juin dernier, date de cl\u00f4ture du d\u00e9p\u00f4t des dossiers de r\u00e9gularisation des partis politiques, un silence pesant s&#039;est abattu sur le Minist\u00e8re de l&#039;Int\u00e9rieur. Sur 102 formations politiques l\u00e9galement reconnues, 69 avaient d\u00e9pos\u00e9 leur dossier d\u00e9but juillet, selon un communiqu\u00e9 gouvernemental. Deux mois plus tard, aucune liste d\u00e9finitive n&#039;a \u00e9t\u00e9 rendue publique, et le landerneau politique gabonais retient son souffle, suspendu \u00e0 une d\u00e9cision qui tarde \u00e0 venir, ou qui, peut-\u00eatre, ne viendra jamais dans la clart\u00e9 qu&#039;elle devrait avoir.\" \/>\n<meta name=\"robots\" content=\"index, follow, max-snippet:-1, max-image-preview:large, max-video-preview:-1\" \/>\n<link rel=\"canonical\" href=\"https:\/\/depeches241.com\/?p=30189\" \/>\n<meta property=\"og:locale\" content=\"fr_FR\" \/>\n<meta property=\"og:type\" content=\"article\" \/>\n<meta property=\"og:title\" content=\"Adrien Nguema Mba et le mutisme sur la r\u00e9gularisation des Partis politiques: caporaliser l&#039;\u00c9tat par le silence ? - Groupe D\u00e9p\u00eaches241\" \/>\n<meta property=\"og:description\" content=\"Depuis le 27 juin dernier, date de cl\u00f4ture du d\u00e9p\u00f4t des dossiers de r\u00e9gularisation des partis politiques, un silence pesant s&#039;est abattu sur le Minist\u00e8re de l&#039;Int\u00e9rieur. Sur 102 formations politiques l\u00e9galement reconnues, 69 avaient d\u00e9pos\u00e9 leur dossier d\u00e9but juillet, selon un communiqu\u00e9 gouvernemental. Deux mois plus tard, aucune liste d\u00e9finitive n&#039;a \u00e9t\u00e9 rendue publique, et le landerneau politique gabonais retient son souffle, suspendu \u00e0 une d\u00e9cision qui tarde \u00e0 venir, ou qui, peut-\u00eatre, ne viendra jamais dans la clart\u00e9 qu&#039;elle devrait avoir.\" \/>\n<meta property=\"og:url\" content=\"https:\/\/depeches241.com\/?p=30189\" \/>\n<meta property=\"og:site_name\" content=\"Groupe D\u00e9p\u00eaches241\" \/>\n<meta property=\"article:publisher\" content=\"https:\/\/www.facebook.com\/depeches241\" \/>\n<meta property=\"article:published_time\" content=\"2026-09-02T21:53:52+00:00\" \/>\n<meta property=\"article:modified_time\" content=\"2026-09-02T21:53:53+00:00\" \/>\n<meta property=\"og:image\" content=\"http:\/\/depeches241.com\/wp-content\/uploads\/2026\/09\/35513548-657a-4dd3-8e79-f9192dad60ea.jpeg\" \/>\n\t<meta property=\"og:image:width\" content=\"1080\" \/>\n\t<meta property=\"og:image:height\" content=\"459\" \/>\n\t<meta property=\"og:image:type\" content=\"image\/jpeg\" \/>\n<meta name=\"author\" content=\"Florant Yinda\" \/>\n<meta name=\"twitter:card\" content=\"summary_large_image\" \/>\n<meta name=\"twitter:label1\" content=\"\u00c9crit par\" \/>\n\t<meta name=\"twitter:data1\" content=\"Florant Yinda\" \/>\n\t<meta name=\"twitter:label2\" content=\"Dur\u00e9e de lecture estim\u00e9e\" \/>\n\t<meta name=\"twitter:data2\" content=\"4 minutes\" \/>\n<script type=\"application\/ld+json\" class=\"yoast-schema-graph\">{\"@context\":\"https:\\\/\\\/schema.org\",\"@graph\":[{\"@type\":\"Article\",\"@id\":\"https:\\\/\\\/depeches241.com\\\/?p=30189#article\",\"isPartOf\":{\"@id\":\"https:\\\/\\\/depeches241.com\\\/?p=30189\"},\"author\":{\"name\":\"Florant Yinda\",\"@id\":\"https:\\\/\\\/depeches241.com\\\/#\\\/schema\\\/person\\\/37b1d864cb5b1c898f021c1ea6415cc4\"},\"headline\":\"Adrien Nguema Mba et le mutisme sur la r\u00e9gularisation des Partis politiques: caporaliser l&rsquo;\u00c9tat par le silence ?\",\"datePublished\":\"2026-09-02T21:53:52+00:00\",\"dateModified\":\"2026-09-02T21:53:53+00:00\",\"mainEntityOfPage\":{\"@id\":\"https:\\\/\\\/depeches241.com\\\/?p=30189\"},\"wordCount\":863,\"commentCount\":0,\"publisher\":{\"@id\":\"https:\\\/\\\/depeches241.com\\\/#organization\"},\"image\":{\"@id\":\"https:\\\/\\\/depeches241.com\\\/?p=30189#primaryimage\"},\"thumbnailUrl\":\"https:\\\/\\\/depeches241.com\\\/wp-content\\\/uploads\\\/2026\\\/09\\\/35513548-657a-4dd3-8e79-f9192dad60ea.jpeg\",\"keywords\":[\"Caporalisation\",\"D\u00e9mocratie\",\"depeches241\",\"Gabon\",\"Parti Politique\",\"Politique\",\"r\u00e9gularisation\"],\"articleSection\":[\"PARTIS POLITIQUES\",\"POLITIQUE\",\"Une1\"],\"inLanguage\":\"fr-FR\",\"potentialAction\":[{\"@type\":\"CommentAction\",\"name\":\"Comment\",\"target\":[\"https:\\\/\\\/depeches241.com\\\/?p=30189#respond\"]}]},{\"@type\":\"WebPage\",\"@id\":\"https:\\\/\\\/depeches241.com\\\/?p=30189\",\"url\":\"https:\\\/\\\/depeches241.com\\\/?p=30189\",\"name\":\"Adrien Nguema Mba et le mutisme sur la r\u00e9gularisation des Partis politiques: caporaliser l'\u00c9tat par le silence ? - Groupe D\u00e9p\u00eaches241\",\"isPartOf\":{\"@id\":\"https:\\\/\\\/depeches241.com\\\/#website\"},\"primaryImageOfPage\":{\"@id\":\"https:\\\/\\\/depeches241.com\\\/?p=30189#primaryimage\"},\"image\":{\"@id\":\"https:\\\/\\\/depeches241.com\\\/?p=30189#primaryimage\"},\"thumbnailUrl\":\"https:\\\/\\\/depeches241.com\\\/wp-content\\\/uploads\\\/2026\\\/09\\\/35513548-657a-4dd3-8e79-f9192dad60ea.jpeg\",\"datePublished\":\"2026-09-02T21:53:52+00:00\",\"dateModified\":\"2026-09-02T21:53:53+00:00\",\"description\":\"Depuis le 27 juin dernier, date de cl\u00f4ture du d\u00e9p\u00f4t des dossiers de r\u00e9gularisation des partis politiques, un silence pesant s'est abattu sur le Minist\u00e8re de l'Int\u00e9rieur. Sur 102 formations politiques l\u00e9galement reconnues, 69 avaient d\u00e9pos\u00e9 leur dossier d\u00e9but juillet, selon un communiqu\u00e9 gouvernemental. Deux mois plus tard, aucune liste d\u00e9finitive n'a \u00e9t\u00e9 rendue publique, et le landerneau politique gabonais retient son souffle, suspendu \u00e0 une d\u00e9cision qui tarde \u00e0 venir, ou qui, peut-\u00eatre, ne viendra jamais dans la clart\u00e9 qu'elle devrait avoir.\",\"breadcrumb\":{\"@id\":\"https:\\\/\\\/depeches241.com\\\/?p=30189#breadcrumb\"},\"inLanguage\":\"fr-FR\",\"potentialAction\":[{\"@type\":\"ReadAction\",\"target\":[\"https:\\\/\\\/depeches241.com\\\/?p=30189\"]}]},{\"@type\":\"ImageObject\",\"inLanguage\":\"fr-FR\",\"@id\":\"https:\\\/\\\/depeches241.com\\\/?p=30189#primaryimage\",\"url\":\"https:\\\/\\\/depeches241.com\\\/wp-content\\\/uploads\\\/2026\\\/09\\\/35513548-657a-4dd3-8e79-f9192dad60ea.jpeg\",\"contentUrl\":\"https:\\\/\\\/depeches241.com\\\/wp-content\\\/uploads\\\/2026\\\/09\\\/35513548-657a-4dd3-8e79-f9192dad60ea.jpeg\",\"width\":1080,\"height\":459},{\"@type\":\"BreadcrumbList\",\"@id\":\"https:\\\/\\\/depeches241.com\\\/?p=30189#breadcrumb\",\"itemListElement\":[{\"@type\":\"ListItem\",\"position\":1,\"name\":\"Accueil\",\"item\":\"https:\\\/\\\/depeches241.com\\\/\"},{\"@type\":\"ListItem\",\"position\":2,\"name\":\"Adrien Nguema Mba et le mutisme sur la r\u00e9gularisation des Partis politiques: caporaliser l&rsquo;\u00c9tat par le silence ?\"}]},{\"@type\":\"WebSite\",\"@id\":\"https:\\\/\\\/depeches241.com\\\/#website\",\"url\":\"https:\\\/\\\/depeches241.com\\\/\",\"name\":\"D\u00e9p\u00eaches241\",\"description\":\"M\u00e9dia d&#039;actualit\u00e9 Politique, \u00c9conomique, Sociale et Internationale\",\"publisher\":{\"@id\":\"https:\\\/\\\/depeches241.com\\\/#organization\"},\"potentialAction\":[{\"@type\":\"SearchAction\",\"target\":{\"@type\":\"EntryPoint\",\"urlTemplate\":\"https:\\\/\\\/depeches241.com\\\/?s={search_term_string}\"},\"query-input\":{\"@type\":\"PropertyValueSpecification\",\"valueRequired\":true,\"valueName\":\"search_term_string\"}}],\"inLanguage\":\"fr-FR\"},{\"@type\":\"Organization\",\"@id\":\"https:\\\/\\\/depeches241.com\\\/#organization\",\"name\":\"Groupe D\u00e9p\u00eaches241\",\"url\":\"https:\\\/\\\/depeches241.com\\\/\",\"logo\":{\"@type\":\"ImageObject\",\"inLanguage\":\"fr-FR\",\"@id\":\"https:\\\/\\\/depeches241.com\\\/#\\\/schema\\\/logo\\\/image\\\/\",\"url\":\"https:\\\/\\\/depeches241.com\\\/wp-content\\\/uploads\\\/2021\\\/10\\\/cropped-Logo-new-Accueil.png\",\"contentUrl\":\"https:\\\/\\\/depeches241.com\\\/wp-content\\\/uploads\\\/2021\\\/10\\\/cropped-Logo-new-Accueil.png\",\"width\":320,\"height\":105,\"caption\":\"Groupe D\u00e9p\u00eaches241\"},\"image\":{\"@id\":\"https:\\\/\\\/depeches241.com\\\/#\\\/schema\\\/logo\\\/image\\\/\"},\"sameAs\":[\"https:\\\/\\\/www.facebook.com\\\/depeches241\"]},{\"@type\":\"Person\",\"@id\":\"https:\\\/\\\/depeches241.com\\\/#\\\/schema\\\/person\\\/37b1d864cb5b1c898f021c1ea6415cc4\",\"name\":\"Florant Yinda\",\"image\":{\"@type\":\"ImageObject\",\"inLanguage\":\"fr-FR\",\"@id\":\"https:\\\/\\\/secure.gravatar.com\\\/avatar\\\/3876d60934898c52a135f8b24ae4c866008e45f217ff9944bd13733e3a656bc0?s=96&d=mm&r=g\",\"url\":\"https:\\\/\\\/secure.gravatar.com\\\/avatar\\\/3876d60934898c52a135f8b24ae4c866008e45f217ff9944bd13733e3a656bc0?s=96&d=mm&r=g\",\"contentUrl\":\"https:\\\/\\\/secure.gravatar.com\\\/avatar\\\/3876d60934898c52a135f8b24ae4c866008e45f217ff9944bd13733e3a656bc0?s=96&d=mm&r=g\",\"caption\":\"Florant Yinda\"},\"url\":\"https:\\\/\\\/depeches241.com\\\/?author=22\"}]}<\/script>\n<!-- \/ Yoast SEO plugin. -->","yoast_head_json":{"title":"Adrien Nguema Mba et le mutisme sur la r\u00e9gularisation des Partis politiques: caporaliser l'\u00c9tat par le silence ? - Groupe D\u00e9p\u00eaches241","description":"Depuis le 27 juin dernier, date de cl\u00f4ture du d\u00e9p\u00f4t des dossiers de r\u00e9gularisation des partis politiques, un silence pesant s'est abattu sur le Minist\u00e8re de l'Int\u00e9rieur. Sur 102 formations politiques l\u00e9galement reconnues, 69 avaient d\u00e9pos\u00e9 leur dossier d\u00e9but juillet, selon un communiqu\u00e9 gouvernemental. Deux mois plus tard, aucune liste d\u00e9finitive n'a \u00e9t\u00e9 rendue publique, et le landerneau politique gabonais retient son souffle, suspendu \u00e0 une d\u00e9cision qui tarde \u00e0 venir, ou qui, peut-\u00eatre, ne viendra jamais dans la clart\u00e9 qu'elle devrait avoir.","robots":{"index":"index","follow":"follow","max-snippet":"max-snippet:-1","max-image-preview":"max-image-preview:large","max-video-preview":"max-video-preview:-1"},"canonical":"https:\/\/depeches241.com\/?p=30189","og_locale":"fr_FR","og_type":"article","og_title":"Adrien Nguema Mba et le mutisme sur la r\u00e9gularisation des Partis politiques: caporaliser l'\u00c9tat par le silence ? - Groupe D\u00e9p\u00eaches241","og_description":"Depuis le 27 juin dernier, date de cl\u00f4ture du d\u00e9p\u00f4t des dossiers de r\u00e9gularisation des partis politiques, un silence pesant s'est abattu sur le Minist\u00e8re de l'Int\u00e9rieur. Sur 102 formations politiques l\u00e9galement reconnues, 69 avaient d\u00e9pos\u00e9 leur dossier d\u00e9but juillet, selon un communiqu\u00e9 gouvernemental. Deux mois plus tard, aucune liste d\u00e9finitive n'a \u00e9t\u00e9 rendue publique, et le landerneau politique gabonais retient son souffle, suspendu \u00e0 une d\u00e9cision qui tarde \u00e0 venir, ou qui, peut-\u00eatre, ne viendra jamais dans la clart\u00e9 qu'elle devrait avoir.","og_url":"https:\/\/depeches241.com\/?p=30189","og_site_name":"Groupe D\u00e9p\u00eaches241","article_publisher":"https:\/\/www.facebook.com\/depeches241","article_published_time":"2026-09-02T21:53:52+00:00","article_modified_time":"2026-09-02T21:53:53+00:00","og_image":[{"width":1080,"height":459,"url":"http:\/\/depeches241.com\/wp-content\/uploads\/2026\/09\/35513548-657a-4dd3-8e79-f9192dad60ea.jpeg","type":"image\/jpeg"}],"author":"Florant Yinda","twitter_card":"summary_large_image","twitter_misc":{"\u00c9crit par":"Florant Yinda","Dur\u00e9e de lecture estim\u00e9e":"4 minutes"},"schema":{"@context":"https:\/\/schema.org","@graph":[{"@type":"Article","@id":"https:\/\/depeches241.com\/?p=30189#article","isPartOf":{"@id":"https:\/\/depeches241.com\/?p=30189"},"author":{"name":"Florant Yinda","@id":"https:\/\/depeches241.com\/#\/schema\/person\/37b1d864cb5b1c898f021c1ea6415cc4"},"headline":"Adrien Nguema Mba et le mutisme sur la r\u00e9gularisation des Partis politiques: caporaliser l&rsquo;\u00c9tat par le silence ?","datePublished":"2026-09-02T21:53:52+00:00","dateModified":"2026-09-02T21:53:53+00:00","mainEntityOfPage":{"@id":"https:\/\/depeches241.com\/?p=30189"},"wordCount":863,"commentCount":0,"publisher":{"@id":"https:\/\/depeches241.com\/#organization"},"image":{"@id":"https:\/\/depeches241.com\/?p=30189#primaryimage"},"thumbnailUrl":"https:\/\/depeches241.com\/wp-content\/uploads\/2026\/09\/35513548-657a-4dd3-8e79-f9192dad60ea.jpeg","keywords":["Caporalisation","D\u00e9mocratie","depeches241","Gabon","Parti Politique","Politique","r\u00e9gularisation"],"articleSection":["PARTIS POLITIQUES","POLITIQUE","Une1"],"inLanguage":"fr-FR","potentialAction":[{"@type":"CommentAction","name":"Comment","target":["https:\/\/depeches241.com\/?p=30189#respond"]}]},{"@type":"WebPage","@id":"https:\/\/depeches241.com\/?p=30189","url":"https:\/\/depeches241.com\/?p=30189","name":"Adrien Nguema Mba et le mutisme sur la r\u00e9gularisation des Partis politiques: caporaliser l'\u00c9tat par le silence ? - Groupe D\u00e9p\u00eaches241","isPartOf":{"@id":"https:\/\/depeches241.com\/#website"},"primaryImageOfPage":{"@id":"https:\/\/depeches241.com\/?p=30189#primaryimage"},"image":{"@id":"https:\/\/depeches241.com\/?p=30189#primaryimage"},"thumbnailUrl":"https:\/\/depeches241.com\/wp-content\/uploads\/2026\/09\/35513548-657a-4dd3-8e79-f9192dad60ea.jpeg","datePublished":"2026-09-02T21:53:52+00:00","dateModified":"2026-09-02T21:53:53+00:00","description":"Depuis le 27 juin dernier, date de cl\u00f4ture du d\u00e9p\u00f4t des dossiers de r\u00e9gularisation des partis politiques, un silence pesant s'est abattu sur le Minist\u00e8re de l'Int\u00e9rieur. Sur 102 formations politiques l\u00e9galement reconnues, 69 avaient d\u00e9pos\u00e9 leur dossier d\u00e9but juillet, selon un communiqu\u00e9 gouvernemental. Deux mois plus tard, aucune liste d\u00e9finitive n'a \u00e9t\u00e9 rendue publique, et le landerneau politique gabonais retient son souffle, suspendu \u00e0 une d\u00e9cision qui tarde \u00e0 venir, ou qui, peut-\u00eatre, ne viendra jamais dans la clart\u00e9 qu'elle devrait avoir.","breadcrumb":{"@id":"https:\/\/depeches241.com\/?p=30189#breadcrumb"},"inLanguage":"fr-FR","potentialAction":[{"@type":"ReadAction","target":["https:\/\/depeches241.com\/?p=30189"]}]},{"@type":"ImageObject","inLanguage":"fr-FR","@id":"https:\/\/depeches241.com\/?p=30189#primaryimage","url":"https:\/\/depeches241.com\/wp-content\/uploads\/2026\/09\/35513548-657a-4dd3-8e79-f9192dad60ea.jpeg","contentUrl":"https:\/\/depeches241.com\/wp-content\/uploads\/2026\/09\/35513548-657a-4dd3-8e79-f9192dad60ea.jpeg","width":1080,"height":459},{"@type":"BreadcrumbList","@id":"https:\/\/depeches241.com\/?p=30189#breadcrumb","itemListElement":[{"@type":"ListItem","position":1,"name":"Accueil","item":"https:\/\/depeches241.com\/"},{"@type":"ListItem","position":2,"name":"Adrien Nguema Mba et le mutisme sur la r\u00e9gularisation des Partis politiques: caporaliser l&rsquo;\u00c9tat par le silence ?"}]},{"@type":"WebSite","@id":"https:\/\/depeches241.com\/#website","url":"https:\/\/depeches241.com\/","name":"D\u00e9p\u00eaches241","description":"M\u00e9dia d&#039;actualit\u00e9 Politique, \u00c9conomique, Sociale et Internationale","publisher":{"@id":"https:\/\/depeches241.com\/#organization"},"potentialAction":[{"@type":"SearchAction","target":{"@type":"EntryPoint","urlTemplate":"https:\/\/depeches241.com\/?s={search_term_string}"},"query-input":{"@type":"PropertyValueSpecification","valueRequired":true,"valueName":"search_term_string"}}],"inLanguage":"fr-FR"},{"@type":"Organization","@id":"https:\/\/depeches241.com\/#organization","name":"Groupe D\u00e9p\u00eaches241","url":"https:\/\/depeches241.com\/","logo":{"@type":"ImageObject","inLanguage":"fr-FR","@id":"https:\/\/depeches241.com\/#\/schema\/logo\/image\/","url":"https:\/\/depeches241.com\/wp-content\/uploads\/2021\/10\/cropped-Logo-new-Accueil.png","contentUrl":"https:\/\/depeches241.com\/wp-content\/uploads\/2021\/10\/cropped-Logo-new-Accueil.png","width":320,"height":105,"caption":"Groupe D\u00e9p\u00eaches241"},"image":{"@id":"https:\/\/depeches241.com\/#\/schema\/logo\/image\/"},"sameAs":["https:\/\/www.facebook.com\/depeches241"]},{"@type":"Person","@id":"https:\/\/depeches241.com\/#\/schema\/person\/37b1d864cb5b1c898f021c1ea6415cc4","name":"Florant Yinda","image":{"@type":"ImageObject","inLanguage":"fr-FR","@id":"https:\/\/secure.gravatar.com\/avatar\/3876d60934898c52a135f8b24ae4c866008e45f217ff9944bd13733e3a656bc0?s=96&d=mm&r=g","url":"https:\/\/secure.gravatar.com\/avatar\/3876d60934898c52a135f8b24ae4c866008e45f217ff9944bd13733e3a656bc0?s=96&d=mm&r=g","contentUrl":"https:\/\/secure.gravatar.com\/avatar\/3876d60934898c52a135f8b24ae4c866008e45f217ff9944bd13733e3a656bc0?s=96&d=mm&r=g","caption":"Florant Yinda"},"url":"https:\/\/depeches241.com\/?author=22"}]}},"_links":{"self":[{"href":"https:\/\/depeches241.com\/index.php?rest_route=\/wp\/v2\/posts\/30189","targetHints":{"allow":["GET"]}}],"collection":[{"href":"https:\/\/depeches241.com\/index.php?rest_route=\/wp\/v2\/posts"}],"about":[{"href":"https:\/\/depeches241.com\/index.php?rest_route=\/wp\/v2\/types\/post"}],"author":[{"embeddable":true,"href":"https:\/\/depeches241.com\/index.php?rest_route=\/wp\/v2\/users\/22"}],"replies":[{"embeddable":true,"href":"https:\/\/depeches241.com\/index.php?rest_route=%2Fwp%2Fv2%2Fcomments&post=30189"}],"version-history":[{"count":1,"href":"https:\/\/depeches241.com\/index.php?rest_route=\/wp\/v2\/posts\/30189\/revisions"}],"predecessor-version":[{"id":30191,"href":"https:\/\/depeches241.com\/index.php?rest_route=\/wp\/v2\/posts\/30189\/revisions\/30191"}],"wp:featuredmedia":[{"embeddable":true,"href":"https:\/\/depeches241.com\/index.php?rest_route=\/wp\/v2\/media\/30190"}],"wp:attachment":[{"href":"https:\/\/depeches241.com\/index.php?rest_route=%2Fwp%2Fv2%2Fmedia&parent=30189"}],"wp:term":[{"taxonomy":"category","embeddable":true,"href":"https:\/\/depeches241.com\/index.php?rest_route=%2Fwp%2Fv2%2Fcategories&post=30189"},{"taxonomy":"post_tag","embeddable":true,"href":"https:\/\/depeches241.com\/index.php?rest_route=%2Fwp%2Fv2%2Ftags&post=30189"}],"curies":[{"name":"wp","href":"https:\/\/api.w.org\/{rel}","templated":true}]}}