{"id":30192,"date":"2026-09-03T12:45:24","date_gmt":"2026-09-03T10:45:24","guid":{"rendered":"https:\/\/depeches241.com\/?p=30192"},"modified":"2026-09-03T13:41:42","modified_gmt":"2026-09-03T11:41:42","slug":"gabon-souverainete-economique-en-2025-responsabilite-financiere-en-2026-le-discours-presidentiel-change-de-priorite","status":"publish","type":"post","link":"https:\/\/depeches241.com\/?p=30192","title":{"rendered":"Gabon : souverainet\u00e9 \u00e9conomique en 2025, responsabilit\u00e9 financi\u00e8re en 2026, le discours pr\u00e9sidentiel change de priorit\u00e9"},"content":{"rendered":"\n<figure class=\"wp-block-image size-large\"><img loading=\"lazy\" decoding=\"async\" width=\"1024\" height=\"400\" src=\"https:\/\/depeches241.com\/wp-content\/uploads\/2026\/09\/12257c2a-f0f9-4459-b886-a2b4cd115115-1024x400.jpeg\" alt=\"\" class=\"wp-image-30193\" srcset=\"https:\/\/depeches241.com\/wp-content\/uploads\/2026\/09\/12257c2a-f0f9-4459-b886-a2b4cd115115-1024x400.jpeg 1024w, https:\/\/depeches241.com\/wp-content\/uploads\/2026\/09\/12257c2a-f0f9-4459-b886-a2b4cd115115-300x117.jpeg 300w, https:\/\/depeches241.com\/wp-content\/uploads\/2026\/09\/12257c2a-f0f9-4459-b886-a2b4cd115115-768x300.jpeg 768w, https:\/\/depeches241.com\/wp-content\/uploads\/2026\/09\/12257c2a-f0f9-4459-b886-a2b4cd115115.jpeg 1080w\" sizes=\"auto, (max-width: 1024px) 100vw, 1024px\" \/><figcaption class=\"wp-element-caption\"><strong><em>En 2025 et 2026, Oligui Ngu\u00e9ma a chang\u00e9 ses priorit\u00e9s, signe d\u2019un changement de paradigme ou incapacit\u00e9 \u00e0 impl\u00e9menter une vision <\/em><\/strong><em><strong>\u00a9<\/strong>&nbsp;D\u00e9p\u00eaches 241<\/em><\/figcaption><\/figure>\n\n\n\n<p class=\"wp-block-paragraph\"><strong>Libreville, le 2 septembre 2026 &#8211; (D\u00e9p\u00eaches 241). \u00c0 un an d&rsquo;intervalle, deux expressions permettent de mesurer l&rsquo;\u00e9volution du discours \u00e9conomique de Brice Clotaire Oligui Nguema. En 2025 :<\/strong> <strong><em>\u00ab souverainet\u00e9 \u00e9conomique \u00bb<\/em><\/strong><strong>. En 2026 : \u00ab chaque franc \u00bb doit \u00eatre retrac\u00e9 et utilis\u00e9 avec rigueur. La premi\u00e8re formule d\u00e9signe une ambition nationale, la seconde traduit une pr\u00e9occupation beaucoup plus op\u00e9rationnelle. Apr\u00e8s avoir expliqu\u00e9 ce que le Gabon voulait reconqu\u00e9rir, le pr\u00e9sident commence \u00e0 demander comment l&rsquo;\u00c9tat g\u00e8re ce qu&rsquo;il poss\u00e8de d\u00e9j\u00e0.<\/strong><\/p>\n\n\n\n<p class=\"has-drop-cap wp-block-paragraph\">En ao\u00fbt 2025, le diagnostic \u00e9tait tourn\u00e9 vers l&rsquo;ext\u00e9rieur : exporter des mati\u00e8res premi\u00e8res sans suffisamment les transformer maintenait le pays dans une forme de d\u00e9pendance. Oligui Nguema promettait donc de d\u00e9placer le Gabon vers l&rsquo;aval des cha\u00eenes de valeur, meubles, carburants raffin\u00e9s, alliages, bijoux, chocolat, carreaux ou engrais. L&rsquo;ind\u00e9pendance politique, affirmait-il en substance, resterait incompl\u00e8te sans ind\u00e9pendance \u00e9conomique.<\/p>\n\n\n\n<p class=\"wp-block-paragraph\">\u00c0 Makokou, un an plus tard, le diagnostic regarde davantage vers l&rsquo;int\u00e9rieur. Le pr\u00e9sident s&rsquo;inqui\u00e8te des recettes des \u00e9tablissements sanitaires, des irr\u00e9gularit\u00e9s dans la Fonction publique et des entrepreneurs qui ne remboursent pas leurs cr\u00e9dits. M\u00eame le soutien exceptionnel de 55 milliards de FCFA annonc\u00e9 pour la sant\u00e9 est assorti d&rsquo;une demande explicite d&rsquo;am\u00e9lioration de la qualit\u00e9 du service.<\/p>\n\n\n\n<p class=\"wp-block-paragraph\">Il ne s&rsquo;agit pas n\u00e9cessairement d&rsquo;un abandon de la strat\u00e9gie industrielle. Dans le mangan\u00e8se, le calendrier de transformation locale reste fix\u00e9 \u00e0 2029 et les projets industriels continuent d&rsquo;avancer. Mais l&rsquo;exp\u00e9rience de la mise en \u0153uvre semble d\u00e9placer l&rsquo;attention pr\u00e9sidentielle vers la qualit\u00e9 des institutions, le contr\u00f4le des ressources et la responsabilit\u00e9 de ceux qui b\u00e9n\u00e9ficient de l&rsquo;intervention publique.<\/p>\n\n\n\n<p class=\"wp-block-paragraph\">C&rsquo;est peut-\u00eatre le principal enseignement \u00e9conomique des deux discours. La souverainet\u00e9 \u00e9tait pr\u00e9sent\u00e9e en 2025 comme la capacit\u00e9 du Gabon \u00e0 ma\u00eetriser ses ressources. En 2026 appara\u00eet une d\u00e9finition plus exigeante : encore faut-il savoir administrer les ressources ainsi r\u00e9cup\u00e9r\u00e9es. Apr\u00e8s le temps de la reconqu\u00eate, le pouvoir entre progressivement dans celui, beaucoup moins confortable, de la reddition des comptes, en attendant probablement celui du retour \u00e0 la r\u00e9alit\u00e9.<\/p>\n\n\n\n<p class=\"wp-block-paragraph\"><\/p>\n","protected":false},"excerpt":{"rendered":"<p>Libreville, le 2 septembre 2026 &#8211; (D\u00e9p\u00eaches 241). \u00c0 un an d&rsquo;intervalle, deux expressions permettent de mesurer l&rsquo;\u00e9volution du discours \u00e9conomique de Brice Clotaire Oligui Nguema. En 2025 : \u00ab souverainet\u00e9 \u00e9conomique \u00bb. En 2026 : \u00ab chaque franc \u00bb doit \u00eatre retrac\u00e9 et utilis\u00e9 avec rigueur. La premi\u00e8re formule [&hellip;]<\/p>\n","protected":false},"author":18,"featured_media":30193,"comment_status":"open","ping_status":"open","sticky":false,"template":"","format":"standard","meta":{"om_disable_all_campaigns":false,"footnotes":""},"categories":[4,116],"tags":[99,141,59,4416,4829,6251],"class_list":["post-30192","post","type-post","status-publish","format-standard","has-post-thumbnail","category-economie","category-une1","tag-depeches241","tag-economie","tag-gabon","tag-oligui-nguema-2","tag-souverainete-economique","tag-souverainete-financiere"],"yoast_head":"<!-- This site is optimized with the Yoast SEO plugin v28.4 - https:\/\/yoast.com\/product\/yoast-seo-wordpress\/ -->\n<title>Gabon : souverainet\u00e9 \u00e9conomique en 2025, responsabilit\u00e9 financi\u00e8re en 2026, le discours pr\u00e9sidentiel change de priorit\u00e9 - Groupe D\u00e9p\u00eaches241<\/title>\n<meta name=\"description\" content=\"\u00c0 un an d&#039;intervalle, deux expressions permettent de mesurer l&#039;\u00e9volution du discours \u00e9conomique de Brice Clotaire Oligui Nguema. En 2025 : \u00ab souverainet\u00e9 \u00e9conomique \u00bb. En 2026 : \u00ab chaque franc \u00bb doit \u00eatre retrac\u00e9 et utilis\u00e9 avec rigueur. La premi\u00e8re formule d\u00e9signe une ambition nationale, la seconde traduit une pr\u00e9occupation beaucoup plus op\u00e9rationnelle. Apr\u00e8s avoir expliqu\u00e9 ce que le Gabon voulait reconqu\u00e9rir, le pr\u00e9sident commence \u00e0 demander comment l&#039;\u00c9tat g\u00e8re ce qu&#039;il poss\u00e8de d\u00e9j\u00e0.\" \/>\n<meta name=\"robots\" content=\"index, follow, max-snippet:-1, max-image-preview:large, max-video-preview:-1\" \/>\n<link rel=\"canonical\" href=\"https:\/\/depeches241.com\/?p=30192\" \/>\n<meta property=\"og:locale\" content=\"fr_FR\" \/>\n<meta property=\"og:type\" content=\"article\" \/>\n<meta property=\"og:title\" content=\"Gabon : souverainet\u00e9 \u00e9conomique en 2025, responsabilit\u00e9 financi\u00e8re en 2026, le discours pr\u00e9sidentiel change de priorit\u00e9 - Groupe D\u00e9p\u00eaches241\" \/>\n<meta property=\"og:description\" content=\"\u00c0 un an d&#039;intervalle, deux expressions permettent de mesurer l&#039;\u00e9volution du discours \u00e9conomique de Brice Clotaire Oligui Nguema. En 2025 : \u00ab souverainet\u00e9 \u00e9conomique \u00bb. En 2026 : \u00ab chaque franc \u00bb doit \u00eatre retrac\u00e9 et utilis\u00e9 avec rigueur. La premi\u00e8re formule d\u00e9signe une ambition nationale, la seconde traduit une pr\u00e9occupation beaucoup plus op\u00e9rationnelle. Apr\u00e8s avoir expliqu\u00e9 ce que le Gabon voulait reconqu\u00e9rir, le pr\u00e9sident commence \u00e0 demander comment l&#039;\u00c9tat g\u00e8re ce qu&#039;il poss\u00e8de d\u00e9j\u00e0.\" \/>\n<meta property=\"og:url\" content=\"https:\/\/depeches241.com\/?p=30192\" \/>\n<meta property=\"og:site_name\" content=\"Groupe D\u00e9p\u00eaches241\" \/>\n<meta property=\"article:publisher\" content=\"https:\/\/www.facebook.com\/depeches241\" \/>\n<meta property=\"article:published_time\" content=\"2026-09-03T10:45:24+00:00\" \/>\n<meta property=\"article:modified_time\" content=\"2026-09-03T11:41:42+00:00\" \/>\n<meta property=\"og:image\" content=\"http:\/\/depeches241.com\/wp-content\/uploads\/2026\/09\/12257c2a-f0f9-4459-b886-a2b4cd115115.jpeg\" \/>\n\t<meta property=\"og:image:width\" content=\"1080\" \/>\n\t<meta property=\"og:image:height\" content=\"422\" \/>\n\t<meta property=\"og:image:type\" content=\"image\/jpeg\" \/>\n<meta name=\"author\" content=\"Fabien BIBANG\" \/>\n<meta name=\"twitter:card\" content=\"summary_large_image\" \/>\n<meta name=\"twitter:label1\" content=\"\u00c9crit par\" \/>\n\t<meta name=\"twitter:data1\" content=\"Fabien BIBANG\" \/>\n\t<meta name=\"twitter:label2\" content=\"Dur\u00e9e de lecture estim\u00e9e\" \/>\n\t<meta name=\"twitter:data2\" content=\"2 minutes\" \/>\n<script type=\"application\/ld+json\" class=\"yoast-schema-graph\">{\"@context\":\"https:\\\/\\\/schema.org\",\"@graph\":[{\"@type\":\"Article\",\"@id\":\"https:\\\/\\\/depeches241.com\\\/?p=30192#article\",\"isPartOf\":{\"@id\":\"https:\\\/\\\/depeches241.com\\\/?p=30192\"},\"author\":{\"name\":\"Fabien BIBANG\",\"@id\":\"https:\\\/\\\/depeches241.com\\\/#\\\/schema\\\/person\\\/1901eab6e51ac627fab3abccbd181d4e\"},\"headline\":\"Gabon : souverainet\u00e9 \u00e9conomique en 2025, responsabilit\u00e9 financi\u00e8re en 2026, le discours pr\u00e9sidentiel change de priorit\u00e9\",\"datePublished\":\"2026-09-03T10:45:24+00:00\",\"dateModified\":\"2026-09-03T11:41:42+00:00\",\"mainEntityOfPage\":{\"@id\":\"https:\\\/\\\/depeches241.com\\\/?p=30192\"},\"wordCount\":416,\"commentCount\":0,\"publisher\":{\"@id\":\"https:\\\/\\\/depeches241.com\\\/#organization\"},\"image\":{\"@id\":\"https:\\\/\\\/depeches241.com\\\/?p=30192#primaryimage\"},\"thumbnailUrl\":\"https:\\\/\\\/depeches241.com\\\/wp-content\\\/uploads\\\/2026\\\/09\\\/12257c2a-f0f9-4459-b886-a2b4cd115115.jpeg\",\"keywords\":[\"depeches241\",\"Economie\",\"Gabon\",\"Oligui Ngu\u00e9ma\",\"souverainet\u00e9 \u00e9conomique\",\"Souverainet\u00e9 financi\u00e8re\"],\"articleSection\":[\"ECONOMIE\",\"Une1\"],\"inLanguage\":\"fr-FR\",\"potentialAction\":[{\"@type\":\"CommentAction\",\"name\":\"Comment\",\"target\":[\"https:\\\/\\\/depeches241.com\\\/?p=30192#respond\"]}]},{\"@type\":\"WebPage\",\"@id\":\"https:\\\/\\\/depeches241.com\\\/?p=30192\",\"url\":\"https:\\\/\\\/depeches241.com\\\/?p=30192\",\"name\":\"Gabon : souverainet\u00e9 \u00e9conomique en 2025, responsabilit\u00e9 financi\u00e8re en 2026, le discours pr\u00e9sidentiel change de priorit\u00e9 - Groupe D\u00e9p\u00eaches241\",\"isPartOf\":{\"@id\":\"https:\\\/\\\/depeches241.com\\\/#website\"},\"primaryImageOfPage\":{\"@id\":\"https:\\\/\\\/depeches241.com\\\/?p=30192#primaryimage\"},\"image\":{\"@id\":\"https:\\\/\\\/depeches241.com\\\/?p=30192#primaryimage\"},\"thumbnailUrl\":\"https:\\\/\\\/depeches241.com\\\/wp-content\\\/uploads\\\/2026\\\/09\\\/12257c2a-f0f9-4459-b886-a2b4cd115115.jpeg\",\"datePublished\":\"2026-09-03T10:45:24+00:00\",\"dateModified\":\"2026-09-03T11:41:42+00:00\",\"description\":\"\u00c0 un an d'intervalle, deux expressions permettent de mesurer l'\u00e9volution du discours \u00e9conomique de Brice Clotaire Oligui Nguema. En 2025 : \u00ab souverainet\u00e9 \u00e9conomique \u00bb. En 2026 : \u00ab chaque franc \u00bb doit \u00eatre retrac\u00e9 et utilis\u00e9 avec rigueur. La premi\u00e8re formule d\u00e9signe une ambition nationale, la seconde traduit une pr\u00e9occupation beaucoup plus op\u00e9rationnelle. Apr\u00e8s avoir expliqu\u00e9 ce que le Gabon voulait reconqu\u00e9rir, le pr\u00e9sident commence \u00e0 demander comment l'\u00c9tat g\u00e8re ce qu'il poss\u00e8de d\u00e9j\u00e0.\",\"breadcrumb\":{\"@id\":\"https:\\\/\\\/depeches241.com\\\/?p=30192#breadcrumb\"},\"inLanguage\":\"fr-FR\",\"potentialAction\":[{\"@type\":\"ReadAction\",\"target\":[\"https:\\\/\\\/depeches241.com\\\/?p=30192\"]}]},{\"@type\":\"ImageObject\",\"inLanguage\":\"fr-FR\",\"@id\":\"https:\\\/\\\/depeches241.com\\\/?p=30192#primaryimage\",\"url\":\"https:\\\/\\\/depeches241.com\\\/wp-content\\\/uploads\\\/2026\\\/09\\\/12257c2a-f0f9-4459-b886-a2b4cd115115.jpeg\",\"contentUrl\":\"https:\\\/\\\/depeches241.com\\\/wp-content\\\/uploads\\\/2026\\\/09\\\/12257c2a-f0f9-4459-b886-a2b4cd115115.jpeg\",\"width\":1080,\"height\":422},{\"@type\":\"BreadcrumbList\",\"@id\":\"https:\\\/\\\/depeches241.com\\\/?p=30192#breadcrumb\",\"itemListElement\":[{\"@type\":\"ListItem\",\"position\":1,\"name\":\"Accueil\",\"item\":\"https:\\\/\\\/depeches241.com\\\/\"},{\"@type\":\"ListItem\",\"position\":2,\"name\":\"Gabon : souverainet\u00e9 \u00e9conomique en 2025, responsabilit\u00e9 financi\u00e8re en 2026, le discours pr\u00e9sidentiel change de priorit\u00e9\"}]},{\"@type\":\"WebSite\",\"@id\":\"https:\\\/\\\/depeches241.com\\\/#website\",\"url\":\"https:\\\/\\\/depeches241.com\\\/\",\"name\":\"D\u00e9p\u00eaches241\",\"description\":\"M\u00e9dia d&#039;actualit\u00e9 Politique, \u00c9conomique, Sociale et Internationale\",\"publisher\":{\"@id\":\"https:\\\/\\\/depeches241.com\\\/#organization\"},\"potentialAction\":[{\"@type\":\"SearchAction\",\"target\":{\"@type\":\"EntryPoint\",\"urlTemplate\":\"https:\\\/\\\/depeches241.com\\\/?s={search_term_string}\"},\"query-input\":{\"@type\":\"PropertyValueSpecification\",\"valueRequired\":true,\"valueName\":\"search_term_string\"}}],\"inLanguage\":\"fr-FR\"},{\"@type\":\"Organization\",\"@id\":\"https:\\\/\\\/depeches241.com\\\/#organization\",\"name\":\"Groupe D\u00e9p\u00eaches241\",\"url\":\"https:\\\/\\\/depeches241.com\\\/\",\"logo\":{\"@type\":\"ImageObject\",\"inLanguage\":\"fr-FR\",\"@id\":\"https:\\\/\\\/depeches241.com\\\/#\\\/schema\\\/logo\\\/image\\\/\",\"url\":\"https:\\\/\\\/depeches241.com\\\/wp-content\\\/uploads\\\/2021\\\/10\\\/cropped-Logo-new-Accueil.png\",\"contentUrl\":\"https:\\\/\\\/depeches241.com\\\/wp-content\\\/uploads\\\/2021\\\/10\\\/cropped-Logo-new-Accueil.png\",\"width\":320,\"height\":105,\"caption\":\"Groupe D\u00e9p\u00eaches241\"},\"image\":{\"@id\":\"https:\\\/\\\/depeches241.com\\\/#\\\/schema\\\/logo\\\/image\\\/\"},\"sameAs\":[\"https:\\\/\\\/www.facebook.com\\\/depeches241\"]},{\"@type\":\"Person\",\"@id\":\"https:\\\/\\\/depeches241.com\\\/#\\\/schema\\\/person\\\/1901eab6e51ac627fab3abccbd181d4e\",\"name\":\"Fabien BIBANG\",\"image\":{\"@type\":\"ImageObject\",\"inLanguage\":\"fr-FR\",\"@id\":\"https:\\\/\\\/secure.gravatar.com\\\/avatar\\\/18bb838415fc126d966f8ac8e32711b2843c5ba6e35a2e6699a14ef69705dc76?s=96&d=mm&r=g\",\"url\":\"https:\\\/\\\/secure.gravatar.com\\\/avatar\\\/18bb838415fc126d966f8ac8e32711b2843c5ba6e35a2e6699a14ef69705dc76?s=96&d=mm&r=g\",\"contentUrl\":\"https:\\\/\\\/secure.gravatar.com\\\/avatar\\\/18bb838415fc126d966f8ac8e32711b2843c5ba6e35a2e6699a14ef69705dc76?s=96&d=mm&r=g\",\"caption\":\"Fabien BIBANG\"},\"description\":\"Fabien BIBANG est dipl\u00f6m\u00e9 en Philosophie et Lettres. Son amour pour la lecture, l'histoire et les arts, ainsi que son engagement sur le front social l'ont tr\u00e8s t\u00f4t conduit sur les antennes des cha\u00eenes de t\u00e9l\u00e9s et radios pour y d\u00e9fendre ses postures. Sp\u00e9cialiste des questions socio-politiques, il re\u00e7oit le Prix Encouragements au Concours M\u00e9dias UNICEF en novembre 2022\",\"url\":\"https:\\\/\\\/depeches241.com\\\/?author=18\"}]}<\/script>\n<!-- \/ Yoast SEO plugin. -->","yoast_head_json":{"title":"Gabon : souverainet\u00e9 \u00e9conomique en 2025, responsabilit\u00e9 financi\u00e8re en 2026, le discours pr\u00e9sidentiel change de priorit\u00e9 - Groupe D\u00e9p\u00eaches241","description":"\u00c0 un an d'intervalle, deux expressions permettent de mesurer l'\u00e9volution du discours \u00e9conomique de Brice Clotaire Oligui Nguema. En 2025 : \u00ab souverainet\u00e9 \u00e9conomique \u00bb. En 2026 : \u00ab chaque franc \u00bb doit \u00eatre retrac\u00e9 et utilis\u00e9 avec rigueur. La premi\u00e8re formule d\u00e9signe une ambition nationale, la seconde traduit une pr\u00e9occupation beaucoup plus op\u00e9rationnelle. Apr\u00e8s avoir expliqu\u00e9 ce que le Gabon voulait reconqu\u00e9rir, le pr\u00e9sident commence \u00e0 demander comment l'\u00c9tat g\u00e8re ce qu'il poss\u00e8de d\u00e9j\u00e0.","robots":{"index":"index","follow":"follow","max-snippet":"max-snippet:-1","max-image-preview":"max-image-preview:large","max-video-preview":"max-video-preview:-1"},"canonical":"https:\/\/depeches241.com\/?p=30192","og_locale":"fr_FR","og_type":"article","og_title":"Gabon : souverainet\u00e9 \u00e9conomique en 2025, responsabilit\u00e9 financi\u00e8re en 2026, le discours pr\u00e9sidentiel change de priorit\u00e9 - Groupe D\u00e9p\u00eaches241","og_description":"\u00c0 un an d'intervalle, deux expressions permettent de mesurer l'\u00e9volution du discours \u00e9conomique de Brice Clotaire Oligui Nguema. En 2025 : \u00ab souverainet\u00e9 \u00e9conomique \u00bb. En 2026 : \u00ab chaque franc \u00bb doit \u00eatre retrac\u00e9 et utilis\u00e9 avec rigueur. La premi\u00e8re formule d\u00e9signe une ambition nationale, la seconde traduit une pr\u00e9occupation beaucoup plus op\u00e9rationnelle. Apr\u00e8s avoir expliqu\u00e9 ce que le Gabon voulait reconqu\u00e9rir, le pr\u00e9sident commence \u00e0 demander comment l'\u00c9tat g\u00e8re ce qu'il poss\u00e8de d\u00e9j\u00e0.","og_url":"https:\/\/depeches241.com\/?p=30192","og_site_name":"Groupe D\u00e9p\u00eaches241","article_publisher":"https:\/\/www.facebook.com\/depeches241","article_published_time":"2026-09-03T10:45:24+00:00","article_modified_time":"2026-09-03T11:41:42+00:00","og_image":[{"width":1080,"height":422,"url":"http:\/\/depeches241.com\/wp-content\/uploads\/2026\/09\/12257c2a-f0f9-4459-b886-a2b4cd115115.jpeg","type":"image\/jpeg"}],"author":"Fabien BIBANG","twitter_card":"summary_large_image","twitter_misc":{"\u00c9crit par":"Fabien BIBANG","Dur\u00e9e de lecture estim\u00e9e":"2 minutes"},"schema":{"@context":"https:\/\/schema.org","@graph":[{"@type":"Article","@id":"https:\/\/depeches241.com\/?p=30192#article","isPartOf":{"@id":"https:\/\/depeches241.com\/?p=30192"},"author":{"name":"Fabien BIBANG","@id":"https:\/\/depeches241.com\/#\/schema\/person\/1901eab6e51ac627fab3abccbd181d4e"},"headline":"Gabon : souverainet\u00e9 \u00e9conomique en 2025, responsabilit\u00e9 financi\u00e8re en 2026, le discours pr\u00e9sidentiel change de priorit\u00e9","datePublished":"2026-09-03T10:45:24+00:00","dateModified":"2026-09-03T11:41:42+00:00","mainEntityOfPage":{"@id":"https:\/\/depeches241.com\/?p=30192"},"wordCount":416,"commentCount":0,"publisher":{"@id":"https:\/\/depeches241.com\/#organization"},"image":{"@id":"https:\/\/depeches241.com\/?p=30192#primaryimage"},"thumbnailUrl":"https:\/\/depeches241.com\/wp-content\/uploads\/2026\/09\/12257c2a-f0f9-4459-b886-a2b4cd115115.jpeg","keywords":["depeches241","Economie","Gabon","Oligui Ngu\u00e9ma","souverainet\u00e9 \u00e9conomique","Souverainet\u00e9 financi\u00e8re"],"articleSection":["ECONOMIE","Une1"],"inLanguage":"fr-FR","potentialAction":[{"@type":"CommentAction","name":"Comment","target":["https:\/\/depeches241.com\/?p=30192#respond"]}]},{"@type":"WebPage","@id":"https:\/\/depeches241.com\/?p=30192","url":"https:\/\/depeches241.com\/?p=30192","name":"Gabon : souverainet\u00e9 \u00e9conomique en 2025, responsabilit\u00e9 financi\u00e8re en 2026, le discours pr\u00e9sidentiel change de priorit\u00e9 - Groupe D\u00e9p\u00eaches241","isPartOf":{"@id":"https:\/\/depeches241.com\/#website"},"primaryImageOfPage":{"@id":"https:\/\/depeches241.com\/?p=30192#primaryimage"},"image":{"@id":"https:\/\/depeches241.com\/?p=30192#primaryimage"},"thumbnailUrl":"https:\/\/depeches241.com\/wp-content\/uploads\/2026\/09\/12257c2a-f0f9-4459-b886-a2b4cd115115.jpeg","datePublished":"2026-09-03T10:45:24+00:00","dateModified":"2026-09-03T11:41:42+00:00","description":"\u00c0 un an d'intervalle, deux expressions permettent de mesurer l'\u00e9volution du discours \u00e9conomique de Brice Clotaire Oligui Nguema. En 2025 : \u00ab souverainet\u00e9 \u00e9conomique \u00bb. En 2026 : \u00ab chaque franc \u00bb doit \u00eatre retrac\u00e9 et utilis\u00e9 avec rigueur. La premi\u00e8re formule d\u00e9signe une ambition nationale, la seconde traduit une pr\u00e9occupation beaucoup plus op\u00e9rationnelle. Apr\u00e8s avoir expliqu\u00e9 ce que le Gabon voulait reconqu\u00e9rir, le pr\u00e9sident commence \u00e0 demander comment l'\u00c9tat g\u00e8re ce qu'il poss\u00e8de d\u00e9j\u00e0.","breadcrumb":{"@id":"https:\/\/depeches241.com\/?p=30192#breadcrumb"},"inLanguage":"fr-FR","potentialAction":[{"@type":"ReadAction","target":["https:\/\/depeches241.com\/?p=30192"]}]},{"@type":"ImageObject","inLanguage":"fr-FR","@id":"https:\/\/depeches241.com\/?p=30192#primaryimage","url":"https:\/\/depeches241.com\/wp-content\/uploads\/2026\/09\/12257c2a-f0f9-4459-b886-a2b4cd115115.jpeg","contentUrl":"https:\/\/depeches241.com\/wp-content\/uploads\/2026\/09\/12257c2a-f0f9-4459-b886-a2b4cd115115.jpeg","width":1080,"height":422},{"@type":"BreadcrumbList","@id":"https:\/\/depeches241.com\/?p=30192#breadcrumb","itemListElement":[{"@type":"ListItem","position":1,"name":"Accueil","item":"https:\/\/depeches241.com\/"},{"@type":"ListItem","position":2,"name":"Gabon : souverainet\u00e9 \u00e9conomique en 2025, responsabilit\u00e9 financi\u00e8re en 2026, le discours pr\u00e9sidentiel change de priorit\u00e9"}]},{"@type":"WebSite","@id":"https:\/\/depeches241.com\/#website","url":"https:\/\/depeches241.com\/","name":"D\u00e9p\u00eaches241","description":"M\u00e9dia d&#039;actualit\u00e9 Politique, \u00c9conomique, Sociale et Internationale","publisher":{"@id":"https:\/\/depeches241.com\/#organization"},"potentialAction":[{"@type":"SearchAction","target":{"@type":"EntryPoint","urlTemplate":"https:\/\/depeches241.com\/?s={search_term_string}"},"query-input":{"@type":"PropertyValueSpecification","valueRequired":true,"valueName":"search_term_string"}}],"inLanguage":"fr-FR"},{"@type":"Organization","@id":"https:\/\/depeches241.com\/#organization","name":"Groupe D\u00e9p\u00eaches241","url":"https:\/\/depeches241.com\/","logo":{"@type":"ImageObject","inLanguage":"fr-FR","@id":"https:\/\/depeches241.com\/#\/schema\/logo\/image\/","url":"https:\/\/depeches241.com\/wp-content\/uploads\/2021\/10\/cropped-Logo-new-Accueil.png","contentUrl":"https:\/\/depeches241.com\/wp-content\/uploads\/2021\/10\/cropped-Logo-new-Accueil.png","width":320,"height":105,"caption":"Groupe D\u00e9p\u00eaches241"},"image":{"@id":"https:\/\/depeches241.com\/#\/schema\/logo\/image\/"},"sameAs":["https:\/\/www.facebook.com\/depeches241"]},{"@type":"Person","@id":"https:\/\/depeches241.com\/#\/schema\/person\/1901eab6e51ac627fab3abccbd181d4e","name":"Fabien BIBANG","image":{"@type":"ImageObject","inLanguage":"fr-FR","@id":"https:\/\/secure.gravatar.com\/avatar\/18bb838415fc126d966f8ac8e32711b2843c5ba6e35a2e6699a14ef69705dc76?s=96&d=mm&r=g","url":"https:\/\/secure.gravatar.com\/avatar\/18bb838415fc126d966f8ac8e32711b2843c5ba6e35a2e6699a14ef69705dc76?s=96&d=mm&r=g","contentUrl":"https:\/\/secure.gravatar.com\/avatar\/18bb838415fc126d966f8ac8e32711b2843c5ba6e35a2e6699a14ef69705dc76?s=96&d=mm&r=g","caption":"Fabien BIBANG"},"description":"Fabien BIBANG est dipl\u00f6m\u00e9 en Philosophie et Lettres. Son amour pour la lecture, l'histoire et les arts, ainsi que son engagement sur le front social l'ont tr\u00e8s t\u00f4t conduit sur les antennes des cha\u00eenes de t\u00e9l\u00e9s et radios pour y d\u00e9fendre ses postures. Sp\u00e9cialiste des questions socio-politiques, il re\u00e7oit le Prix Encouragements au Concours M\u00e9dias UNICEF en novembre 2022","url":"https:\/\/depeches241.com\/?author=18"}]}},"_links":{"self":[{"href":"https:\/\/depeches241.com\/index.php?rest_route=\/wp\/v2\/posts\/30192","targetHints":{"allow":["GET"]}}],"collection":[{"href":"https:\/\/depeches241.com\/index.php?rest_route=\/wp\/v2\/posts"}],"about":[{"href":"https:\/\/depeches241.com\/index.php?rest_route=\/wp\/v2\/types\/post"}],"author":[{"embeddable":true,"href":"https:\/\/depeches241.com\/index.php?rest_route=\/wp\/v2\/users\/18"}],"replies":[{"embeddable":true,"href":"https:\/\/depeches241.com\/index.php?rest_route=%2Fwp%2Fv2%2Fcomments&post=30192"}],"version-history":[{"count":2,"href":"https:\/\/depeches241.com\/index.php?rest_route=\/wp\/v2\/posts\/30192\/revisions"}],"predecessor-version":[{"id":30195,"href":"https:\/\/depeches241.com\/index.php?rest_route=\/wp\/v2\/posts\/30192\/revisions\/30195"}],"wp:featuredmedia":[{"embeddable":true,"href":"https:\/\/depeches241.com\/index.php?rest_route=\/wp\/v2\/media\/30193"}],"wp:attachment":[{"href":"https:\/\/depeches241.com\/index.php?rest_route=%2Fwp%2Fv2%2Fmedia&parent=30192"}],"wp:term":[{"taxonomy":"category","embeddable":true,"href":"https:\/\/depeches241.com\/index.php?rest_route=%2Fwp%2Fv2%2Fcategories&post=30192"},{"taxonomy":"post_tag","embeddable":true,"href":"https:\/\/depeches241.com\/index.php?rest_route=%2Fwp%2Fv2%2Ftags&post=30192"}],"curies":[{"name":"wp","href":"https:\/\/api.w.org\/{rel}","templated":true}]}}