{"id":30206,"date":"2026-09-03T17:24:53","date_gmt":"2026-09-03T15:24:53","guid":{"rendered":"https:\/\/depeches241.com\/?p=30206"},"modified":"2026-09-03T17:24:54","modified_gmt":"2026-09-03T15:24:54","slug":"gabon-emploi-des-jeunes-la-bad-remet-sous-surveillance-un-projet-de-55-milliards-de-fcfa-lance-en-2016","status":"publish","type":"post","link":"https:\/\/depeches241.com\/?p=30206","title":{"rendered":"Gabon: emploi des jeunes, la BAD remet sous surveillance un projet de 55 milliards de FCFA lanc\u00e9 en 2016"},"content":{"rendered":"\n<figure class=\"wp-block-image size-large\"><img loading=\"lazy\" decoding=\"async\" width=\"1024\" height=\"409\" src=\"http:\/\/depeches241.com\/wp-content\/uploads\/2026\/09\/7a133eac-3b2e-40aa-abd7-09f6c64c326a-1024x409.jpeg\" alt=\"\" class=\"wp-image-30208\" srcset=\"https:\/\/depeches241.com\/wp-content\/uploads\/2026\/09\/7a133eac-3b2e-40aa-abd7-09f6c64c326a-1024x409.jpeg 1024w, https:\/\/depeches241.com\/wp-content\/uploads\/2026\/09\/7a133eac-3b2e-40aa-abd7-09f6c64c326a-300x120.jpeg 300w, https:\/\/depeches241.com\/wp-content\/uploads\/2026\/09\/7a133eac-3b2e-40aa-abd7-09f6c64c326a-768x306.jpeg 768w, https:\/\/depeches241.com\/wp-content\/uploads\/2026\/09\/7a133eac-3b2e-40aa-abd7-09f6c64c326a.jpeg 1080w\" sizes=\"auto, (max-width: 1024px) 100vw, 1024px\" \/><figcaption class=\"wp-element-caption\"><strong><em>Le Projet RCEJPS, approuv\u00e9 par la BAD en 2016, toujours actif en 2026 malgr\u00e9 une \u00e9ch\u00e9ance d\u00e9pass\u00e9e depuis plus d\u2019un an<\/em><\/strong> <em>\u00a9 D\u00e9p\u00eaches 241<\/em><\/figcaption><\/figure>\n\n\n\n<p class=\"wp-block-paragraph\"><strong>Libreville, le 3 septembre 2026- (D\u00e9p\u00eaches 241). Pr\u00e8s de dix ans apr\u00e8s son lancement, le Projet de renforcement des capacit\u00e9s pour l\u2019employabilit\u00e9 des jeunes et l\u2019am\u00e9lioration de la protection sociale (RCEJPS) reste ouvert au Gabon. Approuv\u00e9 par la Banque africaine de d\u00e9veloppement (BAD) le 9 d\u00e9cembre 2016, le programme b\u00e9n\u00e9ficie d\u2019un financement de 84,63 millions d\u2019euros, soit environ 55,5 milliards de FCFA. Alors que la BAD le classe toujours parmi ses projets<\/strong> <strong><em>\u00ab en cours \u00bb<\/em><\/strong><strong>, l\u2019\u00c9tat gabonais vient d\u2019engager un nouvel audit portant sur les comptes et les march\u00e9s de l\u2019exercice 2026 et du premier trimestre 2027. Une nouvelle s\u00e9quence de contr\u00f4le pour un programme qui devait renforcer la formation professionnelle, l\u2019insertion des jeunes et la protection sociale.<\/strong><\/p>\n\n\n\n<p class=\"has-drop-cap wp-block-paragraph\">La dur\u00e9e d\u2019ex\u00e9cution interpelle d\u2019autant plus que le RCEJPS affichait encore, au 30 septembre 2024, un taux de d\u00e9caissement de seulement 41,1 %. Sur les 84,63 millions d\u2019euros engag\u00e9s par la BAD, 34,783 millions d\u2019euros, soit environ 22,8 milliards de FCFA, avaient alors \u00e9t\u00e9 d\u00e9caiss\u00e9s. \u00c0 cette date, pr\u00e8s de huit ans apr\u00e8s l\u2019approbation du projet, environ 49,8 millions d\u2019euros, l&rsquo;\u00e9quivalent de 32,7 milliards de FCFA, restaient donc \u00e0 d\u00e9caisser. La revue du portefeuille gabonais r\u00e9alis\u00e9e par la Banque mentionnait alors une date de cl\u00f4ture fix\u00e9e au 31 mars 2025, plus d&rsquo;un an apr\u00e8s cette \u00e9ch\u00e9ance, le projet appara\u00eet pourtant toujours comme \u00ab On Going \u00bb dans la base de donn\u00e9es de l&rsquo;institution.<\/p>\n\n\n\n<p class=\"wp-block-paragraph\">Le bilan physique disponible offre toutefois une image plus contrast\u00e9e qu\u2019un simple retard g\u00e9n\u00e9ralis\u00e9. Les donn\u00e9es publi\u00e9es par la BAD font \u00e9tat de 13 centres de formation professionnelle r\u00e9habilit\u00e9s et \u00e9quip\u00e9s, contre 7 initialement pr\u00e9vus, et d\u2019une moyenne de 1 200 dipl\u00f4m\u00e9s par an, sup\u00e9rieure \u00e0 l\u2019objectif de 1 000. Le taux de r\u00e9ussite aux examens professionnels atteint \u00e9galement l\u2019objectif de 60 %. Mais plusieurs livrables restent indiqu\u00e9s \u00e0 z\u00e9ro, notamment les trois annuaires statistiques pr\u00e9vus pour l\u2019enseignement technique et la formation professionnelle, le dispositif d\u2019extension de l\u2019assurance maladie au secteur informel et aux travailleurs ind\u00e9pendants, ainsi que l\u2019am\u00e9lioration de l\u2019acc\u00e8s des jeunes entrepreneurs au financement. Surtout, la BAD affiche un taux global de mise en \u0153uvre des activit\u00e9s de 65 %, pour une cible de 100 % sur la p\u00e9riode 2016-2026.<\/p>\n\n\n\n<p class=\"wp-block-paragraph\">Le programme continue d\u2019ailleurs de g\u00e9n\u00e9rer des march\u00e9s en 2026. Le 24 avril, un appel d\u2019offres concernait encore des travaux de voiries et r\u00e9seaux divers au lyc\u00e9e technique Agathe Obendze de Franceville et au Centre de formation et de perfectionnement professionnels de Koula-Moutou. Et le 20 ao\u00fbt 2026, la BAD publiait encore un plan simplifi\u00e9 de passation des march\u00e9s du RCEJPS. Autrement dit, pr\u00e8s d\u2019une d\u00e9cennie apr\u00e8s l\u2019approbation du financement, certaines composantes continuent d\u2019\u00eatre ex\u00e9cut\u00e9es et contractualis\u00e9es. Cette long\u00e9vit\u00e9 pose d\u00e9sormais la question du calendrier d\u2019ex\u00e9cution d\u2019un investissement social financ\u00e9 par emprunt, davantage que celle de son seul montant.<\/p>\n\n\n\n<p class=\"wp-block-paragraph\">C\u2019est dans ce contexte que les autorit\u00e9s veulent faire auditer l\u2019exercice 2026 et le premier trimestre 2027. Le contr\u00f4le devra notamment permettre de v\u00e9rifier que les fonds ont \u00e9t\u00e9 utilis\u00e9s conform\u00e9ment \u00e0 l\u2019accord de pr\u00eat et que les r\u00e9alisations physiques correspondent aux d\u00e9caissements effectu\u00e9s.&nbsp; Aucun \u00e9l\u00e9ment du document ne permet, \u00e0 ce stade, de conclure \u00e0 une irr\u00e9gularit\u00e9. Mais pour un projet de 55,5 milliards de FCFA lanc\u00e9 en 2016, encore actif en 2026 et dont le taux d\u2019ex\u00e9cution des activit\u00e9s affich\u00e9 par la BAD n&rsquo;est que de 65 %, la question de fond devient celle du temps n\u00e9cessaire pour transformer les financements disponibles en r\u00e9sultats durables pour l\u2019emploi des jeunes.<\/p>\n","protected":false},"excerpt":{"rendered":"<p>Libreville, le 3 septembre 2026- (D\u00e9p\u00eaches 241). Pr\u00e8s de dix ans apr\u00e8s son lancement, le Projet de renforcement des capacit\u00e9s pour l\u2019employabilit\u00e9 des jeunes et l\u2019am\u00e9lioration de la protection sociale (RCEJPS) reste ouvert au Gabon. Approuv\u00e9 par la Banque africaine de d\u00e9veloppement (BAD) le 9 d\u00e9cembre 2016, le programme b\u00e9n\u00e9ficie [&hellip;]<\/p>\n","protected":false},"author":18,"featured_media":30208,"comment_status":"open","ping_status":"open","sticky":false,"template":"","format":"standard","meta":{"om_disable_all_campaigns":false,"footnotes":""},"categories":[4,117],"tags":[6254,1391,99,59,73,6255],"class_list":["post-30206","post","type-post","status-publish","format-standard","has-post-thumbnail","category-economie","category-une2","tag-ba","tag-bad","tag-depeches241","tag-gabon","tag-politique","tag-projet-rcejps"],"yoast_head":"<!-- This site is optimized with the Yoast SEO plugin v28.4 - https:\/\/yoast.com\/product\/yoast-seo-wordpress\/ -->\n<title>Gabon: emploi des jeunes, la BAD remet sous surveillance un projet de 55 milliards de FCFA lanc\u00e9 en 2016 - Groupe D\u00e9p\u00eaches241<\/title>\n<meta name=\"description\" content=\"Pr\u00e8s de dix ans apr\u00e8s son lancement, le Projet de renforcement des capacit\u00e9s pour l\u2019employabilit\u00e9 des jeunes et l\u2019am\u00e9lioration de la protection sociale (RCEJPS) reste ouvert au Gabon. Approuv\u00e9 par la Banque africaine de d\u00e9veloppement (BAD) le 9 d\u00e9cembre 2016, le programme b\u00e9n\u00e9ficie d\u2019un financement de 84,63 millions d\u2019euros, soit environ 55,5 milliards de FCFA. Alors que la BAD le classe toujours parmi ses projets \u00ab en cours \u00bb, l\u2019\u00c9tat gabonais vient d\u2019engager un nouvel audit portant sur les comptes et les march\u00e9s de l\u2019exercice 2026 et du premier trimestre 2027. Une nouvelle s\u00e9quence de contr\u00f4le pour un programme qui devait renforcer la formation professionnelle, l\u2019insertion des jeunes et la protection sociale.\" \/>\n<meta name=\"robots\" content=\"index, follow, max-snippet:-1, max-image-preview:large, max-video-preview:-1\" \/>\n<link rel=\"canonical\" href=\"https:\/\/depeches241.com\/?p=30206\" \/>\n<meta property=\"og:locale\" content=\"fr_FR\" \/>\n<meta property=\"og:type\" content=\"article\" \/>\n<meta property=\"og:title\" content=\"Gabon: emploi des jeunes, la BAD remet sous surveillance un projet de 55 milliards de FCFA lanc\u00e9 en 2016 - Groupe D\u00e9p\u00eaches241\" \/>\n<meta property=\"og:description\" content=\"Pr\u00e8s de dix ans apr\u00e8s son lancement, le Projet de renforcement des capacit\u00e9s pour l\u2019employabilit\u00e9 des jeunes et l\u2019am\u00e9lioration de la protection sociale (RCEJPS) reste ouvert au Gabon. Approuv\u00e9 par la Banque africaine de d\u00e9veloppement (BAD) le 9 d\u00e9cembre 2016, le programme b\u00e9n\u00e9ficie d\u2019un financement de 84,63 millions d\u2019euros, soit environ 55,5 milliards de FCFA. Alors que la BAD le classe toujours parmi ses projets \u00ab en cours \u00bb, l\u2019\u00c9tat gabonais vient d\u2019engager un nouvel audit portant sur les comptes et les march\u00e9s de l\u2019exercice 2026 et du premier trimestre 2027. Une nouvelle s\u00e9quence de contr\u00f4le pour un programme qui devait renforcer la formation professionnelle, l\u2019insertion des jeunes et la protection sociale.\" \/>\n<meta property=\"og:url\" content=\"https:\/\/depeches241.com\/?p=30206\" \/>\n<meta property=\"og:site_name\" content=\"Groupe D\u00e9p\u00eaches241\" \/>\n<meta property=\"article:publisher\" content=\"https:\/\/www.facebook.com\/depeches241\" \/>\n<meta property=\"article:published_time\" content=\"2026-09-03T15:24:53+00:00\" \/>\n<meta property=\"article:modified_time\" content=\"2026-09-03T15:24:54+00:00\" \/>\n<meta property=\"og:image\" content=\"http:\/\/depeches241.com\/wp-content\/uploads\/2026\/09\/7a133eac-3b2e-40aa-abd7-09f6c64c326a.jpeg\" \/>\n\t<meta property=\"og:image:width\" content=\"1080\" \/>\n\t<meta property=\"og:image:height\" content=\"431\" \/>\n\t<meta property=\"og:image:type\" content=\"image\/jpeg\" \/>\n<meta name=\"author\" content=\"Fabien BIBANG\" \/>\n<meta name=\"twitter:card\" content=\"summary_large_image\" \/>\n<meta name=\"twitter:label1\" content=\"\u00c9crit par\" \/>\n\t<meta name=\"twitter:data1\" content=\"Fabien BIBANG\" \/>\n\t<meta name=\"twitter:label2\" content=\"Dur\u00e9e de lecture estim\u00e9e\" \/>\n\t<meta name=\"twitter:data2\" content=\"3 minutes\" \/>\n<script type=\"application\/ld+json\" class=\"yoast-schema-graph\">{\"@context\":\"https:\\\/\\\/schema.org\",\"@graph\":[{\"@type\":\"Article\",\"@id\":\"https:\\\/\\\/depeches241.com\\\/?p=30206#article\",\"isPartOf\":{\"@id\":\"https:\\\/\\\/depeches241.com\\\/?p=30206\"},\"author\":{\"name\":\"Fabien BIBANG\",\"@id\":\"https:\\\/\\\/depeches241.com\\\/#\\\/schema\\\/person\\\/1901eab6e51ac627fab3abccbd181d4e\"},\"headline\":\"Gabon: emploi des jeunes, la BAD remet sous surveillance un projet de 55 milliards de FCFA lanc\u00e9 en 2016\",\"datePublished\":\"2026-09-03T15:24:53+00:00\",\"dateModified\":\"2026-09-03T15:24:54+00:00\",\"mainEntityOfPage\":{\"@id\":\"https:\\\/\\\/depeches241.com\\\/?p=30206\"},\"wordCount\":686,\"commentCount\":0,\"publisher\":{\"@id\":\"https:\\\/\\\/depeches241.com\\\/#organization\"},\"image\":{\"@id\":\"https:\\\/\\\/depeches241.com\\\/?p=30206#primaryimage\"},\"thumbnailUrl\":\"https:\\\/\\\/depeches241.com\\\/wp-content\\\/uploads\\\/2026\\\/09\\\/7a133eac-3b2e-40aa-abd7-09f6c64c326a.jpeg\",\"keywords\":[\"BA\",\"BAD\",\"depeches241\",\"Gabon\",\"Politique\",\"Projet RCEJPS\"],\"articleSection\":[\"ECONOMIE\",\"Une2\"],\"inLanguage\":\"fr-FR\",\"potentialAction\":[{\"@type\":\"CommentAction\",\"name\":\"Comment\",\"target\":[\"https:\\\/\\\/depeches241.com\\\/?p=30206#respond\"]}]},{\"@type\":\"WebPage\",\"@id\":\"https:\\\/\\\/depeches241.com\\\/?p=30206\",\"url\":\"https:\\\/\\\/depeches241.com\\\/?p=30206\",\"name\":\"Gabon: emploi des jeunes, la BAD remet sous surveillance un projet de 55 milliards de FCFA lanc\u00e9 en 2016 - Groupe D\u00e9p\u00eaches241\",\"isPartOf\":{\"@id\":\"https:\\\/\\\/depeches241.com\\\/#website\"},\"primaryImageOfPage\":{\"@id\":\"https:\\\/\\\/depeches241.com\\\/?p=30206#primaryimage\"},\"image\":{\"@id\":\"https:\\\/\\\/depeches241.com\\\/?p=30206#primaryimage\"},\"thumbnailUrl\":\"https:\\\/\\\/depeches241.com\\\/wp-content\\\/uploads\\\/2026\\\/09\\\/7a133eac-3b2e-40aa-abd7-09f6c64c326a.jpeg\",\"datePublished\":\"2026-09-03T15:24:53+00:00\",\"dateModified\":\"2026-09-03T15:24:54+00:00\",\"description\":\"Pr\u00e8s de dix ans apr\u00e8s son lancement, le Projet de renforcement des capacit\u00e9s pour l\u2019employabilit\u00e9 des jeunes et l\u2019am\u00e9lioration de la protection sociale (RCEJPS) reste ouvert au Gabon. Approuv\u00e9 par la Banque africaine de d\u00e9veloppement (BAD) le 9 d\u00e9cembre 2016, le programme b\u00e9n\u00e9ficie d\u2019un financement de 84,63 millions d\u2019euros, soit environ 55,5 milliards de FCFA. Alors que la BAD le classe toujours parmi ses projets \u00ab en cours \u00bb, l\u2019\u00c9tat gabonais vient d\u2019engager un nouvel audit portant sur les comptes et les march\u00e9s de l\u2019exercice 2026 et du premier trimestre 2027. Une nouvelle s\u00e9quence de contr\u00f4le pour un programme qui devait renforcer la formation professionnelle, l\u2019insertion des jeunes et la protection sociale.\",\"breadcrumb\":{\"@id\":\"https:\\\/\\\/depeches241.com\\\/?p=30206#breadcrumb\"},\"inLanguage\":\"fr-FR\",\"potentialAction\":[{\"@type\":\"ReadAction\",\"target\":[\"https:\\\/\\\/depeches241.com\\\/?p=30206\"]}]},{\"@type\":\"ImageObject\",\"inLanguage\":\"fr-FR\",\"@id\":\"https:\\\/\\\/depeches241.com\\\/?p=30206#primaryimage\",\"url\":\"https:\\\/\\\/depeches241.com\\\/wp-content\\\/uploads\\\/2026\\\/09\\\/7a133eac-3b2e-40aa-abd7-09f6c64c326a.jpeg\",\"contentUrl\":\"https:\\\/\\\/depeches241.com\\\/wp-content\\\/uploads\\\/2026\\\/09\\\/7a133eac-3b2e-40aa-abd7-09f6c64c326a.jpeg\",\"width\":1080,\"height\":431},{\"@type\":\"BreadcrumbList\",\"@id\":\"https:\\\/\\\/depeches241.com\\\/?p=30206#breadcrumb\",\"itemListElement\":[{\"@type\":\"ListItem\",\"position\":1,\"name\":\"Accueil\",\"item\":\"https:\\\/\\\/depeches241.com\\\/\"},{\"@type\":\"ListItem\",\"position\":2,\"name\":\"Gabon: emploi des jeunes, la BAD remet sous surveillance un projet de 55 milliards de FCFA lanc\u00e9 en 2016\"}]},{\"@type\":\"WebSite\",\"@id\":\"https:\\\/\\\/depeches241.com\\\/#website\",\"url\":\"https:\\\/\\\/depeches241.com\\\/\",\"name\":\"D\u00e9p\u00eaches241\",\"description\":\"M\u00e9dia d&#039;actualit\u00e9 Politique, \u00c9conomique, Sociale et Internationale\",\"publisher\":{\"@id\":\"https:\\\/\\\/depeches241.com\\\/#organization\"},\"potentialAction\":[{\"@type\":\"SearchAction\",\"target\":{\"@type\":\"EntryPoint\",\"urlTemplate\":\"https:\\\/\\\/depeches241.com\\\/?s={search_term_string}\"},\"query-input\":{\"@type\":\"PropertyValueSpecification\",\"valueRequired\":true,\"valueName\":\"search_term_string\"}}],\"inLanguage\":\"fr-FR\"},{\"@type\":\"Organization\",\"@id\":\"https:\\\/\\\/depeches241.com\\\/#organization\",\"name\":\"Groupe D\u00e9p\u00eaches241\",\"url\":\"https:\\\/\\\/depeches241.com\\\/\",\"logo\":{\"@type\":\"ImageObject\",\"inLanguage\":\"fr-FR\",\"@id\":\"https:\\\/\\\/depeches241.com\\\/#\\\/schema\\\/logo\\\/image\\\/\",\"url\":\"https:\\\/\\\/depeches241.com\\\/wp-content\\\/uploads\\\/2021\\\/10\\\/cropped-Logo-new-Accueil.png\",\"contentUrl\":\"https:\\\/\\\/depeches241.com\\\/wp-content\\\/uploads\\\/2021\\\/10\\\/cropped-Logo-new-Accueil.png\",\"width\":320,\"height\":105,\"caption\":\"Groupe D\u00e9p\u00eaches241\"},\"image\":{\"@id\":\"https:\\\/\\\/depeches241.com\\\/#\\\/schema\\\/logo\\\/image\\\/\"},\"sameAs\":[\"https:\\\/\\\/www.facebook.com\\\/depeches241\"]},{\"@type\":\"Person\",\"@id\":\"https:\\\/\\\/depeches241.com\\\/#\\\/schema\\\/person\\\/1901eab6e51ac627fab3abccbd181d4e\",\"name\":\"Fabien BIBANG\",\"image\":{\"@type\":\"ImageObject\",\"inLanguage\":\"fr-FR\",\"@id\":\"https:\\\/\\\/secure.gravatar.com\\\/avatar\\\/18bb838415fc126d966f8ac8e32711b2843c5ba6e35a2e6699a14ef69705dc76?s=96&d=mm&r=g\",\"url\":\"https:\\\/\\\/secure.gravatar.com\\\/avatar\\\/18bb838415fc126d966f8ac8e32711b2843c5ba6e35a2e6699a14ef69705dc76?s=96&d=mm&r=g\",\"contentUrl\":\"https:\\\/\\\/secure.gravatar.com\\\/avatar\\\/18bb838415fc126d966f8ac8e32711b2843c5ba6e35a2e6699a14ef69705dc76?s=96&d=mm&r=g\",\"caption\":\"Fabien BIBANG\"},\"description\":\"Fabien BIBANG est dipl\u00f6m\u00e9 en Philosophie et Lettres. Son amour pour la lecture, l'histoire et les arts, ainsi que son engagement sur le front social l'ont tr\u00e8s t\u00f4t conduit sur les antennes des cha\u00eenes de t\u00e9l\u00e9s et radios pour y d\u00e9fendre ses postures. Sp\u00e9cialiste des questions socio-politiques, il re\u00e7oit le Prix Encouragements au Concours M\u00e9dias UNICEF en novembre 2022\",\"url\":\"https:\\\/\\\/depeches241.com\\\/?author=18\"}]}<\/script>\n<!-- \/ Yoast SEO plugin. -->","yoast_head_json":{"title":"Gabon: emploi des jeunes, la BAD remet sous surveillance un projet de 55 milliards de FCFA lanc\u00e9 en 2016 - Groupe D\u00e9p\u00eaches241","description":"Pr\u00e8s de dix ans apr\u00e8s son lancement, le Projet de renforcement des capacit\u00e9s pour l\u2019employabilit\u00e9 des jeunes et l\u2019am\u00e9lioration de la protection sociale (RCEJPS) reste ouvert au Gabon. Approuv\u00e9 par la Banque africaine de d\u00e9veloppement (BAD) le 9 d\u00e9cembre 2016, le programme b\u00e9n\u00e9ficie d\u2019un financement de 84,63 millions d\u2019euros, soit environ 55,5 milliards de FCFA. Alors que la BAD le classe toujours parmi ses projets \u00ab en cours \u00bb, l\u2019\u00c9tat gabonais vient d\u2019engager un nouvel audit portant sur les comptes et les march\u00e9s de l\u2019exercice 2026 et du premier trimestre 2027. Une nouvelle s\u00e9quence de contr\u00f4le pour un programme qui devait renforcer la formation professionnelle, l\u2019insertion des jeunes et la protection sociale.","robots":{"index":"index","follow":"follow","max-snippet":"max-snippet:-1","max-image-preview":"max-image-preview:large","max-video-preview":"max-video-preview:-1"},"canonical":"https:\/\/depeches241.com\/?p=30206","og_locale":"fr_FR","og_type":"article","og_title":"Gabon: emploi des jeunes, la BAD remet sous surveillance un projet de 55 milliards de FCFA lanc\u00e9 en 2016 - Groupe D\u00e9p\u00eaches241","og_description":"Pr\u00e8s de dix ans apr\u00e8s son lancement, le Projet de renforcement des capacit\u00e9s pour l\u2019employabilit\u00e9 des jeunes et l\u2019am\u00e9lioration de la protection sociale (RCEJPS) reste ouvert au Gabon. Approuv\u00e9 par la Banque africaine de d\u00e9veloppement (BAD) le 9 d\u00e9cembre 2016, le programme b\u00e9n\u00e9ficie d\u2019un financement de 84,63 millions d\u2019euros, soit environ 55,5 milliards de FCFA. Alors que la BAD le classe toujours parmi ses projets \u00ab en cours \u00bb, l\u2019\u00c9tat gabonais vient d\u2019engager un nouvel audit portant sur les comptes et les march\u00e9s de l\u2019exercice 2026 et du premier trimestre 2027. Une nouvelle s\u00e9quence de contr\u00f4le pour un programme qui devait renforcer la formation professionnelle, l\u2019insertion des jeunes et la protection sociale.","og_url":"https:\/\/depeches241.com\/?p=30206","og_site_name":"Groupe D\u00e9p\u00eaches241","article_publisher":"https:\/\/www.facebook.com\/depeches241","article_published_time":"2026-09-03T15:24:53+00:00","article_modified_time":"2026-09-03T15:24:54+00:00","og_image":[{"width":1080,"height":431,"url":"http:\/\/depeches241.com\/wp-content\/uploads\/2026\/09\/7a133eac-3b2e-40aa-abd7-09f6c64c326a.jpeg","type":"image\/jpeg"}],"author":"Fabien BIBANG","twitter_card":"summary_large_image","twitter_misc":{"\u00c9crit par":"Fabien BIBANG","Dur\u00e9e de lecture estim\u00e9e":"3 minutes"},"schema":{"@context":"https:\/\/schema.org","@graph":[{"@type":"Article","@id":"https:\/\/depeches241.com\/?p=30206#article","isPartOf":{"@id":"https:\/\/depeches241.com\/?p=30206"},"author":{"name":"Fabien BIBANG","@id":"https:\/\/depeches241.com\/#\/schema\/person\/1901eab6e51ac627fab3abccbd181d4e"},"headline":"Gabon: emploi des jeunes, la BAD remet sous surveillance un projet de 55 milliards de FCFA lanc\u00e9 en 2016","datePublished":"2026-09-03T15:24:53+00:00","dateModified":"2026-09-03T15:24:54+00:00","mainEntityOfPage":{"@id":"https:\/\/depeches241.com\/?p=30206"},"wordCount":686,"commentCount":0,"publisher":{"@id":"https:\/\/depeches241.com\/#organization"},"image":{"@id":"https:\/\/depeches241.com\/?p=30206#primaryimage"},"thumbnailUrl":"https:\/\/depeches241.com\/wp-content\/uploads\/2026\/09\/7a133eac-3b2e-40aa-abd7-09f6c64c326a.jpeg","keywords":["BA","BAD","depeches241","Gabon","Politique","Projet RCEJPS"],"articleSection":["ECONOMIE","Une2"],"inLanguage":"fr-FR","potentialAction":[{"@type":"CommentAction","name":"Comment","target":["https:\/\/depeches241.com\/?p=30206#respond"]}]},{"@type":"WebPage","@id":"https:\/\/depeches241.com\/?p=30206","url":"https:\/\/depeches241.com\/?p=30206","name":"Gabon: emploi des jeunes, la BAD remet sous surveillance un projet de 55 milliards de FCFA lanc\u00e9 en 2016 - Groupe D\u00e9p\u00eaches241","isPartOf":{"@id":"https:\/\/depeches241.com\/#website"},"primaryImageOfPage":{"@id":"https:\/\/depeches241.com\/?p=30206#primaryimage"},"image":{"@id":"https:\/\/depeches241.com\/?p=30206#primaryimage"},"thumbnailUrl":"https:\/\/depeches241.com\/wp-content\/uploads\/2026\/09\/7a133eac-3b2e-40aa-abd7-09f6c64c326a.jpeg","datePublished":"2026-09-03T15:24:53+00:00","dateModified":"2026-09-03T15:24:54+00:00","description":"Pr\u00e8s de dix ans apr\u00e8s son lancement, le Projet de renforcement des capacit\u00e9s pour l\u2019employabilit\u00e9 des jeunes et l\u2019am\u00e9lioration de la protection sociale (RCEJPS) reste ouvert au Gabon. Approuv\u00e9 par la Banque africaine de d\u00e9veloppement (BAD) le 9 d\u00e9cembre 2016, le programme b\u00e9n\u00e9ficie d\u2019un financement de 84,63 millions d\u2019euros, soit environ 55,5 milliards de FCFA. Alors que la BAD le classe toujours parmi ses projets \u00ab en cours \u00bb, l\u2019\u00c9tat gabonais vient d\u2019engager un nouvel audit portant sur les comptes et les march\u00e9s de l\u2019exercice 2026 et du premier trimestre 2027. Une nouvelle s\u00e9quence de contr\u00f4le pour un programme qui devait renforcer la formation professionnelle, l\u2019insertion des jeunes et la protection sociale.","breadcrumb":{"@id":"https:\/\/depeches241.com\/?p=30206#breadcrumb"},"inLanguage":"fr-FR","potentialAction":[{"@type":"ReadAction","target":["https:\/\/depeches241.com\/?p=30206"]}]},{"@type":"ImageObject","inLanguage":"fr-FR","@id":"https:\/\/depeches241.com\/?p=30206#primaryimage","url":"https:\/\/depeches241.com\/wp-content\/uploads\/2026\/09\/7a133eac-3b2e-40aa-abd7-09f6c64c326a.jpeg","contentUrl":"https:\/\/depeches241.com\/wp-content\/uploads\/2026\/09\/7a133eac-3b2e-40aa-abd7-09f6c64c326a.jpeg","width":1080,"height":431},{"@type":"BreadcrumbList","@id":"https:\/\/depeches241.com\/?p=30206#breadcrumb","itemListElement":[{"@type":"ListItem","position":1,"name":"Accueil","item":"https:\/\/depeches241.com\/"},{"@type":"ListItem","position":2,"name":"Gabon: emploi des jeunes, la BAD remet sous surveillance un projet de 55 milliards de FCFA lanc\u00e9 en 2016"}]},{"@type":"WebSite","@id":"https:\/\/depeches241.com\/#website","url":"https:\/\/depeches241.com\/","name":"D\u00e9p\u00eaches241","description":"M\u00e9dia d&#039;actualit\u00e9 Politique, \u00c9conomique, Sociale et Internationale","publisher":{"@id":"https:\/\/depeches241.com\/#organization"},"potentialAction":[{"@type":"SearchAction","target":{"@type":"EntryPoint","urlTemplate":"https:\/\/depeches241.com\/?s={search_term_string}"},"query-input":{"@type":"PropertyValueSpecification","valueRequired":true,"valueName":"search_term_string"}}],"inLanguage":"fr-FR"},{"@type":"Organization","@id":"https:\/\/depeches241.com\/#organization","name":"Groupe D\u00e9p\u00eaches241","url":"https:\/\/depeches241.com\/","logo":{"@type":"ImageObject","inLanguage":"fr-FR","@id":"https:\/\/depeches241.com\/#\/schema\/logo\/image\/","url":"https:\/\/depeches241.com\/wp-content\/uploads\/2021\/10\/cropped-Logo-new-Accueil.png","contentUrl":"https:\/\/depeches241.com\/wp-content\/uploads\/2021\/10\/cropped-Logo-new-Accueil.png","width":320,"height":105,"caption":"Groupe D\u00e9p\u00eaches241"},"image":{"@id":"https:\/\/depeches241.com\/#\/schema\/logo\/image\/"},"sameAs":["https:\/\/www.facebook.com\/depeches241"]},{"@type":"Person","@id":"https:\/\/depeches241.com\/#\/schema\/person\/1901eab6e51ac627fab3abccbd181d4e","name":"Fabien BIBANG","image":{"@type":"ImageObject","inLanguage":"fr-FR","@id":"https:\/\/secure.gravatar.com\/avatar\/18bb838415fc126d966f8ac8e32711b2843c5ba6e35a2e6699a14ef69705dc76?s=96&d=mm&r=g","url":"https:\/\/secure.gravatar.com\/avatar\/18bb838415fc126d966f8ac8e32711b2843c5ba6e35a2e6699a14ef69705dc76?s=96&d=mm&r=g","contentUrl":"https:\/\/secure.gravatar.com\/avatar\/18bb838415fc126d966f8ac8e32711b2843c5ba6e35a2e6699a14ef69705dc76?s=96&d=mm&r=g","caption":"Fabien BIBANG"},"description":"Fabien BIBANG est dipl\u00f6m\u00e9 en Philosophie et Lettres. Son amour pour la lecture, l'histoire et les arts, ainsi que son engagement sur le front social l'ont tr\u00e8s t\u00f4t conduit sur les antennes des cha\u00eenes de t\u00e9l\u00e9s et radios pour y d\u00e9fendre ses postures. Sp\u00e9cialiste des questions socio-politiques, il re\u00e7oit le Prix Encouragements au Concours M\u00e9dias UNICEF en novembre 2022","url":"https:\/\/depeches241.com\/?author=18"}]}},"_links":{"self":[{"href":"https:\/\/depeches241.com\/index.php?rest_route=\/wp\/v2\/posts\/30206","targetHints":{"allow":["GET"]}}],"collection":[{"href":"https:\/\/depeches241.com\/index.php?rest_route=\/wp\/v2\/posts"}],"about":[{"href":"https:\/\/depeches241.com\/index.php?rest_route=\/wp\/v2\/types\/post"}],"author":[{"embeddable":true,"href":"https:\/\/depeches241.com\/index.php?rest_route=\/wp\/v2\/users\/18"}],"replies":[{"embeddable":true,"href":"https:\/\/depeches241.com\/index.php?rest_route=%2Fwp%2Fv2%2Fcomments&post=30206"}],"version-history":[{"count":1,"href":"https:\/\/depeches241.com\/index.php?rest_route=\/wp\/v2\/posts\/30206\/revisions"}],"predecessor-version":[{"id":30209,"href":"https:\/\/depeches241.com\/index.php?rest_route=\/wp\/v2\/posts\/30206\/revisions\/30209"}],"wp:featuredmedia":[{"embeddable":true,"href":"https:\/\/depeches241.com\/index.php?rest_route=\/wp\/v2\/media\/30208"}],"wp:attachment":[{"href":"https:\/\/depeches241.com\/index.php?rest_route=%2Fwp%2Fv2%2Fmedia&parent=30206"}],"wp:term":[{"taxonomy":"category","embeddable":true,"href":"https:\/\/depeches241.com\/index.php?rest_route=%2Fwp%2Fv2%2Fcategories&post=30206"},{"taxonomy":"post_tag","embeddable":true,"href":"https:\/\/depeches241.com\/index.php?rest_route=%2Fwp%2Fv2%2Ftags&post=30206"}],"curies":[{"name":"wp","href":"https:\/\/api.w.org\/{rel}","templated":true}]}}