{"id":30210,"date":"2026-09-03T18:11:07","date_gmt":"2026-09-03T16:11:07","guid":{"rendered":"https:\/\/depeches241.com\/?p=30210"},"modified":"2026-09-03T18:12:44","modified_gmt":"2026-09-03T16:12:44","slug":"au-nom-de-la-republique-au-nom-du-sacrifice-fait-par-les-militaires-respectez-simplement-la-parole-du-chef-de-letat-les-mots-forts-du-mnvg-a-lendroit-de-laurence-ndong","status":"publish","type":"post","link":"https:\/\/depeches241.com\/?p=30210","title":{"rendered":"\u00ab Au nom de la R\u00e9publique, au nom du sacrifice fait par les militaires, respectez simplement la parole du Chef de l&rsquo;\u00c9tat \u00bb : les mots forts du MNVG \u00e0 l\u2019endroit de Laurence Ndong"},"content":{"rendered":"\n<figure class=\"wp-block-image size-large\"><img loading=\"lazy\" decoding=\"async\" width=\"1024\" height=\"417\" src=\"https:\/\/depeches241.com\/wp-content\/uploads\/2026\/09\/1003915687-1024x417.png\" alt=\"\" class=\"wp-image-30211\" srcset=\"https:\/\/depeches241.com\/wp-content\/uploads\/2026\/09\/1003915687-1024x417.png 1024w, https:\/\/depeches241.com\/wp-content\/uploads\/2026\/09\/1003915687-300x122.png 300w, https:\/\/depeches241.com\/wp-content\/uploads\/2026\/09\/1003915687-768x313.png 768w, https:\/\/depeches241.com\/wp-content\/uploads\/2026\/09\/1003915687-1536x626.png 1536w, https:\/\/depeches241.com\/wp-content\/uploads\/2026\/09\/1003915687.png 1668w\" sizes=\"auto, (max-width: 1024px) 100vw, 1024px\" \/><figcaption class=\"wp-element-caption\"><strong><em>Les demandeurs d&#8217;emploi r\u00e9unis au sein du MNVG appellent Laurence Ndong, Ministre de la Fonction Publique et du Renforcement des Capacit\u00e9s \u00e0 respecter la parole \u00ab sacr\u00e9e \u00bb du Chef de l&rsquo;\u00c9tat.<\/em><\/strong>\u00a9 D\u00e9p\u00eaches 241<\/figcaption><\/figure>\n\n\n\n<p class=\"wp-block-paragraph\"><strong>Libreville, le 3 septembre 2026-(D\u00e9p\u00eaches 241). R\u00e9uni devant le minist\u00e8re de la Fonction Publique et du Renforcement des Capacit\u00e9s ce jeudi 3 septembre 2026, le Mouvement National des Visionnaires du Gabon (MNVG), organisation associative luttant contre le ch\u00f4mage des jeunes, est all\u00e9 s\u2019enqu\u00e9rir des raisons qui continuent de bloquer l\u2019aboutissement de la promesse pr\u00e9sidentielle de 1500 postes budg\u00e9taires octroy\u00e9s \u00e0 leur organisation. Dans un discours clair et particuli\u00e8rement saisissant, ils affirment \u00ab ne rien revendiquer, mais demandent seulement l\u2019ex\u00e9cution pure et simple de la parole du Chef de l&rsquo;\u00c9tat \u00bb.<\/strong><\/p>\n\n\n\n<p class=\"has-drop-cap wp-block-paragraph\">La date \u00e9tait connue, et le l\u2019instant tr\u00e8s attendu. Ce jeudi 3 septembre 2026, les membres du Mouvement National des Visionnaires du Gabon (MNVG) ont investi le parvis du minist\u00e8re de la Fonction Publique et du Renforcement des Capacit\u00e9s. L\u2019objectif \u00e9tait clair et pr\u00e9cis: obtenir du d\u00e9partement dirig\u00e9 par Laurence Ndong, les raisons du blocage inexpliqu\u00e9 de la traduction en acte de la promesse pr\u00e9sidentielle des 1500 postes budg\u00e9taires offerts en ao\u00fbt 2024 \u00e0 cette organisation.<\/p>\n\n\n\n<p class=\"wp-block-paragraph\">Jo\u00ebl Yannick Nguema Ellang, Pr\u00e9sident dudit mouvement, a r\u00e9it\u00e9r\u00e9 sa position de son association. <strong><em>\u00ab En ao\u00fbt 2024, le Pr\u00e9sident de la R\u00e9publique Gabonaise a instruit son gouvernement de nous octroyer 1500 postes budg\u00e9taires \u00bb<\/em><\/strong>, a-t-il d\u2019abord tenu \u00e0 rappeler. Et de poursuivre en soulignant que <strong><em>\u00ab cela fait maintenant deux ans aujourd&rsquo;hui que l&rsquo;instruction du Chef de l\u2019\u00c9tat est bafou\u00e9e par l\u2019administration gabonaise \u00bb<\/em><\/strong>, a martel\u00e9 le responsable du MNVG.<\/p>\n\n\n\n<p class=\"wp-block-paragraph\"><strong>Une juste comparaison avec l\u2019ordre militaire<\/strong><\/p>\n\n\n\n<p class=\"wp-block-paragraph\">Voulant mettre d\u2019embl\u00e9e un terme \u00e0 toute pol\u00e9mique inutile, Jo\u00ebl Yannick Nguema Ellang n\u2019h\u00e9site pas \u00e0 se r\u00e9f\u00e9rer au fonctionnement de la soci\u00e9t\u00e9 militaire, au moment de sa prise de parole du jour. <strong><em>\u00ab Je parle sous le contr\u00f4le des forces de l&rsquo;ordre et de s\u00e9curit\u00e9. Je ne sais pas si le Pr\u00e9sident demande \u00e0 la gendarmerie de nous d\u00e9guerpir d&rsquo;ici, la gendarmerie pourra h\u00e9siter un seul instant. Elle va nous d\u00e9guerpir d&rsquo;ici, c&rsquo;est un ordre. En contrepartie, nous constatons que le Pr\u00e9sident a donn\u00e9 l\u2019ordre de nous octroyer des postes budg\u00e9taires, mais deux ans apr\u00e8s, nous sommes toujours malmen\u00e9s \u00bb<\/em><\/strong>, d\u00e9plore le Pr\u00e9sident du MNVG.<\/p>\n\n\n\n<p class=\"wp-block-paragraph\"><strong>Un appel \u00e0 l\u2019ex\u00e9cution pure et simple de la parole pr\u00e9sidentielle<\/strong><\/p>\n\n\n\n<p class=\"wp-block-paragraph\">Pour finir, le responsable du MNVG a eu des mots forts pour interpeller la ministre de la Fonction Publique. <strong><em>\u00ab DC, SG, \u00e9vitons les comportements \u00e0 risques. Les militaires ont pris le pouvoir parce que l\u2019ancien syst\u00e8me avait d\u00e9j\u00e0 des comportements \u00e0 risques. Je termine par vous dire, au nom de la R\u00e9publique, au nom du sacrifice fait par les militaires, respectez simplement et purement la parole sacr\u00e9e du Chef de l&rsquo;\u00c9tat \u00bb<\/em><\/strong>, a-t-il conclu face aux hauts responsables du minist\u00e8re de la Fonction Publique.<\/p>\n\n\n\n<p class=\"wp-block-paragraph\"><\/p>\n","protected":false},"excerpt":{"rendered":"<p>Libreville, le 3 septembre 2026-(D\u00e9p\u00eaches 241). R\u00e9uni devant le minist\u00e8re de la Fonction Publique et du Renforcement des Capacit\u00e9s ce jeudi 3 septembre 2026, le Mouvement National des Visionnaires du Gabon (MNVG), organisation associative luttant contre le ch\u00f4mage des jeunes, est all\u00e9 s\u2019enqu\u00e9rir des raisons qui continuent de bloquer l\u2019aboutissement [&hellip;]<\/p>\n","protected":false},"author":21,"featured_media":30211,"comment_status":"open","ping_status":"open","sticky":false,"template":"","format":"standard","meta":{"om_disable_all_campaigns":false,"footnotes":""},"categories":[5,116],"tags":[99,59,2894,6242,42],"class_list":["post-30210","post","type-post","status-publish","format-standard","has-post-thumbnail","category-societe","category-une1","tag-depeches241","tag-gabon","tag-laurence-ndong","tag-mnvg","tag-societe"],"yoast_head":"<!-- This site is optimized with the Yoast SEO plugin v28.4 - https:\/\/yoast.com\/product\/yoast-seo-wordpress\/ -->\n<title>\u00ab Au nom de la R\u00e9publique, au nom du sacrifice fait par les militaires, respectez simplement la parole du Chef de l&#039;\u00c9tat \u00bb : les mots forts du MNVG \u00e0 l\u2019endroit de Laurence Ndong - Groupe D\u00e9p\u00eaches241<\/title>\n<meta name=\"description\" content=\"R\u00e9uni devant le minist\u00e8re de la Fonction Publique et du Renforcement des Capacit\u00e9s ce jeudi 3 septembre 2026, le Mouvement National des Visionnaires du Gabon (MNVG), organisation associative luttant contre le ch\u00f4mage des jeunes, est all\u00e9 s\u2019enqu\u00e9rir des raisons qui continuent de bloquer l\u2019aboutissement de la promesse pr\u00e9sidentielle de 1500 postes budg\u00e9taires octroy\u00e9s \u00e0 leur organisation. Dans un discours clair et particuli\u00e8rement saisissant, ils affirment \u00ab ne rien revendiquer, mais demandent seulement l\u2019ex\u00e9cution pure et simple de la parole du Chef de l&#039;\u00c9tat \u00bb.\" \/>\n<meta name=\"robots\" content=\"index, follow, max-snippet:-1, max-image-preview:large, max-video-preview:-1\" \/>\n<link rel=\"canonical\" href=\"https:\/\/depeches241.com\/?p=30210\" \/>\n<meta property=\"og:locale\" content=\"fr_FR\" \/>\n<meta property=\"og:type\" content=\"article\" \/>\n<meta property=\"og:title\" content=\"\u00ab Au nom de la R\u00e9publique, au nom du sacrifice fait par les militaires, respectez simplement la parole du Chef de l&#039;\u00c9tat \u00bb : les mots forts du MNVG \u00e0 l\u2019endroit de Laurence Ndong - Groupe D\u00e9p\u00eaches241\" \/>\n<meta property=\"og:description\" content=\"R\u00e9uni devant le minist\u00e8re de la Fonction Publique et du Renforcement des Capacit\u00e9s ce jeudi 3 septembre 2026, le Mouvement National des Visionnaires du Gabon (MNVG), organisation associative luttant contre le ch\u00f4mage des jeunes, est all\u00e9 s\u2019enqu\u00e9rir des raisons qui continuent de bloquer l\u2019aboutissement de la promesse pr\u00e9sidentielle de 1500 postes budg\u00e9taires octroy\u00e9s \u00e0 leur organisation. Dans un discours clair et particuli\u00e8rement saisissant, ils affirment \u00ab ne rien revendiquer, mais demandent seulement l\u2019ex\u00e9cution pure et simple de la parole du Chef de l&#039;\u00c9tat \u00bb.\" \/>\n<meta property=\"og:url\" content=\"https:\/\/depeches241.com\/?p=30210\" \/>\n<meta property=\"og:site_name\" content=\"Groupe D\u00e9p\u00eaches241\" \/>\n<meta property=\"article:publisher\" content=\"https:\/\/www.facebook.com\/depeches241\" \/>\n<meta property=\"article:published_time\" content=\"2026-09-03T16:11:07+00:00\" \/>\n<meta property=\"article:modified_time\" content=\"2026-09-03T16:12:44+00:00\" \/>\n<meta property=\"og:image\" content=\"http:\/\/depeches241.com\/wp-content\/uploads\/2026\/09\/1003915687.png\" \/>\n\t<meta property=\"og:image:width\" content=\"1668\" \/>\n\t<meta property=\"og:image:height\" content=\"680\" \/>\n\t<meta property=\"og:image:type\" content=\"image\/png\" \/>\n<meta name=\"author\" content=\"Edgard Nze\" \/>\n<meta name=\"twitter:card\" content=\"summary_large_image\" \/>\n<meta name=\"twitter:label1\" content=\"\u00c9crit par\" \/>\n\t<meta name=\"twitter:data1\" content=\"Edgard Nze\" \/>\n\t<meta name=\"twitter:label2\" content=\"Dur\u00e9e de lecture estim\u00e9e\" \/>\n\t<meta name=\"twitter:data2\" content=\"3 minutes\" \/>\n<script type=\"application\/ld+json\" class=\"yoast-schema-graph\">{\"@context\":\"https:\\\/\\\/schema.org\",\"@graph\":[{\"@type\":\"Article\",\"@id\":\"https:\\\/\\\/depeches241.com\\\/?p=30210#article\",\"isPartOf\":{\"@id\":\"https:\\\/\\\/depeches241.com\\\/?p=30210\"},\"author\":{\"name\":\"Edgard Nze\",\"@id\":\"https:\\\/\\\/depeches241.com\\\/#\\\/schema\\\/person\\\/b176413dc3253251b009f794f4c98a7b\"},\"headline\":\"\u00ab Au nom de la R\u00e9publique, au nom du sacrifice fait par les militaires, respectez simplement la parole du Chef de l&rsquo;\u00c9tat \u00bb : les mots forts du MNVG \u00e0 l\u2019endroit de Laurence Ndong\",\"datePublished\":\"2026-09-03T16:11:07+00:00\",\"dateModified\":\"2026-09-03T16:12:44+00:00\",\"mainEntityOfPage\":{\"@id\":\"https:\\\/\\\/depeches241.com\\\/?p=30210\"},\"wordCount\":563,\"commentCount\":0,\"publisher\":{\"@id\":\"https:\\\/\\\/depeches241.com\\\/#organization\"},\"image\":{\"@id\":\"https:\\\/\\\/depeches241.com\\\/?p=30210#primaryimage\"},\"thumbnailUrl\":\"https:\\\/\\\/depeches241.com\\\/wp-content\\\/uploads\\\/2026\\\/09\\\/1003915687.png\",\"keywords\":[\"depeches241\",\"Gabon\",\"Laurence Ndong\",\"MNVG\",\"soci\u00e9t\u00e9\"],\"articleSection\":[\"SOCIETE\",\"Une1\"],\"inLanguage\":\"fr-FR\",\"potentialAction\":[{\"@type\":\"CommentAction\",\"name\":\"Comment\",\"target\":[\"https:\\\/\\\/depeches241.com\\\/?p=30210#respond\"]}]},{\"@type\":\"WebPage\",\"@id\":\"https:\\\/\\\/depeches241.com\\\/?p=30210\",\"url\":\"https:\\\/\\\/depeches241.com\\\/?p=30210\",\"name\":\"\u00ab Au nom de la R\u00e9publique, au nom du sacrifice fait par les militaires, respectez simplement la parole du Chef de l'\u00c9tat \u00bb : les mots forts du MNVG \u00e0 l\u2019endroit de Laurence Ndong - Groupe D\u00e9p\u00eaches241\",\"isPartOf\":{\"@id\":\"https:\\\/\\\/depeches241.com\\\/#website\"},\"primaryImageOfPage\":{\"@id\":\"https:\\\/\\\/depeches241.com\\\/?p=30210#primaryimage\"},\"image\":{\"@id\":\"https:\\\/\\\/depeches241.com\\\/?p=30210#primaryimage\"},\"thumbnailUrl\":\"https:\\\/\\\/depeches241.com\\\/wp-content\\\/uploads\\\/2026\\\/09\\\/1003915687.png\",\"datePublished\":\"2026-09-03T16:11:07+00:00\",\"dateModified\":\"2026-09-03T16:12:44+00:00\",\"description\":\"R\u00e9uni devant le minist\u00e8re de la Fonction Publique et du Renforcement des Capacit\u00e9s ce jeudi 3 septembre 2026, le Mouvement National des Visionnaires du Gabon (MNVG), organisation associative luttant contre le ch\u00f4mage des jeunes, est all\u00e9 s\u2019enqu\u00e9rir des raisons qui continuent de bloquer l\u2019aboutissement de la promesse pr\u00e9sidentielle de 1500 postes budg\u00e9taires octroy\u00e9s \u00e0 leur organisation. Dans un discours clair et particuli\u00e8rement saisissant, ils affirment \u00ab ne rien revendiquer, mais demandent seulement l\u2019ex\u00e9cution pure et simple de la parole du Chef de l'\u00c9tat \u00bb.\",\"breadcrumb\":{\"@id\":\"https:\\\/\\\/depeches241.com\\\/?p=30210#breadcrumb\"},\"inLanguage\":\"fr-FR\",\"potentialAction\":[{\"@type\":\"ReadAction\",\"target\":[\"https:\\\/\\\/depeches241.com\\\/?p=30210\"]}]},{\"@type\":\"ImageObject\",\"inLanguage\":\"fr-FR\",\"@id\":\"https:\\\/\\\/depeches241.com\\\/?p=30210#primaryimage\",\"url\":\"https:\\\/\\\/depeches241.com\\\/wp-content\\\/uploads\\\/2026\\\/09\\\/1003915687.png\",\"contentUrl\":\"https:\\\/\\\/depeches241.com\\\/wp-content\\\/uploads\\\/2026\\\/09\\\/1003915687.png\",\"width\":1668,\"height\":680},{\"@type\":\"BreadcrumbList\",\"@id\":\"https:\\\/\\\/depeches241.com\\\/?p=30210#breadcrumb\",\"itemListElement\":[{\"@type\":\"ListItem\",\"position\":1,\"name\":\"Accueil\",\"item\":\"https:\\\/\\\/depeches241.com\\\/\"},{\"@type\":\"ListItem\",\"position\":2,\"name\":\"\u00ab Au nom de la R\u00e9publique, au nom du sacrifice fait par les militaires, respectez simplement la parole du Chef de l&rsquo;\u00c9tat \u00bb : les mots forts du MNVG \u00e0 l\u2019endroit de Laurence Ndong\"}]},{\"@type\":\"WebSite\",\"@id\":\"https:\\\/\\\/depeches241.com\\\/#website\",\"url\":\"https:\\\/\\\/depeches241.com\\\/\",\"name\":\"D\u00e9p\u00eaches241\",\"description\":\"M\u00e9dia d&#039;actualit\u00e9 Politique, \u00c9conomique, Sociale et Internationale\",\"publisher\":{\"@id\":\"https:\\\/\\\/depeches241.com\\\/#organization\"},\"potentialAction\":[{\"@type\":\"SearchAction\",\"target\":{\"@type\":\"EntryPoint\",\"urlTemplate\":\"https:\\\/\\\/depeches241.com\\\/?s={search_term_string}\"},\"query-input\":{\"@type\":\"PropertyValueSpecification\",\"valueRequired\":true,\"valueName\":\"search_term_string\"}}],\"inLanguage\":\"fr-FR\"},{\"@type\":\"Organization\",\"@id\":\"https:\\\/\\\/depeches241.com\\\/#organization\",\"name\":\"Groupe D\u00e9p\u00eaches241\",\"url\":\"https:\\\/\\\/depeches241.com\\\/\",\"logo\":{\"@type\":\"ImageObject\",\"inLanguage\":\"fr-FR\",\"@id\":\"https:\\\/\\\/depeches241.com\\\/#\\\/schema\\\/logo\\\/image\\\/\",\"url\":\"https:\\\/\\\/depeches241.com\\\/wp-content\\\/uploads\\\/2021\\\/10\\\/cropped-Logo-new-Accueil.png\",\"contentUrl\":\"https:\\\/\\\/depeches241.com\\\/wp-content\\\/uploads\\\/2021\\\/10\\\/cropped-Logo-new-Accueil.png\",\"width\":320,\"height\":105,\"caption\":\"Groupe D\u00e9p\u00eaches241\"},\"image\":{\"@id\":\"https:\\\/\\\/depeches241.com\\\/#\\\/schema\\\/logo\\\/image\\\/\"},\"sameAs\":[\"https:\\\/\\\/www.facebook.com\\\/depeches241\"]},{\"@type\":\"Person\",\"@id\":\"https:\\\/\\\/depeches241.com\\\/#\\\/schema\\\/person\\\/b176413dc3253251b009f794f4c98a7b\",\"name\":\"Edgard Nze\",\"image\":{\"@type\":\"ImageObject\",\"inLanguage\":\"fr-FR\",\"@id\":\"https:\\\/\\\/secure.gravatar.com\\\/avatar\\\/e9b60835d9e03466cd15a40dd5277689b947a374e11ce409c3ec1c681cbb64df?s=96&d=mm&r=g\",\"url\":\"https:\\\/\\\/secure.gravatar.com\\\/avatar\\\/e9b60835d9e03466cd15a40dd5277689b947a374e11ce409c3ec1c681cbb64df?s=96&d=mm&r=g\",\"contentUrl\":\"https:\\\/\\\/secure.gravatar.com\\\/avatar\\\/e9b60835d9e03466cd15a40dd5277689b947a374e11ce409c3ec1c681cbb64df?s=96&d=mm&r=g\",\"caption\":\"Edgard Nze\"},\"url\":\"https:\\\/\\\/depeches241.com\\\/?author=21\"}]}<\/script>\n<!-- \/ Yoast SEO plugin. -->","yoast_head_json":{"title":"\u00ab Au nom de la R\u00e9publique, au nom du sacrifice fait par les militaires, respectez simplement la parole du Chef de l'\u00c9tat \u00bb : les mots forts du MNVG \u00e0 l\u2019endroit de Laurence Ndong - Groupe D\u00e9p\u00eaches241","description":"R\u00e9uni devant le minist\u00e8re de la Fonction Publique et du Renforcement des Capacit\u00e9s ce jeudi 3 septembre 2026, le Mouvement National des Visionnaires du Gabon (MNVG), organisation associative luttant contre le ch\u00f4mage des jeunes, est all\u00e9 s\u2019enqu\u00e9rir des raisons qui continuent de bloquer l\u2019aboutissement de la promesse pr\u00e9sidentielle de 1500 postes budg\u00e9taires octroy\u00e9s \u00e0 leur organisation. Dans un discours clair et particuli\u00e8rement saisissant, ils affirment \u00ab ne rien revendiquer, mais demandent seulement l\u2019ex\u00e9cution pure et simple de la parole du Chef de l'\u00c9tat \u00bb.","robots":{"index":"index","follow":"follow","max-snippet":"max-snippet:-1","max-image-preview":"max-image-preview:large","max-video-preview":"max-video-preview:-1"},"canonical":"https:\/\/depeches241.com\/?p=30210","og_locale":"fr_FR","og_type":"article","og_title":"\u00ab Au nom de la R\u00e9publique, au nom du sacrifice fait par les militaires, respectez simplement la parole du Chef de l'\u00c9tat \u00bb : les mots forts du MNVG \u00e0 l\u2019endroit de Laurence Ndong - Groupe D\u00e9p\u00eaches241","og_description":"R\u00e9uni devant le minist\u00e8re de la Fonction Publique et du Renforcement des Capacit\u00e9s ce jeudi 3 septembre 2026, le Mouvement National des Visionnaires du Gabon (MNVG), organisation associative luttant contre le ch\u00f4mage des jeunes, est all\u00e9 s\u2019enqu\u00e9rir des raisons qui continuent de bloquer l\u2019aboutissement de la promesse pr\u00e9sidentielle de 1500 postes budg\u00e9taires octroy\u00e9s \u00e0 leur organisation. Dans un discours clair et particuli\u00e8rement saisissant, ils affirment \u00ab ne rien revendiquer, mais demandent seulement l\u2019ex\u00e9cution pure et simple de la parole du Chef de l'\u00c9tat \u00bb.","og_url":"https:\/\/depeches241.com\/?p=30210","og_site_name":"Groupe D\u00e9p\u00eaches241","article_publisher":"https:\/\/www.facebook.com\/depeches241","article_published_time":"2026-09-03T16:11:07+00:00","article_modified_time":"2026-09-03T16:12:44+00:00","og_image":[{"width":1668,"height":680,"url":"http:\/\/depeches241.com\/wp-content\/uploads\/2026\/09\/1003915687.png","type":"image\/png"}],"author":"Edgard Nze","twitter_card":"summary_large_image","twitter_misc":{"\u00c9crit par":"Edgard Nze","Dur\u00e9e de lecture estim\u00e9e":"3 minutes"},"schema":{"@context":"https:\/\/schema.org","@graph":[{"@type":"Article","@id":"https:\/\/depeches241.com\/?p=30210#article","isPartOf":{"@id":"https:\/\/depeches241.com\/?p=30210"},"author":{"name":"Edgard Nze","@id":"https:\/\/depeches241.com\/#\/schema\/person\/b176413dc3253251b009f794f4c98a7b"},"headline":"\u00ab Au nom de la R\u00e9publique, au nom du sacrifice fait par les militaires, respectez simplement la parole du Chef de l&rsquo;\u00c9tat \u00bb : les mots forts du MNVG \u00e0 l\u2019endroit de Laurence Ndong","datePublished":"2026-09-03T16:11:07+00:00","dateModified":"2026-09-03T16:12:44+00:00","mainEntityOfPage":{"@id":"https:\/\/depeches241.com\/?p=30210"},"wordCount":563,"commentCount":0,"publisher":{"@id":"https:\/\/depeches241.com\/#organization"},"image":{"@id":"https:\/\/depeches241.com\/?p=30210#primaryimage"},"thumbnailUrl":"https:\/\/depeches241.com\/wp-content\/uploads\/2026\/09\/1003915687.png","keywords":["depeches241","Gabon","Laurence Ndong","MNVG","soci\u00e9t\u00e9"],"articleSection":["SOCIETE","Une1"],"inLanguage":"fr-FR","potentialAction":[{"@type":"CommentAction","name":"Comment","target":["https:\/\/depeches241.com\/?p=30210#respond"]}]},{"@type":"WebPage","@id":"https:\/\/depeches241.com\/?p=30210","url":"https:\/\/depeches241.com\/?p=30210","name":"\u00ab Au nom de la R\u00e9publique, au nom du sacrifice fait par les militaires, respectez simplement la parole du Chef de l'\u00c9tat \u00bb : les mots forts du MNVG \u00e0 l\u2019endroit de Laurence Ndong - Groupe D\u00e9p\u00eaches241","isPartOf":{"@id":"https:\/\/depeches241.com\/#website"},"primaryImageOfPage":{"@id":"https:\/\/depeches241.com\/?p=30210#primaryimage"},"image":{"@id":"https:\/\/depeches241.com\/?p=30210#primaryimage"},"thumbnailUrl":"https:\/\/depeches241.com\/wp-content\/uploads\/2026\/09\/1003915687.png","datePublished":"2026-09-03T16:11:07+00:00","dateModified":"2026-09-03T16:12:44+00:00","description":"R\u00e9uni devant le minist\u00e8re de la Fonction Publique et du Renforcement des Capacit\u00e9s ce jeudi 3 septembre 2026, le Mouvement National des Visionnaires du Gabon (MNVG), organisation associative luttant contre le ch\u00f4mage des jeunes, est all\u00e9 s\u2019enqu\u00e9rir des raisons qui continuent de bloquer l\u2019aboutissement de la promesse pr\u00e9sidentielle de 1500 postes budg\u00e9taires octroy\u00e9s \u00e0 leur organisation. Dans un discours clair et particuli\u00e8rement saisissant, ils affirment \u00ab ne rien revendiquer, mais demandent seulement l\u2019ex\u00e9cution pure et simple de la parole du Chef de l'\u00c9tat \u00bb.","breadcrumb":{"@id":"https:\/\/depeches241.com\/?p=30210#breadcrumb"},"inLanguage":"fr-FR","potentialAction":[{"@type":"ReadAction","target":["https:\/\/depeches241.com\/?p=30210"]}]},{"@type":"ImageObject","inLanguage":"fr-FR","@id":"https:\/\/depeches241.com\/?p=30210#primaryimage","url":"https:\/\/depeches241.com\/wp-content\/uploads\/2026\/09\/1003915687.png","contentUrl":"https:\/\/depeches241.com\/wp-content\/uploads\/2026\/09\/1003915687.png","width":1668,"height":680},{"@type":"BreadcrumbList","@id":"https:\/\/depeches241.com\/?p=30210#breadcrumb","itemListElement":[{"@type":"ListItem","position":1,"name":"Accueil","item":"https:\/\/depeches241.com\/"},{"@type":"ListItem","position":2,"name":"\u00ab Au nom de la R\u00e9publique, au nom du sacrifice fait par les militaires, respectez simplement la parole du Chef de l&rsquo;\u00c9tat \u00bb : les mots forts du MNVG \u00e0 l\u2019endroit de Laurence Ndong"}]},{"@type":"WebSite","@id":"https:\/\/depeches241.com\/#website","url":"https:\/\/depeches241.com\/","name":"D\u00e9p\u00eaches241","description":"M\u00e9dia d&#039;actualit\u00e9 Politique, \u00c9conomique, Sociale et Internationale","publisher":{"@id":"https:\/\/depeches241.com\/#organization"},"potentialAction":[{"@type":"SearchAction","target":{"@type":"EntryPoint","urlTemplate":"https:\/\/depeches241.com\/?s={search_term_string}"},"query-input":{"@type":"PropertyValueSpecification","valueRequired":true,"valueName":"search_term_string"}}],"inLanguage":"fr-FR"},{"@type":"Organization","@id":"https:\/\/depeches241.com\/#organization","name":"Groupe D\u00e9p\u00eaches241","url":"https:\/\/depeches241.com\/","logo":{"@type":"ImageObject","inLanguage":"fr-FR","@id":"https:\/\/depeches241.com\/#\/schema\/logo\/image\/","url":"https:\/\/depeches241.com\/wp-content\/uploads\/2021\/10\/cropped-Logo-new-Accueil.png","contentUrl":"https:\/\/depeches241.com\/wp-content\/uploads\/2021\/10\/cropped-Logo-new-Accueil.png","width":320,"height":105,"caption":"Groupe D\u00e9p\u00eaches241"},"image":{"@id":"https:\/\/depeches241.com\/#\/schema\/logo\/image\/"},"sameAs":["https:\/\/www.facebook.com\/depeches241"]},{"@type":"Person","@id":"https:\/\/depeches241.com\/#\/schema\/person\/b176413dc3253251b009f794f4c98a7b","name":"Edgard Nze","image":{"@type":"ImageObject","inLanguage":"fr-FR","@id":"https:\/\/secure.gravatar.com\/avatar\/e9b60835d9e03466cd15a40dd5277689b947a374e11ce409c3ec1c681cbb64df?s=96&d=mm&r=g","url":"https:\/\/secure.gravatar.com\/avatar\/e9b60835d9e03466cd15a40dd5277689b947a374e11ce409c3ec1c681cbb64df?s=96&d=mm&r=g","contentUrl":"https:\/\/secure.gravatar.com\/avatar\/e9b60835d9e03466cd15a40dd5277689b947a374e11ce409c3ec1c681cbb64df?s=96&d=mm&r=g","caption":"Edgard Nze"},"url":"https:\/\/depeches241.com\/?author=21"}]}},"_links":{"self":[{"href":"https:\/\/depeches241.com\/index.php?rest_route=\/wp\/v2\/posts\/30210","targetHints":{"allow":["GET"]}}],"collection":[{"href":"https:\/\/depeches241.com\/index.php?rest_route=\/wp\/v2\/posts"}],"about":[{"href":"https:\/\/depeches241.com\/index.php?rest_route=\/wp\/v2\/types\/post"}],"author":[{"embeddable":true,"href":"https:\/\/depeches241.com\/index.php?rest_route=\/wp\/v2\/users\/21"}],"replies":[{"embeddable":true,"href":"https:\/\/depeches241.com\/index.php?rest_route=%2Fwp%2Fv2%2Fcomments&post=30210"}],"version-history":[{"count":2,"href":"https:\/\/depeches241.com\/index.php?rest_route=\/wp\/v2\/posts\/30210\/revisions"}],"predecessor-version":[{"id":30213,"href":"https:\/\/depeches241.com\/index.php?rest_route=\/wp\/v2\/posts\/30210\/revisions\/30213"}],"wp:featuredmedia":[{"embeddable":true,"href":"https:\/\/depeches241.com\/index.php?rest_route=\/wp\/v2\/media\/30211"}],"wp:attachment":[{"href":"https:\/\/depeches241.com\/index.php?rest_route=%2Fwp%2Fv2%2Fmedia&parent=30210"}],"wp:term":[{"taxonomy":"category","embeddable":true,"href":"https:\/\/depeches241.com\/index.php?rest_route=%2Fwp%2Fv2%2Fcategories&post=30210"},{"taxonomy":"post_tag","embeddable":true,"href":"https:\/\/depeches241.com\/index.php?rest_route=%2Fwp%2Fv2%2Ftags&post=30210"}],"curies":[{"name":"wp","href":"https:\/\/api.w.org\/{rel}","templated":true}]}}