{"id":30219,"date":"2026-09-04T12:44:42","date_gmt":"2026-09-04T10:44:42","guid":{"rendered":"https:\/\/depeches241.com\/?p=30219"},"modified":"2026-09-04T12:44:43","modified_gmt":"2026-09-04T10:44:43","slug":"formation-dialogue-et-infrastructures-la-semaine-forte-de-fortescue-belinga-a-makokou","status":"publish","type":"post","link":"https:\/\/depeches241.com\/?p=30219","title":{"rendered":"Formation, dialogue et infrastructures : la semaine forte de Fortescue Belinga \u00e0 Makokou"},"content":{"rendered":"\n<figure class=\"wp-block-image size-large\"><img loading=\"lazy\" decoding=\"async\" width=\"1024\" height=\"391\" src=\"https:\/\/depeches241.com\/wp-content\/uploads\/2026\/09\/5f6b6788-fc87-4d99-8533-50d1425d76f2-1024x391.jpeg\" alt=\"\" class=\"wp-image-30220\" srcset=\"https:\/\/depeches241.com\/wp-content\/uploads\/2026\/09\/5f6b6788-fc87-4d99-8533-50d1425d76f2-1024x391.jpeg 1024w, https:\/\/depeches241.com\/wp-content\/uploads\/2026\/09\/5f6b6788-fc87-4d99-8533-50d1425d76f2-300x114.jpeg 300w, https:\/\/depeches241.com\/wp-content\/uploads\/2026\/09\/5f6b6788-fc87-4d99-8533-50d1425d76f2-768x293.jpeg 768w, https:\/\/depeches241.com\/wp-content\/uploads\/2026\/09\/5f6b6788-fc87-4d99-8533-50d1425d76f2.jpeg 1080w\" sizes=\"auto, (max-width: 1024px) 100vw, 1024px\" \/><figcaption class=\"wp-element-caption\"><em><strong>De l\u2019entrepreneur local \u00e0 l\u2019infrastructure communautaire, Fortescue Belinga \u00e9largit son empreinte \u00e0 Makokou<\/strong><\/em> \u00a9 D\u00e9p\u00eaches 241<\/figcaption><\/figure>\n\n\n\n<p class=\"wp-block-paragraph\"><strong>Libreville, le 4 septembre 2026 &#8211; (D\u00e9p\u00eaches 241).&nbsp; Du 25 au 30 ao\u00fbt 2026, Fortescue Belinga a fait de Makokou le th\u00e9\u00e2tre d\u2019une semaine dense, entre formation des entrepreneurs locaux, dialogue \u00e9conomique, investissement communautaire et infrastructures. Une s\u00e9quence conduite par le Directeur g\u00e9n\u00e9ral de l\u2019entreprise, Edward Kalajzic, qui aura marqu\u00e9 \u00e0 la fois la cl\u00f4ture d\u2019un programme de formation, la participation au Forum \u00e9conomique de l\u2019Ivindo, le lancement d\u2019un centre de formation et la r\u00e9ouverture du Stade Alexandre Sambat, enti\u00e8rement r\u00e9nov\u00e9.<\/strong><\/p>\n\n\n\n<p class=\"has-drop-cap wp-block-paragraph\">C\u2019est peu dire que Fortescue Belinga a marqu\u00e9 les esprits \u00e0 Makokou la semaine derni\u00e8re. Entre rendez-vous institutionnels et moments populaires, l\u2019entreprise a multipli\u00e9 les gestes concrets envers la province de l\u2019Ogoou\u00e9-Ivindo, dans la continuit\u00e9 d\u2019une approche qu\u2019elle revendique ax\u00e9e sur le partenariat. Renforcer les comp\u00e9tences, accompagner l\u2019entrepreneuriat, maintenir le dialogue avec les autorit\u00e9s locales, investir dans des infrastructures durables : voil\u00e0, en substance, la ligne suivie tout au long de ces cinq journ\u00e9es, qui se sont referm\u00e9es le dimanche 30 ao\u00fbt avec la troisi\u00e8me \u00e9dition de la F\u00eate de la Lib\u00e9ration, \u00e0 laquelle l\u2019entreprise a pris part aux c\u00f4t\u00e9s des Makovistes.<\/p>\n\n\n\n<p class=\"wp-block-paragraph\"><strong>Former les entrepreneurs, pr\u00e9parer l\u2019avenir<\/strong><\/p>\n\n\n\n<p class=\"wp-block-paragraph\">Le coup d\u2019envoi de cette semaine a \u00e9t\u00e9 donn\u00e9 le 25 ao\u00fbt, avec la c\u00e9r\u00e9monie de cl\u00f4ture d\u2019un programme de formation destin\u00e9 aux entrepreneurs de Makokou, men\u00e9 en partenariat avec l\u2019association Femmes Engag\u00e9es du G6 et MDF Global. Vingt participants y ont pris part.&nbsp;<\/p>\n\n\n\n<p class=\"wp-block-paragraph\"><strong>LIRE AUSSI: <a href=\"https:\/\/depeches241.com\/?p=30033\"><strong>Ogoou\u00e9-Ivindo: le pari industriel et humain de Fortescue Belinga<\/strong><\/a><\/strong><\/p>\n\n\n\n<p class=\"wp-block-paragraph\">Devant eux, Edward Kalajzic a insist\u00e9 sur l\u2019importance de b\u00e2tir des partenariats solides, rappelant que le d\u00e9veloppement du projet de Belinga pourrait, \u00e0 terme, g\u00e9n\u00e9rer des opportunit\u00e9s dans les infrastructures, l\u2019emploi ou encore la commande publique. <strong><em>\u00ab Nous esp\u00e9rons que les comp\u00e9tences d\u00e9velopp\u00e9es gr\u00e2ce \u00e0 ce programme vous permettront de saisir de nouvelles opportunit\u00e9s, de servir davantage de clients, de cr\u00e9er des emplois et de renforcer vos organisations \u00bb<\/em><\/strong>, a-t-il lanc\u00e9 aux entrepreneurs pr\u00e9sents.<\/p>\n\n\n\n<p class=\"wp-block-paragraph\">Le lendemain, au Forum \u00e9conomique de l\u2019Ivindo, le dirigeant est revenu sur l\u2019avancement du projet, \u00e9voquant notamment l\u2019extension des travaux d\u2019exploration \u00e0 Batouala et la pr\u00e9paration de nouvelles activit\u00e9s \u00e0 Boka Boka. Il en a profit\u00e9 pour rappeler que le projet soutient d\u2019ores et d\u00e9j\u00e0 1 246 emplois directs, dont plus de 82 % occup\u00e9s par des Gabonais \u2014 et 57 % par des natifs de l\u2019Ogoou\u00e9-Ivindo.<\/p>\n\n\n\n<p class=\"wp-block-paragraph\"><strong>La s\u00e9curit\u00e9, une culture \u00e0 construire ensemble<\/strong><\/p>\n\n\n\n<p class=\"wp-block-paragraph\">Le 29 ao\u00fbt, changement de registre : Fortescue Belinga a remis un important lot d\u2019\u00e9quipements au Centre de Formation Professionnelle de Makokou, fruit d\u2019un partenariat avec l\u2019Agence Nationale de Formation et de l\u2019Enseignement Professionnel. Le don a \u00e9t\u00e9 r\u00e9ceptionn\u00e9 par Guy Roger Aurat Reteno, Directeur de Cabinet du ministre du Travail, en pr\u00e9sence du Directeur g\u00e9n\u00e9ral de l\u2019ANFEP. Au-del\u00e0 du geste, l\u2019ambition affich\u00e9e est claire : ancrer durablement une culture de la s\u00e9curit\u00e9 au travail, \u00e0 Makokou comme ailleurs. <strong><em>\u00ab La s\u00e9curit\u00e9 constitue le fondement de toute main-d\u2019\u0153uvre performante dans les industries lourdes \u00bb<\/em><\/strong>, a r\u00e9sum\u00e9 Edward Kalajzic, y voyant un pilier du d\u00e9veloppement industriel futur du pays.<\/p>\n\n\n\n<p class=\"wp-block-paragraph\"><strong>Le Stade Alexandre Sambat retrouve sa vocation<\/strong><\/p>\n\n\n\n<p class=\"wp-block-paragraph\">La semaine s\u2019est achev\u00e9e en apoth\u00e9ose le 30 ao\u00fbt avec la r\u00e9ouverture du Stade Alexandre Sambat, enti\u00e8rement r\u00e9nov\u00e9 au cours de l\u2019ann\u00e9e 2025 : b\u00e2timents, toiture, drainage, \u00e9clairage, am\u00e9nagements paysagers, sans oublier une nouvelle annexe multisports. La c\u00e9r\u00e9monie, organis\u00e9e en pr\u00e9sence du Pr\u00e9sident de la R\u00e9publique Brice Clotaire Oligui Nguema et de la Premi\u00e8re Dame, a aussi \u00e9t\u00e9 marqu\u00e9e par la finale de la Coupe de la Lib\u00e9ration, remport\u00e9e sans partage par l\u2019\u00e9quipe de la Lop\u00e9 (Boou\u00e9) face \u00e0 celle de l\u2019Ivindo (Makokou), sur le score sans appel de 5 buts \u00e0 0. Au-del\u00e0 du sport, c\u2019est tout un espace de vie communautaire qui rena\u00eet, appel\u00e9 \u00e0 accueillir jeunes, sportifs et associations.&nbsp;<\/p>\n\n\n\n<p class=\"wp-block-paragraph\"><strong>LIRE AUSSI: <a href=\"https:\/\/depeches241.com\/?p=29647\"><strong>Hermann Immongault \u00e0 Pilbara: le Gabon d\u00e9couvre le mod\u00e8le industriel de l\u2019Australien Fortescue pour pr\u00e9parer l\u2019avenir de Belinga<\/strong><\/a><\/strong><\/p>\n\n\n\n<p class=\"wp-block-paragraph\">Une r\u00e9habilitation qui s\u2019ajoute \u00e0 d\u2019autres r\u00e9alisations r\u00e9centes, salle communautaire, laboratoire de sciences du Lyc\u00e9e Alexandre Sambat,&nbsp; et qui illustre, \u00e0 sa mani\u00e8re, l\u2019ampleur de l\u2019engagement financier de l\u2019entreprise. Au 30 juin 2026, Fortescue Belinga avait d\u00e9j\u00e0 investi 4,4 millions de dollars, soit environ 2,5 milliards de FCFA, dans des projets communautaires \u00e0 travers la r\u00e9gion.<\/p>\n","protected":false},"excerpt":{"rendered":"<p>Libreville, le 4 septembre 2026 &#8211; (D\u00e9p\u00eaches 241).&nbsp; Du 25 au 30 ao\u00fbt 2026, Fortescue Belinga a fait de Makokou le th\u00e9\u00e2tre d\u2019une semaine dense, entre formation des entrepreneurs locaux, dialogue \u00e9conomique, investissement communautaire et infrastructures. Une s\u00e9quence conduite par le Directeur g\u00e9n\u00e9ral de l\u2019entreprise, Edward Kalajzic, qui aura marqu\u00e9 [&hellip;]<\/p>\n","protected":false},"author":21,"featured_media":30220,"comment_status":"open","ping_status":"open","sticky":false,"template":"","format":"standard","meta":{"om_disable_all_campaigns":false,"footnotes":""},"categories":[4,117],"tags":[99,141,6210,6211,59],"class_list":["post-30219","post","type-post","status-publish","format-standard","has-post-thumbnail","category-economie","category-une2","tag-depeches241","tag-economie","tag-edward-kalajzic","tag-fortescue-belinga","tag-gabon"],"yoast_head":"<!-- This site is optimized with the Yoast SEO plugin v28.4 - https:\/\/yoast.com\/product\/yoast-seo-wordpress\/ -->\n<title>Formation, dialogue et infrastructures : la semaine forte de Fortescue Belinga \u00e0 Makokou - Groupe D\u00e9p\u00eaches241<\/title>\n<meta name=\"description\" content=\"Du 25 au 30 ao\u00fbt 2026, Fortescue Belinga a fait de Makokou le th\u00e9\u00e2tre d\u2019une semaine dense, entre formation des entrepreneurs locaux, dialogue \u00e9conomique, investissement communautaire et infrastructures. Une s\u00e9quence conduite par le Directeur g\u00e9n\u00e9ral de l\u2019entreprise, Edward Kalajzic, qui aura marqu\u00e9 \u00e0 la fois la cl\u00f4ture d\u2019un programme de formation, la participation au Forum \u00e9conomique de l\u2019Ivindo, le lancement d\u2019un centre de formation et la r\u00e9ouverture du Stade Alexandre Sambat, enti\u00e8rement r\u00e9nov\u00e9.\" \/>\n<meta name=\"robots\" content=\"index, follow, max-snippet:-1, max-image-preview:large, max-video-preview:-1\" \/>\n<link rel=\"canonical\" href=\"https:\/\/depeches241.com\/?p=30219\" \/>\n<meta property=\"og:locale\" content=\"fr_FR\" \/>\n<meta property=\"og:type\" content=\"article\" \/>\n<meta property=\"og:title\" content=\"Formation, dialogue et infrastructures : la semaine forte de Fortescue Belinga \u00e0 Makokou - Groupe D\u00e9p\u00eaches241\" \/>\n<meta property=\"og:description\" content=\"Du 25 au 30 ao\u00fbt 2026, Fortescue Belinga a fait de Makokou le th\u00e9\u00e2tre d\u2019une semaine dense, entre formation des entrepreneurs locaux, dialogue \u00e9conomique, investissement communautaire et infrastructures. Une s\u00e9quence conduite par le Directeur g\u00e9n\u00e9ral de l\u2019entreprise, Edward Kalajzic, qui aura marqu\u00e9 \u00e0 la fois la cl\u00f4ture d\u2019un programme de formation, la participation au Forum \u00e9conomique de l\u2019Ivindo, le lancement d\u2019un centre de formation et la r\u00e9ouverture du Stade Alexandre Sambat, enti\u00e8rement r\u00e9nov\u00e9.\" \/>\n<meta property=\"og:url\" content=\"https:\/\/depeches241.com\/?p=30219\" \/>\n<meta property=\"og:site_name\" content=\"Groupe D\u00e9p\u00eaches241\" \/>\n<meta property=\"article:publisher\" content=\"https:\/\/www.facebook.com\/depeches241\" \/>\n<meta property=\"article:published_time\" content=\"2026-09-04T10:44:42+00:00\" \/>\n<meta property=\"article:modified_time\" content=\"2026-09-04T10:44:43+00:00\" \/>\n<meta property=\"og:image\" content=\"http:\/\/depeches241.com\/wp-content\/uploads\/2026\/09\/5f6b6788-fc87-4d99-8533-50d1425d76f2.jpeg\" \/>\n\t<meta property=\"og:image:width\" content=\"1080\" \/>\n\t<meta property=\"og:image:height\" content=\"412\" \/>\n\t<meta property=\"og:image:type\" content=\"image\/jpeg\" \/>\n<meta name=\"author\" content=\"Edgard Nze\" \/>\n<meta name=\"twitter:card\" content=\"summary_large_image\" \/>\n<meta name=\"twitter:label1\" content=\"\u00c9crit par\" \/>\n\t<meta name=\"twitter:data1\" content=\"Edgard Nze\" \/>\n\t<meta name=\"twitter:label2\" content=\"Dur\u00e9e de lecture estim\u00e9e\" \/>\n\t<meta name=\"twitter:data2\" content=\"4 minutes\" \/>\n<script type=\"application\/ld+json\" class=\"yoast-schema-graph\">{\"@context\":\"https:\\\/\\\/schema.org\",\"@graph\":[{\"@type\":\"Article\",\"@id\":\"https:\\\/\\\/depeches241.com\\\/?p=30219#article\",\"isPartOf\":{\"@id\":\"https:\\\/\\\/depeches241.com\\\/?p=30219\"},\"author\":{\"name\":\"Edgard Nze\",\"@id\":\"https:\\\/\\\/depeches241.com\\\/#\\\/schema\\\/person\\\/b176413dc3253251b009f794f4c98a7b\"},\"headline\":\"Formation, dialogue et infrastructures : la semaine forte de Fortescue Belinga \u00e0 Makokou\",\"datePublished\":\"2026-09-04T10:44:42+00:00\",\"dateModified\":\"2026-09-04T10:44:43+00:00\",\"mainEntityOfPage\":{\"@id\":\"https:\\\/\\\/depeches241.com\\\/?p=30219\"},\"wordCount\":810,\"commentCount\":0,\"publisher\":{\"@id\":\"https:\\\/\\\/depeches241.com\\\/#organization\"},\"image\":{\"@id\":\"https:\\\/\\\/depeches241.com\\\/?p=30219#primaryimage\"},\"thumbnailUrl\":\"https:\\\/\\\/depeches241.com\\\/wp-content\\\/uploads\\\/2026\\\/09\\\/5f6b6788-fc87-4d99-8533-50d1425d76f2.jpeg\",\"keywords\":[\"depeches241\",\"Economie\",\"Edward Kalajzic\",\"Fortescue Belinga\",\"Gabon\"],\"articleSection\":[\"ECONOMIE\",\"Une2\"],\"inLanguage\":\"fr-FR\",\"potentialAction\":[{\"@type\":\"CommentAction\",\"name\":\"Comment\",\"target\":[\"https:\\\/\\\/depeches241.com\\\/?p=30219#respond\"]}]},{\"@type\":\"WebPage\",\"@id\":\"https:\\\/\\\/depeches241.com\\\/?p=30219\",\"url\":\"https:\\\/\\\/depeches241.com\\\/?p=30219\",\"name\":\"Formation, dialogue et infrastructures : la semaine forte de Fortescue Belinga \u00e0 Makokou - Groupe D\u00e9p\u00eaches241\",\"isPartOf\":{\"@id\":\"https:\\\/\\\/depeches241.com\\\/#website\"},\"primaryImageOfPage\":{\"@id\":\"https:\\\/\\\/depeches241.com\\\/?p=30219#primaryimage\"},\"image\":{\"@id\":\"https:\\\/\\\/depeches241.com\\\/?p=30219#primaryimage\"},\"thumbnailUrl\":\"https:\\\/\\\/depeches241.com\\\/wp-content\\\/uploads\\\/2026\\\/09\\\/5f6b6788-fc87-4d99-8533-50d1425d76f2.jpeg\",\"datePublished\":\"2026-09-04T10:44:42+00:00\",\"dateModified\":\"2026-09-04T10:44:43+00:00\",\"description\":\"Du 25 au 30 ao\u00fbt 2026, Fortescue Belinga a fait de Makokou le th\u00e9\u00e2tre d\u2019une semaine dense, entre formation des entrepreneurs locaux, dialogue \u00e9conomique, investissement communautaire et infrastructures. Une s\u00e9quence conduite par le Directeur g\u00e9n\u00e9ral de l\u2019entreprise, Edward Kalajzic, qui aura marqu\u00e9 \u00e0 la fois la cl\u00f4ture d\u2019un programme de formation, la participation au Forum \u00e9conomique de l\u2019Ivindo, le lancement d\u2019un centre de formation et la r\u00e9ouverture du Stade Alexandre Sambat, enti\u00e8rement r\u00e9nov\u00e9.\",\"breadcrumb\":{\"@id\":\"https:\\\/\\\/depeches241.com\\\/?p=30219#breadcrumb\"},\"inLanguage\":\"fr-FR\",\"potentialAction\":[{\"@type\":\"ReadAction\",\"target\":[\"https:\\\/\\\/depeches241.com\\\/?p=30219\"]}]},{\"@type\":\"ImageObject\",\"inLanguage\":\"fr-FR\",\"@id\":\"https:\\\/\\\/depeches241.com\\\/?p=30219#primaryimage\",\"url\":\"https:\\\/\\\/depeches241.com\\\/wp-content\\\/uploads\\\/2026\\\/09\\\/5f6b6788-fc87-4d99-8533-50d1425d76f2.jpeg\",\"contentUrl\":\"https:\\\/\\\/depeches241.com\\\/wp-content\\\/uploads\\\/2026\\\/09\\\/5f6b6788-fc87-4d99-8533-50d1425d76f2.jpeg\",\"width\":1080,\"height\":412},{\"@type\":\"BreadcrumbList\",\"@id\":\"https:\\\/\\\/depeches241.com\\\/?p=30219#breadcrumb\",\"itemListElement\":[{\"@type\":\"ListItem\",\"position\":1,\"name\":\"Accueil\",\"item\":\"https:\\\/\\\/depeches241.com\\\/\"},{\"@type\":\"ListItem\",\"position\":2,\"name\":\"Formation, dialogue et infrastructures : la semaine forte de Fortescue Belinga \u00e0 Makokou\"}]},{\"@type\":\"WebSite\",\"@id\":\"https:\\\/\\\/depeches241.com\\\/#website\",\"url\":\"https:\\\/\\\/depeches241.com\\\/\",\"name\":\"D\u00e9p\u00eaches241\",\"description\":\"M\u00e9dia d&#039;actualit\u00e9 Politique, \u00c9conomique, Sociale et Internationale\",\"publisher\":{\"@id\":\"https:\\\/\\\/depeches241.com\\\/#organization\"},\"potentialAction\":[{\"@type\":\"SearchAction\",\"target\":{\"@type\":\"EntryPoint\",\"urlTemplate\":\"https:\\\/\\\/depeches241.com\\\/?s={search_term_string}\"},\"query-input\":{\"@type\":\"PropertyValueSpecification\",\"valueRequired\":true,\"valueName\":\"search_term_string\"}}],\"inLanguage\":\"fr-FR\"},{\"@type\":\"Organization\",\"@id\":\"https:\\\/\\\/depeches241.com\\\/#organization\",\"name\":\"Groupe D\u00e9p\u00eaches241\",\"url\":\"https:\\\/\\\/depeches241.com\\\/\",\"logo\":{\"@type\":\"ImageObject\",\"inLanguage\":\"fr-FR\",\"@id\":\"https:\\\/\\\/depeches241.com\\\/#\\\/schema\\\/logo\\\/image\\\/\",\"url\":\"https:\\\/\\\/depeches241.com\\\/wp-content\\\/uploads\\\/2021\\\/10\\\/cropped-Logo-new-Accueil.png\",\"contentUrl\":\"https:\\\/\\\/depeches241.com\\\/wp-content\\\/uploads\\\/2021\\\/10\\\/cropped-Logo-new-Accueil.png\",\"width\":320,\"height\":105,\"caption\":\"Groupe D\u00e9p\u00eaches241\"},\"image\":{\"@id\":\"https:\\\/\\\/depeches241.com\\\/#\\\/schema\\\/logo\\\/image\\\/\"},\"sameAs\":[\"https:\\\/\\\/www.facebook.com\\\/depeches241\"]},{\"@type\":\"Person\",\"@id\":\"https:\\\/\\\/depeches241.com\\\/#\\\/schema\\\/person\\\/b176413dc3253251b009f794f4c98a7b\",\"name\":\"Edgard Nze\",\"image\":{\"@type\":\"ImageObject\",\"inLanguage\":\"fr-FR\",\"@id\":\"https:\\\/\\\/secure.gravatar.com\\\/avatar\\\/e9b60835d9e03466cd15a40dd5277689b947a374e11ce409c3ec1c681cbb64df?s=96&d=mm&r=g\",\"url\":\"https:\\\/\\\/secure.gravatar.com\\\/avatar\\\/e9b60835d9e03466cd15a40dd5277689b947a374e11ce409c3ec1c681cbb64df?s=96&d=mm&r=g\",\"contentUrl\":\"https:\\\/\\\/secure.gravatar.com\\\/avatar\\\/e9b60835d9e03466cd15a40dd5277689b947a374e11ce409c3ec1c681cbb64df?s=96&d=mm&r=g\",\"caption\":\"Edgard Nze\"},\"url\":\"https:\\\/\\\/depeches241.com\\\/?author=21\"}]}<\/script>\n<!-- \/ Yoast SEO plugin. -->","yoast_head_json":{"title":"Formation, dialogue et infrastructures : la semaine forte de Fortescue Belinga \u00e0 Makokou - Groupe D\u00e9p\u00eaches241","description":"Du 25 au 30 ao\u00fbt 2026, Fortescue Belinga a fait de Makokou le th\u00e9\u00e2tre d\u2019une semaine dense, entre formation des entrepreneurs locaux, dialogue \u00e9conomique, investissement communautaire et infrastructures. Une s\u00e9quence conduite par le Directeur g\u00e9n\u00e9ral de l\u2019entreprise, Edward Kalajzic, qui aura marqu\u00e9 \u00e0 la fois la cl\u00f4ture d\u2019un programme de formation, la participation au Forum \u00e9conomique de l\u2019Ivindo, le lancement d\u2019un centre de formation et la r\u00e9ouverture du Stade Alexandre Sambat, enti\u00e8rement r\u00e9nov\u00e9.","robots":{"index":"index","follow":"follow","max-snippet":"max-snippet:-1","max-image-preview":"max-image-preview:large","max-video-preview":"max-video-preview:-1"},"canonical":"https:\/\/depeches241.com\/?p=30219","og_locale":"fr_FR","og_type":"article","og_title":"Formation, dialogue et infrastructures : la semaine forte de Fortescue Belinga \u00e0 Makokou - Groupe D\u00e9p\u00eaches241","og_description":"Du 25 au 30 ao\u00fbt 2026, Fortescue Belinga a fait de Makokou le th\u00e9\u00e2tre d\u2019une semaine dense, entre formation des entrepreneurs locaux, dialogue \u00e9conomique, investissement communautaire et infrastructures. Une s\u00e9quence conduite par le Directeur g\u00e9n\u00e9ral de l\u2019entreprise, Edward Kalajzic, qui aura marqu\u00e9 \u00e0 la fois la cl\u00f4ture d\u2019un programme de formation, la participation au Forum \u00e9conomique de l\u2019Ivindo, le lancement d\u2019un centre de formation et la r\u00e9ouverture du Stade Alexandre Sambat, enti\u00e8rement r\u00e9nov\u00e9.","og_url":"https:\/\/depeches241.com\/?p=30219","og_site_name":"Groupe D\u00e9p\u00eaches241","article_publisher":"https:\/\/www.facebook.com\/depeches241","article_published_time":"2026-09-04T10:44:42+00:00","article_modified_time":"2026-09-04T10:44:43+00:00","og_image":[{"width":1080,"height":412,"url":"http:\/\/depeches241.com\/wp-content\/uploads\/2026\/09\/5f6b6788-fc87-4d99-8533-50d1425d76f2.jpeg","type":"image\/jpeg"}],"author":"Edgard Nze","twitter_card":"summary_large_image","twitter_misc":{"\u00c9crit par":"Edgard Nze","Dur\u00e9e de lecture estim\u00e9e":"4 minutes"},"schema":{"@context":"https:\/\/schema.org","@graph":[{"@type":"Article","@id":"https:\/\/depeches241.com\/?p=30219#article","isPartOf":{"@id":"https:\/\/depeches241.com\/?p=30219"},"author":{"name":"Edgard Nze","@id":"https:\/\/depeches241.com\/#\/schema\/person\/b176413dc3253251b009f794f4c98a7b"},"headline":"Formation, dialogue et infrastructures : la semaine forte de Fortescue Belinga \u00e0 Makokou","datePublished":"2026-09-04T10:44:42+00:00","dateModified":"2026-09-04T10:44:43+00:00","mainEntityOfPage":{"@id":"https:\/\/depeches241.com\/?p=30219"},"wordCount":810,"commentCount":0,"publisher":{"@id":"https:\/\/depeches241.com\/#organization"},"image":{"@id":"https:\/\/depeches241.com\/?p=30219#primaryimage"},"thumbnailUrl":"https:\/\/depeches241.com\/wp-content\/uploads\/2026\/09\/5f6b6788-fc87-4d99-8533-50d1425d76f2.jpeg","keywords":["depeches241","Economie","Edward Kalajzic","Fortescue Belinga","Gabon"],"articleSection":["ECONOMIE","Une2"],"inLanguage":"fr-FR","potentialAction":[{"@type":"CommentAction","name":"Comment","target":["https:\/\/depeches241.com\/?p=30219#respond"]}]},{"@type":"WebPage","@id":"https:\/\/depeches241.com\/?p=30219","url":"https:\/\/depeches241.com\/?p=30219","name":"Formation, dialogue et infrastructures : la semaine forte de Fortescue Belinga \u00e0 Makokou - Groupe D\u00e9p\u00eaches241","isPartOf":{"@id":"https:\/\/depeches241.com\/#website"},"primaryImageOfPage":{"@id":"https:\/\/depeches241.com\/?p=30219#primaryimage"},"image":{"@id":"https:\/\/depeches241.com\/?p=30219#primaryimage"},"thumbnailUrl":"https:\/\/depeches241.com\/wp-content\/uploads\/2026\/09\/5f6b6788-fc87-4d99-8533-50d1425d76f2.jpeg","datePublished":"2026-09-04T10:44:42+00:00","dateModified":"2026-09-04T10:44:43+00:00","description":"Du 25 au 30 ao\u00fbt 2026, Fortescue Belinga a fait de Makokou le th\u00e9\u00e2tre d\u2019une semaine dense, entre formation des entrepreneurs locaux, dialogue \u00e9conomique, investissement communautaire et infrastructures. Une s\u00e9quence conduite par le Directeur g\u00e9n\u00e9ral de l\u2019entreprise, Edward Kalajzic, qui aura marqu\u00e9 \u00e0 la fois la cl\u00f4ture d\u2019un programme de formation, la participation au Forum \u00e9conomique de l\u2019Ivindo, le lancement d\u2019un centre de formation et la r\u00e9ouverture du Stade Alexandre Sambat, enti\u00e8rement r\u00e9nov\u00e9.","breadcrumb":{"@id":"https:\/\/depeches241.com\/?p=30219#breadcrumb"},"inLanguage":"fr-FR","potentialAction":[{"@type":"ReadAction","target":["https:\/\/depeches241.com\/?p=30219"]}]},{"@type":"ImageObject","inLanguage":"fr-FR","@id":"https:\/\/depeches241.com\/?p=30219#primaryimage","url":"https:\/\/depeches241.com\/wp-content\/uploads\/2026\/09\/5f6b6788-fc87-4d99-8533-50d1425d76f2.jpeg","contentUrl":"https:\/\/depeches241.com\/wp-content\/uploads\/2026\/09\/5f6b6788-fc87-4d99-8533-50d1425d76f2.jpeg","width":1080,"height":412},{"@type":"BreadcrumbList","@id":"https:\/\/depeches241.com\/?p=30219#breadcrumb","itemListElement":[{"@type":"ListItem","position":1,"name":"Accueil","item":"https:\/\/depeches241.com\/"},{"@type":"ListItem","position":2,"name":"Formation, dialogue et infrastructures : la semaine forte de Fortescue Belinga \u00e0 Makokou"}]},{"@type":"WebSite","@id":"https:\/\/depeches241.com\/#website","url":"https:\/\/depeches241.com\/","name":"D\u00e9p\u00eaches241","description":"M\u00e9dia d&#039;actualit\u00e9 Politique, \u00c9conomique, Sociale et Internationale","publisher":{"@id":"https:\/\/depeches241.com\/#organization"},"potentialAction":[{"@type":"SearchAction","target":{"@type":"EntryPoint","urlTemplate":"https:\/\/depeches241.com\/?s={search_term_string}"},"query-input":{"@type":"PropertyValueSpecification","valueRequired":true,"valueName":"search_term_string"}}],"inLanguage":"fr-FR"},{"@type":"Organization","@id":"https:\/\/depeches241.com\/#organization","name":"Groupe D\u00e9p\u00eaches241","url":"https:\/\/depeches241.com\/","logo":{"@type":"ImageObject","inLanguage":"fr-FR","@id":"https:\/\/depeches241.com\/#\/schema\/logo\/image\/","url":"https:\/\/depeches241.com\/wp-content\/uploads\/2021\/10\/cropped-Logo-new-Accueil.png","contentUrl":"https:\/\/depeches241.com\/wp-content\/uploads\/2021\/10\/cropped-Logo-new-Accueil.png","width":320,"height":105,"caption":"Groupe D\u00e9p\u00eaches241"},"image":{"@id":"https:\/\/depeches241.com\/#\/schema\/logo\/image\/"},"sameAs":["https:\/\/www.facebook.com\/depeches241"]},{"@type":"Person","@id":"https:\/\/depeches241.com\/#\/schema\/person\/b176413dc3253251b009f794f4c98a7b","name":"Edgard Nze","image":{"@type":"ImageObject","inLanguage":"fr-FR","@id":"https:\/\/secure.gravatar.com\/avatar\/e9b60835d9e03466cd15a40dd5277689b947a374e11ce409c3ec1c681cbb64df?s=96&d=mm&r=g","url":"https:\/\/secure.gravatar.com\/avatar\/e9b60835d9e03466cd15a40dd5277689b947a374e11ce409c3ec1c681cbb64df?s=96&d=mm&r=g","contentUrl":"https:\/\/secure.gravatar.com\/avatar\/e9b60835d9e03466cd15a40dd5277689b947a374e11ce409c3ec1c681cbb64df?s=96&d=mm&r=g","caption":"Edgard Nze"},"url":"https:\/\/depeches241.com\/?author=21"}]}},"_links":{"self":[{"href":"https:\/\/depeches241.com\/index.php?rest_route=\/wp\/v2\/posts\/30219","targetHints":{"allow":["GET"]}}],"collection":[{"href":"https:\/\/depeches241.com\/index.php?rest_route=\/wp\/v2\/posts"}],"about":[{"href":"https:\/\/depeches241.com\/index.php?rest_route=\/wp\/v2\/types\/post"}],"author":[{"embeddable":true,"href":"https:\/\/depeches241.com\/index.php?rest_route=\/wp\/v2\/users\/21"}],"replies":[{"embeddable":true,"href":"https:\/\/depeches241.com\/index.php?rest_route=%2Fwp%2Fv2%2Fcomments&post=30219"}],"version-history":[{"count":1,"href":"https:\/\/depeches241.com\/index.php?rest_route=\/wp\/v2\/posts\/30219\/revisions"}],"predecessor-version":[{"id":30221,"href":"https:\/\/depeches241.com\/index.php?rest_route=\/wp\/v2\/posts\/30219\/revisions\/30221"}],"wp:featuredmedia":[{"embeddable":true,"href":"https:\/\/depeches241.com\/index.php?rest_route=\/wp\/v2\/media\/30220"}],"wp:attachment":[{"href":"https:\/\/depeches241.com\/index.php?rest_route=%2Fwp%2Fv2%2Fmedia&parent=30219"}],"wp:term":[{"taxonomy":"category","embeddable":true,"href":"https:\/\/depeches241.com\/index.php?rest_route=%2Fwp%2Fv2%2Fcategories&post=30219"},{"taxonomy":"post_tag","embeddable":true,"href":"https:\/\/depeches241.com\/index.php?rest_route=%2Fwp%2Fv2%2Ftags&post=30219"}],"curies":[{"name":"wp","href":"https:\/\/api.w.org\/{rel}","templated":true}]}}