{"id":30233,"date":"2026-09-04T23:25:53","date_gmt":"2026-09-04T21:25:53","guid":{"rendered":"https:\/\/depeches241.com\/?p=30233"},"modified":"2026-09-04T23:28:58","modified_gmt":"2026-09-04T21:28:58","slug":"radiation-deddy-minang-quand-un-ancien-torpilleur-de-la-regle-de-droit-se-plaint-davoir-fait-lobjet-dune-procedure-irreguliere","status":"publish","type":"post","link":"https:\/\/depeches241.com\/?p=30233","title":{"rendered":"Le proc\u00e8s de la Proc\u00e9dure ou quand l\u2019arbitraire change de camp: Eddy Minang face au droit qu\u2019il a lui m\u00eame bafou\u00e9"},"content":{"rendered":"\n<figure class=\"wp-block-image size-large\"><img loading=\"lazy\" decoding=\"async\" width=\"1024\" height=\"477\" src=\"https:\/\/depeches241.com\/wp-content\/uploads\/2026\/09\/658e1283-eb4c-44d9-bc03-a6344bef580d-1024x477.jpeg\" alt=\"\" class=\"wp-image-30234\" srcset=\"https:\/\/depeches241.com\/wp-content\/uploads\/2026\/09\/658e1283-eb4c-44d9-bc03-a6344bef580d-1024x477.jpeg 1024w, https:\/\/depeches241.com\/wp-content\/uploads\/2026\/09\/658e1283-eb4c-44d9-bc03-a6344bef580d-300x140.jpeg 300w, https:\/\/depeches241.com\/wp-content\/uploads\/2026\/09\/658e1283-eb4c-44d9-bc03-a6344bef580d-768x358.jpeg 768w, https:\/\/depeches241.com\/wp-content\/uploads\/2026\/09\/658e1283-eb4c-44d9-bc03-a6344bef580d.jpeg 1080w\" sizes=\"auto, (max-width: 1024px) 100vw, 1024px\" \/><figcaption class=\"wp-element-caption\"><strong><em>Le miroir du droit ne ment jamais car il finit par renvoyer \u00e0 chacun sa propre image, Eddy Minang semble en faire actuellement l\u2019amer exp\u00e9rience   <em>\u00a9 D\u00e9p\u00eaches 241<\/em><br><\/em><\/strong><\/figcaption><\/figure>\n\n\n\n<p class=\"wp-block-paragraph\"><strong>Libreville, le 4 ao\u00fbt 2026 &#8211; (D\u00e9p\u00eaches 241). Il y a quelque chose de vertigineux, presque tragique, dans le spectacle qu&rsquo;offre aujourd&rsquo;hui l\u2019affaire Narcisse Eddy Minang. Radi\u00e9 de la magistrature par le Conseil sup\u00e9rieur de la magistrature, l&rsquo;ancien Procureur G\u00e9n\u00e9ral pr\u00e8s la Cour d&rsquo;Appel d\u00e9nonce, par la voix de ses proches, une proc\u00e9dure disciplinaire qu&rsquo;il juge irr\u00e9guli\u00e8re. Le m\u00eame homme qui, hier, a laiss\u00e9 prosp\u00e9rer contre Herv\u00e9 Patrick Opiangah l&rsquo;une des proc\u00e9dures les plus vid\u00e9es de sens de l&rsquo;histoire judiciaire r\u00e9cente du Gabon, r\u00e9clame aujourd&rsquo;hui pour lui-m\u00eame les garanties qu&rsquo;il a refus\u00e9es \u00e0 un autre. Au-del\u00e0 du destin d&rsquo;un seul homme, cette affaire dit quelque chose d&rsquo;essentiel sur le prix du droit, et sur ce qu&rsquo;il en co\u00fbte de l&rsquo;oublier.<\/strong><\/p>\n\n\n\n<p class=\"has-drop-cap wp-block-paragraph\">La radiation de Narcisse Eddy Minang ne s&rsquo;est pas faite dans le silence. Dans son entourage, comme au sein d&rsquo;une partie de sa communaut\u00e9, des voix s&rsquo;\u00e9l\u00e8vent pour d\u00e9noncer ce qu&rsquo;elles pr\u00e9sentent comme des vices de proc\u00e9dure. Le grief m\u00e9rite d&rsquo;\u00eatre entendu, comme tout grief m\u00e9rite de l&rsquo;\u00eatre dans un \u00c9tat de droit digne de ce nom. Mais il m\u00e9rite aussi d&rsquo;\u00eatre regard\u00e9 en face, avec toute la gravit\u00e9 qu&rsquo;impose le pass\u00e9 judiciaire de l&rsquo;homme qui le formule. Car celui qui aujourd&rsquo;hui s&rsquo;\u00e9meut d&rsquo;une irr\u00e9gularit\u00e9 est le m\u00eame qui, hier, en qualit\u00e9 de Procureur G\u00e9n\u00e9ral, a instruit, cautionn\u00e9 et prolong\u00e9 l&rsquo;une des proc\u00e9dures les plus manifestement vici\u00e9es jamais men\u00e9es contre l\u2019homme d&rsquo;affaires et acteur politique gabonais, Herv\u00e9 Patrick Opiangah. Le miroir, cette fois, renvers\u00e9e, ne ment pas. Il renvoie \u00e0 Eddy Minang l&rsquo;image exacte de ce qu&rsquo;il a laiss\u00e9 infliger \u00e0 un autre compatriote.&nbsp;<\/p>\n\n\n\n<p class=\"wp-block-paragraph\"><strong>Eddy Minang et le miroir renvers\u00e9&nbsp;<\/strong><\/p>\n\n\n\n<p class=\"wp-block-paragraph\">Pour comprendre la port\u00e9e de ce retournement, il faut revenir sur les faits, avec la pr\u00e9cision que leur gravit\u00e9 exige. Tout commence par un mensonge, ou plut\u00f4t par deux. Le 13 d\u00e9cembre 2024, \u00e0 la T\u00e9l\u00e9vision nationale , le Procureur de la R\u00e9publique Bruno Obiang Mve affirme qu&rsquo;une plainte contre Herv\u00e9 Patrick Opiangah a \u00e9t\u00e9 d\u00e9pos\u00e9e d\u00e8s le 14 novembre 2024. Un exploit d&rsquo;huissier, produit par son parti UDIS, \u00e9tablira pourtant que cette plainte n&rsquo;a \u00e9t\u00e9 enregistr\u00e9e que le 25 novembre, soit onze jours plus tard, et surtout cinq jours apr\u00e8s l&rsquo;ouverture de l&rsquo;information judiciaire et le d\u00e9ploiement de la force publique.&nbsp;<\/p>\n\n\n\n<p class=\"wp-block-paragraph\"><strong>LIRE AUSSI: <a href=\"https:\/\/depeches241.com\/?p=29939\"><strong>Violations des r\u00e8gles de droit dans l\u2019affaire HPO : Eddy Minang et Obiang Mve peuvent-ils \u00e9chapper au Conseil de discipline de la magistrature ?&nbsp;<\/strong><\/a><\/strong><\/p>\n\n\n\n<p class=\"wp-block-paragraph\">&nbsp;\u00c0 ce premier mensonge s&rsquo;ajoute celui d&rsquo;Eddy Minang lui-m\u00eame, qui, dans son r\u00e9quisitoire visant \u00e0 faire \u00e9chec \u00e0 la demande de non-lieu, invoque une troisi\u00e8me date, le 19 novembre, tout aussi introuvable dans les registres du parquet. L&rsquo;arr\u00eat de la Chambre d&rsquo;Accusation du 8 mai 2025 tranchera finalement pour le 25 novembre. Trois dates pour une seule plainte : deux d&rsquo;entre elles, celles-l\u00e0 m\u00eames avanc\u00e9es par Bruno Obiang Mve et par Eddy Minang, sont donc, par construction, mensong\u00e8res.<\/p>\n\n\n\n<p class=\"wp-block-paragraph\"><strong>Le dossier Opiangah, anatomie d&rsquo;une proc\u00e9dure vid\u00e9e de son sens<\/strong><\/p>\n\n\n\n<p class=\"wp-block-paragraph\">Sur ce fondement fabriqu\u00e9, tout un appareil judiciaire s&rsquo;est mis en mouvement, sans plainte recevable, sans preuve mat\u00e9rielle, sans victime confirmant les accusations, et sans m\u00eame les \u00e9l\u00e9ments constitutifs de l&rsquo;infraction reproch\u00e9e. La r\u00e9sidence d&rsquo;Herv\u00e9 Patrick Opiangah a \u00e9t\u00e9 perquisitionn\u00e9e sans mandat, sans qu&rsquo;aucun proc\u00e8s-verbal ne soit dress\u00e9 apr\u00e8s coup. Des montres de luxe, de l&rsquo;argent liquide, un coffre-fort ont \u00e9t\u00e9 emport\u00e9s, sans qu&rsquo;aucun lien de causalit\u00e9 ne soit \u00e9tabli entre l&rsquo;affaire suppos\u00e9e de m\u0153urs all\u00e9gu\u00e9e et les biens saisis.&nbsp;<\/p>\n\n\n\n<p class=\"wp-block-paragraph\"><strong>LIRE AUSSI: <a href=\"https:\/\/depeches241.com\/?p=24713\"><strong>Affaire HPO: Eddy Minang comme Obiang Mve , des fr\u00e8res d\u2019armes unis dans le parjure ?<\/strong><\/a><\/strong><\/p>\n\n\n\n<p class=\"wp-block-paragraph\">La holding de l\u2019homme d\u2019affaires a \u00e9t\u00e9 plac\u00e9e sous scell\u00e9s pendant des mois, sans d\u00e9cision de justice, ses comptes bancaires, frapp\u00e9s de la m\u00eame mesure arbitraire. Sa fille, pr\u00e9sent\u00e9e comme la victime, a \u00e9t\u00e9 gard\u00e9e \u00e0 vue cinq jours sans pouvoir rencontrer d&rsquo;avocat. Son fr\u00e8re a\u00een\u00e9 C\u00e9sar Opiangah, a \u00e9t\u00e9 plac\u00e9 sous mandat de d\u00e9p\u00f4t. Tout cela s&rsquo;est jou\u00e9 en quatre jours, entre le 20 et le 24 novembre 2024 : quatre jours durant lesquels la justice gabonaise a traqu\u00e9 un homme, ferm\u00e9 ses entreprises, fouill\u00e9 sa maison, d\u00e9tenu sa fille et emprisonn\u00e9 son fr\u00e8re, en dehors de tout cadre l\u00e9gal.&nbsp;<\/p>\n\n\n\n<p class=\"wp-block-paragraph\"><strong>LIRE AUSSI: <a href=\"https:\/\/depeches241.com\/?p=22628\"><strong>Gabon: sans preuves, sans aveux et sans victime, la justice rejette la demande de non lieu formul\u00e9e par les avocats de HPO&nbsp;<\/strong><\/a><\/strong><\/p>\n\n\n\n<p class=\"wp-block-paragraph\">Et lorsque, apr\u00e8s le rejet d&rsquo;une premi\u00e8re demande de non-lieu par Bruno Obiang Mve, le dossier est parvenu devant la Chambre d&rsquo;Accusation \u00e0 la faveur de l&rsquo;appel interjet\u00e9 par les avocats de Herv\u00e9 Patrick Opiangah, Eddy Minang, alors Procureur G\u00e9n\u00e9ral, n&rsquo;a pas h\u00e9sit\u00e9 \u00e0 rejeter \u00e0 son tour cette demande, malgr\u00e9 des irr\u00e9gularit\u00e9s qui n&rsquo;\u00e9chappaient \u00e0 personne.<\/p>\n\n\n\n<p class=\"wp-block-paragraph\"><strong>Le retour \u00e0 l&rsquo;envoyeur, sans c\u00e9der \u00e0 la tentation de la revanche<\/strong><\/p>\n\n\n\n<p class=\"wp-block-paragraph\">Il y a, dans ce retournement du sort, une forme de justice immanente qui parlera \u00e0 beaucoup de Gabonais. Celui qui a ferm\u00e9 les yeux sur les vices d&rsquo;une proc\u00e9dure exige aujourd&rsquo;hui qu&rsquo;on respecte scrupuleusement ceux de la sienne. On comprendrait presque la tentation d&rsquo;y voir un juste retour des choses, un m\u00e9canisme presque naturel qui, avec le temps, rattrape ceux qui ont cru pouvoir s&rsquo;affranchir des r\u00e8gles. Cette lecture, pourtant, aussi s\u00e9duisante soit-elle, ne doit conduire \u00e0 aucune complaisance ni, surtout, \u00e0 aucune justice de revanche.&nbsp;<\/p>\n\n\n\n<p class=\"wp-block-paragraph\">Ce n&rsquo;est pas parce qu&rsquo;un homme a commis des fautes hier qu&rsquo;il faut, aujourd&rsquo;hui, se dispenser d&rsquo;\u00e9tablir les siennes avec rigueur et de lui garantir les m\u00eames droits que ceux qu&rsquo;il a grossi\u00e8rement pi\u00e9tin\u00e9s. C\u00e9der \u00e0 cette pente reviendrait \u00e0 reproduire, sous une autre banni\u00e8re, exactement les d\u00e9rives que l&rsquo;on pr\u00e9tend condamner. La justice ne se venge pas, elle \u00e9tablit, elle sanctionne, elle r\u00e9pare, dans le respect scrupuleux des formes qu&rsquo;elle exige des autres.<\/p>\n\n\n\n<p class=\"wp-block-paragraph\"><strong>L&rsquo;arbitraire ne choisit pas quand et qui il frappe<\/strong><\/p>\n\n\n\n<p class=\"wp-block-paragraph\">C&rsquo;est l\u00e0, sans doute, la le\u00e7on la plus pr\u00e9cieuse de cette affaire, et la plus universelle. Le respect de la proc\u00e9dure ne saurait \u00eatre un confort que l&rsquo;on r\u00e9clame uniquement lorsqu&rsquo;il nous prot\u00e8ge, et que l&rsquo;on ignore d\u00e8s lors qu&rsquo;il prot\u00e8ge autrui. Il doit \u00eatre une garantie pour tous, sans exception, y compris pour ceux qui, hier, ont exerc\u00e9 le pouvoir de l&rsquo;accusation. Car l&rsquo;arbitraire, une fois tol\u00e9r\u00e9, ne choisit pas ses cibles suivant leur rang ni leur robe : il frappe ceux qu&rsquo;on lui d\u00e9signe, puis, t\u00f4t ou tard, ceux qui le d\u00e9signaient. Un magistrat ne devrait jamais s&rsquo;estimer tenu d&rsquo;ex\u00e9cuter un ordre manifestement injuste ou contraire au droit. Son ind\u00e9pendance et sa conscience professionnelle sont pr\u00e9cis\u00e9ment les premiers remparts contre ces d\u00e9rives.&nbsp;<\/p>\n\n\n\n<p class=\"wp-block-paragraph\"><strong>LIRE AUSSI: <a href=\"https:\/\/depeches241.com\/?p=26767\"><strong>Me Mba Ondo: \u00ab M. le procureur, s\u2019il vous pla\u00eet, rendez l\u2019argent de M. Opiangah, car vous avez agi en marge de la loi \u00bb<\/strong><\/a><\/strong><\/p>\n\n\n\n<p class=\"wp-block-paragraph\">Au-del\u00e0 du sort personnel de Narcisse Eddy Minang, c&rsquo;est toute la magistrature gabonaise qui est ici interpell\u00e9e : magistrats, procureurs, juges, responsables administratifs ou politiques, nul ne devrait croire sa position d\u00e9finitivement \u00e0 l&rsquo;abri des cons\u00e9quences d&rsquo;un syst\u00e8me qu&rsquo;il a lui-m\u00eame servi. Si des fautes ont \u00e9t\u00e9 commises dans la proc\u00e9dure qui l&rsquo;a radi\u00e9e, qu&rsquo;elles soient \u00e9tablies contradictoirement et corrig\u00e9es, comme le droit l&rsquo;exige. Mais que nul n&rsquo;oublie non plus qu&rsquo;il fut de ceux qui, en leur temps, ont eu le pouvoir d&rsquo;\u00e9pargner cette m\u00eame rigueur \u00e0 un homme, et qui ont choisi de ne pas le faire.&nbsp; C&rsquo;est l\u00e0, pr\u00e9cis\u00e9ment, tout le sens de l&rsquo;\u00c9tat de droit.&nbsp;<\/p>\n","protected":false},"excerpt":{"rendered":"<p>Libreville, le 4 ao\u00fbt 2026 &#8211; (D\u00e9p\u00eaches 241). Il y a quelque chose de vertigineux, presque tragique, dans le spectacle qu&rsquo;offre aujourd&rsquo;hui l\u2019affaire Narcisse Eddy Minang. Radi\u00e9 de la magistrature par le Conseil sup\u00e9rieur de la magistrature, l&rsquo;ancien Procureur G\u00e9n\u00e9ral pr\u00e8s la Cour d&rsquo;Appel d\u00e9nonce, par la voix de ses [&hellip;]<\/p>\n","protected":false},"author":12,"featured_media":30234,"comment_status":"open","ping_status":"open","sticky":false,"template":"","format":"standard","meta":{"om_disable_all_campaigns":false,"footnotes":""},"categories":[6,117],"tags":[99,4337,5332,59,680,360,4765,73],"class_list":["post-30233","post","type-post","status-publish","format-standard","has-post-thumbnail","category-faits-divers-justice","category-une2","tag-depeches241","tag-eddy-minang","tag-etat-de-droit-2","tag-gabon","tag-herve-patrick-opiangah","tag-justice","tag-parjure","tag-politique"],"yoast_head":"<!-- This site is optimized with the Yoast SEO plugin v28.4 - https:\/\/yoast.com\/product\/yoast-seo-wordpress\/ -->\n<title>Le proc\u00e8s de la Proc\u00e9dure ou quand l\u2019arbitraire change de camp: Eddy Minang face au droit qu\u2019il a lui m\u00eame bafou\u00e9 - Groupe D\u00e9p\u00eaches241<\/title>\n<meta name=\"description\" content=\"Il y a quelque chose de vertigineux, presque tragique, dans le spectacle qu&#039;offre aujourd&#039;hui l\u2019affaire Narcisse Eddy Minang. Radi\u00e9 de la magistrature par le Conseil sup\u00e9rieur de la magistrature, l&#039;ancien Procureur G\u00e9n\u00e9ral pr\u00e8s la Cour d&#039;Appel d\u00e9nonce, par la voix de ses proches, une proc\u00e9dure disciplinaire qu&#039;il juge irr\u00e9guli\u00e8re. Le m\u00eame homme qui, hier, a laiss\u00e9 prosp\u00e9rer contre Herv\u00e9 Patrick Opiangah l&#039;une des proc\u00e9dures les plus vid\u00e9es de sens de l&#039;histoire judiciaire r\u00e9cente du Gabon, r\u00e9clame aujourd&#039;hui pour lui-m\u00eame les garanties qu&#039;il a refus\u00e9es \u00e0 un autre. Au-del\u00e0 du destin d&#039;un seul homme, cette affaire dit quelque chose d&#039;essentiel sur le prix du droit, et sur ce qu&#039;il en co\u00fbte de l&#039;oublier.\" \/>\n<meta name=\"robots\" content=\"index, follow, max-snippet:-1, max-image-preview:large, max-video-preview:-1\" \/>\n<link rel=\"canonical\" href=\"https:\/\/depeches241.com\/?p=30233\" \/>\n<meta property=\"og:locale\" content=\"fr_FR\" \/>\n<meta property=\"og:type\" content=\"article\" \/>\n<meta property=\"og:title\" content=\"Le proc\u00e8s de la Proc\u00e9dure ou quand l\u2019arbitraire change de camp: Eddy Minang face au droit qu\u2019il a lui m\u00eame bafou\u00e9 - Groupe D\u00e9p\u00eaches241\" \/>\n<meta property=\"og:description\" content=\"Il y a quelque chose de vertigineux, presque tragique, dans le spectacle qu&#039;offre aujourd&#039;hui l\u2019affaire Narcisse Eddy Minang. Radi\u00e9 de la magistrature par le Conseil sup\u00e9rieur de la magistrature, l&#039;ancien Procureur G\u00e9n\u00e9ral pr\u00e8s la Cour d&#039;Appel d\u00e9nonce, par la voix de ses proches, une proc\u00e9dure disciplinaire qu&#039;il juge irr\u00e9guli\u00e8re. Le m\u00eame homme qui, hier, a laiss\u00e9 prosp\u00e9rer contre Herv\u00e9 Patrick Opiangah l&#039;une des proc\u00e9dures les plus vid\u00e9es de sens de l&#039;histoire judiciaire r\u00e9cente du Gabon, r\u00e9clame aujourd&#039;hui pour lui-m\u00eame les garanties qu&#039;il a refus\u00e9es \u00e0 un autre. Au-del\u00e0 du destin d&#039;un seul homme, cette affaire dit quelque chose d&#039;essentiel sur le prix du droit, et sur ce qu&#039;il en co\u00fbte de l&#039;oublier.\" \/>\n<meta property=\"og:url\" content=\"https:\/\/depeches241.com\/?p=30233\" \/>\n<meta property=\"og:site_name\" content=\"Groupe D\u00e9p\u00eaches241\" \/>\n<meta property=\"article:publisher\" content=\"https:\/\/www.facebook.com\/depeches241\" \/>\n<meta property=\"article:published_time\" content=\"2026-09-04T21:25:53+00:00\" \/>\n<meta property=\"article:modified_time\" content=\"2026-09-04T21:28:58+00:00\" \/>\n<meta property=\"og:image\" content=\"http:\/\/depeches241.com\/wp-content\/uploads\/2026\/09\/658e1283-eb4c-44d9-bc03-a6344bef580d.jpeg\" \/>\n\t<meta property=\"og:image:width\" content=\"1080\" \/>\n\t<meta property=\"og:image:height\" content=\"503\" \/>\n\t<meta property=\"og:image:type\" content=\"image\/jpeg\" \/>\n<meta name=\"author\" content=\"Iboka Marc Andr\u00e9\" \/>\n<meta name=\"twitter:card\" content=\"summary_large_image\" \/>\n<meta name=\"twitter:label1\" content=\"\u00c9crit par\" \/>\n\t<meta name=\"twitter:data1\" content=\"Iboka Marc Andr\u00e9\" \/>\n\t<meta name=\"twitter:label2\" content=\"Dur\u00e9e de lecture estim\u00e9e\" \/>\n\t<meta name=\"twitter:data2\" content=\"7 minutes\" \/>\n<script type=\"application\/ld+json\" class=\"yoast-schema-graph\">{\"@context\":\"https:\\\/\\\/schema.org\",\"@graph\":[{\"@type\":\"Article\",\"@id\":\"https:\\\/\\\/depeches241.com\\\/?p=30233#article\",\"isPartOf\":{\"@id\":\"https:\\\/\\\/depeches241.com\\\/?p=30233\"},\"author\":{\"name\":\"Iboka Marc Andr\u00e9\",\"@id\":\"https:\\\/\\\/depeches241.com\\\/#\\\/schema\\\/person\\\/5abcf4b9361e0d8aa457b404d877674f\"},\"headline\":\"Le proc\u00e8s de la Proc\u00e9dure ou quand l\u2019arbitraire change de camp: Eddy Minang face au droit qu\u2019il a lui m\u00eame bafou\u00e9\",\"datePublished\":\"2026-09-04T21:25:53+00:00\",\"dateModified\":\"2026-09-04T21:28:58+00:00\",\"mainEntityOfPage\":{\"@id\":\"https:\\\/\\\/depeches241.com\\\/?p=30233\"},\"wordCount\":1464,\"commentCount\":0,\"publisher\":{\"@id\":\"https:\\\/\\\/depeches241.com\\\/#organization\"},\"image\":{\"@id\":\"https:\\\/\\\/depeches241.com\\\/?p=30233#primaryimage\"},\"thumbnailUrl\":\"https:\\\/\\\/depeches241.com\\\/wp-content\\\/uploads\\\/2026\\\/09\\\/658e1283-eb4c-44d9-bc03-a6344bef580d.jpeg\",\"keywords\":[\"depeches241\",\"Eddy Minang\",\"\u00c9tat de Droit\",\"Gabon\",\"Herv\u00e9 Patrick Opiangah\",\"Justice\",\"Parjure\",\"Politique\"],\"articleSection\":[\"JUSTICE\",\"Une2\"],\"inLanguage\":\"fr-FR\",\"potentialAction\":[{\"@type\":\"CommentAction\",\"name\":\"Comment\",\"target\":[\"https:\\\/\\\/depeches241.com\\\/?p=30233#respond\"]}]},{\"@type\":\"WebPage\",\"@id\":\"https:\\\/\\\/depeches241.com\\\/?p=30233\",\"url\":\"https:\\\/\\\/depeches241.com\\\/?p=30233\",\"name\":\"Le proc\u00e8s de la Proc\u00e9dure ou quand l\u2019arbitraire change de camp: Eddy Minang face au droit qu\u2019il a lui m\u00eame bafou\u00e9 - Groupe D\u00e9p\u00eaches241\",\"isPartOf\":{\"@id\":\"https:\\\/\\\/depeches241.com\\\/#website\"},\"primaryImageOfPage\":{\"@id\":\"https:\\\/\\\/depeches241.com\\\/?p=30233#primaryimage\"},\"image\":{\"@id\":\"https:\\\/\\\/depeches241.com\\\/?p=30233#primaryimage\"},\"thumbnailUrl\":\"https:\\\/\\\/depeches241.com\\\/wp-content\\\/uploads\\\/2026\\\/09\\\/658e1283-eb4c-44d9-bc03-a6344bef580d.jpeg\",\"datePublished\":\"2026-09-04T21:25:53+00:00\",\"dateModified\":\"2026-09-04T21:28:58+00:00\",\"description\":\"Il y a quelque chose de vertigineux, presque tragique, dans le spectacle qu'offre aujourd'hui l\u2019affaire Narcisse Eddy Minang. Radi\u00e9 de la magistrature par le Conseil sup\u00e9rieur de la magistrature, l'ancien Procureur G\u00e9n\u00e9ral pr\u00e8s la Cour d'Appel d\u00e9nonce, par la voix de ses proches, une proc\u00e9dure disciplinaire qu'il juge irr\u00e9guli\u00e8re. Le m\u00eame homme qui, hier, a laiss\u00e9 prosp\u00e9rer contre Herv\u00e9 Patrick Opiangah l'une des proc\u00e9dures les plus vid\u00e9es de sens de l'histoire judiciaire r\u00e9cente du Gabon, r\u00e9clame aujourd'hui pour lui-m\u00eame les garanties qu'il a refus\u00e9es \u00e0 un autre. Au-del\u00e0 du destin d'un seul homme, cette affaire dit quelque chose d'essentiel sur le prix du droit, et sur ce qu'il en co\u00fbte de l'oublier.\",\"breadcrumb\":{\"@id\":\"https:\\\/\\\/depeches241.com\\\/?p=30233#breadcrumb\"},\"inLanguage\":\"fr-FR\",\"potentialAction\":[{\"@type\":\"ReadAction\",\"target\":[\"https:\\\/\\\/depeches241.com\\\/?p=30233\"]}]},{\"@type\":\"ImageObject\",\"inLanguage\":\"fr-FR\",\"@id\":\"https:\\\/\\\/depeches241.com\\\/?p=30233#primaryimage\",\"url\":\"https:\\\/\\\/depeches241.com\\\/wp-content\\\/uploads\\\/2026\\\/09\\\/658e1283-eb4c-44d9-bc03-a6344bef580d.jpeg\",\"contentUrl\":\"https:\\\/\\\/depeches241.com\\\/wp-content\\\/uploads\\\/2026\\\/09\\\/658e1283-eb4c-44d9-bc03-a6344bef580d.jpeg\",\"width\":1080,\"height\":503},{\"@type\":\"BreadcrumbList\",\"@id\":\"https:\\\/\\\/depeches241.com\\\/?p=30233#breadcrumb\",\"itemListElement\":[{\"@type\":\"ListItem\",\"position\":1,\"name\":\"Accueil\",\"item\":\"https:\\\/\\\/depeches241.com\\\/\"},{\"@type\":\"ListItem\",\"position\":2,\"name\":\"Le proc\u00e8s de la Proc\u00e9dure ou quand l\u2019arbitraire change de camp: Eddy Minang face au droit qu\u2019il a lui m\u00eame bafou\u00e9\"}]},{\"@type\":\"WebSite\",\"@id\":\"https:\\\/\\\/depeches241.com\\\/#website\",\"url\":\"https:\\\/\\\/depeches241.com\\\/\",\"name\":\"D\u00e9p\u00eaches241\",\"description\":\"M\u00e9dia d&#039;actualit\u00e9 Politique, \u00c9conomique, Sociale et Internationale\",\"publisher\":{\"@id\":\"https:\\\/\\\/depeches241.com\\\/#organization\"},\"potentialAction\":[{\"@type\":\"SearchAction\",\"target\":{\"@type\":\"EntryPoint\",\"urlTemplate\":\"https:\\\/\\\/depeches241.com\\\/?s={search_term_string}\"},\"query-input\":{\"@type\":\"PropertyValueSpecification\",\"valueRequired\":true,\"valueName\":\"search_term_string\"}}],\"inLanguage\":\"fr-FR\"},{\"@type\":\"Organization\",\"@id\":\"https:\\\/\\\/depeches241.com\\\/#organization\",\"name\":\"Groupe D\u00e9p\u00eaches241\",\"url\":\"https:\\\/\\\/depeches241.com\\\/\",\"logo\":{\"@type\":\"ImageObject\",\"inLanguage\":\"fr-FR\",\"@id\":\"https:\\\/\\\/depeches241.com\\\/#\\\/schema\\\/logo\\\/image\\\/\",\"url\":\"https:\\\/\\\/depeches241.com\\\/wp-content\\\/uploads\\\/2021\\\/10\\\/cropped-Logo-new-Accueil.png\",\"contentUrl\":\"https:\\\/\\\/depeches241.com\\\/wp-content\\\/uploads\\\/2021\\\/10\\\/cropped-Logo-new-Accueil.png\",\"width\":320,\"height\":105,\"caption\":\"Groupe D\u00e9p\u00eaches241\"},\"image\":{\"@id\":\"https:\\\/\\\/depeches241.com\\\/#\\\/schema\\\/logo\\\/image\\\/\"},\"sameAs\":[\"https:\\\/\\\/www.facebook.com\\\/depeches241\"]},{\"@type\":\"Person\",\"@id\":\"https:\\\/\\\/depeches241.com\\\/#\\\/schema\\\/person\\\/5abcf4b9361e0d8aa457b404d877674f\",\"name\":\"Iboka Marc Andr\u00e9\",\"image\":{\"@type\":\"ImageObject\",\"inLanguage\":\"fr-FR\",\"@id\":\"https:\\\/\\\/secure.gravatar.com\\\/avatar\\\/13c33935f0a59dd3c3a52ae25f58c248a1bf75f6e9ab4e6a7a23bfb8f9f53136?s=96&d=mm&r=g\",\"url\":\"https:\\\/\\\/secure.gravatar.com\\\/avatar\\\/13c33935f0a59dd3c3a52ae25f58c248a1bf75f6e9ab4e6a7a23bfb8f9f53136?s=96&d=mm&r=g\",\"contentUrl\":\"https:\\\/\\\/secure.gravatar.com\\\/avatar\\\/13c33935f0a59dd3c3a52ae25f58c248a1bf75f6e9ab4e6a7a23bfb8f9f53136?s=96&d=mm&r=g\",\"caption\":\"Iboka Marc Andr\u00e9\"},\"url\":\"https:\\\/\\\/depeches241.com\\\/?author=12\"}]}<\/script>\n<!-- \/ Yoast SEO plugin. -->","yoast_head_json":{"title":"Le proc\u00e8s de la Proc\u00e9dure ou quand l\u2019arbitraire change de camp: Eddy Minang face au droit qu\u2019il a lui m\u00eame bafou\u00e9 - Groupe D\u00e9p\u00eaches241","description":"Il y a quelque chose de vertigineux, presque tragique, dans le spectacle qu'offre aujourd'hui l\u2019affaire Narcisse Eddy Minang. Radi\u00e9 de la magistrature par le Conseil sup\u00e9rieur de la magistrature, l'ancien Procureur G\u00e9n\u00e9ral pr\u00e8s la Cour d'Appel d\u00e9nonce, par la voix de ses proches, une proc\u00e9dure disciplinaire qu'il juge irr\u00e9guli\u00e8re. Le m\u00eame homme qui, hier, a laiss\u00e9 prosp\u00e9rer contre Herv\u00e9 Patrick Opiangah l'une des proc\u00e9dures les plus vid\u00e9es de sens de l'histoire judiciaire r\u00e9cente du Gabon, r\u00e9clame aujourd'hui pour lui-m\u00eame les garanties qu'il a refus\u00e9es \u00e0 un autre. Au-del\u00e0 du destin d'un seul homme, cette affaire dit quelque chose d'essentiel sur le prix du droit, et sur ce qu'il en co\u00fbte de l'oublier.","robots":{"index":"index","follow":"follow","max-snippet":"max-snippet:-1","max-image-preview":"max-image-preview:large","max-video-preview":"max-video-preview:-1"},"canonical":"https:\/\/depeches241.com\/?p=30233","og_locale":"fr_FR","og_type":"article","og_title":"Le proc\u00e8s de la Proc\u00e9dure ou quand l\u2019arbitraire change de camp: Eddy Minang face au droit qu\u2019il a lui m\u00eame bafou\u00e9 - Groupe D\u00e9p\u00eaches241","og_description":"Il y a quelque chose de vertigineux, presque tragique, dans le spectacle qu'offre aujourd'hui l\u2019affaire Narcisse Eddy Minang. Radi\u00e9 de la magistrature par le Conseil sup\u00e9rieur de la magistrature, l'ancien Procureur G\u00e9n\u00e9ral pr\u00e8s la Cour d'Appel d\u00e9nonce, par la voix de ses proches, une proc\u00e9dure disciplinaire qu'il juge irr\u00e9guli\u00e8re. Le m\u00eame homme qui, hier, a laiss\u00e9 prosp\u00e9rer contre Herv\u00e9 Patrick Opiangah l'une des proc\u00e9dures les plus vid\u00e9es de sens de l'histoire judiciaire r\u00e9cente du Gabon, r\u00e9clame aujourd'hui pour lui-m\u00eame les garanties qu'il a refus\u00e9es \u00e0 un autre. Au-del\u00e0 du destin d'un seul homme, cette affaire dit quelque chose d'essentiel sur le prix du droit, et sur ce qu'il en co\u00fbte de l'oublier.","og_url":"https:\/\/depeches241.com\/?p=30233","og_site_name":"Groupe D\u00e9p\u00eaches241","article_publisher":"https:\/\/www.facebook.com\/depeches241","article_published_time":"2026-09-04T21:25:53+00:00","article_modified_time":"2026-09-04T21:28:58+00:00","og_image":[{"width":1080,"height":503,"url":"http:\/\/depeches241.com\/wp-content\/uploads\/2026\/09\/658e1283-eb4c-44d9-bc03-a6344bef580d.jpeg","type":"image\/jpeg"}],"author":"Iboka Marc Andr\u00e9","twitter_card":"summary_large_image","twitter_misc":{"\u00c9crit par":"Iboka Marc Andr\u00e9","Dur\u00e9e de lecture estim\u00e9e":"7 minutes"},"schema":{"@context":"https:\/\/schema.org","@graph":[{"@type":"Article","@id":"https:\/\/depeches241.com\/?p=30233#article","isPartOf":{"@id":"https:\/\/depeches241.com\/?p=30233"},"author":{"name":"Iboka Marc Andr\u00e9","@id":"https:\/\/depeches241.com\/#\/schema\/person\/5abcf4b9361e0d8aa457b404d877674f"},"headline":"Le proc\u00e8s de la Proc\u00e9dure ou quand l\u2019arbitraire change de camp: Eddy Minang face au droit qu\u2019il a lui m\u00eame bafou\u00e9","datePublished":"2026-09-04T21:25:53+00:00","dateModified":"2026-09-04T21:28:58+00:00","mainEntityOfPage":{"@id":"https:\/\/depeches241.com\/?p=30233"},"wordCount":1464,"commentCount":0,"publisher":{"@id":"https:\/\/depeches241.com\/#organization"},"image":{"@id":"https:\/\/depeches241.com\/?p=30233#primaryimage"},"thumbnailUrl":"https:\/\/depeches241.com\/wp-content\/uploads\/2026\/09\/658e1283-eb4c-44d9-bc03-a6344bef580d.jpeg","keywords":["depeches241","Eddy Minang","\u00c9tat de Droit","Gabon","Herv\u00e9 Patrick Opiangah","Justice","Parjure","Politique"],"articleSection":["JUSTICE","Une2"],"inLanguage":"fr-FR","potentialAction":[{"@type":"CommentAction","name":"Comment","target":["https:\/\/depeches241.com\/?p=30233#respond"]}]},{"@type":"WebPage","@id":"https:\/\/depeches241.com\/?p=30233","url":"https:\/\/depeches241.com\/?p=30233","name":"Le proc\u00e8s de la Proc\u00e9dure ou quand l\u2019arbitraire change de camp: Eddy Minang face au droit qu\u2019il a lui m\u00eame bafou\u00e9 - Groupe D\u00e9p\u00eaches241","isPartOf":{"@id":"https:\/\/depeches241.com\/#website"},"primaryImageOfPage":{"@id":"https:\/\/depeches241.com\/?p=30233#primaryimage"},"image":{"@id":"https:\/\/depeches241.com\/?p=30233#primaryimage"},"thumbnailUrl":"https:\/\/depeches241.com\/wp-content\/uploads\/2026\/09\/658e1283-eb4c-44d9-bc03-a6344bef580d.jpeg","datePublished":"2026-09-04T21:25:53+00:00","dateModified":"2026-09-04T21:28:58+00:00","description":"Il y a quelque chose de vertigineux, presque tragique, dans le spectacle qu'offre aujourd'hui l\u2019affaire Narcisse Eddy Minang. Radi\u00e9 de la magistrature par le Conseil sup\u00e9rieur de la magistrature, l'ancien Procureur G\u00e9n\u00e9ral pr\u00e8s la Cour d'Appel d\u00e9nonce, par la voix de ses proches, une proc\u00e9dure disciplinaire qu'il juge irr\u00e9guli\u00e8re. Le m\u00eame homme qui, hier, a laiss\u00e9 prosp\u00e9rer contre Herv\u00e9 Patrick Opiangah l'une des proc\u00e9dures les plus vid\u00e9es de sens de l'histoire judiciaire r\u00e9cente du Gabon, r\u00e9clame aujourd'hui pour lui-m\u00eame les garanties qu'il a refus\u00e9es \u00e0 un autre. Au-del\u00e0 du destin d'un seul homme, cette affaire dit quelque chose d'essentiel sur le prix du droit, et sur ce qu'il en co\u00fbte de l'oublier.","breadcrumb":{"@id":"https:\/\/depeches241.com\/?p=30233#breadcrumb"},"inLanguage":"fr-FR","potentialAction":[{"@type":"ReadAction","target":["https:\/\/depeches241.com\/?p=30233"]}]},{"@type":"ImageObject","inLanguage":"fr-FR","@id":"https:\/\/depeches241.com\/?p=30233#primaryimage","url":"https:\/\/depeches241.com\/wp-content\/uploads\/2026\/09\/658e1283-eb4c-44d9-bc03-a6344bef580d.jpeg","contentUrl":"https:\/\/depeches241.com\/wp-content\/uploads\/2026\/09\/658e1283-eb4c-44d9-bc03-a6344bef580d.jpeg","width":1080,"height":503},{"@type":"BreadcrumbList","@id":"https:\/\/depeches241.com\/?p=30233#breadcrumb","itemListElement":[{"@type":"ListItem","position":1,"name":"Accueil","item":"https:\/\/depeches241.com\/"},{"@type":"ListItem","position":2,"name":"Le proc\u00e8s de la Proc\u00e9dure ou quand l\u2019arbitraire change de camp: Eddy Minang face au droit qu\u2019il a lui m\u00eame bafou\u00e9"}]},{"@type":"WebSite","@id":"https:\/\/depeches241.com\/#website","url":"https:\/\/depeches241.com\/","name":"D\u00e9p\u00eaches241","description":"M\u00e9dia d&#039;actualit\u00e9 Politique, \u00c9conomique, Sociale et Internationale","publisher":{"@id":"https:\/\/depeches241.com\/#organization"},"potentialAction":[{"@type":"SearchAction","target":{"@type":"EntryPoint","urlTemplate":"https:\/\/depeches241.com\/?s={search_term_string}"},"query-input":{"@type":"PropertyValueSpecification","valueRequired":true,"valueName":"search_term_string"}}],"inLanguage":"fr-FR"},{"@type":"Organization","@id":"https:\/\/depeches241.com\/#organization","name":"Groupe D\u00e9p\u00eaches241","url":"https:\/\/depeches241.com\/","logo":{"@type":"ImageObject","inLanguage":"fr-FR","@id":"https:\/\/depeches241.com\/#\/schema\/logo\/image\/","url":"https:\/\/depeches241.com\/wp-content\/uploads\/2021\/10\/cropped-Logo-new-Accueil.png","contentUrl":"https:\/\/depeches241.com\/wp-content\/uploads\/2021\/10\/cropped-Logo-new-Accueil.png","width":320,"height":105,"caption":"Groupe D\u00e9p\u00eaches241"},"image":{"@id":"https:\/\/depeches241.com\/#\/schema\/logo\/image\/"},"sameAs":["https:\/\/www.facebook.com\/depeches241"]},{"@type":"Person","@id":"https:\/\/depeches241.com\/#\/schema\/person\/5abcf4b9361e0d8aa457b404d877674f","name":"Iboka Marc Andr\u00e9","image":{"@type":"ImageObject","inLanguage":"fr-FR","@id":"https:\/\/secure.gravatar.com\/avatar\/13c33935f0a59dd3c3a52ae25f58c248a1bf75f6e9ab4e6a7a23bfb8f9f53136?s=96&d=mm&r=g","url":"https:\/\/secure.gravatar.com\/avatar\/13c33935f0a59dd3c3a52ae25f58c248a1bf75f6e9ab4e6a7a23bfb8f9f53136?s=96&d=mm&r=g","contentUrl":"https:\/\/secure.gravatar.com\/avatar\/13c33935f0a59dd3c3a52ae25f58c248a1bf75f6e9ab4e6a7a23bfb8f9f53136?s=96&d=mm&r=g","caption":"Iboka Marc Andr\u00e9"},"url":"https:\/\/depeches241.com\/?author=12"}]}},"_links":{"self":[{"href":"https:\/\/depeches241.com\/index.php?rest_route=\/wp\/v2\/posts\/30233","targetHints":{"allow":["GET"]}}],"collection":[{"href":"https:\/\/depeches241.com\/index.php?rest_route=\/wp\/v2\/posts"}],"about":[{"href":"https:\/\/depeches241.com\/index.php?rest_route=\/wp\/v2\/types\/post"}],"author":[{"embeddable":true,"href":"https:\/\/depeches241.com\/index.php?rest_route=\/wp\/v2\/users\/12"}],"replies":[{"embeddable":true,"href":"https:\/\/depeches241.com\/index.php?rest_route=%2Fwp%2Fv2%2Fcomments&post=30233"}],"version-history":[{"count":2,"href":"https:\/\/depeches241.com\/index.php?rest_route=\/wp\/v2\/posts\/30233\/revisions"}],"predecessor-version":[{"id":30236,"href":"https:\/\/depeches241.com\/index.php?rest_route=\/wp\/v2\/posts\/30233\/revisions\/30236"}],"wp:featuredmedia":[{"embeddable":true,"href":"https:\/\/depeches241.com\/index.php?rest_route=\/wp\/v2\/media\/30234"}],"wp:attachment":[{"href":"https:\/\/depeches241.com\/index.php?rest_route=%2Fwp%2Fv2%2Fmedia&parent=30233"}],"wp:term":[{"taxonomy":"category","embeddable":true,"href":"https:\/\/depeches241.com\/index.php?rest_route=%2Fwp%2Fv2%2Fcategories&post=30233"},{"taxonomy":"post_tag","embeddable":true,"href":"https:\/\/depeches241.com\/index.php?rest_route=%2Fwp%2Fv2%2Ftags&post=30233"}],"curies":[{"name":"wp","href":"https:\/\/api.w.org\/{rel}","templated":true}]}}