{"id":30240,"date":"2026-09-05T18:20:42","date_gmt":"2026-09-05T16:20:42","guid":{"rendered":"https:\/\/depeches241.com\/?p=30240"},"modified":"2026-09-05T19:05:29","modified_gmt":"2026-09-05T17:05:29","slug":"lambarene-le-ministre-thierry-minko-apporte-un-important-soutien-aux-familles-defavorisees-a-loccasion-de-la-rentree-scolaire","status":"publish","type":"post","link":"https:\/\/depeches241.com\/?p=30240","title":{"rendered":"Lambar\u00e9n\u00e9: Le ministre Thierry Minko apporte un important soutien aux familles d\u00e9favoris\u00e9es \u00e0 l\u2019occasion de la rentr\u00e9e scolaire"},"content":{"rendered":"\n<figure class=\"wp-block-image size-large\"><img loading=\"lazy\" decoding=\"async\" width=\"1024\" height=\"381\" src=\"https:\/\/depeches241.com\/wp-content\/uploads\/2026\/09\/1003926522-1024x381.png\" alt=\"\" class=\"wp-image-30241\" srcset=\"https:\/\/depeches241.com\/wp-content\/uploads\/2026\/09\/1003926522-1024x381.png 1024w, https:\/\/depeches241.com\/wp-content\/uploads\/2026\/09\/1003926522-300x112.png 300w, https:\/\/depeches241.com\/wp-content\/uploads\/2026\/09\/1003926522-766x285.png 766w, https:\/\/depeches241.com\/wp-content\/uploads\/2026\/09\/1003926522-1536x572.png 1536w, https:\/\/depeches241.com\/wp-content\/uploads\/2026\/09\/1003926522.png 1668w\" sizes=\"auto, (max-width: 1024px) 100vw, 1024px\" \/><figcaption class=\"wp-element-caption\"><strong><em>Le Ministre Thierry Minko, remettant le mat\u00e9riel didactique \u00e0 un responsable acad\u00e9mique.<\/em><\/strong>\u00a9 D\u00e9p\u00eaches 241<\/figcaption><\/figure>\n\n\n\n<p class=\"wp-block-paragraph\"><strong>Libreville, le 5 septembre 2026-(D\u00e9p\u00eaches 241). Hier vendredi 4 septembre 2026, la ville de Lambar\u00e9n\u00e9 a enregistr\u00e9 un \u00e9v\u00e9nement majeur: Thierry Minko, fils de la localit\u00e9, par ailleurs ministre de l\u2019\u00c9conomie, des Finances, de la Dette et des Participations, charg\u00e9 de la lutte contre la vie ch\u00e8re, a proc\u00e9d\u00e9 \u00e0 la remise d\u2019un important don kits et mat\u00e9riels scolaires, destin\u00e9s aux familles en situation de pr\u00e9carit\u00e9. Un geste de solidarit\u00e9 et de proximit\u00e9, destin\u00e9 \u00e0 all\u00e9ger, m\u00eame modestement, le poids des d\u00e9penses qui p\u00e8sent souvent sur les m\u00e9nages, notamment en cette p\u00e9riode de rentr\u00e9e scolaire.<\/strong><\/p>\n\n\n\n<p class=\"has-drop-cap wp-block-paragraph\">En cette p\u00e9riode de rentr\u00e9e scolaire, les familles d\u00e9favoris\u00e9es de Lambar\u00e9n\u00e9 ont re\u00e7u une aide pr\u00e9cieuse venant d\u2019un de leurs fils. Devant le Gouverneur de province, le Maire de la ville et plusieurs hauts cadres administratifs et politiques, le Ministre Thierry Minko, a remis aux apprenants de Lambar\u00e9n\u00e9 un important lot de 2 400 kits scolaires, soit 100 kits pour chacun des 24 quartiers que compte la ville du \u00ab Grand Blanc \u00bb.<\/p>\n\n\n\n<p class=\"wp-block-paragraph\">En plus des kits scolaires, le membre du gouvernement a \u00e9toff\u00e9 son geste par la remise de dix (10) ordinateurs portables aux meilleurs laur\u00e9ats de la derni\u00e8re session du Baccalaur\u00e9at et la dotation d&rsquo;un lot de mat\u00e9riel didactique \u00e0 six (6)  \u00e9tablissements publics de la commune, \u00e0 savoir l\u2019\u00e9cole publique d&rsquo;Adouma, l\u2019\u00e9cole publique de Lalala, l\u2019\u00e9cole publique d&rsquo;Avenir,  l\u2019\u00e9cole publique de Moussamoukougou, l\u2019\u00e9cole publique de Magnang et l\u2019\u00e9cole publique Jacqueline Rawiri.<\/p>\n\n\n\n<p class=\"wp-block-paragraph\"><strong>Une initiative inscrite dans la vision du Chef de l&rsquo;\u00c9tat en faveur de la jeunesse et l\u2019\u00e9ducation<\/strong><\/p>\n\n\n\n<p class=\"wp-block-paragraph\">Chez lui \u00e0 Lambar\u00e9n\u00e9, Thierry Minko s\u2019est pr\u00e9sent\u00e9 en <strong><em>\u00ab fid\u00e8le interpr\u00e8te de la volont\u00e9 pr\u00e9sidentielle \u00bb<\/em><\/strong> en mati\u00e8re de politique sociale dirig\u00e9e \u00e0 l\u2019endroit des jeunes et de l\u2019\u00e9ducation.<strong><em>\u00ab Cette initiative s\u2019inscrit pleinement dans la dynamique impuls\u00e9e par Son Excellence, le Pr\u00e9sident de la R\u00e9publique, Chef de l\u2019\u00c9tat, le G\u00e9n\u00e9ral Brice Clotaire Oligui Nguema, dont la politique sociale place la jeunesse et l\u2019\u00e9ducation au c\u0153ur des priorit\u00e9s nationales \u00bb<\/em><\/strong>, a d\u00e9clar\u00e9 le ministre.<\/p>\n\n\n\n<figure class=\"wp-block-image size-large\"><img loading=\"lazy\" decoding=\"async\" width=\"1024\" height=\"620\" src=\"https:\/\/depeches241.com\/wp-content\/uploads\/2026\/09\/1003926295-1024x620.jpg\" alt=\"\" class=\"wp-image-30243\" srcset=\"https:\/\/depeches241.com\/wp-content\/uploads\/2026\/09\/1003926295-1024x620.jpg 1024w, https:\/\/depeches241.com\/wp-content\/uploads\/2026\/09\/1003926295-300x182.jpg 300w, https:\/\/depeches241.com\/wp-content\/uploads\/2026\/09\/1003926295-768x465.jpg 768w, https:\/\/depeches241.com\/wp-content\/uploads\/2026\/09\/1003926295.jpg 1080w\" sizes=\"auto, (max-width: 1024px) 100vw, 1024px\" \/><figcaption class=\"wp-element-caption\"><strong><em>Le lot du mat\u00e9riel didactique re\u00e7u par les responsables p\u00e9dagogiques.<\/em><\/strong><\/figcaption><\/figure>\n\n\n\n<p class=\"wp-block-paragraph\"><strong>Une volont\u00e9 de ne laisser sur le carreau aucun enfant issu des familles d\u00e9favoris\u00e9es<\/strong><\/p>\n\n\n\n<p class=\"wp-block-paragraph\">Dans son discours, le membre du gouvernement a rappel\u00e9 que ce don, rendu possible par la volont\u00e9 du Chef de l&rsquo;\u00c9tat, s\u2019inscrit dans sa vision de ne laisser pour compte aucun enfant issu des milieux difficiles. <strong><em>\u00ab \u00c0 travers cette action, nous voulons simplement contribuer \u00e0 ce que chaque enfant puisse aborder la rentr\u00e9e avec s\u00e9r\u00e9nit\u00e9 et confiance, car les difficult\u00e9s \u00e9conomiques d\u2019une famille ne doivent pas constituer un obstacle \u00e0 l\u2019\u00e9ducation et aux ambitions de son leurs enfants \u00bb<\/em><\/strong> , a martel\u00e9 Thierry Minko, avant de pr\u00e9ciser que <strong><em>\u00ab cette action s\u2019adresse prioritairement aux familles \u00e9conomiquement vuln\u00e9rables, pour lesquelles la rentr\u00e9e scolaire repr\u00e9sente souvent une charge financi\u00e8re importante \u00bb.<\/em><\/strong><\/p>\n\n\n\n<figure class=\"wp-block-image size-large\"><img loading=\"lazy\" decoding=\"async\" width=\"1024\" height=\"556\" src=\"https:\/\/depeches241.com\/wp-content\/uploads\/2026\/09\/1003926293-1024x556.jpg\" alt=\"\" class=\"wp-image-30245\" srcset=\"https:\/\/depeches241.com\/wp-content\/uploads\/2026\/09\/1003926293-1024x556.jpg 1024w, https:\/\/depeches241.com\/wp-content\/uploads\/2026\/09\/1003926293-300x163.jpg 300w, https:\/\/depeches241.com\/wp-content\/uploads\/2026\/09\/1003926293-767x416.jpg 767w, https:\/\/depeches241.com\/wp-content\/uploads\/2026\/09\/1003926293.jpg 1080w\" sizes=\"auto, (max-width: 1024px) 100vw, 1024px\" \/><figcaption class=\"wp-element-caption\"><strong><em>Les b\u00e9n\u00e9ficiaires des kits scolaires de Lambar\u00e9n\u00e9.<\/em><\/strong><\/figcaption><\/figure>\n\n\n\n<p class=\"wp-block-paragraph\"><strong>Au-del\u00e0 du geste d\u2019humanit\u00e9, cette action marque aussi la reconnaissance de l\u2019excellence des r\u00e9sultats scolaires<\/strong><\/p>\n\n\n\n<p class=\"wp-block-paragraph\">Pour finir, Thierry Minko a \u00e9galement tenu \u00e0 rappeler qu\u2019au-del\u00e0 de la remise de fournitures scolaires, l\u2019acte pos\u00e9 est <strong><em>\u00ab un acte de reconnaissance envers ces braves fils et filles de Lambar\u00e9n\u00e9 qui ont honor\u00e9 notre belle ville par leurs brillants r\u00e9sultats \u00e0 la pr\u00e9c\u00e9dente session du baccalaur\u00e9at \u00bb<\/em><\/strong>, a-t-il indiqu\u00e9, non sans rappeler aux apprenants la fiert\u00e9 qu&rsquo;ils repr\u00e9sentent pour la localit\u00e9. <strong><em>\u00ab Chers laur\u00e9ats, votre r\u00e9ussite est une fiert\u00e9 pour vos familles, pour vos \u00e9tablissements et, au-del\u00e0,  pour  toute  notre  communaut\u00e9. Votre  parcours  constitue  une source d\u2019inspiration et de motivation pour les g\u00e9n\u00e9rations qui vous suivront \u00bb<\/em><\/strong>, a-t-il conclu avec encouragements. <\/p>\n\n\n\n<p class=\"wp-block-paragraph\"><\/p>\n","protected":false},"excerpt":{"rendered":"<p>Libreville, le 5 septembre 2026-(D\u00e9p\u00eaches 241). Hier vendredi 4 septembre 2026, la ville de Lambar\u00e9n\u00e9 a enregistr\u00e9 un \u00e9v\u00e9nement majeur: Thierry Minko, fils de la localit\u00e9, par ailleurs ministre de l\u2019\u00c9conomie, des Finances, de la Dette et des Participations, charg\u00e9 de la lutte contre la vie ch\u00e8re, a proc\u00e9d\u00e9 \u00e0 [&hellip;]<\/p>\n","protected":false},"author":18,"featured_media":30241,"comment_status":"open","ping_status":"open","sticky":false,"template":"","format":"standard","meta":{"om_disable_all_campaigns":false,"footnotes":""},"categories":[5,116],"tags":[99,59,676,42,5660],"class_list":["post-30240","post","type-post","status-publish","format-standard","has-post-thumbnail","category-societe","category-une1","tag-depeches241","tag-gabon","tag-lambarene-2","tag-societe","tag-thierry-minko"],"yoast_head":"<!-- This site is optimized with the Yoast SEO plugin v28.4 - https:\/\/yoast.com\/product\/yoast-seo-wordpress\/ -->\n<title>Lambar\u00e9n\u00e9: Le ministre Thierry Minko apporte un important soutien aux familles d\u00e9favoris\u00e9es \u00e0 l\u2019occasion de la rentr\u00e9e scolaire - Groupe D\u00e9p\u00eaches241<\/title>\n<meta name=\"description\" content=\"Hier vendredi 4 septembre 2026, la ville de Lambar\u00e9n\u00e9 a enregistr\u00e9 un \u00e9v\u00e9nement majeur: Thierry Minko, fils de la localit\u00e9, par ailleurs ministre de l\u2019\u00c9conomie, des Finances, de la Dette et des Participations, charg\u00e9 de la lutte contre la vie ch\u00e8re, a proc\u00e9d\u00e9 \u00e0 la remise d\u2019un important don kits et mat\u00e9riels scolaires, destin\u00e9s aux familles en situation de pr\u00e9carit\u00e9. Un geste de solidarit\u00e9 et de proximit\u00e9, destin\u00e9 \u00e0 all\u00e9ger, m\u00eame modestement, le poids des d\u00e9penses qui p\u00e8sent souvent sur les m\u00e9nages, notamment en cette p\u00e9riode de rentr\u00e9e scolaire.\" \/>\n<meta name=\"robots\" content=\"index, follow, max-snippet:-1, max-image-preview:large, max-video-preview:-1\" \/>\n<link rel=\"canonical\" href=\"https:\/\/depeches241.com\/?p=30240\" \/>\n<meta property=\"og:locale\" content=\"fr_FR\" \/>\n<meta property=\"og:type\" content=\"article\" \/>\n<meta property=\"og:title\" content=\"Lambar\u00e9n\u00e9: Le ministre Thierry Minko apporte un important soutien aux familles d\u00e9favoris\u00e9es \u00e0 l\u2019occasion de la rentr\u00e9e scolaire - Groupe D\u00e9p\u00eaches241\" \/>\n<meta property=\"og:description\" content=\"Hier vendredi 4 septembre 2026, la ville de Lambar\u00e9n\u00e9 a enregistr\u00e9 un \u00e9v\u00e9nement majeur: Thierry Minko, fils de la localit\u00e9, par ailleurs ministre de l\u2019\u00c9conomie, des Finances, de la Dette et des Participations, charg\u00e9 de la lutte contre la vie ch\u00e8re, a proc\u00e9d\u00e9 \u00e0 la remise d\u2019un important don kits et mat\u00e9riels scolaires, destin\u00e9s aux familles en situation de pr\u00e9carit\u00e9. Un geste de solidarit\u00e9 et de proximit\u00e9, destin\u00e9 \u00e0 all\u00e9ger, m\u00eame modestement, le poids des d\u00e9penses qui p\u00e8sent souvent sur les m\u00e9nages, notamment en cette p\u00e9riode de rentr\u00e9e scolaire.\" \/>\n<meta property=\"og:url\" content=\"https:\/\/depeches241.com\/?p=30240\" \/>\n<meta property=\"og:site_name\" content=\"Groupe D\u00e9p\u00eaches241\" \/>\n<meta property=\"article:publisher\" content=\"https:\/\/www.facebook.com\/depeches241\" \/>\n<meta property=\"article:published_time\" content=\"2026-09-05T16:20:42+00:00\" \/>\n<meta property=\"article:modified_time\" content=\"2026-09-05T17:05:29+00:00\" \/>\n<meta property=\"og:image\" content=\"http:\/\/depeches241.com\/wp-content\/uploads\/2026\/09\/1003926522.png\" \/>\n\t<meta property=\"og:image:width\" content=\"1668\" \/>\n\t<meta property=\"og:image:height\" content=\"621\" \/>\n\t<meta property=\"og:image:type\" content=\"image\/png\" \/>\n<meta name=\"author\" content=\"Fabien BIBANG\" \/>\n<meta name=\"twitter:card\" content=\"summary_large_image\" \/>\n<meta name=\"twitter:label1\" content=\"\u00c9crit par\" \/>\n\t<meta name=\"twitter:data1\" content=\"Fabien BIBANG\" \/>\n\t<meta name=\"twitter:label2\" content=\"Dur\u00e9e de lecture estim\u00e9e\" \/>\n\t<meta name=\"twitter:data2\" content=\"3 minutes\" \/>\n<script type=\"application\/ld+json\" class=\"yoast-schema-graph\">{\"@context\":\"https:\\\/\\\/schema.org\",\"@graph\":[{\"@type\":\"Article\",\"@id\":\"https:\\\/\\\/depeches241.com\\\/?p=30240#article\",\"isPartOf\":{\"@id\":\"https:\\\/\\\/depeches241.com\\\/?p=30240\"},\"author\":{\"name\":\"Fabien BIBANG\",\"@id\":\"https:\\\/\\\/depeches241.com\\\/#\\\/schema\\\/person\\\/1901eab6e51ac627fab3abccbd181d4e\"},\"headline\":\"Lambar\u00e9n\u00e9: Le ministre Thierry Minko apporte un important soutien aux familles d\u00e9favoris\u00e9es \u00e0 l\u2019occasion de la rentr\u00e9e scolaire\",\"datePublished\":\"2026-09-05T16:20:42+00:00\",\"dateModified\":\"2026-09-05T17:05:29+00:00\",\"mainEntityOfPage\":{\"@id\":\"https:\\\/\\\/depeches241.com\\\/?p=30240\"},\"wordCount\":695,\"commentCount\":0,\"publisher\":{\"@id\":\"https:\\\/\\\/depeches241.com\\\/#organization\"},\"image\":{\"@id\":\"https:\\\/\\\/depeches241.com\\\/?p=30240#primaryimage\"},\"thumbnailUrl\":\"https:\\\/\\\/depeches241.com\\\/wp-content\\\/uploads\\\/2026\\\/09\\\/1003926522.png\",\"keywords\":[\"depeches241\",\"Gabon\",\"Lambar\u00e9n\u00e9\",\"soci\u00e9t\u00e9\",\"Thierry Minko\"],\"articleSection\":[\"SOCIETE\",\"Une1\"],\"inLanguage\":\"fr-FR\",\"potentialAction\":[{\"@type\":\"CommentAction\",\"name\":\"Comment\",\"target\":[\"https:\\\/\\\/depeches241.com\\\/?p=30240#respond\"]}]},{\"@type\":\"WebPage\",\"@id\":\"https:\\\/\\\/depeches241.com\\\/?p=30240\",\"url\":\"https:\\\/\\\/depeches241.com\\\/?p=30240\",\"name\":\"Lambar\u00e9n\u00e9: Le ministre Thierry Minko apporte un important soutien aux familles d\u00e9favoris\u00e9es \u00e0 l\u2019occasion de la rentr\u00e9e scolaire - Groupe D\u00e9p\u00eaches241\",\"isPartOf\":{\"@id\":\"https:\\\/\\\/depeches241.com\\\/#website\"},\"primaryImageOfPage\":{\"@id\":\"https:\\\/\\\/depeches241.com\\\/?p=30240#primaryimage\"},\"image\":{\"@id\":\"https:\\\/\\\/depeches241.com\\\/?p=30240#primaryimage\"},\"thumbnailUrl\":\"https:\\\/\\\/depeches241.com\\\/wp-content\\\/uploads\\\/2026\\\/09\\\/1003926522.png\",\"datePublished\":\"2026-09-05T16:20:42+00:00\",\"dateModified\":\"2026-09-05T17:05:29+00:00\",\"description\":\"Hier vendredi 4 septembre 2026, la ville de Lambar\u00e9n\u00e9 a enregistr\u00e9 un \u00e9v\u00e9nement majeur: Thierry Minko, fils de la localit\u00e9, par ailleurs ministre de l\u2019\u00c9conomie, des Finances, de la Dette et des Participations, charg\u00e9 de la lutte contre la vie ch\u00e8re, a proc\u00e9d\u00e9 \u00e0 la remise d\u2019un important don kits et mat\u00e9riels scolaires, destin\u00e9s aux familles en situation de pr\u00e9carit\u00e9. Un geste de solidarit\u00e9 et de proximit\u00e9, destin\u00e9 \u00e0 all\u00e9ger, m\u00eame modestement, le poids des d\u00e9penses qui p\u00e8sent souvent sur les m\u00e9nages, notamment en cette p\u00e9riode de rentr\u00e9e scolaire.\",\"breadcrumb\":{\"@id\":\"https:\\\/\\\/depeches241.com\\\/?p=30240#breadcrumb\"},\"inLanguage\":\"fr-FR\",\"potentialAction\":[{\"@type\":\"ReadAction\",\"target\":[\"https:\\\/\\\/depeches241.com\\\/?p=30240\"]}]},{\"@type\":\"ImageObject\",\"inLanguage\":\"fr-FR\",\"@id\":\"https:\\\/\\\/depeches241.com\\\/?p=30240#primaryimage\",\"url\":\"https:\\\/\\\/depeches241.com\\\/wp-content\\\/uploads\\\/2026\\\/09\\\/1003926522.png\",\"contentUrl\":\"https:\\\/\\\/depeches241.com\\\/wp-content\\\/uploads\\\/2026\\\/09\\\/1003926522.png\",\"width\":1668,\"height\":621},{\"@type\":\"BreadcrumbList\",\"@id\":\"https:\\\/\\\/depeches241.com\\\/?p=30240#breadcrumb\",\"itemListElement\":[{\"@type\":\"ListItem\",\"position\":1,\"name\":\"Accueil\",\"item\":\"https:\\\/\\\/depeches241.com\\\/\"},{\"@type\":\"ListItem\",\"position\":2,\"name\":\"Lambar\u00e9n\u00e9: Le ministre Thierry Minko apporte un important soutien aux familles d\u00e9favoris\u00e9es \u00e0 l\u2019occasion de la rentr\u00e9e scolaire\"}]},{\"@type\":\"WebSite\",\"@id\":\"https:\\\/\\\/depeches241.com\\\/#website\",\"url\":\"https:\\\/\\\/depeches241.com\\\/\",\"name\":\"D\u00e9p\u00eaches241\",\"description\":\"M\u00e9dia d&#039;actualit\u00e9 Politique, \u00c9conomique, Sociale et Internationale\",\"publisher\":{\"@id\":\"https:\\\/\\\/depeches241.com\\\/#organization\"},\"potentialAction\":[{\"@type\":\"SearchAction\",\"target\":{\"@type\":\"EntryPoint\",\"urlTemplate\":\"https:\\\/\\\/depeches241.com\\\/?s={search_term_string}\"},\"query-input\":{\"@type\":\"PropertyValueSpecification\",\"valueRequired\":true,\"valueName\":\"search_term_string\"}}],\"inLanguage\":\"fr-FR\"},{\"@type\":\"Organization\",\"@id\":\"https:\\\/\\\/depeches241.com\\\/#organization\",\"name\":\"Groupe D\u00e9p\u00eaches241\",\"url\":\"https:\\\/\\\/depeches241.com\\\/\",\"logo\":{\"@type\":\"ImageObject\",\"inLanguage\":\"fr-FR\",\"@id\":\"https:\\\/\\\/depeches241.com\\\/#\\\/schema\\\/logo\\\/image\\\/\",\"url\":\"https:\\\/\\\/depeches241.com\\\/wp-content\\\/uploads\\\/2021\\\/10\\\/cropped-Logo-new-Accueil.png\",\"contentUrl\":\"https:\\\/\\\/depeches241.com\\\/wp-content\\\/uploads\\\/2021\\\/10\\\/cropped-Logo-new-Accueil.png\",\"width\":320,\"height\":105,\"caption\":\"Groupe D\u00e9p\u00eaches241\"},\"image\":{\"@id\":\"https:\\\/\\\/depeches241.com\\\/#\\\/schema\\\/logo\\\/image\\\/\"},\"sameAs\":[\"https:\\\/\\\/www.facebook.com\\\/depeches241\"]},{\"@type\":\"Person\",\"@id\":\"https:\\\/\\\/depeches241.com\\\/#\\\/schema\\\/person\\\/1901eab6e51ac627fab3abccbd181d4e\",\"name\":\"Fabien BIBANG\",\"image\":{\"@type\":\"ImageObject\",\"inLanguage\":\"fr-FR\",\"@id\":\"https:\\\/\\\/secure.gravatar.com\\\/avatar\\\/18bb838415fc126d966f8ac8e32711b2843c5ba6e35a2e6699a14ef69705dc76?s=96&d=mm&r=g\",\"url\":\"https:\\\/\\\/secure.gravatar.com\\\/avatar\\\/18bb838415fc126d966f8ac8e32711b2843c5ba6e35a2e6699a14ef69705dc76?s=96&d=mm&r=g\",\"contentUrl\":\"https:\\\/\\\/secure.gravatar.com\\\/avatar\\\/18bb838415fc126d966f8ac8e32711b2843c5ba6e35a2e6699a14ef69705dc76?s=96&d=mm&r=g\",\"caption\":\"Fabien BIBANG\"},\"description\":\"Fabien BIBANG est dipl\u00f6m\u00e9 en Philosophie et Lettres. Son amour pour la lecture, l'histoire et les arts, ainsi que son engagement sur le front social l'ont tr\u00e8s t\u00f4t conduit sur les antennes des cha\u00eenes de t\u00e9l\u00e9s et radios pour y d\u00e9fendre ses postures. Sp\u00e9cialiste des questions socio-politiques, il re\u00e7oit le Prix Encouragements au Concours M\u00e9dias UNICEF en novembre 2022\",\"url\":\"https:\\\/\\\/depeches241.com\\\/?author=18\"}]}<\/script>\n<!-- \/ Yoast SEO plugin. -->","yoast_head_json":{"title":"Lambar\u00e9n\u00e9: Le ministre Thierry Minko apporte un important soutien aux familles d\u00e9favoris\u00e9es \u00e0 l\u2019occasion de la rentr\u00e9e scolaire - Groupe D\u00e9p\u00eaches241","description":"Hier vendredi 4 septembre 2026, la ville de Lambar\u00e9n\u00e9 a enregistr\u00e9 un \u00e9v\u00e9nement majeur: Thierry Minko, fils de la localit\u00e9, par ailleurs ministre de l\u2019\u00c9conomie, des Finances, de la Dette et des Participations, charg\u00e9 de la lutte contre la vie ch\u00e8re, a proc\u00e9d\u00e9 \u00e0 la remise d\u2019un important don kits et mat\u00e9riels scolaires, destin\u00e9s aux familles en situation de pr\u00e9carit\u00e9. Un geste de solidarit\u00e9 et de proximit\u00e9, destin\u00e9 \u00e0 all\u00e9ger, m\u00eame modestement, le poids des d\u00e9penses qui p\u00e8sent souvent sur les m\u00e9nages, notamment en cette p\u00e9riode de rentr\u00e9e scolaire.","robots":{"index":"index","follow":"follow","max-snippet":"max-snippet:-1","max-image-preview":"max-image-preview:large","max-video-preview":"max-video-preview:-1"},"canonical":"https:\/\/depeches241.com\/?p=30240","og_locale":"fr_FR","og_type":"article","og_title":"Lambar\u00e9n\u00e9: Le ministre Thierry Minko apporte un important soutien aux familles d\u00e9favoris\u00e9es \u00e0 l\u2019occasion de la rentr\u00e9e scolaire - Groupe D\u00e9p\u00eaches241","og_description":"Hier vendredi 4 septembre 2026, la ville de Lambar\u00e9n\u00e9 a enregistr\u00e9 un \u00e9v\u00e9nement majeur: Thierry Minko, fils de la localit\u00e9, par ailleurs ministre de l\u2019\u00c9conomie, des Finances, de la Dette et des Participations, charg\u00e9 de la lutte contre la vie ch\u00e8re, a proc\u00e9d\u00e9 \u00e0 la remise d\u2019un important don kits et mat\u00e9riels scolaires, destin\u00e9s aux familles en situation de pr\u00e9carit\u00e9. Un geste de solidarit\u00e9 et de proximit\u00e9, destin\u00e9 \u00e0 all\u00e9ger, m\u00eame modestement, le poids des d\u00e9penses qui p\u00e8sent souvent sur les m\u00e9nages, notamment en cette p\u00e9riode de rentr\u00e9e scolaire.","og_url":"https:\/\/depeches241.com\/?p=30240","og_site_name":"Groupe D\u00e9p\u00eaches241","article_publisher":"https:\/\/www.facebook.com\/depeches241","article_published_time":"2026-09-05T16:20:42+00:00","article_modified_time":"2026-09-05T17:05:29+00:00","og_image":[{"width":1668,"height":621,"url":"http:\/\/depeches241.com\/wp-content\/uploads\/2026\/09\/1003926522.png","type":"image\/png"}],"author":"Fabien BIBANG","twitter_card":"summary_large_image","twitter_misc":{"\u00c9crit par":"Fabien BIBANG","Dur\u00e9e de lecture estim\u00e9e":"3 minutes"},"schema":{"@context":"https:\/\/schema.org","@graph":[{"@type":"Article","@id":"https:\/\/depeches241.com\/?p=30240#article","isPartOf":{"@id":"https:\/\/depeches241.com\/?p=30240"},"author":{"name":"Fabien BIBANG","@id":"https:\/\/depeches241.com\/#\/schema\/person\/1901eab6e51ac627fab3abccbd181d4e"},"headline":"Lambar\u00e9n\u00e9: Le ministre Thierry Minko apporte un important soutien aux familles d\u00e9favoris\u00e9es \u00e0 l\u2019occasion de la rentr\u00e9e scolaire","datePublished":"2026-09-05T16:20:42+00:00","dateModified":"2026-09-05T17:05:29+00:00","mainEntityOfPage":{"@id":"https:\/\/depeches241.com\/?p=30240"},"wordCount":695,"commentCount":0,"publisher":{"@id":"https:\/\/depeches241.com\/#organization"},"image":{"@id":"https:\/\/depeches241.com\/?p=30240#primaryimage"},"thumbnailUrl":"https:\/\/depeches241.com\/wp-content\/uploads\/2026\/09\/1003926522.png","keywords":["depeches241","Gabon","Lambar\u00e9n\u00e9","soci\u00e9t\u00e9","Thierry Minko"],"articleSection":["SOCIETE","Une1"],"inLanguage":"fr-FR","potentialAction":[{"@type":"CommentAction","name":"Comment","target":["https:\/\/depeches241.com\/?p=30240#respond"]}]},{"@type":"WebPage","@id":"https:\/\/depeches241.com\/?p=30240","url":"https:\/\/depeches241.com\/?p=30240","name":"Lambar\u00e9n\u00e9: Le ministre Thierry Minko apporte un important soutien aux familles d\u00e9favoris\u00e9es \u00e0 l\u2019occasion de la rentr\u00e9e scolaire - Groupe D\u00e9p\u00eaches241","isPartOf":{"@id":"https:\/\/depeches241.com\/#website"},"primaryImageOfPage":{"@id":"https:\/\/depeches241.com\/?p=30240#primaryimage"},"image":{"@id":"https:\/\/depeches241.com\/?p=30240#primaryimage"},"thumbnailUrl":"https:\/\/depeches241.com\/wp-content\/uploads\/2026\/09\/1003926522.png","datePublished":"2026-09-05T16:20:42+00:00","dateModified":"2026-09-05T17:05:29+00:00","description":"Hier vendredi 4 septembre 2026, la ville de Lambar\u00e9n\u00e9 a enregistr\u00e9 un \u00e9v\u00e9nement majeur: Thierry Minko, fils de la localit\u00e9, par ailleurs ministre de l\u2019\u00c9conomie, des Finances, de la Dette et des Participations, charg\u00e9 de la lutte contre la vie ch\u00e8re, a proc\u00e9d\u00e9 \u00e0 la remise d\u2019un important don kits et mat\u00e9riels scolaires, destin\u00e9s aux familles en situation de pr\u00e9carit\u00e9. Un geste de solidarit\u00e9 et de proximit\u00e9, destin\u00e9 \u00e0 all\u00e9ger, m\u00eame modestement, le poids des d\u00e9penses qui p\u00e8sent souvent sur les m\u00e9nages, notamment en cette p\u00e9riode de rentr\u00e9e scolaire.","breadcrumb":{"@id":"https:\/\/depeches241.com\/?p=30240#breadcrumb"},"inLanguage":"fr-FR","potentialAction":[{"@type":"ReadAction","target":["https:\/\/depeches241.com\/?p=30240"]}]},{"@type":"ImageObject","inLanguage":"fr-FR","@id":"https:\/\/depeches241.com\/?p=30240#primaryimage","url":"https:\/\/depeches241.com\/wp-content\/uploads\/2026\/09\/1003926522.png","contentUrl":"https:\/\/depeches241.com\/wp-content\/uploads\/2026\/09\/1003926522.png","width":1668,"height":621},{"@type":"BreadcrumbList","@id":"https:\/\/depeches241.com\/?p=30240#breadcrumb","itemListElement":[{"@type":"ListItem","position":1,"name":"Accueil","item":"https:\/\/depeches241.com\/"},{"@type":"ListItem","position":2,"name":"Lambar\u00e9n\u00e9: Le ministre Thierry Minko apporte un important soutien aux familles d\u00e9favoris\u00e9es \u00e0 l\u2019occasion de la rentr\u00e9e scolaire"}]},{"@type":"WebSite","@id":"https:\/\/depeches241.com\/#website","url":"https:\/\/depeches241.com\/","name":"D\u00e9p\u00eaches241","description":"M\u00e9dia d&#039;actualit\u00e9 Politique, \u00c9conomique, Sociale et Internationale","publisher":{"@id":"https:\/\/depeches241.com\/#organization"},"potentialAction":[{"@type":"SearchAction","target":{"@type":"EntryPoint","urlTemplate":"https:\/\/depeches241.com\/?s={search_term_string}"},"query-input":{"@type":"PropertyValueSpecification","valueRequired":true,"valueName":"search_term_string"}}],"inLanguage":"fr-FR"},{"@type":"Organization","@id":"https:\/\/depeches241.com\/#organization","name":"Groupe D\u00e9p\u00eaches241","url":"https:\/\/depeches241.com\/","logo":{"@type":"ImageObject","inLanguage":"fr-FR","@id":"https:\/\/depeches241.com\/#\/schema\/logo\/image\/","url":"https:\/\/depeches241.com\/wp-content\/uploads\/2021\/10\/cropped-Logo-new-Accueil.png","contentUrl":"https:\/\/depeches241.com\/wp-content\/uploads\/2021\/10\/cropped-Logo-new-Accueil.png","width":320,"height":105,"caption":"Groupe D\u00e9p\u00eaches241"},"image":{"@id":"https:\/\/depeches241.com\/#\/schema\/logo\/image\/"},"sameAs":["https:\/\/www.facebook.com\/depeches241"]},{"@type":"Person","@id":"https:\/\/depeches241.com\/#\/schema\/person\/1901eab6e51ac627fab3abccbd181d4e","name":"Fabien BIBANG","image":{"@type":"ImageObject","inLanguage":"fr-FR","@id":"https:\/\/secure.gravatar.com\/avatar\/18bb838415fc126d966f8ac8e32711b2843c5ba6e35a2e6699a14ef69705dc76?s=96&d=mm&r=g","url":"https:\/\/secure.gravatar.com\/avatar\/18bb838415fc126d966f8ac8e32711b2843c5ba6e35a2e6699a14ef69705dc76?s=96&d=mm&r=g","contentUrl":"https:\/\/secure.gravatar.com\/avatar\/18bb838415fc126d966f8ac8e32711b2843c5ba6e35a2e6699a14ef69705dc76?s=96&d=mm&r=g","caption":"Fabien BIBANG"},"description":"Fabien BIBANG est dipl\u00f6m\u00e9 en Philosophie et Lettres. Son amour pour la lecture, l'histoire et les arts, ainsi que son engagement sur le front social l'ont tr\u00e8s t\u00f4t conduit sur les antennes des cha\u00eenes de t\u00e9l\u00e9s et radios pour y d\u00e9fendre ses postures. Sp\u00e9cialiste des questions socio-politiques, il re\u00e7oit le Prix Encouragements au Concours M\u00e9dias UNICEF en novembre 2022","url":"https:\/\/depeches241.com\/?author=18"}]}},"_links":{"self":[{"href":"https:\/\/depeches241.com\/index.php?rest_route=\/wp\/v2\/posts\/30240","targetHints":{"allow":["GET"]}}],"collection":[{"href":"https:\/\/depeches241.com\/index.php?rest_route=\/wp\/v2\/posts"}],"about":[{"href":"https:\/\/depeches241.com\/index.php?rest_route=\/wp\/v2\/types\/post"}],"author":[{"embeddable":true,"href":"https:\/\/depeches241.com\/index.php?rest_route=\/wp\/v2\/users\/18"}],"replies":[{"embeddable":true,"href":"https:\/\/depeches241.com\/index.php?rest_route=%2Fwp%2Fv2%2Fcomments&post=30240"}],"version-history":[{"count":4,"href":"https:\/\/depeches241.com\/index.php?rest_route=\/wp\/v2\/posts\/30240\/revisions"}],"predecessor-version":[{"id":30252,"href":"https:\/\/depeches241.com\/index.php?rest_route=\/wp\/v2\/posts\/30240\/revisions\/30252"}],"wp:featuredmedia":[{"embeddable":true,"href":"https:\/\/depeches241.com\/index.php?rest_route=\/wp\/v2\/media\/30241"}],"wp:attachment":[{"href":"https:\/\/depeches241.com\/index.php?rest_route=%2Fwp%2Fv2%2Fmedia&parent=30240"}],"wp:term":[{"taxonomy":"category","embeddable":true,"href":"https:\/\/depeches241.com\/index.php?rest_route=%2Fwp%2Fv2%2Fcategories&post=30240"},{"taxonomy":"post_tag","embeddable":true,"href":"https:\/\/depeches241.com\/index.php?rest_route=%2Fwp%2Fv2%2Ftags&post=30240"}],"curies":[{"name":"wp","href":"https:\/\/api.w.org\/{rel}","templated":true}]}}