{"id":30253,"date":"2026-09-06T13:05:27","date_gmt":"2026-09-06T11:05:27","guid":{"rendered":"https:\/\/depeches241.com\/?p=30253"},"modified":"2026-09-06T15:12:15","modified_gmt":"2026-09-06T13:12:15","slug":"incapacite-a-mettre-en-application-une-promesse-presidentielle-laurence-ndong-doit-elle-desormais-rendre-son-tablier","status":"publish","type":"post","link":"https:\/\/depeches241.com\/?p=30253","title":{"rendered":"Incapacit\u00e9 \u00e0 mettre en application une promesse pr\u00e9sidentielle: Laurence Ndong doit-elle d\u00e9sormais rendre son tablier ?"},"content":{"rendered":"\n<figure class=\"wp-block-image size-large\"><img loading=\"lazy\" decoding=\"async\" width=\"1024\" height=\"380\" src=\"https:\/\/depeches241.com\/wp-content\/uploads\/2026\/09\/1003930145-1024x380.jpg\" alt=\"\" class=\"wp-image-30261\" srcset=\"https:\/\/depeches241.com\/wp-content\/uploads\/2026\/09\/1003930145-1024x380.jpg 1024w, https:\/\/depeches241.com\/wp-content\/uploads\/2026\/09\/1003930145-300x111.jpg 300w, https:\/\/depeches241.com\/wp-content\/uploads\/2026\/09\/1003930145-768x285.jpg 768w, https:\/\/depeches241.com\/wp-content\/uploads\/2026\/09\/1003930145.jpg 1080w\" sizes=\"auto, (max-width: 1024px) 100vw, 1024px\" \/><figcaption class=\"wp-element-caption\"><strong><em>Laurence Ndong, Ministre de la Fonction Publique, doit-elle d\u00e9sormais songer \u00e0 d\u00e9missionner, comme elle le sugg\u00e9rait hier \u00e0 ses pr\u00e9d\u00e9cesseurs qu&rsquo;elle jugeait incomp\u00e9tent ?<\/em><\/strong> \u00a9 D\u00e9p\u00eaches 241<\/figcaption><\/figure>\n\n\n\n<p class=\"wp-block-paragraph\"><strong>Libreville, le 6 septembre 2026-(D\u00e9p\u00eaches 241). Elle n&rsquo;est pas \u00e9loign\u00e9e, l&rsquo;\u00e9poque o\u00f9 la parole \u00e9tait facile pour ceux qui, depuis les tribunes de l\u2019opposition ou des plateaux de t\u00e9l\u00e9vision, s\u2019\u00e9rigeaient en donneurs de le\u00e7ons de gestion des affaires publiques. Et madame Laurence Ndong faisait partie de ces figures qui, port\u00e9es par la col\u00e8re d\u2019un peuple \u00e9prouv\u00e9 par la mauvaise gouvernance, n\u2019avaient de cesse de dicter la marche \u00e0 suivre, de pointer les insuffisances du pouvoir et de donner \u00e0 croire, \u00e0 qui voulait l\u2019entendre, l&rsquo;id\u00e9e d&rsquo;une gestion exemplaire des affaires publiques. Ses discours, empreints d\u2019une certaine \u00e9loquence, trouvaient un \u00e9cho favorable aupr\u00e8s d\u2019une population en qu\u00eate de justice sociale et de comp\u00e9tence. Mais comme souvent, le foss\u00e9 entre la th\u00e9orie et la pratique s\u2019est r\u00e9v\u00e9l\u00e9 abyssal.<\/strong><\/p>\n\n\n\n<p class=\"has-drop-cap wp-block-paragraph\">Aujourd\u2019hui, le vent a tourn\u00e9. Madame n\u2019est plus dans l\u2019opposition, mais aux commandes, au gouvernement depuis la prise de pouvoir par le CTRI. Et c\u2019est pr\u00e9cis\u00e9ment l\u00e0 que le b\u00e2t blesse. Il faut regarder les choses objectivement : son passage au minist\u00e8re de la Communication restera marqu\u00e9 par un scandale retentissant, celui des 500 000 millions de la subvention \u00e0 la presse priv\u00e9e. Une affaire qui n&rsquo;a pas laiss\u00e9 sa cr\u00e9dibilit\u00e9 intacte, au point qu&rsquo;elle ait peut-\u00eatre \u00e9t\u00e9 \u00e0 l&rsquo;origine de son \u00e9viction de ce d\u00e9partement minist\u00e9riel.<\/p>\n\n\n\n<p class=\"wp-block-paragraph\">S&rsquo;en est suivi son passage au minist\u00e8re de la P\u00eache qui, l\u00e0 aussi, s\u2019est achev\u00e9 dans les remous de l\u2019affaire Gab\u2019p\u00eache, laissant derri\u00e8re elle un parfum de gabegie et de promesses non tenues. On pourrait \u00e0 cela ajouter l\u2019\u00e9pisode ubuesque des ordinateurs cens\u00e9s r\u00e9gulariser la situation administrative des enseignants, une histoire cousue de fil blanc qui a achev\u00e9 de convaincre les plus sceptiques de son manque d&rsquo;implication dans la gestion des dossiers sensibles.<\/p>\n\n\n\n<p class=\"wp-block-paragraph\">Mais le constat le plus accablant reste son impuissance face au drame social des ch\u00f4meurs ces derniers jours. Re\u00e7us \u00e0 plusieurs reprises par le Pr\u00e9sident de la R\u00e9publique, ces jeunes en qu\u00eate d\u2019emploi attendent toujours des solutions concr\u00e8tes. Et voil\u00e0 que Laurence Ndong, qui savait si bien th\u00e9oriser sur l\u2019emploi et la dignit\u00e9 humaine lorsqu\u2019elle \u00e9tait dans l\u2019opposition, se trouve aujourd\u2019hui incapable de proposer la moindre issue cr\u00e9dible \u00e0 cette crise. Ses belles paroles d\u2019antan se heurtent \u00e0 la dure r\u00e9alit\u00e9 du pouvoir, et son silence ou son inaction face \u00e0 cette jeunesse que tout le monde sait d\u00e9s\u0153uvr\u00e9e, en disent long sur la vacuit\u00e9 de ses engagements pass\u00e9s.<\/p>\n\n\n\n<p class=\"wp-block-paragraph\">Il faut oser l&rsquo;avancer: le temps est peut-\u00eatre venu pour elle de tirer les conclusions qui s\u2019imposent. Elle qui, en son temps, appelait \u00e0 la d\u00e9mission des gouvernants incapables, ne devrait pas h\u00e9siter \u00e0 appliquer \u00e0 elle-m\u00eame la m\u00eame exigence. D\u00e9missionner serait, \u00e0 d\u00e9faut d\u2019un sursaut de comp\u00e9tence, un acte de coh\u00e9rence. Car le peuple, lui, n\u2019a pas oubli\u00e9. Il se souvient des promesses, des indignations et des le\u00e7ons de morale. Et il constate, amer, que ceux qui parlaient le mieux hier sont souvent ceux qui agissent le plus mal aujourd&rsquo;hui. Et dans ce registre, la ministre de la Fonction publique est bien loin d&rsquo;\u00eatre la seule.<\/p>\n\n\n\n<p class=\"wp-block-paragraph\"><\/p>\n","protected":false},"excerpt":{"rendered":"<p>Libreville, le 6 septembre 2026-(D\u00e9p\u00eaches 241). Elle n&rsquo;est pas \u00e9loign\u00e9e, l&rsquo;\u00e9poque o\u00f9 la parole \u00e9tait facile pour ceux qui, depuis les tribunes de l\u2019opposition ou des plateaux de t\u00e9l\u00e9vision, s\u2019\u00e9rigeaient en donneurs de le\u00e7ons de gestion des affaires publiques. Et madame Laurence Ndong faisait partie de ces figures qui, port\u00e9es [&hellip;]<\/p>\n","protected":false},"author":12,"featured_media":30254,"comment_status":"open","ping_status":"open","sticky":false,"template":"","format":"standard","meta":{"om_disable_all_campaigns":false,"footnotes":""},"categories":[3,117],"tags":[2224,99,59,2894,1252,73],"class_list":["post-30253","post","type-post","status-publish","format-standard","has-post-thumbnail","category-politique","category-une2","tag-chomage-des-jeunes-2","tag-depeches241","tag-gabon","tag-laurence-ndong","tag-ministere-de-la-fonction-publique","tag-politique"],"yoast_head":"<!-- This site is optimized with the Yoast SEO plugin v28.4 - https:\/\/yoast.com\/product\/yoast-seo-wordpress\/ -->\n<title>Incapacit\u00e9 \u00e0 mettre en application une promesse pr\u00e9sidentielle: Laurence Ndong doit-elle d\u00e9sormais rendre son tablier ? - Groupe D\u00e9p\u00eaches241<\/title>\n<meta name=\"description\" content=\"Elle n&#039;est pas loin derri\u00e8re nous, l&#039;\u00e9poque o\u00f9 la parole \u00e9tait facile pour ceux qui, depuis les tribunes de l\u2019opposition ou des plateaux de t\u00e9l\u00e9vision, s\u2019\u00e9rigeaient en donneurs de le\u00e7ons de gestion des affaires publiques. Et madame Laurence Ndong faisait partie de ces figures qui, port\u00e9es par la col\u00e8re d\u2019un peuple \u00e9prouv\u00e9 par la mauvaise gouvernance, n\u2019avaient de cesse de dicter la marche \u00e0 suivre, de pointer les insuffisances du pouvoir et de donner \u00e0 croire, \u00e0 qui voulait l\u2019entendre, l&#039;id\u00e9e d&#039;une gestion exemplaire des affaires publiques. Ses discours, empreints d\u2019une certaine \u00e9loquence, trouvaient un \u00e9cho favorable aupr\u00e8s d\u2019une population en qu\u00eate de justice sociale et de comp\u00e9tence. Mais comme souvent, le foss\u00e9 entre la th\u00e9orie et la pratique s\u2019est r\u00e9v\u00e9l\u00e9 abyssal.\" \/>\n<meta name=\"robots\" content=\"index, follow, max-snippet:-1, max-image-preview:large, max-video-preview:-1\" \/>\n<link rel=\"canonical\" href=\"https:\/\/depeches241.com\/?p=30253\" \/>\n<meta property=\"og:locale\" content=\"fr_FR\" \/>\n<meta property=\"og:type\" content=\"article\" \/>\n<meta property=\"og:title\" content=\"Incapacit\u00e9 \u00e0 mettre en application une promesse pr\u00e9sidentielle: Laurence Ndong doit-elle d\u00e9sormais rendre son tablier ? - Groupe D\u00e9p\u00eaches241\" \/>\n<meta property=\"og:description\" content=\"Elle n&#039;est pas loin derri\u00e8re nous, l&#039;\u00e9poque o\u00f9 la parole \u00e9tait facile pour ceux qui, depuis les tribunes de l\u2019opposition ou des plateaux de t\u00e9l\u00e9vision, s\u2019\u00e9rigeaient en donneurs de le\u00e7ons de gestion des affaires publiques. Et madame Laurence Ndong faisait partie de ces figures qui, port\u00e9es par la col\u00e8re d\u2019un peuple \u00e9prouv\u00e9 par la mauvaise gouvernance, n\u2019avaient de cesse de dicter la marche \u00e0 suivre, de pointer les insuffisances du pouvoir et de donner \u00e0 croire, \u00e0 qui voulait l\u2019entendre, l&#039;id\u00e9e d&#039;une gestion exemplaire des affaires publiques. Ses discours, empreints d\u2019une certaine \u00e9loquence, trouvaient un \u00e9cho favorable aupr\u00e8s d\u2019une population en qu\u00eate de justice sociale et de comp\u00e9tence. Mais comme souvent, le foss\u00e9 entre la th\u00e9orie et la pratique s\u2019est r\u00e9v\u00e9l\u00e9 abyssal.\" \/>\n<meta property=\"og:url\" content=\"https:\/\/depeches241.com\/?p=30253\" \/>\n<meta property=\"og:site_name\" content=\"Groupe D\u00e9p\u00eaches241\" \/>\n<meta property=\"article:publisher\" content=\"https:\/\/www.facebook.com\/depeches241\" \/>\n<meta property=\"article:published_time\" content=\"2026-09-06T11:05:27+00:00\" \/>\n<meta property=\"article:modified_time\" content=\"2026-09-06T13:12:15+00:00\" \/>\n<meta property=\"og:image\" content=\"http:\/\/depeches241.com\/wp-content\/uploads\/2026\/09\/1003929614.png\" \/>\n\t<meta property=\"og:image:width\" content=\"1668\" \/>\n\t<meta property=\"og:image:height\" content=\"620\" \/>\n\t<meta property=\"og:image:type\" content=\"image\/png\" \/>\n<meta name=\"author\" content=\"Iboka Marc Andr\u00e9\" \/>\n<meta name=\"twitter:card\" content=\"summary_large_image\" \/>\n<meta name=\"twitter:label1\" content=\"\u00c9crit par\" \/>\n\t<meta name=\"twitter:data1\" content=\"Iboka Marc Andr\u00e9\" \/>\n\t<meta name=\"twitter:label2\" content=\"Dur\u00e9e de lecture estim\u00e9e\" \/>\n\t<meta name=\"twitter:data2\" content=\"3 minutes\" \/>\n<script type=\"application\/ld+json\" class=\"yoast-schema-graph\">{\"@context\":\"https:\\\/\\\/schema.org\",\"@graph\":[{\"@type\":\"Article\",\"@id\":\"https:\\\/\\\/depeches241.com\\\/?p=30253#article\",\"isPartOf\":{\"@id\":\"https:\\\/\\\/depeches241.com\\\/?p=30253\"},\"author\":{\"name\":\"Iboka Marc Andr\u00e9\",\"@id\":\"https:\\\/\\\/depeches241.com\\\/#\\\/schema\\\/person\\\/5abcf4b9361e0d8aa457b404d877674f\"},\"headline\":\"Incapacit\u00e9 \u00e0 mettre en application une promesse pr\u00e9sidentielle: Laurence Ndong doit-elle d\u00e9sormais rendre son tablier ?\",\"datePublished\":\"2026-09-06T11:05:27+00:00\",\"dateModified\":\"2026-09-06T13:12:15+00:00\",\"mainEntityOfPage\":{\"@id\":\"https:\\\/\\\/depeches241.com\\\/?p=30253\"},\"wordCount\":621,\"commentCount\":0,\"publisher\":{\"@id\":\"https:\\\/\\\/depeches241.com\\\/#organization\"},\"image\":{\"@id\":\"https:\\\/\\\/depeches241.com\\\/?p=30253#primaryimage\"},\"thumbnailUrl\":\"https:\\\/\\\/depeches241.com\\\/wp-content\\\/uploads\\\/2026\\\/09\\\/1003929614.png\",\"keywords\":[\"ch\u00f4mage des jeunes\",\"depeches241\",\"Gabon\",\"Laurence Ndong\",\"Minist\u00e8re de la Fonction publique\",\"Politique\"],\"articleSection\":[\"POLITIQUE\",\"Une2\"],\"inLanguage\":\"fr-FR\",\"potentialAction\":[{\"@type\":\"CommentAction\",\"name\":\"Comment\",\"target\":[\"https:\\\/\\\/depeches241.com\\\/?p=30253#respond\"]}]},{\"@type\":\"WebPage\",\"@id\":\"https:\\\/\\\/depeches241.com\\\/?p=30253\",\"url\":\"https:\\\/\\\/depeches241.com\\\/?p=30253\",\"name\":\"Incapacit\u00e9 \u00e0 mettre en application une promesse pr\u00e9sidentielle: Laurence Ndong doit-elle d\u00e9sormais rendre son tablier ? - Groupe D\u00e9p\u00eaches241\",\"isPartOf\":{\"@id\":\"https:\\\/\\\/depeches241.com\\\/#website\"},\"primaryImageOfPage\":{\"@id\":\"https:\\\/\\\/depeches241.com\\\/?p=30253#primaryimage\"},\"image\":{\"@id\":\"https:\\\/\\\/depeches241.com\\\/?p=30253#primaryimage\"},\"thumbnailUrl\":\"https:\\\/\\\/depeches241.com\\\/wp-content\\\/uploads\\\/2026\\\/09\\\/1003929614.png\",\"datePublished\":\"2026-09-06T11:05:27+00:00\",\"dateModified\":\"2026-09-06T13:12:15+00:00\",\"description\":\"Elle n'est pas loin derri\u00e8re nous, l'\u00e9poque o\u00f9 la parole \u00e9tait facile pour ceux qui, depuis les tribunes de l\u2019opposition ou des plateaux de t\u00e9l\u00e9vision, s\u2019\u00e9rigeaient en donneurs de le\u00e7ons de gestion des affaires publiques. Et madame Laurence Ndong faisait partie de ces figures qui, port\u00e9es par la col\u00e8re d\u2019un peuple \u00e9prouv\u00e9 par la mauvaise gouvernance, n\u2019avaient de cesse de dicter la marche \u00e0 suivre, de pointer les insuffisances du pouvoir et de donner \u00e0 croire, \u00e0 qui voulait l\u2019entendre, l'id\u00e9e d'une gestion exemplaire des affaires publiques. Ses discours, empreints d\u2019une certaine \u00e9loquence, trouvaient un \u00e9cho favorable aupr\u00e8s d\u2019une population en qu\u00eate de justice sociale et de comp\u00e9tence. Mais comme souvent, le foss\u00e9 entre la th\u00e9orie et la pratique s\u2019est r\u00e9v\u00e9l\u00e9 abyssal.\",\"breadcrumb\":{\"@id\":\"https:\\\/\\\/depeches241.com\\\/?p=30253#breadcrumb\"},\"inLanguage\":\"fr-FR\",\"potentialAction\":[{\"@type\":\"ReadAction\",\"target\":[\"https:\\\/\\\/depeches241.com\\\/?p=30253\"]}]},{\"@type\":\"ImageObject\",\"inLanguage\":\"fr-FR\",\"@id\":\"https:\\\/\\\/depeches241.com\\\/?p=30253#primaryimage\",\"url\":\"https:\\\/\\\/depeches241.com\\\/wp-content\\\/uploads\\\/2026\\\/09\\\/1003929614.png\",\"contentUrl\":\"https:\\\/\\\/depeches241.com\\\/wp-content\\\/uploads\\\/2026\\\/09\\\/1003929614.png\",\"width\":1668,\"height\":620},{\"@type\":\"BreadcrumbList\",\"@id\":\"https:\\\/\\\/depeches241.com\\\/?p=30253#breadcrumb\",\"itemListElement\":[{\"@type\":\"ListItem\",\"position\":1,\"name\":\"Accueil\",\"item\":\"https:\\\/\\\/depeches241.com\\\/\"},{\"@type\":\"ListItem\",\"position\":2,\"name\":\"Incapacit\u00e9 \u00e0 mettre en application une promesse pr\u00e9sidentielle: Laurence Ndong doit-elle d\u00e9sormais rendre son tablier ?\"}]},{\"@type\":\"WebSite\",\"@id\":\"https:\\\/\\\/depeches241.com\\\/#website\",\"url\":\"https:\\\/\\\/depeches241.com\\\/\",\"name\":\"D\u00e9p\u00eaches241\",\"description\":\"M\u00e9dia d&#039;actualit\u00e9 Politique, \u00c9conomique, Sociale et Internationale\",\"publisher\":{\"@id\":\"https:\\\/\\\/depeches241.com\\\/#organization\"},\"potentialAction\":[{\"@type\":\"SearchAction\",\"target\":{\"@type\":\"EntryPoint\",\"urlTemplate\":\"https:\\\/\\\/depeches241.com\\\/?s={search_term_string}\"},\"query-input\":{\"@type\":\"PropertyValueSpecification\",\"valueRequired\":true,\"valueName\":\"search_term_string\"}}],\"inLanguage\":\"fr-FR\"},{\"@type\":\"Organization\",\"@id\":\"https:\\\/\\\/depeches241.com\\\/#organization\",\"name\":\"Groupe D\u00e9p\u00eaches241\",\"url\":\"https:\\\/\\\/depeches241.com\\\/\",\"logo\":{\"@type\":\"ImageObject\",\"inLanguage\":\"fr-FR\",\"@id\":\"https:\\\/\\\/depeches241.com\\\/#\\\/schema\\\/logo\\\/image\\\/\",\"url\":\"https:\\\/\\\/depeches241.com\\\/wp-content\\\/uploads\\\/2021\\\/10\\\/cropped-Logo-new-Accueil.png\",\"contentUrl\":\"https:\\\/\\\/depeches241.com\\\/wp-content\\\/uploads\\\/2021\\\/10\\\/cropped-Logo-new-Accueil.png\",\"width\":320,\"height\":105,\"caption\":\"Groupe D\u00e9p\u00eaches241\"},\"image\":{\"@id\":\"https:\\\/\\\/depeches241.com\\\/#\\\/schema\\\/logo\\\/image\\\/\"},\"sameAs\":[\"https:\\\/\\\/www.facebook.com\\\/depeches241\"]},{\"@type\":\"Person\",\"@id\":\"https:\\\/\\\/depeches241.com\\\/#\\\/schema\\\/person\\\/5abcf4b9361e0d8aa457b404d877674f\",\"name\":\"Iboka Marc Andr\u00e9\",\"image\":{\"@type\":\"ImageObject\",\"inLanguage\":\"fr-FR\",\"@id\":\"https:\\\/\\\/secure.gravatar.com\\\/avatar\\\/13c33935f0a59dd3c3a52ae25f58c248a1bf75f6e9ab4e6a7a23bfb8f9f53136?s=96&d=mm&r=g\",\"url\":\"https:\\\/\\\/secure.gravatar.com\\\/avatar\\\/13c33935f0a59dd3c3a52ae25f58c248a1bf75f6e9ab4e6a7a23bfb8f9f53136?s=96&d=mm&r=g\",\"contentUrl\":\"https:\\\/\\\/secure.gravatar.com\\\/avatar\\\/13c33935f0a59dd3c3a52ae25f58c248a1bf75f6e9ab4e6a7a23bfb8f9f53136?s=96&d=mm&r=g\",\"caption\":\"Iboka Marc Andr\u00e9\"},\"url\":\"https:\\\/\\\/depeches241.com\\\/?author=12\"}]}<\/script>\n<!-- \/ Yoast SEO plugin. -->","yoast_head_json":{"title":"Incapacit\u00e9 \u00e0 mettre en application une promesse pr\u00e9sidentielle: Laurence Ndong doit-elle d\u00e9sormais rendre son tablier ? - Groupe D\u00e9p\u00eaches241","description":"Elle n'est pas loin derri\u00e8re nous, l'\u00e9poque o\u00f9 la parole \u00e9tait facile pour ceux qui, depuis les tribunes de l\u2019opposition ou des plateaux de t\u00e9l\u00e9vision, s\u2019\u00e9rigeaient en donneurs de le\u00e7ons de gestion des affaires publiques. Et madame Laurence Ndong faisait partie de ces figures qui, port\u00e9es par la col\u00e8re d\u2019un peuple \u00e9prouv\u00e9 par la mauvaise gouvernance, n\u2019avaient de cesse de dicter la marche \u00e0 suivre, de pointer les insuffisances du pouvoir et de donner \u00e0 croire, \u00e0 qui voulait l\u2019entendre, l'id\u00e9e d'une gestion exemplaire des affaires publiques. Ses discours, empreints d\u2019une certaine \u00e9loquence, trouvaient un \u00e9cho favorable aupr\u00e8s d\u2019une population en qu\u00eate de justice sociale et de comp\u00e9tence. Mais comme souvent, le foss\u00e9 entre la th\u00e9orie et la pratique s\u2019est r\u00e9v\u00e9l\u00e9 abyssal.","robots":{"index":"index","follow":"follow","max-snippet":"max-snippet:-1","max-image-preview":"max-image-preview:large","max-video-preview":"max-video-preview:-1"},"canonical":"https:\/\/depeches241.com\/?p=30253","og_locale":"fr_FR","og_type":"article","og_title":"Incapacit\u00e9 \u00e0 mettre en application une promesse pr\u00e9sidentielle: Laurence Ndong doit-elle d\u00e9sormais rendre son tablier ? - Groupe D\u00e9p\u00eaches241","og_description":"Elle n'est pas loin derri\u00e8re nous, l'\u00e9poque o\u00f9 la parole \u00e9tait facile pour ceux qui, depuis les tribunes de l\u2019opposition ou des plateaux de t\u00e9l\u00e9vision, s\u2019\u00e9rigeaient en donneurs de le\u00e7ons de gestion des affaires publiques. Et madame Laurence Ndong faisait partie de ces figures qui, port\u00e9es par la col\u00e8re d\u2019un peuple \u00e9prouv\u00e9 par la mauvaise gouvernance, n\u2019avaient de cesse de dicter la marche \u00e0 suivre, de pointer les insuffisances du pouvoir et de donner \u00e0 croire, \u00e0 qui voulait l\u2019entendre, l'id\u00e9e d'une gestion exemplaire des affaires publiques. Ses discours, empreints d\u2019une certaine \u00e9loquence, trouvaient un \u00e9cho favorable aupr\u00e8s d\u2019une population en qu\u00eate de justice sociale et de comp\u00e9tence. Mais comme souvent, le foss\u00e9 entre la th\u00e9orie et la pratique s\u2019est r\u00e9v\u00e9l\u00e9 abyssal.","og_url":"https:\/\/depeches241.com\/?p=30253","og_site_name":"Groupe D\u00e9p\u00eaches241","article_publisher":"https:\/\/www.facebook.com\/depeches241","article_published_time":"2026-09-06T11:05:27+00:00","article_modified_time":"2026-09-06T13:12:15+00:00","og_image":[{"width":1668,"height":620,"url":"http:\/\/depeches241.com\/wp-content\/uploads\/2026\/09\/1003929614.png","type":"image\/png"}],"author":"Iboka Marc Andr\u00e9","twitter_card":"summary_large_image","twitter_misc":{"\u00c9crit par":"Iboka Marc Andr\u00e9","Dur\u00e9e de lecture estim\u00e9e":"3 minutes"},"schema":{"@context":"https:\/\/schema.org","@graph":[{"@type":"Article","@id":"https:\/\/depeches241.com\/?p=30253#article","isPartOf":{"@id":"https:\/\/depeches241.com\/?p=30253"},"author":{"name":"Iboka Marc Andr\u00e9","@id":"https:\/\/depeches241.com\/#\/schema\/person\/5abcf4b9361e0d8aa457b404d877674f"},"headline":"Incapacit\u00e9 \u00e0 mettre en application une promesse pr\u00e9sidentielle: Laurence Ndong doit-elle d\u00e9sormais rendre son tablier ?","datePublished":"2026-09-06T11:05:27+00:00","dateModified":"2026-09-06T13:12:15+00:00","mainEntityOfPage":{"@id":"https:\/\/depeches241.com\/?p=30253"},"wordCount":621,"commentCount":0,"publisher":{"@id":"https:\/\/depeches241.com\/#organization"},"image":{"@id":"https:\/\/depeches241.com\/?p=30253#primaryimage"},"thumbnailUrl":"https:\/\/depeches241.com\/wp-content\/uploads\/2026\/09\/1003929614.png","keywords":["ch\u00f4mage des jeunes","depeches241","Gabon","Laurence Ndong","Minist\u00e8re de la Fonction publique","Politique"],"articleSection":["POLITIQUE","Une2"],"inLanguage":"fr-FR","potentialAction":[{"@type":"CommentAction","name":"Comment","target":["https:\/\/depeches241.com\/?p=30253#respond"]}]},{"@type":"WebPage","@id":"https:\/\/depeches241.com\/?p=30253","url":"https:\/\/depeches241.com\/?p=30253","name":"Incapacit\u00e9 \u00e0 mettre en application une promesse pr\u00e9sidentielle: Laurence Ndong doit-elle d\u00e9sormais rendre son tablier ? - Groupe D\u00e9p\u00eaches241","isPartOf":{"@id":"https:\/\/depeches241.com\/#website"},"primaryImageOfPage":{"@id":"https:\/\/depeches241.com\/?p=30253#primaryimage"},"image":{"@id":"https:\/\/depeches241.com\/?p=30253#primaryimage"},"thumbnailUrl":"https:\/\/depeches241.com\/wp-content\/uploads\/2026\/09\/1003929614.png","datePublished":"2026-09-06T11:05:27+00:00","dateModified":"2026-09-06T13:12:15+00:00","description":"Elle n'est pas loin derri\u00e8re nous, l'\u00e9poque o\u00f9 la parole \u00e9tait facile pour ceux qui, depuis les tribunes de l\u2019opposition ou des plateaux de t\u00e9l\u00e9vision, s\u2019\u00e9rigeaient en donneurs de le\u00e7ons de gestion des affaires publiques. Et madame Laurence Ndong faisait partie de ces figures qui, port\u00e9es par la col\u00e8re d\u2019un peuple \u00e9prouv\u00e9 par la mauvaise gouvernance, n\u2019avaient de cesse de dicter la marche \u00e0 suivre, de pointer les insuffisances du pouvoir et de donner \u00e0 croire, \u00e0 qui voulait l\u2019entendre, l'id\u00e9e d'une gestion exemplaire des affaires publiques. Ses discours, empreints d\u2019une certaine \u00e9loquence, trouvaient un \u00e9cho favorable aupr\u00e8s d\u2019une population en qu\u00eate de justice sociale et de comp\u00e9tence. Mais comme souvent, le foss\u00e9 entre la th\u00e9orie et la pratique s\u2019est r\u00e9v\u00e9l\u00e9 abyssal.","breadcrumb":{"@id":"https:\/\/depeches241.com\/?p=30253#breadcrumb"},"inLanguage":"fr-FR","potentialAction":[{"@type":"ReadAction","target":["https:\/\/depeches241.com\/?p=30253"]}]},{"@type":"ImageObject","inLanguage":"fr-FR","@id":"https:\/\/depeches241.com\/?p=30253#primaryimage","url":"https:\/\/depeches241.com\/wp-content\/uploads\/2026\/09\/1003929614.png","contentUrl":"https:\/\/depeches241.com\/wp-content\/uploads\/2026\/09\/1003929614.png","width":1668,"height":620},{"@type":"BreadcrumbList","@id":"https:\/\/depeches241.com\/?p=30253#breadcrumb","itemListElement":[{"@type":"ListItem","position":1,"name":"Accueil","item":"https:\/\/depeches241.com\/"},{"@type":"ListItem","position":2,"name":"Incapacit\u00e9 \u00e0 mettre en application une promesse pr\u00e9sidentielle: Laurence Ndong doit-elle d\u00e9sormais rendre son tablier ?"}]},{"@type":"WebSite","@id":"https:\/\/depeches241.com\/#website","url":"https:\/\/depeches241.com\/","name":"D\u00e9p\u00eaches241","description":"M\u00e9dia d&#039;actualit\u00e9 Politique, \u00c9conomique, Sociale et Internationale","publisher":{"@id":"https:\/\/depeches241.com\/#organization"},"potentialAction":[{"@type":"SearchAction","target":{"@type":"EntryPoint","urlTemplate":"https:\/\/depeches241.com\/?s={search_term_string}"},"query-input":{"@type":"PropertyValueSpecification","valueRequired":true,"valueName":"search_term_string"}}],"inLanguage":"fr-FR"},{"@type":"Organization","@id":"https:\/\/depeches241.com\/#organization","name":"Groupe D\u00e9p\u00eaches241","url":"https:\/\/depeches241.com\/","logo":{"@type":"ImageObject","inLanguage":"fr-FR","@id":"https:\/\/depeches241.com\/#\/schema\/logo\/image\/","url":"https:\/\/depeches241.com\/wp-content\/uploads\/2021\/10\/cropped-Logo-new-Accueil.png","contentUrl":"https:\/\/depeches241.com\/wp-content\/uploads\/2021\/10\/cropped-Logo-new-Accueil.png","width":320,"height":105,"caption":"Groupe D\u00e9p\u00eaches241"},"image":{"@id":"https:\/\/depeches241.com\/#\/schema\/logo\/image\/"},"sameAs":["https:\/\/www.facebook.com\/depeches241"]},{"@type":"Person","@id":"https:\/\/depeches241.com\/#\/schema\/person\/5abcf4b9361e0d8aa457b404d877674f","name":"Iboka Marc Andr\u00e9","image":{"@type":"ImageObject","inLanguage":"fr-FR","@id":"https:\/\/secure.gravatar.com\/avatar\/13c33935f0a59dd3c3a52ae25f58c248a1bf75f6e9ab4e6a7a23bfb8f9f53136?s=96&d=mm&r=g","url":"https:\/\/secure.gravatar.com\/avatar\/13c33935f0a59dd3c3a52ae25f58c248a1bf75f6e9ab4e6a7a23bfb8f9f53136?s=96&d=mm&r=g","contentUrl":"https:\/\/secure.gravatar.com\/avatar\/13c33935f0a59dd3c3a52ae25f58c248a1bf75f6e9ab4e6a7a23bfb8f9f53136?s=96&d=mm&r=g","caption":"Iboka Marc Andr\u00e9"},"url":"https:\/\/depeches241.com\/?author=12"}]}},"_links":{"self":[{"href":"https:\/\/depeches241.com\/index.php?rest_route=\/wp\/v2\/posts\/30253","targetHints":{"allow":["GET"]}}],"collection":[{"href":"https:\/\/depeches241.com\/index.php?rest_route=\/wp\/v2\/posts"}],"about":[{"href":"https:\/\/depeches241.com\/index.php?rest_route=\/wp\/v2\/types\/post"}],"author":[{"embeddable":true,"href":"https:\/\/depeches241.com\/index.php?rest_route=\/wp\/v2\/users\/12"}],"replies":[{"embeddable":true,"href":"https:\/\/depeches241.com\/index.php?rest_route=%2Fwp%2Fv2%2Fcomments&post=30253"}],"version-history":[{"count":5,"href":"https:\/\/depeches241.com\/index.php?rest_route=\/wp\/v2\/posts\/30253\/revisions"}],"predecessor-version":[{"id":30264,"href":"https:\/\/depeches241.com\/index.php?rest_route=\/wp\/v2\/posts\/30253\/revisions\/30264"}],"wp:featuredmedia":[{"embeddable":true,"href":"https:\/\/depeches241.com\/index.php?rest_route=\/wp\/v2\/media\/30254"}],"wp:attachment":[{"href":"https:\/\/depeches241.com\/index.php?rest_route=%2Fwp%2Fv2%2Fmedia&parent=30253"}],"wp:term":[{"taxonomy":"category","embeddable":true,"href":"https:\/\/depeches241.com\/index.php?rest_route=%2Fwp%2Fv2%2Fcategories&post=30253"},{"taxonomy":"post_tag","embeddable":true,"href":"https:\/\/depeches241.com\/index.php?rest_route=%2Fwp%2Fv2%2Ftags&post=30253"}],"curies":[{"name":"wp","href":"https:\/\/api.w.org\/{rel}","templated":true}]}}