{"id":3888,"date":"2021-12-09T14:38:39","date_gmt":"2021-12-09T13:38:39","guid":{"rendered":"http:\/\/depeches241.com\/?p=3888"},"modified":"2021-12-09T14:39:41","modified_gmt":"2021-12-09T13:39:41","slug":"sante-guy-patrick-obiang-ndong-et-christine-mba-ndutume-evoquent-la-reouverture-des-centres-medicaux-de-proximite","status":"publish","type":"post","link":"https:\/\/depeches241.com\/?p=3888","title":{"rendered":"Sant\u00e9 : Guy Patrick Obiang Ndong et Christine Mba Ndutume \u00e9voquent la r\u00e9ouverture des centres m\u00e9dicaux de proximit\u00e9"},"content":{"rendered":"\n<figure class=\"wp-block-image size-full\"><img fetchpriority=\"high\" decoding=\"async\" width=\"960\" height=\"540\" src=\"http:\/\/depeches241.com\/wp-content\/uploads\/2021\/12\/IMG-20211209-WA0050.jpg\" alt=\"\" class=\"wp-image-3889\" srcset=\"https:\/\/depeches241.com\/wp-content\/uploads\/2021\/12\/IMG-20211209-WA0050.jpg 960w, https:\/\/depeches241.com\/wp-content\/uploads\/2021\/12\/IMG-20211209-WA0050-300x169.jpg 300w, https:\/\/depeches241.com\/wp-content\/uploads\/2021\/12\/IMG-20211209-WA0050-768x432.jpg 768w\" sizes=\"(max-width: 960px) 100vw, 960px\" \/><figcaption><strong><em>Guy Patrick Obiang et l&rsquo;\u00e9dile de Libreville souhaitent oeuvrer ensemble \u00e0 la r\u00e9ouverture des centres m\u00e9dicaux de proximit\u00e9 \u00a9DR<\/em><\/strong><\/figcaption><\/figure>\n\n\n\n<p><strong>Libreville, le 9 d\u00e9cembre 2012 (D\u00e9p\u00eaches 241). Le ministre de la Sant\u00e9, Dr. Guy Patrick Obiang Ndong a accord\u00e9 le 08 d\u00e9cembre dernier, une audience \u00e0 l\u2019\u00e9dile de Libreville, Christine Mba Ndutume. Rencontre au cours de laquelle les deux personnalit\u00e9s ont \u00e9voqu\u00e9 la r\u00e9ouverture prochaine des centres m\u00e9dicaux de proximit\u00e9, lesquels serviront \u00e9galement de centre de vaccination contre la covid-19.&nbsp;<\/strong><\/p>\n\n\n\n<p class=\"has-drop-cap\">La mairie de Libreville et le minist\u00e8re de la Sant\u00e9 vont dans un proche avenir, proc\u00e9der \u00e0 la r\u00e9ouverture des centres m\u00e9dicaux plac\u00e9s sous la tutelle de la municipalit\u00e9.&nbsp; C\u2019est du moins le sujet \u00e9voqu\u00e9 hier, mercredi 08 d\u00e9cembre, lors d\u2019une audience accord\u00e9e par le ministre de la Sant\u00e9,&nbsp; Dr. Guy Patrick Obiang Ndong \u00e0 l\u2019\u00e9dile de Libreville, Christine Mba Ndutume.<\/p>\n\n\n\n<p>En effet, le<strong><em> ministre et l\u2019\u00e9dile de la commune de Libreville ont convenu, dans les meilleurs d\u00e9lais, de la signature d\u2019un protocole d\u2019accord pour la mise en service de ces structures de proximit\u00e9 \u00bb<\/em><\/strong>, rapporte une note d\u2019audience du minist\u00e8re.<\/p>\n\n\n\n<p>Eu \u00e9gard \u00e0 la situation sanitaire actuelle, le membre du gouvernement recommande que ces structures sanitaires int\u00e8grent entre autres, les services du Programme national de vaccination (PEV) et celui de lutte contre le Paludisme, avec un accent particulier sur la mise en place des unit\u00e9s de vaccination contre la Covid-19.<\/p>\n\n\n\n<p>Pour rappel, la mairie de Libreville compte quatre (04) centres m\u00e9dicaux situ\u00e9s respectivement \u00e0 Ambow\u00e8, Cocotiers, Mindoub\u00e9 et \u00e0 l\u2019A\u00e9roport international L\u00e9on Mba de Libreville. Log\u00e9es dans des quartiers populaires, ces structures de sant\u00e9 sont des outils n\u00e9cessaires pour apporter au plus pr\u00e8s des populations, des offres de soins de qualit\u00e9.&nbsp;<\/p>\n","protected":false},"excerpt":{"rendered":"<p>Le ministre de la Sant\u00e9, Dr. Guy Patrick Obiang Ndong a accord\u00e9 le 08 d\u00e9cembre dernier, une audience \u00e0 l\u2019\u00e9dile de Libreville, Christine Mba Ndutume. Rencontre au cours de laquelle les deux personnalit\u00e9s ont \u00e9voqu\u00e9 la r\u00e9ouverture prochaine des centres m\u00e9dicaux de proximit\u00e9, lesquels serviront \u00e9galement de centre de vaccination contre la covid-19. <\/p>\n","protected":false},"author":11,"featured_media":3889,"comment_status":"open","ping_status":"open","sticky":false,"template":"","format":"standard","meta":{"om_disable_all_campaigns":false,"footnotes":""},"categories":[38,5,116],"tags":[297,99,640,59,42],"class_list":{"0":"post-3888","1":"post","2":"type-post","3":"status-publish","4":"format-standard","5":"has-post-thumbnail","7":"category-sante","8":"category-societe","9":"category-une1","10":"tag-christine-mba-ndutume","11":"tag-depeches241","12":"tag-dr-guy-patrick-obiang","13":"tag-gabon","14":"tag-societe"},"yoast_head":"<!-- This site is optimized with the Yoast SEO plugin v27.5 - https:\/\/yoast.com\/product\/yoast-seo-wordpress\/ -->\n<title>Sant\u00e9 : Guy Patrick Obiang Ndong et Christine Mba Ndutume \u00e9voquent la r\u00e9ouverture des centres m\u00e9dicaux de proximit\u00e9 - Groupe D\u00e9p\u00eaches241<\/title>\n<meta name=\"description\" content=\"Le ministre de la Sant\u00e9, Dr. Guy Patrick Obiang Ndong a accord\u00e9 le 08 d\u00e9cembre dernier, une audience \u00e0 l\u2019\u00e9dile de Libreville, Christine Mba Ndutume. Rencontre au cours de laquelle les deux personnalit\u00e9s ont \u00e9voqu\u00e9 la r\u00e9ouverture prochaine des centres m\u00e9dicaux de proximit\u00e9, lesquels serviront \u00e9galement de centre de vaccination contre la covid-19.\" \/>\n<meta name=\"robots\" content=\"index, follow, max-snippet:-1, max-image-preview:large, max-video-preview:-1\" \/>\n<link rel=\"canonical\" href=\"https:\/\/depeches241.com\/?p=3888\" \/>\n<meta property=\"og:locale\" content=\"fr_FR\" \/>\n<meta property=\"og:type\" content=\"article\" \/>\n<meta property=\"og:title\" content=\"Sant\u00e9 : Guy Patrick Obiang Ndong et Christine Mba Ndutume \u00e9voquent la r\u00e9ouverture des centres m\u00e9dicaux de proximit\u00e9 - Groupe D\u00e9p\u00eaches241\" \/>\n<meta property=\"og:description\" content=\"Le ministre de la Sant\u00e9, Dr. Guy Patrick Obiang Ndong a accord\u00e9 le 08 d\u00e9cembre dernier, une audience \u00e0 l\u2019\u00e9dile de Libreville, Christine Mba Ndutume. Rencontre au cours de laquelle les deux personnalit\u00e9s ont \u00e9voqu\u00e9 la r\u00e9ouverture prochaine des centres m\u00e9dicaux de proximit\u00e9, lesquels serviront \u00e9galement de centre de vaccination contre la covid-19.\" \/>\n<meta property=\"og:url\" content=\"https:\/\/depeches241.com\/?p=3888\" \/>\n<meta property=\"og:site_name\" content=\"Groupe D\u00e9p\u00eaches241\" \/>\n<meta property=\"article:publisher\" content=\"https:\/\/www.facebook.com\/depeches241\" \/>\n<meta property=\"article:published_time\" content=\"2021-12-09T13:38:39+00:00\" \/>\n<meta property=\"article:modified_time\" content=\"2021-12-09T13:39:41+00:00\" \/>\n<meta property=\"og:image\" content=\"https:\/\/depeches241.com\/wp-content\/uploads\/2021\/12\/IMG-20211209-WA0050.jpg\" \/>\n\t<meta property=\"og:image:width\" content=\"960\" \/>\n\t<meta property=\"og:image:height\" content=\"540\" \/>\n\t<meta property=\"og:image:type\" content=\"image\/jpeg\" \/>\n<meta name=\"author\" content=\"R\u00e9daction\" \/>\n<meta name=\"twitter:card\" content=\"summary_large_image\" \/>\n<meta name=\"twitter:label1\" content=\"\u00c9crit par\" \/>\n\t<meta name=\"twitter:data1\" content=\"R\u00e9daction\" \/>\n\t<meta name=\"twitter:label2\" content=\"Dur\u00e9e de lecture estim\u00e9e\" \/>\n\t<meta name=\"twitter:data2\" content=\"2 minutes\" \/>\n<script type=\"application\/ld+json\" class=\"yoast-schema-graph\">{\"@context\":\"https:\\\/\\\/schema.org\",\"@graph\":[{\"@type\":\"Article\",\"@id\":\"https:\\\/\\\/depeches241.com\\\/?p=3888#article\",\"isPartOf\":{\"@id\":\"https:\\\/\\\/depeches241.com\\\/?p=3888\"},\"author\":{\"name\":\"R\u00e9daction\",\"@id\":\"https:\\\/\\\/depeches241.com\\\/#\\\/schema\\\/person\\\/977f23ecf7439b0805f4525a893a057a\"},\"headline\":\"Sant\u00e9 : Guy Patrick Obiang Ndong et Christine Mba Ndutume \u00e9voquent la r\u00e9ouverture des centres m\u00e9dicaux de proximit\u00e9\",\"datePublished\":\"2021-12-09T13:38:39+00:00\",\"dateModified\":\"2021-12-09T13:39:41+00:00\",\"mainEntityOfPage\":{\"@id\":\"https:\\\/\\\/depeches241.com\\\/?p=3888\"},\"wordCount\":327,\"commentCount\":0,\"publisher\":{\"@id\":\"https:\\\/\\\/depeches241.com\\\/#organization\"},\"image\":{\"@id\":\"https:\\\/\\\/depeches241.com\\\/?p=3888#primaryimage\"},\"thumbnailUrl\":\"https:\\\/\\\/depeches241.com\\\/wp-content\\\/uploads\\\/2021\\\/12\\\/IMG-20211209-WA0050.jpg\",\"keywords\":[\"Christine Mba Ndutume\",\"depeches241\",\"Dr Guy Patrick Obiang\",\"Gabon\",\"soci\u00e9t\u00e9\"],\"articleSection\":[\"Sant\u00e9\",\"SOCIETE\",\"Une1\"],\"inLanguage\":\"fr-FR\",\"potentialAction\":[{\"@type\":\"CommentAction\",\"name\":\"Comment\",\"target\":[\"https:\\\/\\\/depeches241.com\\\/?p=3888#respond\"]}]},{\"@type\":\"WebPage\",\"@id\":\"https:\\\/\\\/depeches241.com\\\/?p=3888\",\"url\":\"https:\\\/\\\/depeches241.com\\\/?p=3888\",\"name\":\"Sant\u00e9 : Guy Patrick Obiang Ndong et Christine Mba Ndutume \u00e9voquent la r\u00e9ouverture des centres m\u00e9dicaux de proximit\u00e9 - Groupe D\u00e9p\u00eaches241\",\"isPartOf\":{\"@id\":\"https:\\\/\\\/depeches241.com\\\/#website\"},\"primaryImageOfPage\":{\"@id\":\"https:\\\/\\\/depeches241.com\\\/?p=3888#primaryimage\"},\"image\":{\"@id\":\"https:\\\/\\\/depeches241.com\\\/?p=3888#primaryimage\"},\"thumbnailUrl\":\"https:\\\/\\\/depeches241.com\\\/wp-content\\\/uploads\\\/2021\\\/12\\\/IMG-20211209-WA0050.jpg\",\"datePublished\":\"2021-12-09T13:38:39+00:00\",\"dateModified\":\"2021-12-09T13:39:41+00:00\",\"description\":\"Le ministre de la Sant\u00e9, Dr. Guy Patrick Obiang Ndong a accord\u00e9 le 08 d\u00e9cembre dernier, une audience \u00e0 l\u2019\u00e9dile de Libreville, Christine Mba Ndutume. Rencontre au cours de laquelle les deux personnalit\u00e9s ont \u00e9voqu\u00e9 la r\u00e9ouverture prochaine des centres m\u00e9dicaux de proximit\u00e9, lesquels serviront \u00e9galement de centre de vaccination contre la covid-19.\",\"breadcrumb\":{\"@id\":\"https:\\\/\\\/depeches241.com\\\/?p=3888#breadcrumb\"},\"inLanguage\":\"fr-FR\",\"potentialAction\":[{\"@type\":\"ReadAction\",\"target\":[\"https:\\\/\\\/depeches241.com\\\/?p=3888\"]}]},{\"@type\":\"ImageObject\",\"inLanguage\":\"fr-FR\",\"@id\":\"https:\\\/\\\/depeches241.com\\\/?p=3888#primaryimage\",\"url\":\"https:\\\/\\\/depeches241.com\\\/wp-content\\\/uploads\\\/2021\\\/12\\\/IMG-20211209-WA0050.jpg\",\"contentUrl\":\"https:\\\/\\\/depeches241.com\\\/wp-content\\\/uploads\\\/2021\\\/12\\\/IMG-20211209-WA0050.jpg\",\"width\":960,\"height\":540},{\"@type\":\"BreadcrumbList\",\"@id\":\"https:\\\/\\\/depeches241.com\\\/?p=3888#breadcrumb\",\"itemListElement\":[{\"@type\":\"ListItem\",\"position\":1,\"name\":\"Accueil\",\"item\":\"https:\\\/\\\/depeches241.com\\\/\"},{\"@type\":\"ListItem\",\"position\":2,\"name\":\"Sant\u00e9 : Guy Patrick Obiang Ndong et Christine Mba Ndutume \u00e9voquent la r\u00e9ouverture des centres m\u00e9dicaux de proximit\u00e9\"}]},{\"@type\":\"WebSite\",\"@id\":\"https:\\\/\\\/depeches241.com\\\/#website\",\"url\":\"https:\\\/\\\/depeches241.com\\\/\",\"name\":\"D\u00e9p\u00eaches241\",\"description\":\"M\u00e9dia d&#039;actualit\u00e9 Politique, \u00c9conomique, Sociale et Internationale\",\"publisher\":{\"@id\":\"https:\\\/\\\/depeches241.com\\\/#organization\"},\"potentialAction\":[{\"@type\":\"SearchAction\",\"target\":{\"@type\":\"EntryPoint\",\"urlTemplate\":\"https:\\\/\\\/depeches241.com\\\/?s={search_term_string}\"},\"query-input\":{\"@type\":\"PropertyValueSpecification\",\"valueRequired\":true,\"valueName\":\"search_term_string\"}}],\"inLanguage\":\"fr-FR\"},{\"@type\":\"Organization\",\"@id\":\"https:\\\/\\\/depeches241.com\\\/#organization\",\"name\":\"Groupe D\u00e9p\u00eaches241\",\"url\":\"https:\\\/\\\/depeches241.com\\\/\",\"logo\":{\"@type\":\"ImageObject\",\"inLanguage\":\"fr-FR\",\"@id\":\"https:\\\/\\\/depeches241.com\\\/#\\\/schema\\\/logo\\\/image\\\/\",\"url\":\"https:\\\/\\\/depeches241.com\\\/wp-content\\\/uploads\\\/2021\\\/10\\\/cropped-Logo-new-Accueil.png\",\"contentUrl\":\"https:\\\/\\\/depeches241.com\\\/wp-content\\\/uploads\\\/2021\\\/10\\\/cropped-Logo-new-Accueil.png\",\"width\":320,\"height\":105,\"caption\":\"Groupe D\u00e9p\u00eaches241\"},\"image\":{\"@id\":\"https:\\\/\\\/depeches241.com\\\/#\\\/schema\\\/logo\\\/image\\\/\"},\"sameAs\":[\"https:\\\/\\\/www.facebook.com\\\/depeches241\"]},{\"@type\":\"Person\",\"@id\":\"https:\\\/\\\/depeches241.com\\\/#\\\/schema\\\/person\\\/977f23ecf7439b0805f4525a893a057a\",\"name\":\"R\u00e9daction\",\"image\":{\"@type\":\"ImageObject\",\"inLanguage\":\"fr-FR\",\"@id\":\"https:\\\/\\\/secure.gravatar.com\\\/avatar\\\/8c655dbc51e5c9289f919f15ce20847ab5a910f8369a17ca243b673da48541f5?s=96&d=mm&r=g\",\"url\":\"https:\\\/\\\/secure.gravatar.com\\\/avatar\\\/8c655dbc51e5c9289f919f15ce20847ab5a910f8369a17ca243b673da48541f5?s=96&d=mm&r=g\",\"contentUrl\":\"https:\\\/\\\/secure.gravatar.com\\\/avatar\\\/8c655dbc51e5c9289f919f15ce20847ab5a910f8369a17ca243b673da48541f5?s=96&d=mm&r=g\",\"caption\":\"R\u00e9daction\"},\"url\":\"https:\\\/\\\/depeches241.com\\\/?author=11\"}]}<\/script>\n<!-- \/ Yoast SEO plugin. -->","yoast_head_json":{"title":"Sant\u00e9 : Guy Patrick Obiang Ndong et Christine Mba Ndutume \u00e9voquent la r\u00e9ouverture des centres m\u00e9dicaux de proximit\u00e9 - Groupe D\u00e9p\u00eaches241","description":"Le ministre de la Sant\u00e9, Dr. Guy Patrick Obiang Ndong a accord\u00e9 le 08 d\u00e9cembre dernier, une audience \u00e0 l\u2019\u00e9dile de Libreville, Christine Mba Ndutume. Rencontre au cours de laquelle les deux personnalit\u00e9s ont \u00e9voqu\u00e9 la r\u00e9ouverture prochaine des centres m\u00e9dicaux de proximit\u00e9, lesquels serviront \u00e9galement de centre de vaccination contre la covid-19.","robots":{"index":"index","follow":"follow","max-snippet":"max-snippet:-1","max-image-preview":"max-image-preview:large","max-video-preview":"max-video-preview:-1"},"canonical":"https:\/\/depeches241.com\/?p=3888","og_locale":"fr_FR","og_type":"article","og_title":"Sant\u00e9 : Guy Patrick Obiang Ndong et Christine Mba Ndutume \u00e9voquent la r\u00e9ouverture des centres m\u00e9dicaux de proximit\u00e9 - Groupe D\u00e9p\u00eaches241","og_description":"Le ministre de la Sant\u00e9, Dr. Guy Patrick Obiang Ndong a accord\u00e9 le 08 d\u00e9cembre dernier, une audience \u00e0 l\u2019\u00e9dile de Libreville, Christine Mba Ndutume. Rencontre au cours de laquelle les deux personnalit\u00e9s ont \u00e9voqu\u00e9 la r\u00e9ouverture prochaine des centres m\u00e9dicaux de proximit\u00e9, lesquels serviront \u00e9galement de centre de vaccination contre la covid-19.","og_url":"https:\/\/depeches241.com\/?p=3888","og_site_name":"Groupe D\u00e9p\u00eaches241","article_publisher":"https:\/\/www.facebook.com\/depeches241","article_published_time":"2021-12-09T13:38:39+00:00","article_modified_time":"2021-12-09T13:39:41+00:00","og_image":[{"width":960,"height":540,"url":"https:\/\/depeches241.com\/wp-content\/uploads\/2021\/12\/IMG-20211209-WA0050.jpg","type":"image\/jpeg"}],"author":"R\u00e9daction","twitter_card":"summary_large_image","twitter_misc":{"\u00c9crit par":"R\u00e9daction","Dur\u00e9e de lecture estim\u00e9e":"2 minutes"},"schema":{"@context":"https:\/\/schema.org","@graph":[{"@type":"Article","@id":"https:\/\/depeches241.com\/?p=3888#article","isPartOf":{"@id":"https:\/\/depeches241.com\/?p=3888"},"author":{"name":"R\u00e9daction","@id":"https:\/\/depeches241.com\/#\/schema\/person\/977f23ecf7439b0805f4525a893a057a"},"headline":"Sant\u00e9 : Guy Patrick Obiang Ndong et Christine Mba Ndutume \u00e9voquent la r\u00e9ouverture des centres m\u00e9dicaux de proximit\u00e9","datePublished":"2021-12-09T13:38:39+00:00","dateModified":"2021-12-09T13:39:41+00:00","mainEntityOfPage":{"@id":"https:\/\/depeches241.com\/?p=3888"},"wordCount":327,"commentCount":0,"publisher":{"@id":"https:\/\/depeches241.com\/#organization"},"image":{"@id":"https:\/\/depeches241.com\/?p=3888#primaryimage"},"thumbnailUrl":"https:\/\/depeches241.com\/wp-content\/uploads\/2021\/12\/IMG-20211209-WA0050.jpg","keywords":["Christine Mba Ndutume","depeches241","Dr Guy Patrick Obiang","Gabon","soci\u00e9t\u00e9"],"articleSection":["Sant\u00e9","SOCIETE","Une1"],"inLanguage":"fr-FR","potentialAction":[{"@type":"CommentAction","name":"Comment","target":["https:\/\/depeches241.com\/?p=3888#respond"]}]},{"@type":"WebPage","@id":"https:\/\/depeches241.com\/?p=3888","url":"https:\/\/depeches241.com\/?p=3888","name":"Sant\u00e9 : Guy Patrick Obiang Ndong et Christine Mba Ndutume \u00e9voquent la r\u00e9ouverture des centres m\u00e9dicaux de proximit\u00e9 - Groupe D\u00e9p\u00eaches241","isPartOf":{"@id":"https:\/\/depeches241.com\/#website"},"primaryImageOfPage":{"@id":"https:\/\/depeches241.com\/?p=3888#primaryimage"},"image":{"@id":"https:\/\/depeches241.com\/?p=3888#primaryimage"},"thumbnailUrl":"https:\/\/depeches241.com\/wp-content\/uploads\/2021\/12\/IMG-20211209-WA0050.jpg","datePublished":"2021-12-09T13:38:39+00:00","dateModified":"2021-12-09T13:39:41+00:00","description":"Le ministre de la Sant\u00e9, Dr. Guy Patrick Obiang Ndong a accord\u00e9 le 08 d\u00e9cembre dernier, une audience \u00e0 l\u2019\u00e9dile de Libreville, Christine Mba Ndutume. Rencontre au cours de laquelle les deux personnalit\u00e9s ont \u00e9voqu\u00e9 la r\u00e9ouverture prochaine des centres m\u00e9dicaux de proximit\u00e9, lesquels serviront \u00e9galement de centre de vaccination contre la covid-19.","breadcrumb":{"@id":"https:\/\/depeches241.com\/?p=3888#breadcrumb"},"inLanguage":"fr-FR","potentialAction":[{"@type":"ReadAction","target":["https:\/\/depeches241.com\/?p=3888"]}]},{"@type":"ImageObject","inLanguage":"fr-FR","@id":"https:\/\/depeches241.com\/?p=3888#primaryimage","url":"https:\/\/depeches241.com\/wp-content\/uploads\/2021\/12\/IMG-20211209-WA0050.jpg","contentUrl":"https:\/\/depeches241.com\/wp-content\/uploads\/2021\/12\/IMG-20211209-WA0050.jpg","width":960,"height":540},{"@type":"BreadcrumbList","@id":"https:\/\/depeches241.com\/?p=3888#breadcrumb","itemListElement":[{"@type":"ListItem","position":1,"name":"Accueil","item":"https:\/\/depeches241.com\/"},{"@type":"ListItem","position":2,"name":"Sant\u00e9 : Guy Patrick Obiang Ndong et Christine Mba Ndutume \u00e9voquent la r\u00e9ouverture des centres m\u00e9dicaux de proximit\u00e9"}]},{"@type":"WebSite","@id":"https:\/\/depeches241.com\/#website","url":"https:\/\/depeches241.com\/","name":"D\u00e9p\u00eaches241","description":"M\u00e9dia d&#039;actualit\u00e9 Politique, \u00c9conomique, Sociale et Internationale","publisher":{"@id":"https:\/\/depeches241.com\/#organization"},"potentialAction":[{"@type":"SearchAction","target":{"@type":"EntryPoint","urlTemplate":"https:\/\/depeches241.com\/?s={search_term_string}"},"query-input":{"@type":"PropertyValueSpecification","valueRequired":true,"valueName":"search_term_string"}}],"inLanguage":"fr-FR"},{"@type":"Organization","@id":"https:\/\/depeches241.com\/#organization","name":"Groupe D\u00e9p\u00eaches241","url":"https:\/\/depeches241.com\/","logo":{"@type":"ImageObject","inLanguage":"fr-FR","@id":"https:\/\/depeches241.com\/#\/schema\/logo\/image\/","url":"https:\/\/depeches241.com\/wp-content\/uploads\/2021\/10\/cropped-Logo-new-Accueil.png","contentUrl":"https:\/\/depeches241.com\/wp-content\/uploads\/2021\/10\/cropped-Logo-new-Accueil.png","width":320,"height":105,"caption":"Groupe D\u00e9p\u00eaches241"},"image":{"@id":"https:\/\/depeches241.com\/#\/schema\/logo\/image\/"},"sameAs":["https:\/\/www.facebook.com\/depeches241"]},{"@type":"Person","@id":"https:\/\/depeches241.com\/#\/schema\/person\/977f23ecf7439b0805f4525a893a057a","name":"R\u00e9daction","image":{"@type":"ImageObject","inLanguage":"fr-FR","@id":"https:\/\/secure.gravatar.com\/avatar\/8c655dbc51e5c9289f919f15ce20847ab5a910f8369a17ca243b673da48541f5?s=96&d=mm&r=g","url":"https:\/\/secure.gravatar.com\/avatar\/8c655dbc51e5c9289f919f15ce20847ab5a910f8369a17ca243b673da48541f5?s=96&d=mm&r=g","contentUrl":"https:\/\/secure.gravatar.com\/avatar\/8c655dbc51e5c9289f919f15ce20847ab5a910f8369a17ca243b673da48541f5?s=96&d=mm&r=g","caption":"R\u00e9daction"},"url":"https:\/\/depeches241.com\/?author=11"}]}},"_links":{"self":[{"href":"https:\/\/depeches241.com\/index.php?rest_route=\/wp\/v2\/posts\/3888","targetHints":{"allow":["GET"]}}],"collection":[{"href":"https:\/\/depeches241.com\/index.php?rest_route=\/wp\/v2\/posts"}],"about":[{"href":"https:\/\/depeches241.com\/index.php?rest_route=\/wp\/v2\/types\/post"}],"author":[{"embeddable":true,"href":"https:\/\/depeches241.com\/index.php?rest_route=\/wp\/v2\/users\/11"}],"replies":[{"embeddable":true,"href":"https:\/\/depeches241.com\/index.php?rest_route=%2Fwp%2Fv2%2Fcomments&post=3888"}],"version-history":[{"count":2,"href":"https:\/\/depeches241.com\/index.php?rest_route=\/wp\/v2\/posts\/3888\/revisions"}],"predecessor-version":[{"id":3891,"href":"https:\/\/depeches241.com\/index.php?rest_route=\/wp\/v2\/posts\/3888\/revisions\/3891"}],"wp:featuredmedia":[{"embeddable":true,"href":"https:\/\/depeches241.com\/index.php?rest_route=\/wp\/v2\/media\/3889"}],"wp:attachment":[{"href":"https:\/\/depeches241.com\/index.php?rest_route=%2Fwp%2Fv2%2Fmedia&parent=3888"}],"wp:term":[{"taxonomy":"category","embeddable":true,"href":"https:\/\/depeches241.com\/index.php?rest_route=%2Fwp%2Fv2%2Fcategories&post=3888"},{"taxonomy":"post_tag","embeddable":true,"href":"https:\/\/depeches241.com\/index.php?rest_route=%2Fwp%2Fv2%2Ftags&post=3888"}],"curies":[{"name":"wp","href":"https:\/\/api.w.org\/{rel}","templated":true}]}}