{"id":4044,"date":"2021-12-17T10:49:45","date_gmt":"2021-12-17T09:49:45","guid":{"rendered":"http:\/\/depeches241.com\/?p=4044"},"modified":"2021-12-17T10:49:49","modified_gmt":"2021-12-17T09:49:49","slug":"crise-dans-le-secteur-education-le-president-du-snec-invite-mouguiama-daouda-a-mettre-de-leau-dans-son-vin","status":"publish","type":"post","link":"https:\/\/depeches241.com\/?p=4044","title":{"rendered":"Crise dans le secteur \u00e9ducation : le pr\u00e9sident du SNEC invite Mouguiama-Daouda \u00e0 mettre de l&rsquo;eau dans son vin"},"content":{"rendered":"\n<figure class=\"wp-block-image size-full\"><img fetchpriority=\"high\" decoding=\"async\" width=\"960\" height=\"540\" src=\"http:\/\/depeches241.com\/wp-content\/uploads\/2021\/12\/DRIVE-IMAGES-DEPECHES-9.jpg\" alt=\"\" class=\"wp-image-4048\" srcset=\"https:\/\/depeches241.com\/wp-content\/uploads\/2021\/12\/DRIVE-IMAGES-DEPECHES-9.jpg 960w, https:\/\/depeches241.com\/wp-content\/uploads\/2021\/12\/DRIVE-IMAGES-DEPECHES-9-300x169.jpg 300w, https:\/\/depeches241.com\/wp-content\/uploads\/2021\/12\/DRIVE-IMAGES-DEPECHES-9-768x432.jpg 768w\" sizes=\"(max-width: 960px) 100vw, 960px\" \/><figcaption><strong><em>Mathurin Ovono Eb\u00e8 invite Mouguiama a plus de sagesse \u00a9DR<\/em><\/strong><\/figcaption><\/figure>\n\n\n\n<p><strong>Libreville, le 17 d\u00e9cembre 2021 (D\u00e9p\u00eaches 241). Le ministre de l&rsquo;\u00e9ducation nationale menace de radier des effectifs de la Fonction Publique les enseignants engag\u00e9s dans le mouvement de gr\u00e8ve. Une position qui a fait r\u00e9agir le pr\u00e9sident du Syndicat National des Enseignants Chercheurs (SNEC), lequel a invit\u00e9 le patron de l&rsquo;\u00e9ducation nationale \u00e0 reconsid\u00e9rer sa position car, il est plus facile d&rsquo;\u00e9vincer un ministre du gouvernement que de radier un enseignant des effectifs de la Fonction Publique.<\/strong><\/p>\n\n\n\n<p class=\"has-drop-cap\">Il ne fait plus aucun doute que le secteur de l&rsquo;\u00e9ducation est en crise. Depuis trois mois, les enseignants ont d\u00e9sert\u00e9 les salles de classe, revendiquant de meilleurs traitements, dans la gestion de leur carri\u00e8re administrative. En r\u00e9ponse \u00e0 ces revendications des enseignants, le ministre de L&rsquo;\u00e9ducation nationale, Patrick Mouguiama-Daouda, menace de radier des effectifs de la Fonction publique, tous les enseignants engag\u00e9s dans le mouvement de gr\u00e8ve. Une position extr\u00e9miste qui a fait r\u00e9agir le pr\u00e9sident du SNEC, Mathurin OVONO \u00c9b\u00e8. Lequel a invit\u00e9 le ministre de l&rsquo;\u00e9ducation national \u00e0 reconsid\u00e9rer sa position.<\/p>\n\n\n\n<p><strong><em>\u00abMonsieur le Ministre, cher coll\u00e8gue. Ce que vous envisagez, loin d&rsquo;\u00eatre une solution, est plut\u00f4t un aveu d&rsquo;\u00e9chec.\u00bb<\/em><\/strong>, pointe-il. En effet, il se susurre que le membre du gouvernement envisage de radier les enseignants qui observent le mouvement de gr\u00e8ve, et proc\u00e9der \u00e0 un recrutement direct, pour ainsi combler le d\u00e9ficit cr\u00e9\u00e9. Mais cette politique de l&rsquo;autruche est farouchement rejet\u00e9e par les professionnels de l&rsquo;\u00e9ducation. <strong><em>\u00ab ceux qui viendront \u00e0 l&rsquo;Education Nationale par recrutement direct seront confront\u00e9s aux probl\u00e8mes de ceux qui y sont actuellement. Optez plut\u00f4t pour la r\u00e9solution des probl\u00e8mes soulev\u00e9s par les enseignants que vous menacez de radiation.\u00bb<\/em><\/strong>, tance le syndicaliste.<\/p>\n\n\n\n<p>Ce dernier n&rsquo;a d&rsquo;ailleurs pas manqu\u00e9 de signifier \u00e0 Mouguiama-Daouda&nbsp; que la radiation des effectifs de la Fonction Publique ne se fait pas par coup de baguette magique. Pr\u00e9cisant dans le m\u00eame temps que : <strong><em>\u00ab il est plus facile \u00e0 un ministre d&rsquo;\u00eatre radi\u00e9 du Gouvernement qu&rsquo;\u00e0 un enseignant des effectifs de la Fonction Publique.\u00bb<\/em><\/strong>, a-t-il conclu.&nbsp;<\/p>\n","protected":false},"excerpt":{"rendered":"<p>Le ministre de l&rsquo;\u00e9ducation nationale menace de radier des effectifs de la Fonction Publique les enseignants engag\u00e9s dans le mouvement de gr\u00e8ve. Une position qui a fait r\u00e9agir le pr\u00e9sident du Syndicat National des Enseignants Chercheurs (SNEC), lequel a invit\u00e9 le patron de l&rsquo;\u00e9ducation nationale \u00e0 reconsid\u00e9rer sa position car, il est plus facile d&rsquo;\u00e9vincer un ministre du gouvernement que de radier un enseignant des effectifs de la Fonction Publique.<\/p>\n","protected":false},"author":11,"featured_media":4048,"comment_status":"open","ping_status":"open","sticky":false,"template":"","format":"standard","meta":{"om_disable_all_campaigns":false,"footnotes":""},"categories":[37,5,116],"tags":[99,59,42],"class_list":{"0":"post-4044","1":"post","2":"type-post","3":"status-publish","4":"format-standard","5":"has-post-thumbnail","7":"category-education-nationale","8":"category-societe","9":"category-une1","10":"tag-depeches241","11":"tag-gabon","12":"tag-societe"},"yoast_head":"<!-- This site is optimized with the Yoast SEO plugin v27.5 - https:\/\/yoast.com\/product\/yoast-seo-wordpress\/ -->\n<title>Crise dans le secteur \u00e9ducation : le pr\u00e9sident du SNEC invite Mouguiama-Daouda \u00e0 mettre de l&#039;eau dans son vin - Groupe D\u00e9p\u00eaches241<\/title>\n<meta name=\"description\" content=\"Le ministre de l&#039;\u00e9ducation nationale menace de radier des effectifs de la Fonction Publique les enseignants engag\u00e9s dans le mouvement de gr\u00e8ve. Une position qui a fait r\u00e9agir le pr\u00e9sident du Syndicat National des Enseignants Chercheurs (SNEC), lequel a invit\u00e9 le patron de l&#039;\u00e9ducation nationale \u00e0 reconsid\u00e9rer sa position car, il est plus facile d&#039;\u00e9vincer un ministre du gouvernement que de radier un enseignant des effectifs de la Fonction Publique.\" \/>\n<meta name=\"robots\" content=\"index, follow, max-snippet:-1, max-image-preview:large, max-video-preview:-1\" \/>\n<link rel=\"canonical\" href=\"https:\/\/depeches241.com\/?p=4044\" \/>\n<meta property=\"og:locale\" content=\"fr_FR\" \/>\n<meta property=\"og:type\" content=\"article\" \/>\n<meta property=\"og:title\" content=\"Crise dans le secteur \u00e9ducation : le pr\u00e9sident du SNEC invite Mouguiama-Daouda \u00e0 mettre de l&#039;eau dans son vin - Groupe D\u00e9p\u00eaches241\" \/>\n<meta property=\"og:description\" content=\"Le ministre de l&#039;\u00e9ducation nationale menace de radier des effectifs de la Fonction Publique les enseignants engag\u00e9s dans le mouvement de gr\u00e8ve. Une position qui a fait r\u00e9agir le pr\u00e9sident du Syndicat National des Enseignants Chercheurs (SNEC), lequel a invit\u00e9 le patron de l&#039;\u00e9ducation nationale \u00e0 reconsid\u00e9rer sa position car, il est plus facile d&#039;\u00e9vincer un ministre du gouvernement que de radier un enseignant des effectifs de la Fonction Publique.\" \/>\n<meta property=\"og:url\" content=\"https:\/\/depeches241.com\/?p=4044\" \/>\n<meta property=\"og:site_name\" content=\"Groupe D\u00e9p\u00eaches241\" \/>\n<meta property=\"article:publisher\" content=\"https:\/\/www.facebook.com\/depeches241\" \/>\n<meta property=\"article:published_time\" content=\"2021-12-17T09:49:45+00:00\" \/>\n<meta property=\"article:modified_time\" content=\"2021-12-17T09:49:49+00:00\" \/>\n<meta property=\"og:image\" content=\"https:\/\/depeches241.com\/wp-content\/uploads\/2021\/12\/DRIVE-IMAGES-DEPECHES-9.jpg\" \/>\n\t<meta property=\"og:image:width\" content=\"960\" \/>\n\t<meta property=\"og:image:height\" content=\"540\" \/>\n\t<meta property=\"og:image:type\" content=\"image\/jpeg\" \/>\n<meta name=\"author\" content=\"R\u00e9daction\" \/>\n<meta name=\"twitter:card\" content=\"summary_large_image\" \/>\n<meta name=\"twitter:label1\" content=\"\u00c9crit par\" \/>\n\t<meta name=\"twitter:data1\" content=\"R\u00e9daction\" \/>\n\t<meta name=\"twitter:label2\" content=\"Dur\u00e9e de lecture estim\u00e9e\" \/>\n\t<meta name=\"twitter:data2\" content=\"2 minutes\" \/>\n<script type=\"application\/ld+json\" class=\"yoast-schema-graph\">{\"@context\":\"https:\\\/\\\/schema.org\",\"@graph\":[{\"@type\":\"Article\",\"@id\":\"https:\\\/\\\/depeches241.com\\\/?p=4044#article\",\"isPartOf\":{\"@id\":\"https:\\\/\\\/depeches241.com\\\/?p=4044\"},\"author\":{\"name\":\"R\u00e9daction\",\"@id\":\"https:\\\/\\\/depeches241.com\\\/#\\\/schema\\\/person\\\/977f23ecf7439b0805f4525a893a057a\"},\"headline\":\"Crise dans le secteur \u00e9ducation : le pr\u00e9sident du SNEC invite Mouguiama-Daouda \u00e0 mettre de l&rsquo;eau dans son vin\",\"datePublished\":\"2021-12-17T09:49:45+00:00\",\"dateModified\":\"2021-12-17T09:49:49+00:00\",\"mainEntityOfPage\":{\"@id\":\"https:\\\/\\\/depeches241.com\\\/?p=4044\"},\"wordCount\":391,\"commentCount\":0,\"publisher\":{\"@id\":\"https:\\\/\\\/depeches241.com\\\/#organization\"},\"image\":{\"@id\":\"https:\\\/\\\/depeches241.com\\\/?p=4044#primaryimage\"},\"thumbnailUrl\":\"https:\\\/\\\/depeches241.com\\\/wp-content\\\/uploads\\\/2021\\\/12\\\/DRIVE-IMAGES-DEPECHES-9.jpg\",\"keywords\":[\"depeches241\",\"Gabon\",\"soci\u00e9t\u00e9\"],\"articleSection\":[\"\u00c9ducation Nationale\",\"SOCIETE\",\"Une1\"],\"inLanguage\":\"fr-FR\",\"potentialAction\":[{\"@type\":\"CommentAction\",\"name\":\"Comment\",\"target\":[\"https:\\\/\\\/depeches241.com\\\/?p=4044#respond\"]}]},{\"@type\":\"WebPage\",\"@id\":\"https:\\\/\\\/depeches241.com\\\/?p=4044\",\"url\":\"https:\\\/\\\/depeches241.com\\\/?p=4044\",\"name\":\"Crise dans le secteur \u00e9ducation : le pr\u00e9sident du SNEC invite Mouguiama-Daouda \u00e0 mettre de l'eau dans son vin - Groupe D\u00e9p\u00eaches241\",\"isPartOf\":{\"@id\":\"https:\\\/\\\/depeches241.com\\\/#website\"},\"primaryImageOfPage\":{\"@id\":\"https:\\\/\\\/depeches241.com\\\/?p=4044#primaryimage\"},\"image\":{\"@id\":\"https:\\\/\\\/depeches241.com\\\/?p=4044#primaryimage\"},\"thumbnailUrl\":\"https:\\\/\\\/depeches241.com\\\/wp-content\\\/uploads\\\/2021\\\/12\\\/DRIVE-IMAGES-DEPECHES-9.jpg\",\"datePublished\":\"2021-12-17T09:49:45+00:00\",\"dateModified\":\"2021-12-17T09:49:49+00:00\",\"description\":\"Le ministre de l'\u00e9ducation nationale menace de radier des effectifs de la Fonction Publique les enseignants engag\u00e9s dans le mouvement de gr\u00e8ve. Une position qui a fait r\u00e9agir le pr\u00e9sident du Syndicat National des Enseignants Chercheurs (SNEC), lequel a invit\u00e9 le patron de l'\u00e9ducation nationale \u00e0 reconsid\u00e9rer sa position car, il est plus facile d'\u00e9vincer un ministre du gouvernement que de radier un enseignant des effectifs de la Fonction Publique.\",\"breadcrumb\":{\"@id\":\"https:\\\/\\\/depeches241.com\\\/?p=4044#breadcrumb\"},\"inLanguage\":\"fr-FR\",\"potentialAction\":[{\"@type\":\"ReadAction\",\"target\":[\"https:\\\/\\\/depeches241.com\\\/?p=4044\"]}]},{\"@type\":\"ImageObject\",\"inLanguage\":\"fr-FR\",\"@id\":\"https:\\\/\\\/depeches241.com\\\/?p=4044#primaryimage\",\"url\":\"https:\\\/\\\/depeches241.com\\\/wp-content\\\/uploads\\\/2021\\\/12\\\/DRIVE-IMAGES-DEPECHES-9.jpg\",\"contentUrl\":\"https:\\\/\\\/depeches241.com\\\/wp-content\\\/uploads\\\/2021\\\/12\\\/DRIVE-IMAGES-DEPECHES-9.jpg\",\"width\":960,\"height\":540},{\"@type\":\"BreadcrumbList\",\"@id\":\"https:\\\/\\\/depeches241.com\\\/?p=4044#breadcrumb\",\"itemListElement\":[{\"@type\":\"ListItem\",\"position\":1,\"name\":\"Accueil\",\"item\":\"https:\\\/\\\/depeches241.com\\\/\"},{\"@type\":\"ListItem\",\"position\":2,\"name\":\"Crise dans le secteur \u00e9ducation : le pr\u00e9sident du SNEC invite Mouguiama-Daouda \u00e0 mettre de l&#8217;eau dans son vin\"}]},{\"@type\":\"WebSite\",\"@id\":\"https:\\\/\\\/depeches241.com\\\/#website\",\"url\":\"https:\\\/\\\/depeches241.com\\\/\",\"name\":\"D\u00e9p\u00eaches241\",\"description\":\"M\u00e9dia d&#039;actualit\u00e9 Politique, \u00c9conomique, Sociale et Internationale\",\"publisher\":{\"@id\":\"https:\\\/\\\/depeches241.com\\\/#organization\"},\"potentialAction\":[{\"@type\":\"SearchAction\",\"target\":{\"@type\":\"EntryPoint\",\"urlTemplate\":\"https:\\\/\\\/depeches241.com\\\/?s={search_term_string}\"},\"query-input\":{\"@type\":\"PropertyValueSpecification\",\"valueRequired\":true,\"valueName\":\"search_term_string\"}}],\"inLanguage\":\"fr-FR\"},{\"@type\":\"Organization\",\"@id\":\"https:\\\/\\\/depeches241.com\\\/#organization\",\"name\":\"Groupe D\u00e9p\u00eaches241\",\"url\":\"https:\\\/\\\/depeches241.com\\\/\",\"logo\":{\"@type\":\"ImageObject\",\"inLanguage\":\"fr-FR\",\"@id\":\"https:\\\/\\\/depeches241.com\\\/#\\\/schema\\\/logo\\\/image\\\/\",\"url\":\"https:\\\/\\\/depeches241.com\\\/wp-content\\\/uploads\\\/2021\\\/10\\\/cropped-Logo-new-Accueil.png\",\"contentUrl\":\"https:\\\/\\\/depeches241.com\\\/wp-content\\\/uploads\\\/2021\\\/10\\\/cropped-Logo-new-Accueil.png\",\"width\":320,\"height\":105,\"caption\":\"Groupe D\u00e9p\u00eaches241\"},\"image\":{\"@id\":\"https:\\\/\\\/depeches241.com\\\/#\\\/schema\\\/logo\\\/image\\\/\"},\"sameAs\":[\"https:\\\/\\\/www.facebook.com\\\/depeches241\"]},{\"@type\":\"Person\",\"@id\":\"https:\\\/\\\/depeches241.com\\\/#\\\/schema\\\/person\\\/977f23ecf7439b0805f4525a893a057a\",\"name\":\"R\u00e9daction\",\"image\":{\"@type\":\"ImageObject\",\"inLanguage\":\"fr-FR\",\"@id\":\"https:\\\/\\\/secure.gravatar.com\\\/avatar\\\/8c655dbc51e5c9289f919f15ce20847ab5a910f8369a17ca243b673da48541f5?s=96&d=mm&r=g\",\"url\":\"https:\\\/\\\/secure.gravatar.com\\\/avatar\\\/8c655dbc51e5c9289f919f15ce20847ab5a910f8369a17ca243b673da48541f5?s=96&d=mm&r=g\",\"contentUrl\":\"https:\\\/\\\/secure.gravatar.com\\\/avatar\\\/8c655dbc51e5c9289f919f15ce20847ab5a910f8369a17ca243b673da48541f5?s=96&d=mm&r=g\",\"caption\":\"R\u00e9daction\"},\"url\":\"https:\\\/\\\/depeches241.com\\\/?author=11\"}]}<\/script>\n<!-- \/ Yoast SEO plugin. -->","yoast_head_json":{"title":"Crise dans le secteur \u00e9ducation : le pr\u00e9sident du SNEC invite Mouguiama-Daouda \u00e0 mettre de l'eau dans son vin - Groupe D\u00e9p\u00eaches241","description":"Le ministre de l'\u00e9ducation nationale menace de radier des effectifs de la Fonction Publique les enseignants engag\u00e9s dans le mouvement de gr\u00e8ve. Une position qui a fait r\u00e9agir le pr\u00e9sident du Syndicat National des Enseignants Chercheurs (SNEC), lequel a invit\u00e9 le patron de l'\u00e9ducation nationale \u00e0 reconsid\u00e9rer sa position car, il est plus facile d'\u00e9vincer un ministre du gouvernement que de radier un enseignant des effectifs de la Fonction Publique.","robots":{"index":"index","follow":"follow","max-snippet":"max-snippet:-1","max-image-preview":"max-image-preview:large","max-video-preview":"max-video-preview:-1"},"canonical":"https:\/\/depeches241.com\/?p=4044","og_locale":"fr_FR","og_type":"article","og_title":"Crise dans le secteur \u00e9ducation : le pr\u00e9sident du SNEC invite Mouguiama-Daouda \u00e0 mettre de l'eau dans son vin - Groupe D\u00e9p\u00eaches241","og_description":"Le ministre de l'\u00e9ducation nationale menace de radier des effectifs de la Fonction Publique les enseignants engag\u00e9s dans le mouvement de gr\u00e8ve. Une position qui a fait r\u00e9agir le pr\u00e9sident du Syndicat National des Enseignants Chercheurs (SNEC), lequel a invit\u00e9 le patron de l'\u00e9ducation nationale \u00e0 reconsid\u00e9rer sa position car, il est plus facile d'\u00e9vincer un ministre du gouvernement que de radier un enseignant des effectifs de la Fonction Publique.","og_url":"https:\/\/depeches241.com\/?p=4044","og_site_name":"Groupe D\u00e9p\u00eaches241","article_publisher":"https:\/\/www.facebook.com\/depeches241","article_published_time":"2021-12-17T09:49:45+00:00","article_modified_time":"2021-12-17T09:49:49+00:00","og_image":[{"width":960,"height":540,"url":"https:\/\/depeches241.com\/wp-content\/uploads\/2021\/12\/DRIVE-IMAGES-DEPECHES-9.jpg","type":"image\/jpeg"}],"author":"R\u00e9daction","twitter_card":"summary_large_image","twitter_misc":{"\u00c9crit par":"R\u00e9daction","Dur\u00e9e de lecture estim\u00e9e":"2 minutes"},"schema":{"@context":"https:\/\/schema.org","@graph":[{"@type":"Article","@id":"https:\/\/depeches241.com\/?p=4044#article","isPartOf":{"@id":"https:\/\/depeches241.com\/?p=4044"},"author":{"name":"R\u00e9daction","@id":"https:\/\/depeches241.com\/#\/schema\/person\/977f23ecf7439b0805f4525a893a057a"},"headline":"Crise dans le secteur \u00e9ducation : le pr\u00e9sident du SNEC invite Mouguiama-Daouda \u00e0 mettre de l&rsquo;eau dans son vin","datePublished":"2021-12-17T09:49:45+00:00","dateModified":"2021-12-17T09:49:49+00:00","mainEntityOfPage":{"@id":"https:\/\/depeches241.com\/?p=4044"},"wordCount":391,"commentCount":0,"publisher":{"@id":"https:\/\/depeches241.com\/#organization"},"image":{"@id":"https:\/\/depeches241.com\/?p=4044#primaryimage"},"thumbnailUrl":"https:\/\/depeches241.com\/wp-content\/uploads\/2021\/12\/DRIVE-IMAGES-DEPECHES-9.jpg","keywords":["depeches241","Gabon","soci\u00e9t\u00e9"],"articleSection":["\u00c9ducation Nationale","SOCIETE","Une1"],"inLanguage":"fr-FR","potentialAction":[{"@type":"CommentAction","name":"Comment","target":["https:\/\/depeches241.com\/?p=4044#respond"]}]},{"@type":"WebPage","@id":"https:\/\/depeches241.com\/?p=4044","url":"https:\/\/depeches241.com\/?p=4044","name":"Crise dans le secteur \u00e9ducation : le pr\u00e9sident du SNEC invite Mouguiama-Daouda \u00e0 mettre de l'eau dans son vin - Groupe D\u00e9p\u00eaches241","isPartOf":{"@id":"https:\/\/depeches241.com\/#website"},"primaryImageOfPage":{"@id":"https:\/\/depeches241.com\/?p=4044#primaryimage"},"image":{"@id":"https:\/\/depeches241.com\/?p=4044#primaryimage"},"thumbnailUrl":"https:\/\/depeches241.com\/wp-content\/uploads\/2021\/12\/DRIVE-IMAGES-DEPECHES-9.jpg","datePublished":"2021-12-17T09:49:45+00:00","dateModified":"2021-12-17T09:49:49+00:00","description":"Le ministre de l'\u00e9ducation nationale menace de radier des effectifs de la Fonction Publique les enseignants engag\u00e9s dans le mouvement de gr\u00e8ve. Une position qui a fait r\u00e9agir le pr\u00e9sident du Syndicat National des Enseignants Chercheurs (SNEC), lequel a invit\u00e9 le patron de l'\u00e9ducation nationale \u00e0 reconsid\u00e9rer sa position car, il est plus facile d'\u00e9vincer un ministre du gouvernement que de radier un enseignant des effectifs de la Fonction Publique.","breadcrumb":{"@id":"https:\/\/depeches241.com\/?p=4044#breadcrumb"},"inLanguage":"fr-FR","potentialAction":[{"@type":"ReadAction","target":["https:\/\/depeches241.com\/?p=4044"]}]},{"@type":"ImageObject","inLanguage":"fr-FR","@id":"https:\/\/depeches241.com\/?p=4044#primaryimage","url":"https:\/\/depeches241.com\/wp-content\/uploads\/2021\/12\/DRIVE-IMAGES-DEPECHES-9.jpg","contentUrl":"https:\/\/depeches241.com\/wp-content\/uploads\/2021\/12\/DRIVE-IMAGES-DEPECHES-9.jpg","width":960,"height":540},{"@type":"BreadcrumbList","@id":"https:\/\/depeches241.com\/?p=4044#breadcrumb","itemListElement":[{"@type":"ListItem","position":1,"name":"Accueil","item":"https:\/\/depeches241.com\/"},{"@type":"ListItem","position":2,"name":"Crise dans le secteur \u00e9ducation : le pr\u00e9sident du SNEC invite Mouguiama-Daouda \u00e0 mettre de l&#8217;eau dans son vin"}]},{"@type":"WebSite","@id":"https:\/\/depeches241.com\/#website","url":"https:\/\/depeches241.com\/","name":"D\u00e9p\u00eaches241","description":"M\u00e9dia d&#039;actualit\u00e9 Politique, \u00c9conomique, Sociale et Internationale","publisher":{"@id":"https:\/\/depeches241.com\/#organization"},"potentialAction":[{"@type":"SearchAction","target":{"@type":"EntryPoint","urlTemplate":"https:\/\/depeches241.com\/?s={search_term_string}"},"query-input":{"@type":"PropertyValueSpecification","valueRequired":true,"valueName":"search_term_string"}}],"inLanguage":"fr-FR"},{"@type":"Organization","@id":"https:\/\/depeches241.com\/#organization","name":"Groupe D\u00e9p\u00eaches241","url":"https:\/\/depeches241.com\/","logo":{"@type":"ImageObject","inLanguage":"fr-FR","@id":"https:\/\/depeches241.com\/#\/schema\/logo\/image\/","url":"https:\/\/depeches241.com\/wp-content\/uploads\/2021\/10\/cropped-Logo-new-Accueil.png","contentUrl":"https:\/\/depeches241.com\/wp-content\/uploads\/2021\/10\/cropped-Logo-new-Accueil.png","width":320,"height":105,"caption":"Groupe D\u00e9p\u00eaches241"},"image":{"@id":"https:\/\/depeches241.com\/#\/schema\/logo\/image\/"},"sameAs":["https:\/\/www.facebook.com\/depeches241"]},{"@type":"Person","@id":"https:\/\/depeches241.com\/#\/schema\/person\/977f23ecf7439b0805f4525a893a057a","name":"R\u00e9daction","image":{"@type":"ImageObject","inLanguage":"fr-FR","@id":"https:\/\/secure.gravatar.com\/avatar\/8c655dbc51e5c9289f919f15ce20847ab5a910f8369a17ca243b673da48541f5?s=96&d=mm&r=g","url":"https:\/\/secure.gravatar.com\/avatar\/8c655dbc51e5c9289f919f15ce20847ab5a910f8369a17ca243b673da48541f5?s=96&d=mm&r=g","contentUrl":"https:\/\/secure.gravatar.com\/avatar\/8c655dbc51e5c9289f919f15ce20847ab5a910f8369a17ca243b673da48541f5?s=96&d=mm&r=g","caption":"R\u00e9daction"},"url":"https:\/\/depeches241.com\/?author=11"}]}},"_links":{"self":[{"href":"https:\/\/depeches241.com\/index.php?rest_route=\/wp\/v2\/posts\/4044","targetHints":{"allow":["GET"]}}],"collection":[{"href":"https:\/\/depeches241.com\/index.php?rest_route=\/wp\/v2\/posts"}],"about":[{"href":"https:\/\/depeches241.com\/index.php?rest_route=\/wp\/v2\/types\/post"}],"author":[{"embeddable":true,"href":"https:\/\/depeches241.com\/index.php?rest_route=\/wp\/v2\/users\/11"}],"replies":[{"embeddable":true,"href":"https:\/\/depeches241.com\/index.php?rest_route=%2Fwp%2Fv2%2Fcomments&post=4044"}],"version-history":[{"count":1,"href":"https:\/\/depeches241.com\/index.php?rest_route=\/wp\/v2\/posts\/4044\/revisions"}],"predecessor-version":[{"id":4049,"href":"https:\/\/depeches241.com\/index.php?rest_route=\/wp\/v2\/posts\/4044\/revisions\/4049"}],"wp:featuredmedia":[{"embeddable":true,"href":"https:\/\/depeches241.com\/index.php?rest_route=\/wp\/v2\/media\/4048"}],"wp:attachment":[{"href":"https:\/\/depeches241.com\/index.php?rest_route=%2Fwp%2Fv2%2Fmedia&parent=4044"}],"wp:term":[{"taxonomy":"category","embeddable":true,"href":"https:\/\/depeches241.com\/index.php?rest_route=%2Fwp%2Fv2%2Fcategories&post=4044"},{"taxonomy":"post_tag","embeddable":true,"href":"https:\/\/depeches241.com\/index.php?rest_route=%2Fwp%2Fv2%2Ftags&post=4044"}],"curies":[{"name":"wp","href":"https:\/\/api.w.org\/{rel}","templated":true}]}}