{"id":4156,"date":"2021-12-22T10:09:07","date_gmt":"2021-12-22T09:09:07","guid":{"rendered":"http:\/\/depeches241.com\/?p=4156"},"modified":"2021-12-22T10:09:18","modified_gmt":"2021-12-22T09:09:18","slug":"education-nationale-le-ministere-sindigne-devant-la-proliferation-des-etablissements-laics","status":"publish","type":"post","link":"https:\/\/depeches241.com\/?p=4156","title":{"rendered":"\u00c9ducation nationale : le minist\u00e8re s&rsquo;indigne devant la prolif\u00e9ration des \u00e9tablissements la\u00efcs"},"content":{"rendered":"\n<figure class=\"wp-block-image size-full\"><img fetchpriority=\"high\" decoding=\"async\" width=\"960\" height=\"540\" src=\"http:\/\/depeches241.com\/wp-content\/uploads\/2021\/10\/DRIVE-IMAGES-DEPECHES-2021-10-06T120637.905.jpg\" alt=\"\" class=\"wp-image-2364\" srcset=\"https:\/\/depeches241.com\/wp-content\/uploads\/2021\/10\/DRIVE-IMAGES-DEPECHES-2021-10-06T120637.905.jpg 960w, https:\/\/depeches241.com\/wp-content\/uploads\/2021\/10\/DRIVE-IMAGES-DEPECHES-2021-10-06T120637.905-300x169.jpg 300w, https:\/\/depeches241.com\/wp-content\/uploads\/2021\/10\/DRIVE-IMAGES-DEPECHES-2021-10-06T120637.905-768x432.jpg 768w\" sizes=\"(max-width: 960px) 100vw, 960px\" \/><figcaption><strong><em>Daouda Mouguiama souhaite mettre un coup de pieds dans la fourmili\u00e8re \u00a9DR<\/em><\/strong><\/figcaption><\/figure>\n\n\n\n<p><strong>Libreville, le 22 d\u00e9cembre 2021 (D\u00e9p\u00eaches 241). Dans un communiqu\u00e9 de presse publi\u00e9 ce lundi, le minist\u00e8re de l&rsquo;\u00c9ducation nationale s&rsquo;est indign\u00e9 face \u00e0 la prolif\u00e9ration des \u00e9tablissements priv\u00e9s la\u00efcs dans le pays. Lesquels \u00e9tablissements sont souvent cr\u00e9\u00e9s, en violation des dispositions l\u00e9gales en vigueur.<\/strong><\/p>\n\n\n\n<p class=\"has-drop-cap\">La probl\u00e9matique de la prolif\u00e9ration des \u00e9tablissements priv\u00e9s la\u00efcs \u00e0 travers le pays vient de susciter la r\u00e9action du minist\u00e8re de l&rsquo;\u00c9ducation nationale. En effet, dans un communiqu\u00e9 publi\u00e9 hier, dont <em>D\u00e9p\u00eaches 241 <\/em>&nbsp;a re\u00e7u copie, la tutelle a d\u00e9nonc\u00e9 ce ph\u00e9nom\u00e8ne qui selon elle <strong><em>\u00ab ob\u00e8re les capacit\u00e9s de contr\u00f4le du syst\u00e8me \u00e9ducatif et rend inefficace la carte scolaire<\/em><\/strong> <strong><em>\u00bb<\/em><\/strong> a-t-on pu lire dans la note.&nbsp;<\/p>\n\n\n\n<p>Pire, ces \u00e9tablissements qui poussent comme des champignons, sont souvent cr\u00e9\u00e9s en marge des dispositions l\u00e9gales qui r\u00e9glementent le secteur <strong><em>\u00ab Par ignorance ou par m\u00e9connaissance volontaire des textes, des promoteurs priv\u00e9s, s&rsquo;improvisent dans le domaine de l&rsquo;\u00c9ducation \u00bb<\/em><\/strong><em> <\/em>souligne \u00e9galement le communiqu\u00e9.&nbsp;<br>Dans ce contexte, le minist\u00e8re de l&rsquo;\u00c9ducation nationale a annonc\u00e9 dans les prochains jours, une s\u00e9rie d&rsquo;inspections au terme desquelles, les \u00e9tablissements non-conformes pourraient tout bonnement \u00eatre ferm\u00e9s <strong><em>\u00abDes instructions sont donn\u00e9es aux services techniques pour des inspections inopin\u00e9es en vue d\u2019une application stricte des normes en vigueur. Toute violation des dispositions r\u00e9glementaires \u00e9tablies entra\u00eenera syst\u00e9matiquement des sanctions \u00bb <\/em><\/strong>pr\u00e9cise la missive.<\/p>\n","protected":false},"excerpt":{"rendered":"<p>Dans un communiqu\u00e9 de presse publi\u00e9 ce lundi, le minist\u00e8re de l&rsquo;\u00c9ducation nationale s&rsquo;est indign\u00e9 face \u00e0 la prolif\u00e9ration des \u00e9tablissements priv\u00e9s la\u00efcs dans le pays. Lesquels \u00e9tablissements sont souvent cr\u00e9\u00e9s, en violation des dispositions l\u00e9gales en vigueur.<\/p>\n","protected":false},"author":11,"featured_media":2364,"comment_status":"open","ping_status":"open","sticky":false,"template":"","format":"standard","meta":{"om_disable_all_campaigns":false,"footnotes":""},"categories":[37,5,116],"tags":[99,59,1206,42],"class_list":{"0":"post-4156","1":"post","2":"type-post","3":"status-publish","4":"format-standard","5":"has-post-thumbnail","7":"category-education-nationale","8":"category-societe","9":"category-une1","10":"tag-depeches241","11":"tag-gabon","12":"tag-patrick-daouda-mouguiama","13":"tag-societe"},"yoast_head":"<!-- This site is optimized with the Yoast SEO plugin v27.5 - https:\/\/yoast.com\/product\/yoast-seo-wordpress\/ -->\n<title>\u00c9ducation nationale : le minist\u00e8re s&#039;indigne devant la prolif\u00e9ration des \u00e9tablissements la\u00efcs - Groupe D\u00e9p\u00eaches241<\/title>\n<meta name=\"description\" content=\"Dans un communiqu\u00e9 de presse publi\u00e9 ce lundi, le minist\u00e8re de l&#039;\u00c9ducation nationale s&#039;est indign\u00e9 face \u00e0 la prolif\u00e9ration des \u00e9tablissements priv\u00e9s la\u00efcs dans le pays. Lesquels \u00e9tablissements sont souvent cr\u00e9\u00e9s, en violation des dispositions l\u00e9gales en vigueur.\" \/>\n<meta name=\"robots\" content=\"index, follow, max-snippet:-1, max-image-preview:large, max-video-preview:-1\" \/>\n<link rel=\"canonical\" href=\"https:\/\/depeches241.com\/?p=4156\" \/>\n<meta property=\"og:locale\" content=\"fr_FR\" \/>\n<meta property=\"og:type\" content=\"article\" \/>\n<meta property=\"og:title\" content=\"\u00c9ducation nationale : le minist\u00e8re s&#039;indigne devant la prolif\u00e9ration des \u00e9tablissements la\u00efcs - Groupe D\u00e9p\u00eaches241\" \/>\n<meta property=\"og:description\" content=\"Dans un communiqu\u00e9 de presse publi\u00e9 ce lundi, le minist\u00e8re de l&#039;\u00c9ducation nationale s&#039;est indign\u00e9 face \u00e0 la prolif\u00e9ration des \u00e9tablissements priv\u00e9s la\u00efcs dans le pays. Lesquels \u00e9tablissements sont souvent cr\u00e9\u00e9s, en violation des dispositions l\u00e9gales en vigueur.\" \/>\n<meta property=\"og:url\" content=\"https:\/\/depeches241.com\/?p=4156\" \/>\n<meta property=\"og:site_name\" content=\"Groupe D\u00e9p\u00eaches241\" \/>\n<meta property=\"article:publisher\" content=\"https:\/\/www.facebook.com\/depeches241\" \/>\n<meta property=\"article:published_time\" content=\"2021-12-22T09:09:07+00:00\" \/>\n<meta property=\"article:modified_time\" content=\"2021-12-22T09:09:18+00:00\" \/>\n<meta property=\"og:image\" content=\"https:\/\/depeches241.com\/wp-content\/uploads\/2021\/10\/DRIVE-IMAGES-DEPECHES-2021-10-06T120637.905.jpg\" \/>\n\t<meta property=\"og:image:width\" content=\"960\" \/>\n\t<meta property=\"og:image:height\" content=\"540\" \/>\n\t<meta property=\"og:image:type\" content=\"image\/jpeg\" \/>\n<meta name=\"author\" content=\"R\u00e9daction\" \/>\n<meta name=\"twitter:card\" content=\"summary_large_image\" \/>\n<meta name=\"twitter:label1\" content=\"\u00c9crit par\" \/>\n\t<meta name=\"twitter:data1\" content=\"R\u00e9daction\" \/>\n\t<meta name=\"twitter:label2\" content=\"Dur\u00e9e de lecture estim\u00e9e\" \/>\n\t<meta name=\"twitter:data2\" content=\"2 minutes\" \/>\n<script type=\"application\/ld+json\" class=\"yoast-schema-graph\">{\"@context\":\"https:\\\/\\\/schema.org\",\"@graph\":[{\"@type\":\"Article\",\"@id\":\"https:\\\/\\\/depeches241.com\\\/?p=4156#article\",\"isPartOf\":{\"@id\":\"https:\\\/\\\/depeches241.com\\\/?p=4156\"},\"author\":{\"name\":\"R\u00e9daction\",\"@id\":\"https:\\\/\\\/depeches241.com\\\/#\\\/schema\\\/person\\\/977f23ecf7439b0805f4525a893a057a\"},\"headline\":\"\u00c9ducation nationale : le minist\u00e8re s&rsquo;indigne devant la prolif\u00e9ration des \u00e9tablissements la\u00efcs\",\"datePublished\":\"2021-12-22T09:09:07+00:00\",\"dateModified\":\"2021-12-22T09:09:18+00:00\",\"mainEntityOfPage\":{\"@id\":\"https:\\\/\\\/depeches241.com\\\/?p=4156\"},\"wordCount\":280,\"commentCount\":0,\"publisher\":{\"@id\":\"https:\\\/\\\/depeches241.com\\\/#organization\"},\"image\":{\"@id\":\"https:\\\/\\\/depeches241.com\\\/?p=4156#primaryimage\"},\"thumbnailUrl\":\"https:\\\/\\\/depeches241.com\\\/wp-content\\\/uploads\\\/2021\\\/10\\\/DRIVE-IMAGES-DEPECHES-2021-10-06T120637.905.jpg\",\"keywords\":[\"depeches241\",\"Gabon\",\"patrick daouda Mouguiama\",\"soci\u00e9t\u00e9\"],\"articleSection\":[\"\u00c9ducation Nationale\",\"SOCIETE\",\"Une1\"],\"inLanguage\":\"fr-FR\",\"potentialAction\":[{\"@type\":\"CommentAction\",\"name\":\"Comment\",\"target\":[\"https:\\\/\\\/depeches241.com\\\/?p=4156#respond\"]}]},{\"@type\":\"WebPage\",\"@id\":\"https:\\\/\\\/depeches241.com\\\/?p=4156\",\"url\":\"https:\\\/\\\/depeches241.com\\\/?p=4156\",\"name\":\"\u00c9ducation nationale : le minist\u00e8re s'indigne devant la prolif\u00e9ration des \u00e9tablissements la\u00efcs - Groupe D\u00e9p\u00eaches241\",\"isPartOf\":{\"@id\":\"https:\\\/\\\/depeches241.com\\\/#website\"},\"primaryImageOfPage\":{\"@id\":\"https:\\\/\\\/depeches241.com\\\/?p=4156#primaryimage\"},\"image\":{\"@id\":\"https:\\\/\\\/depeches241.com\\\/?p=4156#primaryimage\"},\"thumbnailUrl\":\"https:\\\/\\\/depeches241.com\\\/wp-content\\\/uploads\\\/2021\\\/10\\\/DRIVE-IMAGES-DEPECHES-2021-10-06T120637.905.jpg\",\"datePublished\":\"2021-12-22T09:09:07+00:00\",\"dateModified\":\"2021-12-22T09:09:18+00:00\",\"description\":\"Dans un communiqu\u00e9 de presse publi\u00e9 ce lundi, le minist\u00e8re de l'\u00c9ducation nationale s'est indign\u00e9 face \u00e0 la prolif\u00e9ration des \u00e9tablissements priv\u00e9s la\u00efcs dans le pays. Lesquels \u00e9tablissements sont souvent cr\u00e9\u00e9s, en violation des dispositions l\u00e9gales en vigueur.\",\"breadcrumb\":{\"@id\":\"https:\\\/\\\/depeches241.com\\\/?p=4156#breadcrumb\"},\"inLanguage\":\"fr-FR\",\"potentialAction\":[{\"@type\":\"ReadAction\",\"target\":[\"https:\\\/\\\/depeches241.com\\\/?p=4156\"]}]},{\"@type\":\"ImageObject\",\"inLanguage\":\"fr-FR\",\"@id\":\"https:\\\/\\\/depeches241.com\\\/?p=4156#primaryimage\",\"url\":\"https:\\\/\\\/depeches241.com\\\/wp-content\\\/uploads\\\/2021\\\/10\\\/DRIVE-IMAGES-DEPECHES-2021-10-06T120637.905.jpg\",\"contentUrl\":\"https:\\\/\\\/depeches241.com\\\/wp-content\\\/uploads\\\/2021\\\/10\\\/DRIVE-IMAGES-DEPECHES-2021-10-06T120637.905.jpg\",\"width\":960,\"height\":540},{\"@type\":\"BreadcrumbList\",\"@id\":\"https:\\\/\\\/depeches241.com\\\/?p=4156#breadcrumb\",\"itemListElement\":[{\"@type\":\"ListItem\",\"position\":1,\"name\":\"Accueil\",\"item\":\"https:\\\/\\\/depeches241.com\\\/\"},{\"@type\":\"ListItem\",\"position\":2,\"name\":\"\u00c9ducation nationale : le minist\u00e8re s&#8217;indigne devant la prolif\u00e9ration des \u00e9tablissements la\u00efcs\"}]},{\"@type\":\"WebSite\",\"@id\":\"https:\\\/\\\/depeches241.com\\\/#website\",\"url\":\"https:\\\/\\\/depeches241.com\\\/\",\"name\":\"D\u00e9p\u00eaches241\",\"description\":\"M\u00e9dia d&#039;actualit\u00e9 Politique, \u00c9conomique, Sociale et Internationale\",\"publisher\":{\"@id\":\"https:\\\/\\\/depeches241.com\\\/#organization\"},\"potentialAction\":[{\"@type\":\"SearchAction\",\"target\":{\"@type\":\"EntryPoint\",\"urlTemplate\":\"https:\\\/\\\/depeches241.com\\\/?s={search_term_string}\"},\"query-input\":{\"@type\":\"PropertyValueSpecification\",\"valueRequired\":true,\"valueName\":\"search_term_string\"}}],\"inLanguage\":\"fr-FR\"},{\"@type\":\"Organization\",\"@id\":\"https:\\\/\\\/depeches241.com\\\/#organization\",\"name\":\"Groupe D\u00e9p\u00eaches241\",\"url\":\"https:\\\/\\\/depeches241.com\\\/\",\"logo\":{\"@type\":\"ImageObject\",\"inLanguage\":\"fr-FR\",\"@id\":\"https:\\\/\\\/depeches241.com\\\/#\\\/schema\\\/logo\\\/image\\\/\",\"url\":\"https:\\\/\\\/depeches241.com\\\/wp-content\\\/uploads\\\/2021\\\/10\\\/cropped-Logo-new-Accueil.png\",\"contentUrl\":\"https:\\\/\\\/depeches241.com\\\/wp-content\\\/uploads\\\/2021\\\/10\\\/cropped-Logo-new-Accueil.png\",\"width\":320,\"height\":105,\"caption\":\"Groupe D\u00e9p\u00eaches241\"},\"image\":{\"@id\":\"https:\\\/\\\/depeches241.com\\\/#\\\/schema\\\/logo\\\/image\\\/\"},\"sameAs\":[\"https:\\\/\\\/www.facebook.com\\\/depeches241\"]},{\"@type\":\"Person\",\"@id\":\"https:\\\/\\\/depeches241.com\\\/#\\\/schema\\\/person\\\/977f23ecf7439b0805f4525a893a057a\",\"name\":\"R\u00e9daction\",\"image\":{\"@type\":\"ImageObject\",\"inLanguage\":\"fr-FR\",\"@id\":\"https:\\\/\\\/secure.gravatar.com\\\/avatar\\\/8c655dbc51e5c9289f919f15ce20847ab5a910f8369a17ca243b673da48541f5?s=96&d=mm&r=g\",\"url\":\"https:\\\/\\\/secure.gravatar.com\\\/avatar\\\/8c655dbc51e5c9289f919f15ce20847ab5a910f8369a17ca243b673da48541f5?s=96&d=mm&r=g\",\"contentUrl\":\"https:\\\/\\\/secure.gravatar.com\\\/avatar\\\/8c655dbc51e5c9289f919f15ce20847ab5a910f8369a17ca243b673da48541f5?s=96&d=mm&r=g\",\"caption\":\"R\u00e9daction\"},\"url\":\"https:\\\/\\\/depeches241.com\\\/?author=11\"}]}<\/script>\n<!-- \/ Yoast SEO plugin. -->","yoast_head_json":{"title":"\u00c9ducation nationale : le minist\u00e8re s'indigne devant la prolif\u00e9ration des \u00e9tablissements la\u00efcs - Groupe D\u00e9p\u00eaches241","description":"Dans un communiqu\u00e9 de presse publi\u00e9 ce lundi, le minist\u00e8re de l'\u00c9ducation nationale s'est indign\u00e9 face \u00e0 la prolif\u00e9ration des \u00e9tablissements priv\u00e9s la\u00efcs dans le pays. Lesquels \u00e9tablissements sont souvent cr\u00e9\u00e9s, en violation des dispositions l\u00e9gales en vigueur.","robots":{"index":"index","follow":"follow","max-snippet":"max-snippet:-1","max-image-preview":"max-image-preview:large","max-video-preview":"max-video-preview:-1"},"canonical":"https:\/\/depeches241.com\/?p=4156","og_locale":"fr_FR","og_type":"article","og_title":"\u00c9ducation nationale : le minist\u00e8re s'indigne devant la prolif\u00e9ration des \u00e9tablissements la\u00efcs - Groupe D\u00e9p\u00eaches241","og_description":"Dans un communiqu\u00e9 de presse publi\u00e9 ce lundi, le minist\u00e8re de l'\u00c9ducation nationale s'est indign\u00e9 face \u00e0 la prolif\u00e9ration des \u00e9tablissements priv\u00e9s la\u00efcs dans le pays. Lesquels \u00e9tablissements sont souvent cr\u00e9\u00e9s, en violation des dispositions l\u00e9gales en vigueur.","og_url":"https:\/\/depeches241.com\/?p=4156","og_site_name":"Groupe D\u00e9p\u00eaches241","article_publisher":"https:\/\/www.facebook.com\/depeches241","article_published_time":"2021-12-22T09:09:07+00:00","article_modified_time":"2021-12-22T09:09:18+00:00","og_image":[{"width":960,"height":540,"url":"https:\/\/depeches241.com\/wp-content\/uploads\/2021\/10\/DRIVE-IMAGES-DEPECHES-2021-10-06T120637.905.jpg","type":"image\/jpeg"}],"author":"R\u00e9daction","twitter_card":"summary_large_image","twitter_misc":{"\u00c9crit par":"R\u00e9daction","Dur\u00e9e de lecture estim\u00e9e":"2 minutes"},"schema":{"@context":"https:\/\/schema.org","@graph":[{"@type":"Article","@id":"https:\/\/depeches241.com\/?p=4156#article","isPartOf":{"@id":"https:\/\/depeches241.com\/?p=4156"},"author":{"name":"R\u00e9daction","@id":"https:\/\/depeches241.com\/#\/schema\/person\/977f23ecf7439b0805f4525a893a057a"},"headline":"\u00c9ducation nationale : le minist\u00e8re s&rsquo;indigne devant la prolif\u00e9ration des \u00e9tablissements la\u00efcs","datePublished":"2021-12-22T09:09:07+00:00","dateModified":"2021-12-22T09:09:18+00:00","mainEntityOfPage":{"@id":"https:\/\/depeches241.com\/?p=4156"},"wordCount":280,"commentCount":0,"publisher":{"@id":"https:\/\/depeches241.com\/#organization"},"image":{"@id":"https:\/\/depeches241.com\/?p=4156#primaryimage"},"thumbnailUrl":"https:\/\/depeches241.com\/wp-content\/uploads\/2021\/10\/DRIVE-IMAGES-DEPECHES-2021-10-06T120637.905.jpg","keywords":["depeches241","Gabon","patrick daouda Mouguiama","soci\u00e9t\u00e9"],"articleSection":["\u00c9ducation Nationale","SOCIETE","Une1"],"inLanguage":"fr-FR","potentialAction":[{"@type":"CommentAction","name":"Comment","target":["https:\/\/depeches241.com\/?p=4156#respond"]}]},{"@type":"WebPage","@id":"https:\/\/depeches241.com\/?p=4156","url":"https:\/\/depeches241.com\/?p=4156","name":"\u00c9ducation nationale : le minist\u00e8re s'indigne devant la prolif\u00e9ration des \u00e9tablissements la\u00efcs - Groupe D\u00e9p\u00eaches241","isPartOf":{"@id":"https:\/\/depeches241.com\/#website"},"primaryImageOfPage":{"@id":"https:\/\/depeches241.com\/?p=4156#primaryimage"},"image":{"@id":"https:\/\/depeches241.com\/?p=4156#primaryimage"},"thumbnailUrl":"https:\/\/depeches241.com\/wp-content\/uploads\/2021\/10\/DRIVE-IMAGES-DEPECHES-2021-10-06T120637.905.jpg","datePublished":"2021-12-22T09:09:07+00:00","dateModified":"2021-12-22T09:09:18+00:00","description":"Dans un communiqu\u00e9 de presse publi\u00e9 ce lundi, le minist\u00e8re de l'\u00c9ducation nationale s'est indign\u00e9 face \u00e0 la prolif\u00e9ration des \u00e9tablissements priv\u00e9s la\u00efcs dans le pays. Lesquels \u00e9tablissements sont souvent cr\u00e9\u00e9s, en violation des dispositions l\u00e9gales en vigueur.","breadcrumb":{"@id":"https:\/\/depeches241.com\/?p=4156#breadcrumb"},"inLanguage":"fr-FR","potentialAction":[{"@type":"ReadAction","target":["https:\/\/depeches241.com\/?p=4156"]}]},{"@type":"ImageObject","inLanguage":"fr-FR","@id":"https:\/\/depeches241.com\/?p=4156#primaryimage","url":"https:\/\/depeches241.com\/wp-content\/uploads\/2021\/10\/DRIVE-IMAGES-DEPECHES-2021-10-06T120637.905.jpg","contentUrl":"https:\/\/depeches241.com\/wp-content\/uploads\/2021\/10\/DRIVE-IMAGES-DEPECHES-2021-10-06T120637.905.jpg","width":960,"height":540},{"@type":"BreadcrumbList","@id":"https:\/\/depeches241.com\/?p=4156#breadcrumb","itemListElement":[{"@type":"ListItem","position":1,"name":"Accueil","item":"https:\/\/depeches241.com\/"},{"@type":"ListItem","position":2,"name":"\u00c9ducation nationale : le minist\u00e8re s&#8217;indigne devant la prolif\u00e9ration des \u00e9tablissements la\u00efcs"}]},{"@type":"WebSite","@id":"https:\/\/depeches241.com\/#website","url":"https:\/\/depeches241.com\/","name":"D\u00e9p\u00eaches241","description":"M\u00e9dia d&#039;actualit\u00e9 Politique, \u00c9conomique, Sociale et Internationale","publisher":{"@id":"https:\/\/depeches241.com\/#organization"},"potentialAction":[{"@type":"SearchAction","target":{"@type":"EntryPoint","urlTemplate":"https:\/\/depeches241.com\/?s={search_term_string}"},"query-input":{"@type":"PropertyValueSpecification","valueRequired":true,"valueName":"search_term_string"}}],"inLanguage":"fr-FR"},{"@type":"Organization","@id":"https:\/\/depeches241.com\/#organization","name":"Groupe D\u00e9p\u00eaches241","url":"https:\/\/depeches241.com\/","logo":{"@type":"ImageObject","inLanguage":"fr-FR","@id":"https:\/\/depeches241.com\/#\/schema\/logo\/image\/","url":"https:\/\/depeches241.com\/wp-content\/uploads\/2021\/10\/cropped-Logo-new-Accueil.png","contentUrl":"https:\/\/depeches241.com\/wp-content\/uploads\/2021\/10\/cropped-Logo-new-Accueil.png","width":320,"height":105,"caption":"Groupe D\u00e9p\u00eaches241"},"image":{"@id":"https:\/\/depeches241.com\/#\/schema\/logo\/image\/"},"sameAs":["https:\/\/www.facebook.com\/depeches241"]},{"@type":"Person","@id":"https:\/\/depeches241.com\/#\/schema\/person\/977f23ecf7439b0805f4525a893a057a","name":"R\u00e9daction","image":{"@type":"ImageObject","inLanguage":"fr-FR","@id":"https:\/\/secure.gravatar.com\/avatar\/8c655dbc51e5c9289f919f15ce20847ab5a910f8369a17ca243b673da48541f5?s=96&d=mm&r=g","url":"https:\/\/secure.gravatar.com\/avatar\/8c655dbc51e5c9289f919f15ce20847ab5a910f8369a17ca243b673da48541f5?s=96&d=mm&r=g","contentUrl":"https:\/\/secure.gravatar.com\/avatar\/8c655dbc51e5c9289f919f15ce20847ab5a910f8369a17ca243b673da48541f5?s=96&d=mm&r=g","caption":"R\u00e9daction"},"url":"https:\/\/depeches241.com\/?author=11"}]}},"_links":{"self":[{"href":"https:\/\/depeches241.com\/index.php?rest_route=\/wp\/v2\/posts\/4156","targetHints":{"allow":["GET"]}}],"collection":[{"href":"https:\/\/depeches241.com\/index.php?rest_route=\/wp\/v2\/posts"}],"about":[{"href":"https:\/\/depeches241.com\/index.php?rest_route=\/wp\/v2\/types\/post"}],"author":[{"embeddable":true,"href":"https:\/\/depeches241.com\/index.php?rest_route=\/wp\/v2\/users\/11"}],"replies":[{"embeddable":true,"href":"https:\/\/depeches241.com\/index.php?rest_route=%2Fwp%2Fv2%2Fcomments&post=4156"}],"version-history":[{"count":1,"href":"https:\/\/depeches241.com\/index.php?rest_route=\/wp\/v2\/posts\/4156\/revisions"}],"predecessor-version":[{"id":4161,"href":"https:\/\/depeches241.com\/index.php?rest_route=\/wp\/v2\/posts\/4156\/revisions\/4161"}],"wp:featuredmedia":[{"embeddable":true,"href":"https:\/\/depeches241.com\/index.php?rest_route=\/wp\/v2\/media\/2364"}],"wp:attachment":[{"href":"https:\/\/depeches241.com\/index.php?rest_route=%2Fwp%2Fv2%2Fmedia&parent=4156"}],"wp:term":[{"taxonomy":"category","embeddable":true,"href":"https:\/\/depeches241.com\/index.php?rest_route=%2Fwp%2Fv2%2Fcategories&post=4156"},{"taxonomy":"post_tag","embeddable":true,"href":"https:\/\/depeches241.com\/index.php?rest_route=%2Fwp%2Fv2%2Ftags&post=4156"}],"curies":[{"name":"wp","href":"https:\/\/api.w.org\/{rel}","templated":true}]}}