{"id":4172,"date":"2021-12-22T10:55:33","date_gmt":"2021-12-22T09:55:33","guid":{"rendered":"http:\/\/depeches241.com\/?p=4172"},"modified":"2021-12-22T11:04:31","modified_gmt":"2021-12-22T10:04:31","slug":"affaire-capello-le-comite-dethique-de-la-fegafoot-annonce-lorganisation-de-seances-dauditions-pour-les-victimes","status":"publish","type":"post","link":"https:\/\/depeches241.com\/?p=4172","title":{"rendered":"Affaire Capello : le Comit\u00e9 d&rsquo;\u00e9thique de la F\u00e9gafoot annonce l&rsquo;organisation de s\u00e9ances d&rsquo;auditions pour les victimes"},"content":{"rendered":"\n<figure class=\"wp-block-image size-full\"><img fetchpriority=\"high\" decoding=\"async\" width=\"960\" height=\"540\" src=\"http:\/\/depeches241.com\/wp-content\/uploads\/2021\/12\/DRIVE-IMAGES-DEPECHES-2021-12-22T104910.967.jpg\" alt=\"\" class=\"wp-image-4173\" srcset=\"https:\/\/depeches241.com\/wp-content\/uploads\/2021\/12\/DRIVE-IMAGES-DEPECHES-2021-12-22T104910.967.jpg 960w, https:\/\/depeches241.com\/wp-content\/uploads\/2021\/12\/DRIVE-IMAGES-DEPECHES-2021-12-22T104910.967-300x169.jpg 300w, https:\/\/depeches241.com\/wp-content\/uploads\/2021\/12\/DRIVE-IMAGES-DEPECHES-2021-12-22T104910.967-768x432.jpg 768w\" sizes=\"(max-width: 960px) 100vw, 960px\" \/><figcaption><strong><em>Pierre Alain Mounguengui a d\u00e9cid\u00e9 de prendre le taureau par les cornes \u00a9DR<\/em><\/strong> <\/figcaption><\/figure>\n\n\n\n<p><strong>Libreville, le 22 d\u00e9cembre 2021 (D\u00e9p\u00eaches 241). C&rsquo;est ce qui ressort du communiqu\u00e9 officiel du comit\u00e9 d&rsquo;\u00e9thique de la F\u00e9d\u00e9ration gabonaise de football (Fegafoot) paru dans le quotidien<\/strong><strong><em> L\u2019Union<\/em><\/strong><strong> qui incite les victimes d&rsquo;abus sexuels par Patrick Assoumou Eyi et compagnie de se rendre au si\u00e8ge de la FEGAFOOT&nbsp; pour se faire auditionner dans l&rsquo;optique de faire la lumi\u00e8re sur cette affaire.&nbsp;&nbsp;<\/strong><\/p>\n\n\n\n<p class=\"has-drop-cap\">La F\u00e9d\u00e9ration Gabonaise de Football veut plus que jamais prendre les devants en prenant les mesures idoines pour participer autant que faire se peut, \u00e0 l\u2019\u00e9volution de l\u2019affaire Patrick Assoumou Eyi dit \u00ab Capello \u00bb.<\/p>\n\n\n\n<p>C\u2019est en cette occurrence qu\u2019elle a mise en branle par le truchement de l&rsquo;article 8 du code d&rsquo;\u00e9thique, son comit\u00e9 d\u2019\u00e9thique qui par le biais d\u2019un communiqu\u00e9 dans le quotidien pro gouvernemental L\u2019Union, a invit\u00e9 les victimes \u00e0 se faire auditionner \u00e0 son si\u00e8ge sis \u00e0 Owendo. <strong><em>\u00ab Le comit\u00e9 d&rsquo;\u00e9thique lance un appel aux pr\u00e9sum\u00e9es victimes d&rsquo;abus sexuels et des viols au sein des \u00e9quipes nationales de football masculines pour les s\u00e9ances d&rsquo;audition qui se tiendront du mardi 21 d\u00e9cembre au vendredi 31 d\u00e9cembre 2021 de 12 heures \u00e0 16 heures au si\u00e8ge de la FEGAFOOT \u00bb<\/em><\/strong>, a t-on pu lire.&nbsp;<\/p>\n\n\n\n<p><strong>LIRE AUSSI: <\/strong><a href=\"http:\/\/depeches241.com\/index.php\/2021\/12\/17\/pedophilie-dans-le-football-pour-ali-bongo-la-justice-doit-etre-intraitable-sur-laffaire-capello\/\"><strong>P\u00e9dophilie dans le Football: Pour Ali Bongo la justice doit \u00eatre \u00ab intraitable \u00bb sur l\u2019affaire Capell0<\/strong><\/a><\/p>\n\n\n\n<p>Une d\u00e9marche certes pertinente mais tr\u00e8s peu encline \u00e0 prosp\u00e9rer car dans un environnement o\u00f9 ses composantes sont plus promptes au jugement, rares sont ces personnes qui prendront leur courage de venir t\u00e9moigner de ce qu&rsquo;elles auraient \u00e9t\u00e9 abus\u00e9es sexuellement.&nbsp;<\/p>\n\n\n\n<p>Pour l&rsquo;heure, aucun contact t\u00e9l\u00e9phonique n\u2019a \u00e9t\u00e9 laiss\u00e9 pour les int\u00e9ress\u00e9s. Outre cela, il faut rappeler que le doute continue de s&rsquo;installer aupr\u00e8s des diff\u00e9rentes victimes qui, jusqu&rsquo;\u00e0 lors, ne souhaiteraient pas t\u00e9moigner \u00e0 visage d\u00e9couvert. <\/p>\n","protected":false},"excerpt":{"rendered":"<p>C&rsquo;est ce qui ressort du communiqu\u00e9 officiel du comit\u00e9 d&rsquo;\u00e9thique de la F\u00e9d\u00e9ration gabonaise de football (Fegafoot) paru dans le quotidien L\u2019Union qui incite les victimes d&rsquo;abus sexuels par Patrick Assoumou Eyi et compagnie de se rendre au si\u00e8ge de la FEGAFOOT\u00a0 pour se faire auditionner dans l&rsquo;optique de faire la lumi\u00e8re sur cette affaire<\/p>\n","protected":false},"author":11,"featured_media":4173,"comment_status":"open","ping_status":"open","sticky":false,"template":"","format":"standard","meta":{"om_disable_all_campaigns":false,"footnotes":""},"categories":[634,116],"tags":[1299,99,1298,59,1255,403],"class_list":{"0":"post-4172","1":"post","2":"type-post","3":"status-publish","4":"format-standard","5":"has-post-thumbnail","7":"category-sport","8":"category-une1","9":"tag-comite-dethique","10":"tag-depeches241","11":"tag-fegafoot","12":"tag-gabon","13":"tag-patrick-assoumou-eyi","14":"tag-sport"},"yoast_head":"<!-- This site is optimized with the Yoast SEO plugin v27.5 - https:\/\/yoast.com\/product\/yoast-seo-wordpress\/ -->\n<title>Affaire Capello : le Comit\u00e9 d&#039;\u00e9thique de la F\u00e9gafoot annonce l&#039;organisation de s\u00e9ances d&#039;auditions pour les victimes - Groupe D\u00e9p\u00eaches241<\/title>\n<meta name=\"description\" content=\"C&#039;est ce qui ressort du communiqu\u00e9 officiel du comit\u00e9 d&#039;\u00e9thique de la F\u00e9d\u00e9ration gabonaise de football (Fegafoot) paru dans le quotidien L\u2019Union qui incite les victimes d&#039;abus sexuels par Patrick Assoumou Eyi et compagnie de se rendre au si\u00e8ge de la FEGAFOOT\u00a0 pour se faire auditionner dans l&#039;optique de faire la lumi\u00e8re sur cette affaire\" \/>\n<meta name=\"robots\" content=\"index, follow, max-snippet:-1, max-image-preview:large, max-video-preview:-1\" \/>\n<link rel=\"canonical\" href=\"https:\/\/depeches241.com\/?p=4172\" \/>\n<meta property=\"og:locale\" content=\"fr_FR\" \/>\n<meta property=\"og:type\" content=\"article\" \/>\n<meta property=\"og:title\" content=\"Affaire Capello : le Comit\u00e9 d&#039;\u00e9thique de la F\u00e9gafoot annonce l&#039;organisation de s\u00e9ances d&#039;auditions pour les victimes - Groupe D\u00e9p\u00eaches241\" \/>\n<meta property=\"og:description\" content=\"C&#039;est ce qui ressort du communiqu\u00e9 officiel du comit\u00e9 d&#039;\u00e9thique de la F\u00e9d\u00e9ration gabonaise de football (Fegafoot) paru dans le quotidien L\u2019Union qui incite les victimes d&#039;abus sexuels par Patrick Assoumou Eyi et compagnie de se rendre au si\u00e8ge de la FEGAFOOT\u00a0 pour se faire auditionner dans l&#039;optique de faire la lumi\u00e8re sur cette affaire\" \/>\n<meta property=\"og:url\" content=\"https:\/\/depeches241.com\/?p=4172\" \/>\n<meta property=\"og:site_name\" content=\"Groupe D\u00e9p\u00eaches241\" \/>\n<meta property=\"article:publisher\" content=\"https:\/\/www.facebook.com\/depeches241\" \/>\n<meta property=\"article:published_time\" content=\"2021-12-22T09:55:33+00:00\" \/>\n<meta property=\"article:modified_time\" content=\"2021-12-22T10:04:31+00:00\" \/>\n<meta property=\"og:image\" content=\"https:\/\/depeches241.com\/wp-content\/uploads\/2021\/12\/DRIVE-IMAGES-DEPECHES-2021-12-22T104910.967.jpg\" \/>\n\t<meta property=\"og:image:width\" content=\"960\" \/>\n\t<meta property=\"og:image:height\" content=\"540\" \/>\n\t<meta property=\"og:image:type\" content=\"image\/jpeg\" \/>\n<meta name=\"author\" content=\"R\u00e9daction\" \/>\n<meta name=\"twitter:card\" content=\"summary_large_image\" \/>\n<meta name=\"twitter:label1\" content=\"\u00c9crit par\" \/>\n\t<meta name=\"twitter:data1\" content=\"R\u00e9daction\" \/>\n\t<meta name=\"twitter:label2\" content=\"Dur\u00e9e de lecture estim\u00e9e\" \/>\n\t<meta name=\"twitter:data2\" content=\"2 minutes\" \/>\n<script type=\"application\/ld+json\" class=\"yoast-schema-graph\">{\"@context\":\"https:\\\/\\\/schema.org\",\"@graph\":[{\"@type\":\"Article\",\"@id\":\"https:\\\/\\\/depeches241.com\\\/?p=4172#article\",\"isPartOf\":{\"@id\":\"https:\\\/\\\/depeches241.com\\\/?p=4172\"},\"author\":{\"name\":\"R\u00e9daction\",\"@id\":\"https:\\\/\\\/depeches241.com\\\/#\\\/schema\\\/person\\\/977f23ecf7439b0805f4525a893a057a\"},\"headline\":\"Affaire Capello : le Comit\u00e9 d&rsquo;\u00e9thique de la F\u00e9gafoot annonce l&rsquo;organisation de s\u00e9ances d&rsquo;auditions pour les victimes\",\"datePublished\":\"2021-12-22T09:55:33+00:00\",\"dateModified\":\"2021-12-22T10:04:31+00:00\",\"mainEntityOfPage\":{\"@id\":\"https:\\\/\\\/depeches241.com\\\/?p=4172\"},\"wordCount\":353,\"commentCount\":0,\"publisher\":{\"@id\":\"https:\\\/\\\/depeches241.com\\\/#organization\"},\"image\":{\"@id\":\"https:\\\/\\\/depeches241.com\\\/?p=4172#primaryimage\"},\"thumbnailUrl\":\"https:\\\/\\\/depeches241.com\\\/wp-content\\\/uploads\\\/2021\\\/12\\\/DRIVE-IMAGES-DEPECHES-2021-12-22T104910.967.jpg\",\"keywords\":[\"comit\u00e9 d\u2019\u00e9thique\",\"depeches241\",\"Fegafoot\",\"Gabon\",\"Patrick Assoumou Eyi\",\"Sport\"],\"articleSection\":[\"SPORT\",\"Une1\"],\"inLanguage\":\"fr-FR\",\"potentialAction\":[{\"@type\":\"CommentAction\",\"name\":\"Comment\",\"target\":[\"https:\\\/\\\/depeches241.com\\\/?p=4172#respond\"]}]},{\"@type\":\"WebPage\",\"@id\":\"https:\\\/\\\/depeches241.com\\\/?p=4172\",\"url\":\"https:\\\/\\\/depeches241.com\\\/?p=4172\",\"name\":\"Affaire Capello : le Comit\u00e9 d'\u00e9thique de la F\u00e9gafoot annonce l'organisation de s\u00e9ances d'auditions pour les victimes - Groupe D\u00e9p\u00eaches241\",\"isPartOf\":{\"@id\":\"https:\\\/\\\/depeches241.com\\\/#website\"},\"primaryImageOfPage\":{\"@id\":\"https:\\\/\\\/depeches241.com\\\/?p=4172#primaryimage\"},\"image\":{\"@id\":\"https:\\\/\\\/depeches241.com\\\/?p=4172#primaryimage\"},\"thumbnailUrl\":\"https:\\\/\\\/depeches241.com\\\/wp-content\\\/uploads\\\/2021\\\/12\\\/DRIVE-IMAGES-DEPECHES-2021-12-22T104910.967.jpg\",\"datePublished\":\"2021-12-22T09:55:33+00:00\",\"dateModified\":\"2021-12-22T10:04:31+00:00\",\"description\":\"C'est ce qui ressort du communiqu\u00e9 officiel du comit\u00e9 d'\u00e9thique de la F\u00e9d\u00e9ration gabonaise de football (Fegafoot) paru dans le quotidien L\u2019Union qui incite les victimes d'abus sexuels par Patrick Assoumou Eyi et compagnie de se rendre au si\u00e8ge de la FEGAFOOT\u00a0 pour se faire auditionner dans l'optique de faire la lumi\u00e8re sur cette affaire\",\"breadcrumb\":{\"@id\":\"https:\\\/\\\/depeches241.com\\\/?p=4172#breadcrumb\"},\"inLanguage\":\"fr-FR\",\"potentialAction\":[{\"@type\":\"ReadAction\",\"target\":[\"https:\\\/\\\/depeches241.com\\\/?p=4172\"]}]},{\"@type\":\"ImageObject\",\"inLanguage\":\"fr-FR\",\"@id\":\"https:\\\/\\\/depeches241.com\\\/?p=4172#primaryimage\",\"url\":\"https:\\\/\\\/depeches241.com\\\/wp-content\\\/uploads\\\/2021\\\/12\\\/DRIVE-IMAGES-DEPECHES-2021-12-22T104910.967.jpg\",\"contentUrl\":\"https:\\\/\\\/depeches241.com\\\/wp-content\\\/uploads\\\/2021\\\/12\\\/DRIVE-IMAGES-DEPECHES-2021-12-22T104910.967.jpg\",\"width\":960,\"height\":540},{\"@type\":\"BreadcrumbList\",\"@id\":\"https:\\\/\\\/depeches241.com\\\/?p=4172#breadcrumb\",\"itemListElement\":[{\"@type\":\"ListItem\",\"position\":1,\"name\":\"Accueil\",\"item\":\"https:\\\/\\\/depeches241.com\\\/\"},{\"@type\":\"ListItem\",\"position\":2,\"name\":\"Affaire Capello : le Comit\u00e9 d&#8217;\u00e9thique de la F\u00e9gafoot annonce l&#8217;organisation de s\u00e9ances d&#8217;auditions pour les victimes\"}]},{\"@type\":\"WebSite\",\"@id\":\"https:\\\/\\\/depeches241.com\\\/#website\",\"url\":\"https:\\\/\\\/depeches241.com\\\/\",\"name\":\"D\u00e9p\u00eaches241\",\"description\":\"M\u00e9dia d&#039;actualit\u00e9 Politique, \u00c9conomique, Sociale et Internationale\",\"publisher\":{\"@id\":\"https:\\\/\\\/depeches241.com\\\/#organization\"},\"potentialAction\":[{\"@type\":\"SearchAction\",\"target\":{\"@type\":\"EntryPoint\",\"urlTemplate\":\"https:\\\/\\\/depeches241.com\\\/?s={search_term_string}\"},\"query-input\":{\"@type\":\"PropertyValueSpecification\",\"valueRequired\":true,\"valueName\":\"search_term_string\"}}],\"inLanguage\":\"fr-FR\"},{\"@type\":\"Organization\",\"@id\":\"https:\\\/\\\/depeches241.com\\\/#organization\",\"name\":\"Groupe D\u00e9p\u00eaches241\",\"url\":\"https:\\\/\\\/depeches241.com\\\/\",\"logo\":{\"@type\":\"ImageObject\",\"inLanguage\":\"fr-FR\",\"@id\":\"https:\\\/\\\/depeches241.com\\\/#\\\/schema\\\/logo\\\/image\\\/\",\"url\":\"https:\\\/\\\/depeches241.com\\\/wp-content\\\/uploads\\\/2021\\\/10\\\/cropped-Logo-new-Accueil.png\",\"contentUrl\":\"https:\\\/\\\/depeches241.com\\\/wp-content\\\/uploads\\\/2021\\\/10\\\/cropped-Logo-new-Accueil.png\",\"width\":320,\"height\":105,\"caption\":\"Groupe D\u00e9p\u00eaches241\"},\"image\":{\"@id\":\"https:\\\/\\\/depeches241.com\\\/#\\\/schema\\\/logo\\\/image\\\/\"},\"sameAs\":[\"https:\\\/\\\/www.facebook.com\\\/depeches241\"]},{\"@type\":\"Person\",\"@id\":\"https:\\\/\\\/depeches241.com\\\/#\\\/schema\\\/person\\\/977f23ecf7439b0805f4525a893a057a\",\"name\":\"R\u00e9daction\",\"image\":{\"@type\":\"ImageObject\",\"inLanguage\":\"fr-FR\",\"@id\":\"https:\\\/\\\/secure.gravatar.com\\\/avatar\\\/8c655dbc51e5c9289f919f15ce20847ab5a910f8369a17ca243b673da48541f5?s=96&d=mm&r=g\",\"url\":\"https:\\\/\\\/secure.gravatar.com\\\/avatar\\\/8c655dbc51e5c9289f919f15ce20847ab5a910f8369a17ca243b673da48541f5?s=96&d=mm&r=g\",\"contentUrl\":\"https:\\\/\\\/secure.gravatar.com\\\/avatar\\\/8c655dbc51e5c9289f919f15ce20847ab5a910f8369a17ca243b673da48541f5?s=96&d=mm&r=g\",\"caption\":\"R\u00e9daction\"},\"url\":\"https:\\\/\\\/depeches241.com\\\/?author=11\"}]}<\/script>\n<!-- \/ Yoast SEO plugin. -->","yoast_head_json":{"title":"Affaire Capello : le Comit\u00e9 d'\u00e9thique de la F\u00e9gafoot annonce l'organisation de s\u00e9ances d'auditions pour les victimes - Groupe D\u00e9p\u00eaches241","description":"C'est ce qui ressort du communiqu\u00e9 officiel du comit\u00e9 d'\u00e9thique de la F\u00e9d\u00e9ration gabonaise de football (Fegafoot) paru dans le quotidien L\u2019Union qui incite les victimes d'abus sexuels par Patrick Assoumou Eyi et compagnie de se rendre au si\u00e8ge de la FEGAFOOT\u00a0 pour se faire auditionner dans l'optique de faire la lumi\u00e8re sur cette affaire","robots":{"index":"index","follow":"follow","max-snippet":"max-snippet:-1","max-image-preview":"max-image-preview:large","max-video-preview":"max-video-preview:-1"},"canonical":"https:\/\/depeches241.com\/?p=4172","og_locale":"fr_FR","og_type":"article","og_title":"Affaire Capello : le Comit\u00e9 d'\u00e9thique de la F\u00e9gafoot annonce l'organisation de s\u00e9ances d'auditions pour les victimes - Groupe D\u00e9p\u00eaches241","og_description":"C'est ce qui ressort du communiqu\u00e9 officiel du comit\u00e9 d'\u00e9thique de la F\u00e9d\u00e9ration gabonaise de football (Fegafoot) paru dans le quotidien L\u2019Union qui incite les victimes d'abus sexuels par Patrick Assoumou Eyi et compagnie de se rendre au si\u00e8ge de la FEGAFOOT\u00a0 pour se faire auditionner dans l'optique de faire la lumi\u00e8re sur cette affaire","og_url":"https:\/\/depeches241.com\/?p=4172","og_site_name":"Groupe D\u00e9p\u00eaches241","article_publisher":"https:\/\/www.facebook.com\/depeches241","article_published_time":"2021-12-22T09:55:33+00:00","article_modified_time":"2021-12-22T10:04:31+00:00","og_image":[{"width":960,"height":540,"url":"https:\/\/depeches241.com\/wp-content\/uploads\/2021\/12\/DRIVE-IMAGES-DEPECHES-2021-12-22T104910.967.jpg","type":"image\/jpeg"}],"author":"R\u00e9daction","twitter_card":"summary_large_image","twitter_misc":{"\u00c9crit par":"R\u00e9daction","Dur\u00e9e de lecture estim\u00e9e":"2 minutes"},"schema":{"@context":"https:\/\/schema.org","@graph":[{"@type":"Article","@id":"https:\/\/depeches241.com\/?p=4172#article","isPartOf":{"@id":"https:\/\/depeches241.com\/?p=4172"},"author":{"name":"R\u00e9daction","@id":"https:\/\/depeches241.com\/#\/schema\/person\/977f23ecf7439b0805f4525a893a057a"},"headline":"Affaire Capello : le Comit\u00e9 d&rsquo;\u00e9thique de la F\u00e9gafoot annonce l&rsquo;organisation de s\u00e9ances d&rsquo;auditions pour les victimes","datePublished":"2021-12-22T09:55:33+00:00","dateModified":"2021-12-22T10:04:31+00:00","mainEntityOfPage":{"@id":"https:\/\/depeches241.com\/?p=4172"},"wordCount":353,"commentCount":0,"publisher":{"@id":"https:\/\/depeches241.com\/#organization"},"image":{"@id":"https:\/\/depeches241.com\/?p=4172#primaryimage"},"thumbnailUrl":"https:\/\/depeches241.com\/wp-content\/uploads\/2021\/12\/DRIVE-IMAGES-DEPECHES-2021-12-22T104910.967.jpg","keywords":["comit\u00e9 d\u2019\u00e9thique","depeches241","Fegafoot","Gabon","Patrick Assoumou Eyi","Sport"],"articleSection":["SPORT","Une1"],"inLanguage":"fr-FR","potentialAction":[{"@type":"CommentAction","name":"Comment","target":["https:\/\/depeches241.com\/?p=4172#respond"]}]},{"@type":"WebPage","@id":"https:\/\/depeches241.com\/?p=4172","url":"https:\/\/depeches241.com\/?p=4172","name":"Affaire Capello : le Comit\u00e9 d'\u00e9thique de la F\u00e9gafoot annonce l'organisation de s\u00e9ances d'auditions pour les victimes - Groupe D\u00e9p\u00eaches241","isPartOf":{"@id":"https:\/\/depeches241.com\/#website"},"primaryImageOfPage":{"@id":"https:\/\/depeches241.com\/?p=4172#primaryimage"},"image":{"@id":"https:\/\/depeches241.com\/?p=4172#primaryimage"},"thumbnailUrl":"https:\/\/depeches241.com\/wp-content\/uploads\/2021\/12\/DRIVE-IMAGES-DEPECHES-2021-12-22T104910.967.jpg","datePublished":"2021-12-22T09:55:33+00:00","dateModified":"2021-12-22T10:04:31+00:00","description":"C'est ce qui ressort du communiqu\u00e9 officiel du comit\u00e9 d'\u00e9thique de la F\u00e9d\u00e9ration gabonaise de football (Fegafoot) paru dans le quotidien L\u2019Union qui incite les victimes d'abus sexuels par Patrick Assoumou Eyi et compagnie de se rendre au si\u00e8ge de la FEGAFOOT\u00a0 pour se faire auditionner dans l'optique de faire la lumi\u00e8re sur cette affaire","breadcrumb":{"@id":"https:\/\/depeches241.com\/?p=4172#breadcrumb"},"inLanguage":"fr-FR","potentialAction":[{"@type":"ReadAction","target":["https:\/\/depeches241.com\/?p=4172"]}]},{"@type":"ImageObject","inLanguage":"fr-FR","@id":"https:\/\/depeches241.com\/?p=4172#primaryimage","url":"https:\/\/depeches241.com\/wp-content\/uploads\/2021\/12\/DRIVE-IMAGES-DEPECHES-2021-12-22T104910.967.jpg","contentUrl":"https:\/\/depeches241.com\/wp-content\/uploads\/2021\/12\/DRIVE-IMAGES-DEPECHES-2021-12-22T104910.967.jpg","width":960,"height":540},{"@type":"BreadcrumbList","@id":"https:\/\/depeches241.com\/?p=4172#breadcrumb","itemListElement":[{"@type":"ListItem","position":1,"name":"Accueil","item":"https:\/\/depeches241.com\/"},{"@type":"ListItem","position":2,"name":"Affaire Capello : le Comit\u00e9 d&#8217;\u00e9thique de la F\u00e9gafoot annonce l&#8217;organisation de s\u00e9ances d&#8217;auditions pour les victimes"}]},{"@type":"WebSite","@id":"https:\/\/depeches241.com\/#website","url":"https:\/\/depeches241.com\/","name":"D\u00e9p\u00eaches241","description":"M\u00e9dia d&#039;actualit\u00e9 Politique, \u00c9conomique, Sociale et Internationale","publisher":{"@id":"https:\/\/depeches241.com\/#organization"},"potentialAction":[{"@type":"SearchAction","target":{"@type":"EntryPoint","urlTemplate":"https:\/\/depeches241.com\/?s={search_term_string}"},"query-input":{"@type":"PropertyValueSpecification","valueRequired":true,"valueName":"search_term_string"}}],"inLanguage":"fr-FR"},{"@type":"Organization","@id":"https:\/\/depeches241.com\/#organization","name":"Groupe D\u00e9p\u00eaches241","url":"https:\/\/depeches241.com\/","logo":{"@type":"ImageObject","inLanguage":"fr-FR","@id":"https:\/\/depeches241.com\/#\/schema\/logo\/image\/","url":"https:\/\/depeches241.com\/wp-content\/uploads\/2021\/10\/cropped-Logo-new-Accueil.png","contentUrl":"https:\/\/depeches241.com\/wp-content\/uploads\/2021\/10\/cropped-Logo-new-Accueil.png","width":320,"height":105,"caption":"Groupe D\u00e9p\u00eaches241"},"image":{"@id":"https:\/\/depeches241.com\/#\/schema\/logo\/image\/"},"sameAs":["https:\/\/www.facebook.com\/depeches241"]},{"@type":"Person","@id":"https:\/\/depeches241.com\/#\/schema\/person\/977f23ecf7439b0805f4525a893a057a","name":"R\u00e9daction","image":{"@type":"ImageObject","inLanguage":"fr-FR","@id":"https:\/\/secure.gravatar.com\/avatar\/8c655dbc51e5c9289f919f15ce20847ab5a910f8369a17ca243b673da48541f5?s=96&d=mm&r=g","url":"https:\/\/secure.gravatar.com\/avatar\/8c655dbc51e5c9289f919f15ce20847ab5a910f8369a17ca243b673da48541f5?s=96&d=mm&r=g","contentUrl":"https:\/\/secure.gravatar.com\/avatar\/8c655dbc51e5c9289f919f15ce20847ab5a910f8369a17ca243b673da48541f5?s=96&d=mm&r=g","caption":"R\u00e9daction"},"url":"https:\/\/depeches241.com\/?author=11"}]}},"_links":{"self":[{"href":"https:\/\/depeches241.com\/index.php?rest_route=\/wp\/v2\/posts\/4172","targetHints":{"allow":["GET"]}}],"collection":[{"href":"https:\/\/depeches241.com\/index.php?rest_route=\/wp\/v2\/posts"}],"about":[{"href":"https:\/\/depeches241.com\/index.php?rest_route=\/wp\/v2\/types\/post"}],"author":[{"embeddable":true,"href":"https:\/\/depeches241.com\/index.php?rest_route=\/wp\/v2\/users\/11"}],"replies":[{"embeddable":true,"href":"https:\/\/depeches241.com\/index.php?rest_route=%2Fwp%2Fv2%2Fcomments&post=4172"}],"version-history":[{"count":4,"href":"https:\/\/depeches241.com\/index.php?rest_route=\/wp\/v2\/posts\/4172\/revisions"}],"predecessor-version":[{"id":4179,"href":"https:\/\/depeches241.com\/index.php?rest_route=\/wp\/v2\/posts\/4172\/revisions\/4179"}],"wp:featuredmedia":[{"embeddable":true,"href":"https:\/\/depeches241.com\/index.php?rest_route=\/wp\/v2\/media\/4173"}],"wp:attachment":[{"href":"https:\/\/depeches241.com\/index.php?rest_route=%2Fwp%2Fv2%2Fmedia&parent=4172"}],"wp:term":[{"taxonomy":"category","embeddable":true,"href":"https:\/\/depeches241.com\/index.php?rest_route=%2Fwp%2Fv2%2Fcategories&post=4172"},{"taxonomy":"post_tag","embeddable":true,"href":"https:\/\/depeches241.com\/index.php?rest_route=%2Fwp%2Fv2%2Ftags&post=4172"}],"curies":[{"name":"wp","href":"https:\/\/api.w.org\/{rel}","templated":true}]}}