{"id":4735,"date":"2022-01-18T09:00:00","date_gmt":"2022-01-18T08:00:00","guid":{"rendered":"http:\/\/depeches241.com\/?p=4735"},"modified":"2022-01-18T00:01:32","modified_gmt":"2022-01-17T23:01:32","slug":"desserte-en-eau-la-seeg-annonce-la-fin-des-travaux-de-reparation-de-la-conduite-deau-de-ntoum","status":"publish","type":"post","link":"https:\/\/depeches241.com\/?p=4735","title":{"rendered":"Desserte en eau: La SEEG annonce la fin des travaux de r\u00e9paration de la conduite d&rsquo;eau de Ntoum"},"content":{"rendered":"\n<figure class=\"wp-block-image size-full\"><img fetchpriority=\"high\" decoding=\"async\" width=\"960\" height=\"540\" src=\"http:\/\/depeches241.com\/wp-content\/uploads\/2022\/01\/DRIVE-IMAGES-DEPECHES-2022-01-17T235638.825.jpg\" alt=\"\" class=\"wp-image-4736\" srcset=\"https:\/\/depeches241.com\/wp-content\/uploads\/2022\/01\/DRIVE-IMAGES-DEPECHES-2022-01-17T235638.825.jpg 960w, https:\/\/depeches241.com\/wp-content\/uploads\/2022\/01\/DRIVE-IMAGES-DEPECHES-2022-01-17T235638.825-300x169.jpg 300w, https:\/\/depeches241.com\/wp-content\/uploads\/2022\/01\/DRIVE-IMAGES-DEPECHES-2022-01-17T235638.825-768x432.jpg 768w\" sizes=\"(max-width: 960px) 100vw, 960px\" \/><figcaption><strong><em>La Seeg annonce le retour \u00e0 la normale de la desserte en eau \u00a9DR<\/em><\/strong> <\/figcaption><\/figure>\n\n\n\n<p><strong>Libreville, le 17 janvier 2022 &#8211; ( D\u00e9p\u00eaches 241 ). C\u2019est par un communiqu\u00e9 parvenu \u00e0 la r\u00e9daction de <\/strong><strong><em>D\u00e9p\u00eaches 241 <\/em><\/strong><strong>que la Soci\u00e9t\u00e9 d\u2019\u00e9nergie et d\u2019eau du Gabon (SEEG) a annonc\u00e9 que les travaux d\u00e9but\u00e9s en raison de la rupture d\u2019une conduite d\u2019eau entre Libreville et Ntoum sont d\u00e9sormais termin\u00e9s. Une situation qui devrait fluidifier \u00e0 nouveau la desserte en eau dans le Grand Libreville.&nbsp;<\/strong><\/p>\n\n\n\n<p><strong><em>\u00ab Le r\u00e9tablissement total de la desserte en eau potable des zones Nord et Centre du Grand Libreville, impact\u00e9es par cette avarie, est effectif depuis le vendredi 14 janvier 2022 \u00bb<\/em><\/strong>, annonce la SEEG.&nbsp;<\/p>\n\n\n\n<p><strong>LIRE AUSSI: <\/strong><a href=\"http:\/\/depeches241.com\/index.php\/2021\/12\/30\/desserte-en-eau-la-seeg-annonce-des-fortes-perturbations-dans-le-grand-libreville\/\"><strong>Desserte en eau: la SEEG annonce des fortes perturbations dans le Grand Libreville<\/strong><\/a><\/p>\n\n\n\n<p>C\u2019est par ces mots que la Soci\u00e9t\u00e9 d\u2019\u00e9nergie et d\u2019eau du Gabon (SEEG), a annonc\u00e9 ce lundi par le biais d\u2019un communiqu\u00e9 la fin des travaux de r\u00e9paration de la conduite d\u2019eau de tr\u00e8s grande capacit\u00e9 bris\u00e9e entre Ntoum et Libreville apr\u00e8s un \u00e9boulement qui a provoqu\u00e9 des perturbations dans la desserte en eau de plusieurs quartiers de la capitale et sa p\u00e9riph\u00e9rie.&nbsp;<\/p>\n\n\n\n<p>Une fin des travaux qui tout naturellement annonce le retour \u00e0 la normale de desserte en eau apr\u00e8s l\u2019incident survenue le mercredi 29 d\u00e9cembre 2021 dernier au terme&nbsp; d\u2019une pluie diluvienne qui avait provoqu\u00e9 un \u00e9boulement et entra\u00een\u00e9 la rupture d\u2019une conduite d\u2019eau alimentant plusieurs quartiers de Libreville.&nbsp;<\/p>\n","protected":false},"excerpt":{"rendered":"<p>C\u2019est par un communiqu\u00e9 parvenu \u00e0 la r\u00e9daction de D\u00e9p\u00eaches 241 que la Soci\u00e9t\u00e9 d\u2019\u00e9nergie et d\u2019eau du Gabon (SEEG) a annonc\u00e9 que les travaux d\u00e9but\u00e9s en raison de la rupture d\u2019une conduite d\u2019eau entre Libreville et Ntoum sont d\u00e9sormais termin\u00e9s. Une situation qui devrait fluidifier \u00e0 nouveau la desserte en eau dans le Grand Libreville.<\/p>\n","protected":false},"author":2,"featured_media":4736,"comment_status":"open","ping_status":"open","sticky":false,"template":"","format":"standard","meta":{"om_disable_all_campaigns":false,"footnotes":""},"categories":[5,116],"tags":[99,1383,59,1382],"class_list":{"0":"post-4735","1":"post","2":"type-post","3":"status-publish","4":"format-standard","5":"has-post-thumbnail","7":"category-societe","8":"category-une1","9":"tag-depeches241","10":"tag-desserte-en-eau","11":"tag-gabon","12":"tag-societe-denergie-et-deau-du-gabon"},"yoast_head":"<!-- This site is optimized with the Yoast SEO plugin v27.5 - https:\/\/yoast.com\/product\/yoast-seo-wordpress\/ -->\n<title>Desserte en eau: La SEEG annonce la fin des travaux de r\u00e9paration de la conduite d&#039;eau de Ntoum - Groupe D\u00e9p\u00eaches241<\/title>\n<meta name=\"description\" content=\"C\u2019est par un communiqu\u00e9 parvenu \u00e0 la r\u00e9daction de D\u00e9p\u00eaches 241 que la Soci\u00e9t\u00e9 d\u2019\u00e9nergie et d\u2019eau du Gabon (SEEG) a annonc\u00e9 que les travaux d\u00e9but\u00e9s en raison de la rupture d\u2019une conduite d\u2019eau entre Libreville et Ntoum sont d\u00e9sormais termin\u00e9s. Une situation qui devrait fluidifier \u00e0 nouveau la desserte en eau dans le Grand Libreville.\" \/>\n<meta name=\"robots\" content=\"index, follow, max-snippet:-1, max-image-preview:large, max-video-preview:-1\" \/>\n<link rel=\"canonical\" href=\"https:\/\/depeches241.com\/?p=4735\" \/>\n<meta property=\"og:locale\" content=\"fr_FR\" \/>\n<meta property=\"og:type\" content=\"article\" \/>\n<meta property=\"og:title\" content=\"Desserte en eau: La SEEG annonce la fin des travaux de r\u00e9paration de la conduite d&#039;eau de Ntoum - Groupe D\u00e9p\u00eaches241\" \/>\n<meta property=\"og:description\" content=\"C\u2019est par un communiqu\u00e9 parvenu \u00e0 la r\u00e9daction de D\u00e9p\u00eaches 241 que la Soci\u00e9t\u00e9 d\u2019\u00e9nergie et d\u2019eau du Gabon (SEEG) a annonc\u00e9 que les travaux d\u00e9but\u00e9s en raison de la rupture d\u2019une conduite d\u2019eau entre Libreville et Ntoum sont d\u00e9sormais termin\u00e9s. Une situation qui devrait fluidifier \u00e0 nouveau la desserte en eau dans le Grand Libreville.\" \/>\n<meta property=\"og:url\" content=\"https:\/\/depeches241.com\/?p=4735\" \/>\n<meta property=\"og:site_name\" content=\"Groupe D\u00e9p\u00eaches241\" \/>\n<meta property=\"article:publisher\" content=\"https:\/\/www.facebook.com\/depeches241\" \/>\n<meta property=\"article:published_time\" content=\"2022-01-18T08:00:00+00:00\" \/>\n<meta property=\"og:image\" content=\"https:\/\/depeches241.com\/wp-content\/uploads\/2022\/01\/DRIVE-IMAGES-DEPECHES-2022-01-17T235638.825.jpg\" \/>\n\t<meta property=\"og:image:width\" content=\"960\" \/>\n\t<meta property=\"og:image:height\" content=\"540\" \/>\n\t<meta property=\"og:image:type\" content=\"image\/jpeg\" \/>\n<meta name=\"author\" content=\"Pharel BOUKIKA\" \/>\n<meta name=\"twitter:card\" content=\"summary_large_image\" \/>\n<meta name=\"twitter:label1\" content=\"\u00c9crit par\" \/>\n\t<meta name=\"twitter:data1\" content=\"Pharel BOUKIKA\" \/>\n\t<meta name=\"twitter:label2\" content=\"Dur\u00e9e de lecture estim\u00e9e\" \/>\n\t<meta name=\"twitter:data2\" content=\"2 minutes\" \/>\n<script type=\"application\/ld+json\" class=\"yoast-schema-graph\">{\"@context\":\"https:\\\/\\\/schema.org\",\"@graph\":[{\"@type\":\"Article\",\"@id\":\"https:\\\/\\\/depeches241.com\\\/?p=4735#article\",\"isPartOf\":{\"@id\":\"https:\\\/\\\/depeches241.com\\\/?p=4735\"},\"author\":{\"name\":\"Pharel BOUKIKA\",\"@id\":\"https:\\\/\\\/depeches241.com\\\/#\\\/schema\\\/person\\\/f39e676ca8f34712c2b828546ec69f14\"},\"headline\":\"Desserte en eau: La SEEG annonce la fin des travaux de r\u00e9paration de la conduite d&rsquo;eau de Ntoum\",\"datePublished\":\"2022-01-18T08:00:00+00:00\",\"mainEntityOfPage\":{\"@id\":\"https:\\\/\\\/depeches241.com\\\/?p=4735\"},\"wordCount\":284,\"commentCount\":0,\"publisher\":{\"@id\":\"https:\\\/\\\/depeches241.com\\\/#organization\"},\"image\":{\"@id\":\"https:\\\/\\\/depeches241.com\\\/?p=4735#primaryimage\"},\"thumbnailUrl\":\"https:\\\/\\\/depeches241.com\\\/wp-content\\\/uploads\\\/2022\\\/01\\\/DRIVE-IMAGES-DEPECHES-2022-01-17T235638.825.jpg\",\"keywords\":[\"depeches241\",\"D\u00e9sserte en eau\",\"Gabon\",\"Soci\u00e9t\u00e9 d\u2019\u00e9nergie et d\u2019eau du Gabon\"],\"articleSection\":[\"SOCIETE\",\"Une1\"],\"inLanguage\":\"fr-FR\",\"potentialAction\":[{\"@type\":\"CommentAction\",\"name\":\"Comment\",\"target\":[\"https:\\\/\\\/depeches241.com\\\/?p=4735#respond\"]}]},{\"@type\":\"WebPage\",\"@id\":\"https:\\\/\\\/depeches241.com\\\/?p=4735\",\"url\":\"https:\\\/\\\/depeches241.com\\\/?p=4735\",\"name\":\"Desserte en eau: La SEEG annonce la fin des travaux de r\u00e9paration de la conduite d'eau de Ntoum - Groupe D\u00e9p\u00eaches241\",\"isPartOf\":{\"@id\":\"https:\\\/\\\/depeches241.com\\\/#website\"},\"primaryImageOfPage\":{\"@id\":\"https:\\\/\\\/depeches241.com\\\/?p=4735#primaryimage\"},\"image\":{\"@id\":\"https:\\\/\\\/depeches241.com\\\/?p=4735#primaryimage\"},\"thumbnailUrl\":\"https:\\\/\\\/depeches241.com\\\/wp-content\\\/uploads\\\/2022\\\/01\\\/DRIVE-IMAGES-DEPECHES-2022-01-17T235638.825.jpg\",\"datePublished\":\"2022-01-18T08:00:00+00:00\",\"description\":\"C\u2019est par un communiqu\u00e9 parvenu \u00e0 la r\u00e9daction de D\u00e9p\u00eaches 241 que la Soci\u00e9t\u00e9 d\u2019\u00e9nergie et d\u2019eau du Gabon (SEEG) a annonc\u00e9 que les travaux d\u00e9but\u00e9s en raison de la rupture d\u2019une conduite d\u2019eau entre Libreville et Ntoum sont d\u00e9sormais termin\u00e9s. Une situation qui devrait fluidifier \u00e0 nouveau la desserte en eau dans le Grand Libreville.\",\"breadcrumb\":{\"@id\":\"https:\\\/\\\/depeches241.com\\\/?p=4735#breadcrumb\"},\"inLanguage\":\"fr-FR\",\"potentialAction\":[{\"@type\":\"ReadAction\",\"target\":[\"https:\\\/\\\/depeches241.com\\\/?p=4735\"]}]},{\"@type\":\"ImageObject\",\"inLanguage\":\"fr-FR\",\"@id\":\"https:\\\/\\\/depeches241.com\\\/?p=4735#primaryimage\",\"url\":\"https:\\\/\\\/depeches241.com\\\/wp-content\\\/uploads\\\/2022\\\/01\\\/DRIVE-IMAGES-DEPECHES-2022-01-17T235638.825.jpg\",\"contentUrl\":\"https:\\\/\\\/depeches241.com\\\/wp-content\\\/uploads\\\/2022\\\/01\\\/DRIVE-IMAGES-DEPECHES-2022-01-17T235638.825.jpg\",\"width\":960,\"height\":540},{\"@type\":\"BreadcrumbList\",\"@id\":\"https:\\\/\\\/depeches241.com\\\/?p=4735#breadcrumb\",\"itemListElement\":[{\"@type\":\"ListItem\",\"position\":1,\"name\":\"Accueil\",\"item\":\"https:\\\/\\\/depeches241.com\\\/\"},{\"@type\":\"ListItem\",\"position\":2,\"name\":\"Desserte en eau: La SEEG annonce la fin des travaux de r\u00e9paration de la conduite d&#8217;eau de Ntoum\"}]},{\"@type\":\"WebSite\",\"@id\":\"https:\\\/\\\/depeches241.com\\\/#website\",\"url\":\"https:\\\/\\\/depeches241.com\\\/\",\"name\":\"D\u00e9p\u00eaches241\",\"description\":\"M\u00e9dia d&#039;actualit\u00e9 Politique, \u00c9conomique, Sociale et Internationale\",\"publisher\":{\"@id\":\"https:\\\/\\\/depeches241.com\\\/#organization\"},\"potentialAction\":[{\"@type\":\"SearchAction\",\"target\":{\"@type\":\"EntryPoint\",\"urlTemplate\":\"https:\\\/\\\/depeches241.com\\\/?s={search_term_string}\"},\"query-input\":{\"@type\":\"PropertyValueSpecification\",\"valueRequired\":true,\"valueName\":\"search_term_string\"}}],\"inLanguage\":\"fr-FR\"},{\"@type\":\"Organization\",\"@id\":\"https:\\\/\\\/depeches241.com\\\/#organization\",\"name\":\"Groupe D\u00e9p\u00eaches241\",\"url\":\"https:\\\/\\\/depeches241.com\\\/\",\"logo\":{\"@type\":\"ImageObject\",\"inLanguage\":\"fr-FR\",\"@id\":\"https:\\\/\\\/depeches241.com\\\/#\\\/schema\\\/logo\\\/image\\\/\",\"url\":\"https:\\\/\\\/depeches241.com\\\/wp-content\\\/uploads\\\/2021\\\/10\\\/cropped-Logo-new-Accueil.png\",\"contentUrl\":\"https:\\\/\\\/depeches241.com\\\/wp-content\\\/uploads\\\/2021\\\/10\\\/cropped-Logo-new-Accueil.png\",\"width\":320,\"height\":105,\"caption\":\"Groupe D\u00e9p\u00eaches241\"},\"image\":{\"@id\":\"https:\\\/\\\/depeches241.com\\\/#\\\/schema\\\/logo\\\/image\\\/\"},\"sameAs\":[\"https:\\\/\\\/www.facebook.com\\\/depeches241\"]},{\"@type\":\"Person\",\"@id\":\"https:\\\/\\\/depeches241.com\\\/#\\\/schema\\\/person\\\/f39e676ca8f34712c2b828546ec69f14\",\"name\":\"Pharel BOUKIKA\",\"image\":{\"@type\":\"ImageObject\",\"inLanguage\":\"fr-FR\",\"@id\":\"https:\\\/\\\/secure.gravatar.com\\\/avatar\\\/f911ded37269927862a946f1d008338d6cd8ef36529103aaa98b08ba9425d477?s=96&d=mm&r=g\",\"url\":\"https:\\\/\\\/secure.gravatar.com\\\/avatar\\\/f911ded37269927862a946f1d008338d6cd8ef36529103aaa98b08ba9425d477?s=96&d=mm&r=g\",\"contentUrl\":\"https:\\\/\\\/secure.gravatar.com\\\/avatar\\\/f911ded37269927862a946f1d008338d6cd8ef36529103aaa98b08ba9425d477?s=96&d=mm&r=g\",\"caption\":\"Pharel BOUKIKA\"},\"description\":\"Dipl\u00f4m\u00e9 en Droit Priv\u00e9, en communication, en Journalisme et d\u00e9tenteur d'une Licence en \u00c9conomie et Gestion administrative, ancien r\u00e9dacteur en Chef de Gabon Media Time, Pharel Boukika est le G\u00e9rant du groupe D\u00e9p\u00eaches Gabon et par ailleurs Directeur de Publication de D\u00e9p\u00eaches241. Analyste politique, ses prises de parole et ses approches pertinentes lui ont ouvert depuis peu les portes des plateaux t\u00e9l\u00e9vis\u00e9s pendant lesquels, il d\u00e9bat sur les questions d'actualit\u00e9 politique, \u00e9conomique et sociale du Gabon. D\u00e9p\u00eaches241 n'est que le prolongement de sa volont\u00e9 manifeste et infinie d'\u00e9difier et d'informer les Gabonais.\",\"sameAs\":[\"http:\\\/\\\/clubsportplus.fr\"],\"url\":\"https:\\\/\\\/depeches241.com\\\/?author=2\"}]}<\/script>\n<!-- \/ Yoast SEO plugin. -->","yoast_head_json":{"title":"Desserte en eau: La SEEG annonce la fin des travaux de r\u00e9paration de la conduite d'eau de Ntoum - Groupe D\u00e9p\u00eaches241","description":"C\u2019est par un communiqu\u00e9 parvenu \u00e0 la r\u00e9daction de D\u00e9p\u00eaches 241 que la Soci\u00e9t\u00e9 d\u2019\u00e9nergie et d\u2019eau du Gabon (SEEG) a annonc\u00e9 que les travaux d\u00e9but\u00e9s en raison de la rupture d\u2019une conduite d\u2019eau entre Libreville et Ntoum sont d\u00e9sormais termin\u00e9s. Une situation qui devrait fluidifier \u00e0 nouveau la desserte en eau dans le Grand Libreville.","robots":{"index":"index","follow":"follow","max-snippet":"max-snippet:-1","max-image-preview":"max-image-preview:large","max-video-preview":"max-video-preview:-1"},"canonical":"https:\/\/depeches241.com\/?p=4735","og_locale":"fr_FR","og_type":"article","og_title":"Desserte en eau: La SEEG annonce la fin des travaux de r\u00e9paration de la conduite d'eau de Ntoum - Groupe D\u00e9p\u00eaches241","og_description":"C\u2019est par un communiqu\u00e9 parvenu \u00e0 la r\u00e9daction de D\u00e9p\u00eaches 241 que la Soci\u00e9t\u00e9 d\u2019\u00e9nergie et d\u2019eau du Gabon (SEEG) a annonc\u00e9 que les travaux d\u00e9but\u00e9s en raison de la rupture d\u2019une conduite d\u2019eau entre Libreville et Ntoum sont d\u00e9sormais termin\u00e9s. Une situation qui devrait fluidifier \u00e0 nouveau la desserte en eau dans le Grand Libreville.","og_url":"https:\/\/depeches241.com\/?p=4735","og_site_name":"Groupe D\u00e9p\u00eaches241","article_publisher":"https:\/\/www.facebook.com\/depeches241","article_published_time":"2022-01-18T08:00:00+00:00","og_image":[{"width":960,"height":540,"url":"https:\/\/depeches241.com\/wp-content\/uploads\/2022\/01\/DRIVE-IMAGES-DEPECHES-2022-01-17T235638.825.jpg","type":"image\/jpeg"}],"author":"Pharel BOUKIKA","twitter_card":"summary_large_image","twitter_misc":{"\u00c9crit par":"Pharel BOUKIKA","Dur\u00e9e de lecture estim\u00e9e":"2 minutes"},"schema":{"@context":"https:\/\/schema.org","@graph":[{"@type":"Article","@id":"https:\/\/depeches241.com\/?p=4735#article","isPartOf":{"@id":"https:\/\/depeches241.com\/?p=4735"},"author":{"name":"Pharel BOUKIKA","@id":"https:\/\/depeches241.com\/#\/schema\/person\/f39e676ca8f34712c2b828546ec69f14"},"headline":"Desserte en eau: La SEEG annonce la fin des travaux de r\u00e9paration de la conduite d&rsquo;eau de Ntoum","datePublished":"2022-01-18T08:00:00+00:00","mainEntityOfPage":{"@id":"https:\/\/depeches241.com\/?p=4735"},"wordCount":284,"commentCount":0,"publisher":{"@id":"https:\/\/depeches241.com\/#organization"},"image":{"@id":"https:\/\/depeches241.com\/?p=4735#primaryimage"},"thumbnailUrl":"https:\/\/depeches241.com\/wp-content\/uploads\/2022\/01\/DRIVE-IMAGES-DEPECHES-2022-01-17T235638.825.jpg","keywords":["depeches241","D\u00e9sserte en eau","Gabon","Soci\u00e9t\u00e9 d\u2019\u00e9nergie et d\u2019eau du Gabon"],"articleSection":["SOCIETE","Une1"],"inLanguage":"fr-FR","potentialAction":[{"@type":"CommentAction","name":"Comment","target":["https:\/\/depeches241.com\/?p=4735#respond"]}]},{"@type":"WebPage","@id":"https:\/\/depeches241.com\/?p=4735","url":"https:\/\/depeches241.com\/?p=4735","name":"Desserte en eau: La SEEG annonce la fin des travaux de r\u00e9paration de la conduite d'eau de Ntoum - Groupe D\u00e9p\u00eaches241","isPartOf":{"@id":"https:\/\/depeches241.com\/#website"},"primaryImageOfPage":{"@id":"https:\/\/depeches241.com\/?p=4735#primaryimage"},"image":{"@id":"https:\/\/depeches241.com\/?p=4735#primaryimage"},"thumbnailUrl":"https:\/\/depeches241.com\/wp-content\/uploads\/2022\/01\/DRIVE-IMAGES-DEPECHES-2022-01-17T235638.825.jpg","datePublished":"2022-01-18T08:00:00+00:00","description":"C\u2019est par un communiqu\u00e9 parvenu \u00e0 la r\u00e9daction de D\u00e9p\u00eaches 241 que la Soci\u00e9t\u00e9 d\u2019\u00e9nergie et d\u2019eau du Gabon (SEEG) a annonc\u00e9 que les travaux d\u00e9but\u00e9s en raison de la rupture d\u2019une conduite d\u2019eau entre Libreville et Ntoum sont d\u00e9sormais termin\u00e9s. Une situation qui devrait fluidifier \u00e0 nouveau la desserte en eau dans le Grand Libreville.","breadcrumb":{"@id":"https:\/\/depeches241.com\/?p=4735#breadcrumb"},"inLanguage":"fr-FR","potentialAction":[{"@type":"ReadAction","target":["https:\/\/depeches241.com\/?p=4735"]}]},{"@type":"ImageObject","inLanguage":"fr-FR","@id":"https:\/\/depeches241.com\/?p=4735#primaryimage","url":"https:\/\/depeches241.com\/wp-content\/uploads\/2022\/01\/DRIVE-IMAGES-DEPECHES-2022-01-17T235638.825.jpg","contentUrl":"https:\/\/depeches241.com\/wp-content\/uploads\/2022\/01\/DRIVE-IMAGES-DEPECHES-2022-01-17T235638.825.jpg","width":960,"height":540},{"@type":"BreadcrumbList","@id":"https:\/\/depeches241.com\/?p=4735#breadcrumb","itemListElement":[{"@type":"ListItem","position":1,"name":"Accueil","item":"https:\/\/depeches241.com\/"},{"@type":"ListItem","position":2,"name":"Desserte en eau: La SEEG annonce la fin des travaux de r\u00e9paration de la conduite d&#8217;eau de Ntoum"}]},{"@type":"WebSite","@id":"https:\/\/depeches241.com\/#website","url":"https:\/\/depeches241.com\/","name":"D\u00e9p\u00eaches241","description":"M\u00e9dia d&#039;actualit\u00e9 Politique, \u00c9conomique, Sociale et Internationale","publisher":{"@id":"https:\/\/depeches241.com\/#organization"},"potentialAction":[{"@type":"SearchAction","target":{"@type":"EntryPoint","urlTemplate":"https:\/\/depeches241.com\/?s={search_term_string}"},"query-input":{"@type":"PropertyValueSpecification","valueRequired":true,"valueName":"search_term_string"}}],"inLanguage":"fr-FR"},{"@type":"Organization","@id":"https:\/\/depeches241.com\/#organization","name":"Groupe D\u00e9p\u00eaches241","url":"https:\/\/depeches241.com\/","logo":{"@type":"ImageObject","inLanguage":"fr-FR","@id":"https:\/\/depeches241.com\/#\/schema\/logo\/image\/","url":"https:\/\/depeches241.com\/wp-content\/uploads\/2021\/10\/cropped-Logo-new-Accueil.png","contentUrl":"https:\/\/depeches241.com\/wp-content\/uploads\/2021\/10\/cropped-Logo-new-Accueil.png","width":320,"height":105,"caption":"Groupe D\u00e9p\u00eaches241"},"image":{"@id":"https:\/\/depeches241.com\/#\/schema\/logo\/image\/"},"sameAs":["https:\/\/www.facebook.com\/depeches241"]},{"@type":"Person","@id":"https:\/\/depeches241.com\/#\/schema\/person\/f39e676ca8f34712c2b828546ec69f14","name":"Pharel BOUKIKA","image":{"@type":"ImageObject","inLanguage":"fr-FR","@id":"https:\/\/secure.gravatar.com\/avatar\/f911ded37269927862a946f1d008338d6cd8ef36529103aaa98b08ba9425d477?s=96&d=mm&r=g","url":"https:\/\/secure.gravatar.com\/avatar\/f911ded37269927862a946f1d008338d6cd8ef36529103aaa98b08ba9425d477?s=96&d=mm&r=g","contentUrl":"https:\/\/secure.gravatar.com\/avatar\/f911ded37269927862a946f1d008338d6cd8ef36529103aaa98b08ba9425d477?s=96&d=mm&r=g","caption":"Pharel BOUKIKA"},"description":"Dipl\u00f4m\u00e9 en Droit Priv\u00e9, en communication, en Journalisme et d\u00e9tenteur d'une Licence en \u00c9conomie et Gestion administrative, ancien r\u00e9dacteur en Chef de Gabon Media Time, Pharel Boukika est le G\u00e9rant du groupe D\u00e9p\u00eaches Gabon et par ailleurs Directeur de Publication de D\u00e9p\u00eaches241. Analyste politique, ses prises de parole et ses approches pertinentes lui ont ouvert depuis peu les portes des plateaux t\u00e9l\u00e9vis\u00e9s pendant lesquels, il d\u00e9bat sur les questions d'actualit\u00e9 politique, \u00e9conomique et sociale du Gabon. D\u00e9p\u00eaches241 n'est que le prolongement de sa volont\u00e9 manifeste et infinie d'\u00e9difier et d'informer les Gabonais.","sameAs":["http:\/\/clubsportplus.fr"],"url":"https:\/\/depeches241.com\/?author=2"}]}},"_links":{"self":[{"href":"https:\/\/depeches241.com\/index.php?rest_route=\/wp\/v2\/posts\/4735","targetHints":{"allow":["GET"]}}],"collection":[{"href":"https:\/\/depeches241.com\/index.php?rest_route=\/wp\/v2\/posts"}],"about":[{"href":"https:\/\/depeches241.com\/index.php?rest_route=\/wp\/v2\/types\/post"}],"author":[{"embeddable":true,"href":"https:\/\/depeches241.com\/index.php?rest_route=\/wp\/v2\/users\/2"}],"replies":[{"embeddable":true,"href":"https:\/\/depeches241.com\/index.php?rest_route=%2Fwp%2Fv2%2Fcomments&post=4735"}],"version-history":[{"count":1,"href":"https:\/\/depeches241.com\/index.php?rest_route=\/wp\/v2\/posts\/4735\/revisions"}],"predecessor-version":[{"id":4737,"href":"https:\/\/depeches241.com\/index.php?rest_route=\/wp\/v2\/posts\/4735\/revisions\/4737"}],"wp:featuredmedia":[{"embeddable":true,"href":"https:\/\/depeches241.com\/index.php?rest_route=\/wp\/v2\/media\/4736"}],"wp:attachment":[{"href":"https:\/\/depeches241.com\/index.php?rest_route=%2Fwp%2Fv2%2Fmedia&parent=4735"}],"wp:term":[{"taxonomy":"category","embeddable":true,"href":"https:\/\/depeches241.com\/index.php?rest_route=%2Fwp%2Fv2%2Fcategories&post=4735"},{"taxonomy":"post_tag","embeddable":true,"href":"https:\/\/depeches241.com\/index.php?rest_route=%2Fwp%2Fv2%2Ftags&post=4735"}],"curies":[{"name":"wp","href":"https:\/\/api.w.org\/{rel}","templated":true}]}}