{"id":6110,"date":"2022-03-22T13:50:28","date_gmt":"2022-03-22T12:50:28","guid":{"rendered":"http:\/\/depeches241.com\/?p=6110"},"modified":"2022-03-22T16:01:26","modified_gmt":"2022-03-22T15:01:26","slug":"sante-guy-patrick-obiang-favorable-a-la-reforme-de-linfass","status":"publish","type":"post","link":"https:\/\/depeches241.com\/?p=6110","title":{"rendered":"Sant\u00e9: Guy Patrick Obiang favorable \u00e0 la r\u00e9forme de l&rsquo;INFASS"},"content":{"rendered":"\n<figure class=\"wp-block-image size-full\"><img fetchpriority=\"high\" decoding=\"async\" width=\"960\" height=\"540\" src=\"http:\/\/depeches241.com\/wp-content\/uploads\/2022\/03\/DRIVE-IMAGES-DEPECHES-2022-03-22T134019.113.jpg\" alt=\"\" class=\"wp-image-6111\" srcset=\"https:\/\/depeches241.com\/wp-content\/uploads\/2022\/03\/DRIVE-IMAGES-DEPECHES-2022-03-22T134019.113.jpg 960w, https:\/\/depeches241.com\/wp-content\/uploads\/2022\/03\/DRIVE-IMAGES-DEPECHES-2022-03-22T134019.113-300x169.jpg 300w, https:\/\/depeches241.com\/wp-content\/uploads\/2022\/03\/DRIVE-IMAGES-DEPECHES-2022-03-22T134019.113-768x432.jpg 768w\" sizes=\"(max-width: 960px) 100vw, 960px\" \/><figcaption><strong><em>Guy Patrick Obiang le ministre de la Sant\u00e9 \u00a9DR<\/em><\/strong> <\/figcaption><\/figure>\n\n\n\n<p style=\"font-size:17px\"><strong>Libreville, le 22 mars 2022- (D\u00e9p\u00eaches 241). Le ministre de la Sant\u00e9, Dr Guy Patrick Obiang Ndong souhaite mettre fin \u00e0 l&rsquo;anarchie constat\u00e9e dans l&rsquo;organisation et le fonctionnement de l\u2019Institut national de formation d\u2019actions sanitaires sociales et sociales (INFASS). Pour ce faire, le patron de la Sant\u00e9 entend mener des r\u00e9flexions avec son coll\u00e8gue de l&rsquo;enseignement sup\u00e9rieur afin d&rsquo; harmoniser les offres d&rsquo;enseignement au dudit \u00e9tablissement.<\/strong><\/p>\n\n\n\n<p class=\"has-drop-cap\" style=\"font-size:17px\">C&rsquo;est un projet qui s&rsquo;inscrit dans le cadre de la mise en \u0153uvre du plan d\u2019acc\u00e9l\u00e9ration de la Transformation (PAT). En effet, le 21 mars 2022 le ministre de la Sant\u00e9, Dr. Guy Patrick Obiang Ndong assist\u00e9 de son ministre d\u00e9l\u00e9gu\u00e9, Madame Justine Lembimbi \u00e9pse Mihindou, a pr\u00e9sid\u00e9 une s\u00e9ance de travail en pr\u00e9sence des Secr\u00e9taires G\u00e9n\u00e9raux du Minist\u00e8re et de la Direction de l\u2019Institut national de formation d\u2019actions sanitaire sociales et sociales (INFASS). Objet de cette rencontre : la r\u00e9forme de l&rsquo;INFASS.<\/p>\n\n\n\n<p style=\"font-size:17px\"><strong><em>\u00ab Le but de cette s\u00e9ance de travail \u00e9tait de rappeler l\u2019imp\u00e9rieuse n\u00e9cessit\u00e9 du Gouvernement d\u2019acc\u00e9l\u00e9rer la r\u00e9forme de l\u2019INFASS en vue de la formation des personnels de sant\u00e9 de qualit\u00e9 aussi bien dans le domaine de la sant\u00e9 que du social. Cela passe par la red\u00e9finition des curricula de formation qui doivent s\u2019arrimer aux exigences du syst\u00e8me LMD (Licence-Master-Doctorat) comme indiqu\u00e9 dans le PAT \u00bb,<\/em><\/strong> indique un communiqu\u00e9 du minist\u00e8re de la Sant\u00e9 et des Affaires sociales.<\/p>\n\n\n\n<p style=\"font-size:17px\">Pour Guy Patrick Obiang Ndong, la r\u00e9forme de l&rsquo;INFASS passe in\u00e9vitablement par une mutualisation de ses enseignements avec ceux de l&rsquo;OUB et de l&rsquo;USS. Raison pour laquelle une rencontre est \u00e9galement pr\u00e9vue&nbsp; avec le ministre de &nbsp; de l\u2019enseignement sup\u00e9rieur pour la mise en place d\u2019un cadre de travail ad\u00e9quat. <strong><em>\u00ab L\u2019INFASS doit mutualiser, capitaliser et optimiser son organisation et ses enseignements aux normes internationales comme souhait\u00e9 par les plus hautes autorit\u00e9s \u00bb,<\/em><\/strong> a rappel\u00e9 le ministre Dr. Guy Patrick Obiang Ndong.<\/p>\n\n\n\n<p style=\"font-size:17px\">Lequel entend mettre fin \u00e0 l&rsquo;anarchie constat\u00e9e dans les \u00e9tablissement priv\u00e9s. Pour ce faire, membre du Gouvernement la mise en place\u00a0 <strong><em>\u00ab d\u2019un comit\u00e9 de r\u00e9flexion pour l\u2019organisation sur toute l\u2019\u00e9tendue du territoire national, du premier concours au dipl\u00f4me national pour les professions param\u00e9dicales conform\u00e9ment aux dispositions du d\u00e9cret 0121\/PR\/MS du 06 mai 2021.\u00bb, <\/em><\/strong>a-t-on pu lire.<\/p>\n","protected":false},"excerpt":{"rendered":"<p>Le ministre de la Sant\u00e9, Dr Guy Patrick Obiang Ndong souhaite mettre fin \u00e0 l&rsquo;anarchie constat\u00e9e dans l&rsquo;organisation et le fonctionnement de l\u2019Institut national de formation d\u2019actions sanitaires sociales et sociales (INFASS). Pour ce faire, le patron de la Sant\u00e9 entend mener des r\u00e9flexions avec son coll\u00e8gue de l&rsquo;enseignement sup\u00e9rieur afin d&rsquo; harmoniser les offres d&rsquo;enseignement au dudit \u00e9tablissement.<\/p>\n","protected":false},"author":11,"featured_media":6111,"comment_status":"open","ping_status":"open","sticky":false,"template":"","format":"standard","meta":{"om_disable_all_campaigns":false,"footnotes":""},"categories":[5,116],"tags":[99,59,135,1617],"class_list":{"0":"post-6110","1":"post","2":"type-post","3":"status-publish","4":"format-standard","5":"has-post-thumbnail","7":"category-societe","8":"category-une1","9":"tag-depeches241","10":"tag-gabon","11":"tag-guy-patrick-obiang-ndong","12":"tag-infass"},"yoast_head":"<!-- This site is optimized with the Yoast SEO plugin v27.5 - https:\/\/yoast.com\/product\/yoast-seo-wordpress\/ -->\n<title>Sant\u00e9: Guy Patrick Obiang favorable \u00e0 la r\u00e9forme de l&#039;INFASS - Groupe D\u00e9p\u00eaches241<\/title>\n<meta name=\"description\" content=\"Le ministre de la Sant\u00e9, Dr Guy Patrick Obiang Ndong souhaite mettre fin \u00e0 l&#039;anarchie constat\u00e9e dans l&#039;organisation et le fonctionnement de l\u2019Institut national de formation d\u2019actions sanitaires sociales et sociales (INFASS). Pour ce faire, le patron de la Sant\u00e9 entend mener des r\u00e9flexions avec son coll\u00e8gue de l&#039;enseignement sup\u00e9rieur afin d&#039; harmoniser les offres d&#039;enseignement au dudit \u00e9tablissement.\" \/>\n<meta name=\"robots\" content=\"index, follow, max-snippet:-1, max-image-preview:large, max-video-preview:-1\" \/>\n<link rel=\"canonical\" href=\"https:\/\/depeches241.com\/?p=6110\" \/>\n<meta property=\"og:locale\" content=\"fr_FR\" \/>\n<meta property=\"og:type\" content=\"article\" \/>\n<meta property=\"og:title\" content=\"Sant\u00e9: Guy Patrick Obiang favorable \u00e0 la r\u00e9forme de l&#039;INFASS - Groupe D\u00e9p\u00eaches241\" \/>\n<meta property=\"og:description\" content=\"Le ministre de la Sant\u00e9, Dr Guy Patrick Obiang Ndong souhaite mettre fin \u00e0 l&#039;anarchie constat\u00e9e dans l&#039;organisation et le fonctionnement de l\u2019Institut national de formation d\u2019actions sanitaires sociales et sociales (INFASS). Pour ce faire, le patron de la Sant\u00e9 entend mener des r\u00e9flexions avec son coll\u00e8gue de l&#039;enseignement sup\u00e9rieur afin d&#039; harmoniser les offres d&#039;enseignement au dudit \u00e9tablissement.\" \/>\n<meta property=\"og:url\" content=\"https:\/\/depeches241.com\/?p=6110\" \/>\n<meta property=\"og:site_name\" content=\"Groupe D\u00e9p\u00eaches241\" \/>\n<meta property=\"article:publisher\" content=\"https:\/\/www.facebook.com\/depeches241\" \/>\n<meta property=\"article:published_time\" content=\"2022-03-22T12:50:28+00:00\" \/>\n<meta property=\"article:modified_time\" content=\"2022-03-22T15:01:26+00:00\" \/>\n<meta property=\"og:image\" content=\"https:\/\/depeches241.com\/wp-content\/uploads\/2022\/03\/DRIVE-IMAGES-DEPECHES-2022-03-22T134019.113.jpg\" \/>\n\t<meta property=\"og:image:width\" content=\"960\" \/>\n\t<meta property=\"og:image:height\" content=\"540\" \/>\n\t<meta property=\"og:image:type\" content=\"image\/jpeg\" \/>\n<meta name=\"author\" content=\"R\u00e9daction\" \/>\n<meta name=\"twitter:card\" content=\"summary_large_image\" \/>\n<meta name=\"twitter:label1\" content=\"\u00c9crit par\" \/>\n\t<meta name=\"twitter:data1\" content=\"R\u00e9daction\" \/>\n\t<meta name=\"twitter:label2\" content=\"Dur\u00e9e de lecture estim\u00e9e\" \/>\n\t<meta name=\"twitter:data2\" content=\"3 minutes\" \/>\n<script type=\"application\/ld+json\" class=\"yoast-schema-graph\">{\"@context\":\"https:\\\/\\\/schema.org\",\"@graph\":[{\"@type\":\"Article\",\"@id\":\"https:\\\/\\\/depeches241.com\\\/?p=6110#article\",\"isPartOf\":{\"@id\":\"https:\\\/\\\/depeches241.com\\\/?p=6110\"},\"author\":{\"name\":\"R\u00e9daction\",\"@id\":\"https:\\\/\\\/depeches241.com\\\/#\\\/schema\\\/person\\\/977f23ecf7439b0805f4525a893a057a\"},\"headline\":\"Sant\u00e9: Guy Patrick Obiang favorable \u00e0 la r\u00e9forme de l&rsquo;INFASS\",\"datePublished\":\"2022-03-22T12:50:28+00:00\",\"dateModified\":\"2022-03-22T15:01:26+00:00\",\"mainEntityOfPage\":{\"@id\":\"https:\\\/\\\/depeches241.com\\\/?p=6110\"},\"wordCount\":428,\"commentCount\":0,\"publisher\":{\"@id\":\"https:\\\/\\\/depeches241.com\\\/#organization\"},\"image\":{\"@id\":\"https:\\\/\\\/depeches241.com\\\/?p=6110#primaryimage\"},\"thumbnailUrl\":\"https:\\\/\\\/depeches241.com\\\/wp-content\\\/uploads\\\/2022\\\/03\\\/DRIVE-IMAGES-DEPECHES-2022-03-22T134019.113.jpg\",\"keywords\":[\"depeches241\",\"Gabon\",\"Guy Patrick Obiang Ndong\",\"INFASS\"],\"articleSection\":[\"SOCIETE\",\"Une1\"],\"inLanguage\":\"fr-FR\",\"potentialAction\":[{\"@type\":\"CommentAction\",\"name\":\"Comment\",\"target\":[\"https:\\\/\\\/depeches241.com\\\/?p=6110#respond\"]}]},{\"@type\":\"WebPage\",\"@id\":\"https:\\\/\\\/depeches241.com\\\/?p=6110\",\"url\":\"https:\\\/\\\/depeches241.com\\\/?p=6110\",\"name\":\"Sant\u00e9: Guy Patrick Obiang favorable \u00e0 la r\u00e9forme de l'INFASS - Groupe D\u00e9p\u00eaches241\",\"isPartOf\":{\"@id\":\"https:\\\/\\\/depeches241.com\\\/#website\"},\"primaryImageOfPage\":{\"@id\":\"https:\\\/\\\/depeches241.com\\\/?p=6110#primaryimage\"},\"image\":{\"@id\":\"https:\\\/\\\/depeches241.com\\\/?p=6110#primaryimage\"},\"thumbnailUrl\":\"https:\\\/\\\/depeches241.com\\\/wp-content\\\/uploads\\\/2022\\\/03\\\/DRIVE-IMAGES-DEPECHES-2022-03-22T134019.113.jpg\",\"datePublished\":\"2022-03-22T12:50:28+00:00\",\"dateModified\":\"2022-03-22T15:01:26+00:00\",\"description\":\"Le ministre de la Sant\u00e9, Dr Guy Patrick Obiang Ndong souhaite mettre fin \u00e0 l'anarchie constat\u00e9e dans l'organisation et le fonctionnement de l\u2019Institut national de formation d\u2019actions sanitaires sociales et sociales (INFASS). Pour ce faire, le patron de la Sant\u00e9 entend mener des r\u00e9flexions avec son coll\u00e8gue de l'enseignement sup\u00e9rieur afin d' harmoniser les offres d'enseignement au dudit \u00e9tablissement.\",\"breadcrumb\":{\"@id\":\"https:\\\/\\\/depeches241.com\\\/?p=6110#breadcrumb\"},\"inLanguage\":\"fr-FR\",\"potentialAction\":[{\"@type\":\"ReadAction\",\"target\":[\"https:\\\/\\\/depeches241.com\\\/?p=6110\"]}]},{\"@type\":\"ImageObject\",\"inLanguage\":\"fr-FR\",\"@id\":\"https:\\\/\\\/depeches241.com\\\/?p=6110#primaryimage\",\"url\":\"https:\\\/\\\/depeches241.com\\\/wp-content\\\/uploads\\\/2022\\\/03\\\/DRIVE-IMAGES-DEPECHES-2022-03-22T134019.113.jpg\",\"contentUrl\":\"https:\\\/\\\/depeches241.com\\\/wp-content\\\/uploads\\\/2022\\\/03\\\/DRIVE-IMAGES-DEPECHES-2022-03-22T134019.113.jpg\",\"width\":960,\"height\":540},{\"@type\":\"BreadcrumbList\",\"@id\":\"https:\\\/\\\/depeches241.com\\\/?p=6110#breadcrumb\",\"itemListElement\":[{\"@type\":\"ListItem\",\"position\":1,\"name\":\"Accueil\",\"item\":\"https:\\\/\\\/depeches241.com\\\/\"},{\"@type\":\"ListItem\",\"position\":2,\"name\":\"Sant\u00e9: Guy Patrick Obiang favorable \u00e0 la r\u00e9forme de l&#8217;INFASS\"}]},{\"@type\":\"WebSite\",\"@id\":\"https:\\\/\\\/depeches241.com\\\/#website\",\"url\":\"https:\\\/\\\/depeches241.com\\\/\",\"name\":\"D\u00e9p\u00eaches241\",\"description\":\"M\u00e9dia d&#039;actualit\u00e9 Politique, \u00c9conomique, Sociale et Internationale\",\"publisher\":{\"@id\":\"https:\\\/\\\/depeches241.com\\\/#organization\"},\"potentialAction\":[{\"@type\":\"SearchAction\",\"target\":{\"@type\":\"EntryPoint\",\"urlTemplate\":\"https:\\\/\\\/depeches241.com\\\/?s={search_term_string}\"},\"query-input\":{\"@type\":\"PropertyValueSpecification\",\"valueRequired\":true,\"valueName\":\"search_term_string\"}}],\"inLanguage\":\"fr-FR\"},{\"@type\":\"Organization\",\"@id\":\"https:\\\/\\\/depeches241.com\\\/#organization\",\"name\":\"Groupe D\u00e9p\u00eaches241\",\"url\":\"https:\\\/\\\/depeches241.com\\\/\",\"logo\":{\"@type\":\"ImageObject\",\"inLanguage\":\"fr-FR\",\"@id\":\"https:\\\/\\\/depeches241.com\\\/#\\\/schema\\\/logo\\\/image\\\/\",\"url\":\"https:\\\/\\\/depeches241.com\\\/wp-content\\\/uploads\\\/2021\\\/10\\\/cropped-Logo-new-Accueil.png\",\"contentUrl\":\"https:\\\/\\\/depeches241.com\\\/wp-content\\\/uploads\\\/2021\\\/10\\\/cropped-Logo-new-Accueil.png\",\"width\":320,\"height\":105,\"caption\":\"Groupe D\u00e9p\u00eaches241\"},\"image\":{\"@id\":\"https:\\\/\\\/depeches241.com\\\/#\\\/schema\\\/logo\\\/image\\\/\"},\"sameAs\":[\"https:\\\/\\\/www.facebook.com\\\/depeches241\"]},{\"@type\":\"Person\",\"@id\":\"https:\\\/\\\/depeches241.com\\\/#\\\/schema\\\/person\\\/977f23ecf7439b0805f4525a893a057a\",\"name\":\"R\u00e9daction\",\"image\":{\"@type\":\"ImageObject\",\"inLanguage\":\"fr-FR\",\"@id\":\"https:\\\/\\\/secure.gravatar.com\\\/avatar\\\/8c655dbc51e5c9289f919f15ce20847ab5a910f8369a17ca243b673da48541f5?s=96&d=mm&r=g\",\"url\":\"https:\\\/\\\/secure.gravatar.com\\\/avatar\\\/8c655dbc51e5c9289f919f15ce20847ab5a910f8369a17ca243b673da48541f5?s=96&d=mm&r=g\",\"contentUrl\":\"https:\\\/\\\/secure.gravatar.com\\\/avatar\\\/8c655dbc51e5c9289f919f15ce20847ab5a910f8369a17ca243b673da48541f5?s=96&d=mm&r=g\",\"caption\":\"R\u00e9daction\"},\"url\":\"https:\\\/\\\/depeches241.com\\\/?author=11\"}]}<\/script>\n<!-- \/ Yoast SEO plugin. -->","yoast_head_json":{"title":"Sant\u00e9: Guy Patrick Obiang favorable \u00e0 la r\u00e9forme de l'INFASS - Groupe D\u00e9p\u00eaches241","description":"Le ministre de la Sant\u00e9, Dr Guy Patrick Obiang Ndong souhaite mettre fin \u00e0 l'anarchie constat\u00e9e dans l'organisation et le fonctionnement de l\u2019Institut national de formation d\u2019actions sanitaires sociales et sociales (INFASS). Pour ce faire, le patron de la Sant\u00e9 entend mener des r\u00e9flexions avec son coll\u00e8gue de l'enseignement sup\u00e9rieur afin d' harmoniser les offres d'enseignement au dudit \u00e9tablissement.","robots":{"index":"index","follow":"follow","max-snippet":"max-snippet:-1","max-image-preview":"max-image-preview:large","max-video-preview":"max-video-preview:-1"},"canonical":"https:\/\/depeches241.com\/?p=6110","og_locale":"fr_FR","og_type":"article","og_title":"Sant\u00e9: Guy Patrick Obiang favorable \u00e0 la r\u00e9forme de l'INFASS - Groupe D\u00e9p\u00eaches241","og_description":"Le ministre de la Sant\u00e9, Dr Guy Patrick Obiang Ndong souhaite mettre fin \u00e0 l'anarchie constat\u00e9e dans l'organisation et le fonctionnement de l\u2019Institut national de formation d\u2019actions sanitaires sociales et sociales (INFASS). Pour ce faire, le patron de la Sant\u00e9 entend mener des r\u00e9flexions avec son coll\u00e8gue de l'enseignement sup\u00e9rieur afin d' harmoniser les offres d'enseignement au dudit \u00e9tablissement.","og_url":"https:\/\/depeches241.com\/?p=6110","og_site_name":"Groupe D\u00e9p\u00eaches241","article_publisher":"https:\/\/www.facebook.com\/depeches241","article_published_time":"2022-03-22T12:50:28+00:00","article_modified_time":"2022-03-22T15:01:26+00:00","og_image":[{"width":960,"height":540,"url":"https:\/\/depeches241.com\/wp-content\/uploads\/2022\/03\/DRIVE-IMAGES-DEPECHES-2022-03-22T134019.113.jpg","type":"image\/jpeg"}],"author":"R\u00e9daction","twitter_card":"summary_large_image","twitter_misc":{"\u00c9crit par":"R\u00e9daction","Dur\u00e9e de lecture estim\u00e9e":"3 minutes"},"schema":{"@context":"https:\/\/schema.org","@graph":[{"@type":"Article","@id":"https:\/\/depeches241.com\/?p=6110#article","isPartOf":{"@id":"https:\/\/depeches241.com\/?p=6110"},"author":{"name":"R\u00e9daction","@id":"https:\/\/depeches241.com\/#\/schema\/person\/977f23ecf7439b0805f4525a893a057a"},"headline":"Sant\u00e9: Guy Patrick Obiang favorable \u00e0 la r\u00e9forme de l&rsquo;INFASS","datePublished":"2022-03-22T12:50:28+00:00","dateModified":"2022-03-22T15:01:26+00:00","mainEntityOfPage":{"@id":"https:\/\/depeches241.com\/?p=6110"},"wordCount":428,"commentCount":0,"publisher":{"@id":"https:\/\/depeches241.com\/#organization"},"image":{"@id":"https:\/\/depeches241.com\/?p=6110#primaryimage"},"thumbnailUrl":"https:\/\/depeches241.com\/wp-content\/uploads\/2022\/03\/DRIVE-IMAGES-DEPECHES-2022-03-22T134019.113.jpg","keywords":["depeches241","Gabon","Guy Patrick Obiang Ndong","INFASS"],"articleSection":["SOCIETE","Une1"],"inLanguage":"fr-FR","potentialAction":[{"@type":"CommentAction","name":"Comment","target":["https:\/\/depeches241.com\/?p=6110#respond"]}]},{"@type":"WebPage","@id":"https:\/\/depeches241.com\/?p=6110","url":"https:\/\/depeches241.com\/?p=6110","name":"Sant\u00e9: Guy Patrick Obiang favorable \u00e0 la r\u00e9forme de l'INFASS - Groupe D\u00e9p\u00eaches241","isPartOf":{"@id":"https:\/\/depeches241.com\/#website"},"primaryImageOfPage":{"@id":"https:\/\/depeches241.com\/?p=6110#primaryimage"},"image":{"@id":"https:\/\/depeches241.com\/?p=6110#primaryimage"},"thumbnailUrl":"https:\/\/depeches241.com\/wp-content\/uploads\/2022\/03\/DRIVE-IMAGES-DEPECHES-2022-03-22T134019.113.jpg","datePublished":"2022-03-22T12:50:28+00:00","dateModified":"2022-03-22T15:01:26+00:00","description":"Le ministre de la Sant\u00e9, Dr Guy Patrick Obiang Ndong souhaite mettre fin \u00e0 l'anarchie constat\u00e9e dans l'organisation et le fonctionnement de l\u2019Institut national de formation d\u2019actions sanitaires sociales et sociales (INFASS). Pour ce faire, le patron de la Sant\u00e9 entend mener des r\u00e9flexions avec son coll\u00e8gue de l'enseignement sup\u00e9rieur afin d' harmoniser les offres d'enseignement au dudit \u00e9tablissement.","breadcrumb":{"@id":"https:\/\/depeches241.com\/?p=6110#breadcrumb"},"inLanguage":"fr-FR","potentialAction":[{"@type":"ReadAction","target":["https:\/\/depeches241.com\/?p=6110"]}]},{"@type":"ImageObject","inLanguage":"fr-FR","@id":"https:\/\/depeches241.com\/?p=6110#primaryimage","url":"https:\/\/depeches241.com\/wp-content\/uploads\/2022\/03\/DRIVE-IMAGES-DEPECHES-2022-03-22T134019.113.jpg","contentUrl":"https:\/\/depeches241.com\/wp-content\/uploads\/2022\/03\/DRIVE-IMAGES-DEPECHES-2022-03-22T134019.113.jpg","width":960,"height":540},{"@type":"BreadcrumbList","@id":"https:\/\/depeches241.com\/?p=6110#breadcrumb","itemListElement":[{"@type":"ListItem","position":1,"name":"Accueil","item":"https:\/\/depeches241.com\/"},{"@type":"ListItem","position":2,"name":"Sant\u00e9: Guy Patrick Obiang favorable \u00e0 la r\u00e9forme de l&#8217;INFASS"}]},{"@type":"WebSite","@id":"https:\/\/depeches241.com\/#website","url":"https:\/\/depeches241.com\/","name":"D\u00e9p\u00eaches241","description":"M\u00e9dia d&#039;actualit\u00e9 Politique, \u00c9conomique, Sociale et Internationale","publisher":{"@id":"https:\/\/depeches241.com\/#organization"},"potentialAction":[{"@type":"SearchAction","target":{"@type":"EntryPoint","urlTemplate":"https:\/\/depeches241.com\/?s={search_term_string}"},"query-input":{"@type":"PropertyValueSpecification","valueRequired":true,"valueName":"search_term_string"}}],"inLanguage":"fr-FR"},{"@type":"Organization","@id":"https:\/\/depeches241.com\/#organization","name":"Groupe D\u00e9p\u00eaches241","url":"https:\/\/depeches241.com\/","logo":{"@type":"ImageObject","inLanguage":"fr-FR","@id":"https:\/\/depeches241.com\/#\/schema\/logo\/image\/","url":"https:\/\/depeches241.com\/wp-content\/uploads\/2021\/10\/cropped-Logo-new-Accueil.png","contentUrl":"https:\/\/depeches241.com\/wp-content\/uploads\/2021\/10\/cropped-Logo-new-Accueil.png","width":320,"height":105,"caption":"Groupe D\u00e9p\u00eaches241"},"image":{"@id":"https:\/\/depeches241.com\/#\/schema\/logo\/image\/"},"sameAs":["https:\/\/www.facebook.com\/depeches241"]},{"@type":"Person","@id":"https:\/\/depeches241.com\/#\/schema\/person\/977f23ecf7439b0805f4525a893a057a","name":"R\u00e9daction","image":{"@type":"ImageObject","inLanguage":"fr-FR","@id":"https:\/\/secure.gravatar.com\/avatar\/8c655dbc51e5c9289f919f15ce20847ab5a910f8369a17ca243b673da48541f5?s=96&d=mm&r=g","url":"https:\/\/secure.gravatar.com\/avatar\/8c655dbc51e5c9289f919f15ce20847ab5a910f8369a17ca243b673da48541f5?s=96&d=mm&r=g","contentUrl":"https:\/\/secure.gravatar.com\/avatar\/8c655dbc51e5c9289f919f15ce20847ab5a910f8369a17ca243b673da48541f5?s=96&d=mm&r=g","caption":"R\u00e9daction"},"url":"https:\/\/depeches241.com\/?author=11"}]}},"_links":{"self":[{"href":"https:\/\/depeches241.com\/index.php?rest_route=\/wp\/v2\/posts\/6110","targetHints":{"allow":["GET"]}}],"collection":[{"href":"https:\/\/depeches241.com\/index.php?rest_route=\/wp\/v2\/posts"}],"about":[{"href":"https:\/\/depeches241.com\/index.php?rest_route=\/wp\/v2\/types\/post"}],"author":[{"embeddable":true,"href":"https:\/\/depeches241.com\/index.php?rest_route=\/wp\/v2\/users\/11"}],"replies":[{"embeddable":true,"href":"https:\/\/depeches241.com\/index.php?rest_route=%2Fwp%2Fv2%2Fcomments&post=6110"}],"version-history":[{"count":2,"href":"https:\/\/depeches241.com\/index.php?rest_route=\/wp\/v2\/posts\/6110\/revisions"}],"predecessor-version":[{"id":6117,"href":"https:\/\/depeches241.com\/index.php?rest_route=\/wp\/v2\/posts\/6110\/revisions\/6117"}],"wp:featuredmedia":[{"embeddable":true,"href":"https:\/\/depeches241.com\/index.php?rest_route=\/wp\/v2\/media\/6111"}],"wp:attachment":[{"href":"https:\/\/depeches241.com\/index.php?rest_route=%2Fwp%2Fv2%2Fmedia&parent=6110"}],"wp:term":[{"taxonomy":"category","embeddable":true,"href":"https:\/\/depeches241.com\/index.php?rest_route=%2Fwp%2Fv2%2Fcategories&post=6110"},{"taxonomy":"post_tag","embeddable":true,"href":"https:\/\/depeches241.com\/index.php?rest_route=%2Fwp%2Fv2%2Ftags&post=6110"}],"curies":[{"name":"wp","href":"https:\/\/api.w.org\/{rel}","templated":true}]}}