{"id":6446,"date":"2022-04-05T15:42:40","date_gmt":"2022-04-05T13:42:40","guid":{"rendered":"http:\/\/depeches241.com\/?p=6446"},"modified":"2022-04-05T15:42:46","modified_gmt":"2022-04-05T13:42:46","slug":"journee-internationale-des-droits-de-la-femme-une-celebration-sous-le-theme-parite-et-egalite-parlons-en-a-bollore","status":"publish","type":"post","link":"https:\/\/depeches241.com\/?p=6446","title":{"rendered":"Journ\u00e9e internationale des droits de la Femme: Une c\u00e9l\u00e9bration sous le th\u00e8me \u00abParit\u00e9 et Egalit\u00e9, parlons-en\u00bb \u00e0 Bollor\u00e9"},"content":{"rendered":"\n<figure class=\"wp-block-image size-full\"><img fetchpriority=\"high\" decoding=\"async\" width=\"960\" height=\"540\" src=\"http:\/\/depeches241.com\/wp-content\/uploads\/2022\/04\/DRIVE-IMAGES-DEPECHES-2022-04-05T143037.585.jpg\" alt=\"\" class=\"wp-image-6447\" srcset=\"https:\/\/depeches241.com\/wp-content\/uploads\/2022\/04\/DRIVE-IMAGES-DEPECHES-2022-04-05T143037.585.jpg 960w, https:\/\/depeches241.com\/wp-content\/uploads\/2022\/04\/DRIVE-IMAGES-DEPECHES-2022-04-05T143037.585-300x169.jpg 300w, https:\/\/depeches241.com\/wp-content\/uploads\/2022\/04\/DRIVE-IMAGES-DEPECHES-2022-04-05T143037.585-768x432.jpg 768w\" sizes=\"(max-width: 960px) 100vw, 960px\" \/><figcaption><strong><em>Patrick GERENTHON le directeur de BTL Gabon entour\u00e9 des femmes de son groupe \u00a9DR<\/em><\/strong> <\/figcaption><\/figure>\n\n\n\n<p style=\"font-size:17px\"><strong>Libreville le 5 avril 2022 &#8211; ( D\u00e9p\u00eaches 241). C\u2019est par le biais d\u2019un communiqu\u00e9 de presse parvenu \u00e0 la r\u00e9daction de <em>D\u00e9p\u00eaches 241<\/em> que le groupe Bollor\u00e9 Transports &amp; Logistics Gabon a annonc\u00e9 avoir c\u00e9l\u00e9br\u00e9 ce mardi 4 avril la journ\u00e9e internationale des droits de la femmes. Une journ\u00e9e plac\u00e9e sous le th\u00e8me <em>\u00ab Parit\u00e9-Egalit\u00e9, parlons-en \u00bb. <\/em>Un th\u00e8me \u00e9vocateur en parfaite harmonie avec le programme Gabon-\u00c9galit\u00e9 vulgaris\u00e9 par les plus hautes autorit\u00e9s de la R\u00e9publique.\u00a0\u00a0<\/strong><\/p>\n\n\n\n<p class=\"has-drop-cap\" style=\"font-size:17px\">A l\u2019instar de plusieurs grands groupes, Bollor\u00e9 Transport &amp; Logistics Gabon (BLT)&nbsp; auquel s\u2019est associ\u00e9 Owendo Container Terminal (OCT) a c\u00e9l\u00e9br\u00e9 avec faste la journ\u00e9e internationale des droits de la femme. Sous le th\u00e8me <strong><em>\u00ab Parit\u00e9-Egalit\u00e9, parlons-en \u00bb, <\/em><\/strong>les femmes de&nbsp; BTL Gabon et OCT ont partag\u00e9 un repas tout en participant \u00e0 des jeux dans le but de favoriser la coh\u00e9sion d\u2019\u00e9quipe.&nbsp;<\/p>\n\n\n\n<p style=\"font-size:17px\">Chaque ann\u00e9e, BTL Gabon et OCT mettent un accent particulier sur les \u00e9v\u00e9nements f\u00e9minins. Ces moments sont le reflet de leur reconnaissance des efforts que les femmes m\u00e8nent au quotidien. Reconnaissant qu\u2019ils mat\u00e9rialisent en accordant aux femmes des responsabilit\u00e9s importantes au sein du groupe. C\u2019est dans cette optique que la Direction G\u00e9n\u00e9rale de BTL Gabon a ajout\u00e9 quatre nouveaux Directeurs, dont trois femmes Gabonaises au centre des comit\u00e9s de direction. La direction entend ainsi <strong><em>\u00ab\u00a0valoriser tous ses talents, sans discrimination, favoriser l\u2019\u00e9galit\u00e9 homme\/femme et l\u2019inclusion sociale, tout en garantissant le respect et la promotion des droits humains et fondamentaux dans l\u2019ensemble de la supply Chain \u00bb, <\/em><\/strong>a-t-on pu lire dans le communiqu\u00e9.\u00a0<\/p>\n\n\n\n<p style=\"font-size:17px\"><strong>LIRE AUSSI: <\/strong><a href=\"http:\/\/depeches241.com\/index.php\/2021\/10\/06\/gabon-patrick-gerethon-nouveau-directeur-general-local-de-bollore-transport-logistics\/\"><strong>Gabon: Patrick Gerenthon nouveau Directeur g\u00e9n\u00e9ral local de Bollor\u00e9 Transport &amp; Logistics<\/strong><\/a><\/p>\n\n\n\n<p style=\"font-size:17px\">Une preuve du respect des droits des femmes au sein de BTL Gabon et OCT&nbsp; de leur volont\u00e9 de pr\u00f4ner l\u2019\u00e9galit\u00e9 professionnelle femmes-hommes. Une vision confirm\u00e9e par le Directeur G\u00e9n\u00e9ral de Bollor\u00e9 Transport &amp; Logistics Gabon, Patrick GERENTHON. <strong><em>\u00ab Apr\u00e8s deux ann\u00e9es marqu\u00e9es par la pand\u00e9mie de la Covid-19, cette c\u00e9r\u00e9monie nous a permis de montrer davantage notre int\u00e9r\u00eat de donner \u00e0 l\u2019ensemble du personnel les m\u00eames chances, les m\u00eames opportunit\u00e9s de carri\u00e8res \u00bb, <\/em><\/strong>a-t-il indiqu\u00e9.&nbsp;<\/p>\n\n\n\n<p style=\"font-size:17px\">A noter que Bollor\u00e9 Transports &amp; Logistics Gabon assure gr\u00e2ce \u00e0 ses 1 100 Collaborateurs au Gabon, les prestations de manutention portuaire, de consignation maritime, de logistique transit et de commission en douane. Bollor\u00e9 Transport &amp; Logistics propose \u00e0 ses clients un service de proximit\u00e9, une parfaite connaissance des march\u00e9s et une ma\u00eetrise des op\u00e9rations de bout en bout.\u00a0 L\u2019entreprise qui d\u00e9ploie une politique d\u2019engagement sur le long terme est engag\u00e9e aux c\u00f4t\u00e9s des autorit\u00e9s gouvernementales et portuaires pour lutter contre la vie ch\u00e8re et contribuer \u00e0 la croissance \u00e9conomique et sociale du pays. <\/p>\n","protected":false},"excerpt":{"rendered":"<p>C\u2019est par le biais d\u2019un communiqu\u00e9 de presse parvenu \u00e0 la r\u00e9daction de D\u00e9p\u00eaches 241 que le groupe Bollor\u00e9 Transports &#038; Logistics Gabon a annonc\u00e9 avoir c\u00e9l\u00e9br\u00e9 ce mardi 4 avril la journ\u00e9e internationale des droits de la femmes. Une journ\u00e9e plac\u00e9e sous le th\u00e8me \u00ab Parit\u00e9-Egalit\u00e9, parlons-en \u00bb. Un th\u00e8me \u00e9vocateur en parfaite harmonie avec le programme Gabon-\u00c9galit\u00e9 tel que souhait\u00e9 par les plus hautes autorit\u00e9s de la R\u00e9publique.\u00a0\u00a0<\/p>\n","protected":false},"author":2,"featured_media":6447,"comment_status":"open","ping_status":"open","sticky":false,"template":"","format":"standard","meta":{"om_disable_all_campaigns":false,"footnotes":""},"categories":[5,116],"tags":[],"class_list":{"0":"post-6446","1":"post","2":"type-post","3":"status-publish","4":"format-standard","5":"has-post-thumbnail","7":"category-societe","8":"category-une1"},"yoast_head":"<!-- This site is optimized with the Yoast SEO plugin v27.5 - https:\/\/yoast.com\/product\/yoast-seo-wordpress\/ -->\n<title>Journ\u00e9e internationale des droits de la Femme: Une c\u00e9l\u00e9bration sous le th\u00e8me \u00abParit\u00e9 et Egalit\u00e9, parlons-en\u00bb \u00e0 Bollor\u00e9 - Groupe D\u00e9p\u00eaches241<\/title>\n<meta name=\"description\" content=\"C\u2019est par le biais d\u2019un communiqu\u00e9 de presse parvenu \u00e0 la r\u00e9daction de D\u00e9p\u00eaches 241 que le groupe Bollor\u00e9 Transports &amp; Logistics Gabon a annonc\u00e9 avoir c\u00e9l\u00e9br\u00e9 ce mardi 4 avril la journ\u00e9e internationale des droits de la femmes. Une journ\u00e9e plac\u00e9e sous le th\u00e8me \u00ab Parit\u00e9-Egalit\u00e9, parlons-en \u00bb. Un th\u00e8me \u00e9vocateur en parfaite harmonie avec le programme Gabon-\u00c9galit\u00e9 tel que souhait\u00e9 par les plus hautes autorit\u00e9s de la R\u00e9publique.\u00a0\u00a0\" \/>\n<meta name=\"robots\" content=\"index, follow, max-snippet:-1, max-image-preview:large, max-video-preview:-1\" \/>\n<link rel=\"canonical\" href=\"https:\/\/depeches241.com\/?p=6446\" \/>\n<meta property=\"og:locale\" content=\"fr_FR\" \/>\n<meta property=\"og:type\" content=\"article\" \/>\n<meta property=\"og:title\" content=\"Journ\u00e9e internationale des droits de la Femme: Une c\u00e9l\u00e9bration sous le th\u00e8me \u00abParit\u00e9 et Egalit\u00e9, parlons-en\u00bb \u00e0 Bollor\u00e9 - Groupe D\u00e9p\u00eaches241\" \/>\n<meta property=\"og:description\" content=\"C\u2019est par le biais d\u2019un communiqu\u00e9 de presse parvenu \u00e0 la r\u00e9daction de D\u00e9p\u00eaches 241 que le groupe Bollor\u00e9 Transports &amp; Logistics Gabon a annonc\u00e9 avoir c\u00e9l\u00e9br\u00e9 ce mardi 4 avril la journ\u00e9e internationale des droits de la femmes. Une journ\u00e9e plac\u00e9e sous le th\u00e8me \u00ab Parit\u00e9-Egalit\u00e9, parlons-en \u00bb. Un th\u00e8me \u00e9vocateur en parfaite harmonie avec le programme Gabon-\u00c9galit\u00e9 tel que souhait\u00e9 par les plus hautes autorit\u00e9s de la R\u00e9publique.\u00a0\u00a0\" \/>\n<meta property=\"og:url\" content=\"https:\/\/depeches241.com\/?p=6446\" \/>\n<meta property=\"og:site_name\" content=\"Groupe D\u00e9p\u00eaches241\" \/>\n<meta property=\"article:publisher\" content=\"https:\/\/www.facebook.com\/depeches241\" \/>\n<meta property=\"article:published_time\" content=\"2022-04-05T13:42:40+00:00\" \/>\n<meta property=\"article:modified_time\" content=\"2022-04-05T13:42:46+00:00\" \/>\n<meta property=\"og:image\" content=\"https:\/\/depeches241.com\/wp-content\/uploads\/2022\/04\/DRIVE-IMAGES-DEPECHES-2022-04-05T143037.585.jpg\" \/>\n\t<meta property=\"og:image:width\" content=\"960\" \/>\n\t<meta property=\"og:image:height\" content=\"540\" \/>\n\t<meta property=\"og:image:type\" content=\"image\/jpeg\" \/>\n<meta name=\"author\" content=\"Pharel BOUKIKA\" \/>\n<meta name=\"twitter:card\" content=\"summary_large_image\" \/>\n<meta name=\"twitter:label1\" content=\"\u00c9crit par\" \/>\n\t<meta name=\"twitter:data1\" content=\"Pharel BOUKIKA\" \/>\n\t<meta name=\"twitter:label2\" content=\"Dur\u00e9e de lecture estim\u00e9e\" \/>\n\t<meta name=\"twitter:data2\" content=\"3 minutes\" \/>\n<script type=\"application\/ld+json\" class=\"yoast-schema-graph\">{\"@context\":\"https:\\\/\\\/schema.org\",\"@graph\":[{\"@type\":\"Article\",\"@id\":\"https:\\\/\\\/depeches241.com\\\/?p=6446#article\",\"isPartOf\":{\"@id\":\"https:\\\/\\\/depeches241.com\\\/?p=6446\"},\"author\":{\"name\":\"Pharel BOUKIKA\",\"@id\":\"https:\\\/\\\/depeches241.com\\\/#\\\/schema\\\/person\\\/f39e676ca8f34712c2b828546ec69f14\"},\"headline\":\"Journ\u00e9e internationale des droits de la Femme: Une c\u00e9l\u00e9bration sous le th\u00e8me \u00abParit\u00e9 et Egalit\u00e9, parlons-en\u00bb \u00e0 Bollor\u00e9\",\"datePublished\":\"2022-04-05T13:42:40+00:00\",\"dateModified\":\"2022-04-05T13:42:46+00:00\",\"mainEntityOfPage\":{\"@id\":\"https:\\\/\\\/depeches241.com\\\/?p=6446\"},\"wordCount\":529,\"commentCount\":0,\"publisher\":{\"@id\":\"https:\\\/\\\/depeches241.com\\\/#organization\"},\"image\":{\"@id\":\"https:\\\/\\\/depeches241.com\\\/?p=6446#primaryimage\"},\"thumbnailUrl\":\"https:\\\/\\\/depeches241.com\\\/wp-content\\\/uploads\\\/2022\\\/04\\\/DRIVE-IMAGES-DEPECHES-2022-04-05T143037.585.jpg\",\"articleSection\":[\"SOCIETE\",\"Une1\"],\"inLanguage\":\"fr-FR\",\"potentialAction\":[{\"@type\":\"CommentAction\",\"name\":\"Comment\",\"target\":[\"https:\\\/\\\/depeches241.com\\\/?p=6446#respond\"]}]},{\"@type\":\"WebPage\",\"@id\":\"https:\\\/\\\/depeches241.com\\\/?p=6446\",\"url\":\"https:\\\/\\\/depeches241.com\\\/?p=6446\",\"name\":\"Journ\u00e9e internationale des droits de la Femme: Une c\u00e9l\u00e9bration sous le th\u00e8me \u00abParit\u00e9 et Egalit\u00e9, parlons-en\u00bb \u00e0 Bollor\u00e9 - Groupe D\u00e9p\u00eaches241\",\"isPartOf\":{\"@id\":\"https:\\\/\\\/depeches241.com\\\/#website\"},\"primaryImageOfPage\":{\"@id\":\"https:\\\/\\\/depeches241.com\\\/?p=6446#primaryimage\"},\"image\":{\"@id\":\"https:\\\/\\\/depeches241.com\\\/?p=6446#primaryimage\"},\"thumbnailUrl\":\"https:\\\/\\\/depeches241.com\\\/wp-content\\\/uploads\\\/2022\\\/04\\\/DRIVE-IMAGES-DEPECHES-2022-04-05T143037.585.jpg\",\"datePublished\":\"2022-04-05T13:42:40+00:00\",\"dateModified\":\"2022-04-05T13:42:46+00:00\",\"description\":\"C\u2019est par le biais d\u2019un communiqu\u00e9 de presse parvenu \u00e0 la r\u00e9daction de D\u00e9p\u00eaches 241 que le groupe Bollor\u00e9 Transports & Logistics Gabon a annonc\u00e9 avoir c\u00e9l\u00e9br\u00e9 ce mardi 4 avril la journ\u00e9e internationale des droits de la femmes. Une journ\u00e9e plac\u00e9e sous le th\u00e8me \u00ab Parit\u00e9-Egalit\u00e9, parlons-en \u00bb. Un th\u00e8me \u00e9vocateur en parfaite harmonie avec le programme Gabon-\u00c9galit\u00e9 tel que souhait\u00e9 par les plus hautes autorit\u00e9s de la R\u00e9publique.\u00a0\u00a0\",\"breadcrumb\":{\"@id\":\"https:\\\/\\\/depeches241.com\\\/?p=6446#breadcrumb\"},\"inLanguage\":\"fr-FR\",\"potentialAction\":[{\"@type\":\"ReadAction\",\"target\":[\"https:\\\/\\\/depeches241.com\\\/?p=6446\"]}]},{\"@type\":\"ImageObject\",\"inLanguage\":\"fr-FR\",\"@id\":\"https:\\\/\\\/depeches241.com\\\/?p=6446#primaryimage\",\"url\":\"https:\\\/\\\/depeches241.com\\\/wp-content\\\/uploads\\\/2022\\\/04\\\/DRIVE-IMAGES-DEPECHES-2022-04-05T143037.585.jpg\",\"contentUrl\":\"https:\\\/\\\/depeches241.com\\\/wp-content\\\/uploads\\\/2022\\\/04\\\/DRIVE-IMAGES-DEPECHES-2022-04-05T143037.585.jpg\",\"width\":960,\"height\":540},{\"@type\":\"BreadcrumbList\",\"@id\":\"https:\\\/\\\/depeches241.com\\\/?p=6446#breadcrumb\",\"itemListElement\":[{\"@type\":\"ListItem\",\"position\":1,\"name\":\"Accueil\",\"item\":\"https:\\\/\\\/depeches241.com\\\/\"},{\"@type\":\"ListItem\",\"position\":2,\"name\":\"Journ\u00e9e internationale des droits de la Femme: Une c\u00e9l\u00e9bration sous le th\u00e8me \u00abParit\u00e9 et Egalit\u00e9, parlons-en\u00bb \u00e0 Bollor\u00e9\"}]},{\"@type\":\"WebSite\",\"@id\":\"https:\\\/\\\/depeches241.com\\\/#website\",\"url\":\"https:\\\/\\\/depeches241.com\\\/\",\"name\":\"D\u00e9p\u00eaches241\",\"description\":\"M\u00e9dia d&#039;actualit\u00e9 Politique, \u00c9conomique, Sociale et Internationale\",\"publisher\":{\"@id\":\"https:\\\/\\\/depeches241.com\\\/#organization\"},\"potentialAction\":[{\"@type\":\"SearchAction\",\"target\":{\"@type\":\"EntryPoint\",\"urlTemplate\":\"https:\\\/\\\/depeches241.com\\\/?s={search_term_string}\"},\"query-input\":{\"@type\":\"PropertyValueSpecification\",\"valueRequired\":true,\"valueName\":\"search_term_string\"}}],\"inLanguage\":\"fr-FR\"},{\"@type\":\"Organization\",\"@id\":\"https:\\\/\\\/depeches241.com\\\/#organization\",\"name\":\"Groupe D\u00e9p\u00eaches241\",\"url\":\"https:\\\/\\\/depeches241.com\\\/\",\"logo\":{\"@type\":\"ImageObject\",\"inLanguage\":\"fr-FR\",\"@id\":\"https:\\\/\\\/depeches241.com\\\/#\\\/schema\\\/logo\\\/image\\\/\",\"url\":\"https:\\\/\\\/depeches241.com\\\/wp-content\\\/uploads\\\/2021\\\/10\\\/cropped-Logo-new-Accueil.png\",\"contentUrl\":\"https:\\\/\\\/depeches241.com\\\/wp-content\\\/uploads\\\/2021\\\/10\\\/cropped-Logo-new-Accueil.png\",\"width\":320,\"height\":105,\"caption\":\"Groupe D\u00e9p\u00eaches241\"},\"image\":{\"@id\":\"https:\\\/\\\/depeches241.com\\\/#\\\/schema\\\/logo\\\/image\\\/\"},\"sameAs\":[\"https:\\\/\\\/www.facebook.com\\\/depeches241\"]},{\"@type\":\"Person\",\"@id\":\"https:\\\/\\\/depeches241.com\\\/#\\\/schema\\\/person\\\/f39e676ca8f34712c2b828546ec69f14\",\"name\":\"Pharel BOUKIKA\",\"image\":{\"@type\":\"ImageObject\",\"inLanguage\":\"fr-FR\",\"@id\":\"https:\\\/\\\/secure.gravatar.com\\\/avatar\\\/f911ded37269927862a946f1d008338d6cd8ef36529103aaa98b08ba9425d477?s=96&d=mm&r=g\",\"url\":\"https:\\\/\\\/secure.gravatar.com\\\/avatar\\\/f911ded37269927862a946f1d008338d6cd8ef36529103aaa98b08ba9425d477?s=96&d=mm&r=g\",\"contentUrl\":\"https:\\\/\\\/secure.gravatar.com\\\/avatar\\\/f911ded37269927862a946f1d008338d6cd8ef36529103aaa98b08ba9425d477?s=96&d=mm&r=g\",\"caption\":\"Pharel BOUKIKA\"},\"description\":\"Dipl\u00f4m\u00e9 en Droit Priv\u00e9, en communication, en Journalisme et d\u00e9tenteur d'une Licence en \u00c9conomie et Gestion administrative, ancien r\u00e9dacteur en Chef de Gabon Media Time, Pharel Boukika est le G\u00e9rant du groupe D\u00e9p\u00eaches Gabon et par ailleurs Directeur de Publication de D\u00e9p\u00eaches241. Analyste politique, ses prises de parole et ses approches pertinentes lui ont ouvert depuis peu les portes des plateaux t\u00e9l\u00e9vis\u00e9s pendant lesquels, il d\u00e9bat sur les questions d'actualit\u00e9 politique, \u00e9conomique et sociale du Gabon. D\u00e9p\u00eaches241 n'est que le prolongement de sa volont\u00e9 manifeste et infinie d'\u00e9difier et d'informer les Gabonais.\",\"sameAs\":[\"http:\\\/\\\/clubsportplus.fr\"],\"url\":\"https:\\\/\\\/depeches241.com\\\/?author=2\"}]}<\/script>\n<!-- \/ Yoast SEO plugin. -->","yoast_head_json":{"title":"Journ\u00e9e internationale des droits de la Femme: Une c\u00e9l\u00e9bration sous le th\u00e8me \u00abParit\u00e9 et Egalit\u00e9, parlons-en\u00bb \u00e0 Bollor\u00e9 - Groupe D\u00e9p\u00eaches241","description":"C\u2019est par le biais d\u2019un communiqu\u00e9 de presse parvenu \u00e0 la r\u00e9daction de D\u00e9p\u00eaches 241 que le groupe Bollor\u00e9 Transports & Logistics Gabon a annonc\u00e9 avoir c\u00e9l\u00e9br\u00e9 ce mardi 4 avril la journ\u00e9e internationale des droits de la femmes. Une journ\u00e9e plac\u00e9e sous le th\u00e8me \u00ab Parit\u00e9-Egalit\u00e9, parlons-en \u00bb. Un th\u00e8me \u00e9vocateur en parfaite harmonie avec le programme Gabon-\u00c9galit\u00e9 tel que souhait\u00e9 par les plus hautes autorit\u00e9s de la R\u00e9publique.\u00a0\u00a0","robots":{"index":"index","follow":"follow","max-snippet":"max-snippet:-1","max-image-preview":"max-image-preview:large","max-video-preview":"max-video-preview:-1"},"canonical":"https:\/\/depeches241.com\/?p=6446","og_locale":"fr_FR","og_type":"article","og_title":"Journ\u00e9e internationale des droits de la Femme: Une c\u00e9l\u00e9bration sous le th\u00e8me \u00abParit\u00e9 et Egalit\u00e9, parlons-en\u00bb \u00e0 Bollor\u00e9 - Groupe D\u00e9p\u00eaches241","og_description":"C\u2019est par le biais d\u2019un communiqu\u00e9 de presse parvenu \u00e0 la r\u00e9daction de D\u00e9p\u00eaches 241 que le groupe Bollor\u00e9 Transports & Logistics Gabon a annonc\u00e9 avoir c\u00e9l\u00e9br\u00e9 ce mardi 4 avril la journ\u00e9e internationale des droits de la femmes. Une journ\u00e9e plac\u00e9e sous le th\u00e8me \u00ab Parit\u00e9-Egalit\u00e9, parlons-en \u00bb. Un th\u00e8me \u00e9vocateur en parfaite harmonie avec le programme Gabon-\u00c9galit\u00e9 tel que souhait\u00e9 par les plus hautes autorit\u00e9s de la R\u00e9publique.\u00a0\u00a0","og_url":"https:\/\/depeches241.com\/?p=6446","og_site_name":"Groupe D\u00e9p\u00eaches241","article_publisher":"https:\/\/www.facebook.com\/depeches241","article_published_time":"2022-04-05T13:42:40+00:00","article_modified_time":"2022-04-05T13:42:46+00:00","og_image":[{"width":960,"height":540,"url":"https:\/\/depeches241.com\/wp-content\/uploads\/2022\/04\/DRIVE-IMAGES-DEPECHES-2022-04-05T143037.585.jpg","type":"image\/jpeg"}],"author":"Pharel BOUKIKA","twitter_card":"summary_large_image","twitter_misc":{"\u00c9crit par":"Pharel BOUKIKA","Dur\u00e9e de lecture estim\u00e9e":"3 minutes"},"schema":{"@context":"https:\/\/schema.org","@graph":[{"@type":"Article","@id":"https:\/\/depeches241.com\/?p=6446#article","isPartOf":{"@id":"https:\/\/depeches241.com\/?p=6446"},"author":{"name":"Pharel BOUKIKA","@id":"https:\/\/depeches241.com\/#\/schema\/person\/f39e676ca8f34712c2b828546ec69f14"},"headline":"Journ\u00e9e internationale des droits de la Femme: Une c\u00e9l\u00e9bration sous le th\u00e8me \u00abParit\u00e9 et Egalit\u00e9, parlons-en\u00bb \u00e0 Bollor\u00e9","datePublished":"2022-04-05T13:42:40+00:00","dateModified":"2022-04-05T13:42:46+00:00","mainEntityOfPage":{"@id":"https:\/\/depeches241.com\/?p=6446"},"wordCount":529,"commentCount":0,"publisher":{"@id":"https:\/\/depeches241.com\/#organization"},"image":{"@id":"https:\/\/depeches241.com\/?p=6446#primaryimage"},"thumbnailUrl":"https:\/\/depeches241.com\/wp-content\/uploads\/2022\/04\/DRIVE-IMAGES-DEPECHES-2022-04-05T143037.585.jpg","articleSection":["SOCIETE","Une1"],"inLanguage":"fr-FR","potentialAction":[{"@type":"CommentAction","name":"Comment","target":["https:\/\/depeches241.com\/?p=6446#respond"]}]},{"@type":"WebPage","@id":"https:\/\/depeches241.com\/?p=6446","url":"https:\/\/depeches241.com\/?p=6446","name":"Journ\u00e9e internationale des droits de la Femme: Une c\u00e9l\u00e9bration sous le th\u00e8me \u00abParit\u00e9 et Egalit\u00e9, parlons-en\u00bb \u00e0 Bollor\u00e9 - Groupe D\u00e9p\u00eaches241","isPartOf":{"@id":"https:\/\/depeches241.com\/#website"},"primaryImageOfPage":{"@id":"https:\/\/depeches241.com\/?p=6446#primaryimage"},"image":{"@id":"https:\/\/depeches241.com\/?p=6446#primaryimage"},"thumbnailUrl":"https:\/\/depeches241.com\/wp-content\/uploads\/2022\/04\/DRIVE-IMAGES-DEPECHES-2022-04-05T143037.585.jpg","datePublished":"2022-04-05T13:42:40+00:00","dateModified":"2022-04-05T13:42:46+00:00","description":"C\u2019est par le biais d\u2019un communiqu\u00e9 de presse parvenu \u00e0 la r\u00e9daction de D\u00e9p\u00eaches 241 que le groupe Bollor\u00e9 Transports & Logistics Gabon a annonc\u00e9 avoir c\u00e9l\u00e9br\u00e9 ce mardi 4 avril la journ\u00e9e internationale des droits de la femmes. Une journ\u00e9e plac\u00e9e sous le th\u00e8me \u00ab Parit\u00e9-Egalit\u00e9, parlons-en \u00bb. Un th\u00e8me \u00e9vocateur en parfaite harmonie avec le programme Gabon-\u00c9galit\u00e9 tel que souhait\u00e9 par les plus hautes autorit\u00e9s de la R\u00e9publique.\u00a0\u00a0","breadcrumb":{"@id":"https:\/\/depeches241.com\/?p=6446#breadcrumb"},"inLanguage":"fr-FR","potentialAction":[{"@type":"ReadAction","target":["https:\/\/depeches241.com\/?p=6446"]}]},{"@type":"ImageObject","inLanguage":"fr-FR","@id":"https:\/\/depeches241.com\/?p=6446#primaryimage","url":"https:\/\/depeches241.com\/wp-content\/uploads\/2022\/04\/DRIVE-IMAGES-DEPECHES-2022-04-05T143037.585.jpg","contentUrl":"https:\/\/depeches241.com\/wp-content\/uploads\/2022\/04\/DRIVE-IMAGES-DEPECHES-2022-04-05T143037.585.jpg","width":960,"height":540},{"@type":"BreadcrumbList","@id":"https:\/\/depeches241.com\/?p=6446#breadcrumb","itemListElement":[{"@type":"ListItem","position":1,"name":"Accueil","item":"https:\/\/depeches241.com\/"},{"@type":"ListItem","position":2,"name":"Journ\u00e9e internationale des droits de la Femme: Une c\u00e9l\u00e9bration sous le th\u00e8me \u00abParit\u00e9 et Egalit\u00e9, parlons-en\u00bb \u00e0 Bollor\u00e9"}]},{"@type":"WebSite","@id":"https:\/\/depeches241.com\/#website","url":"https:\/\/depeches241.com\/","name":"D\u00e9p\u00eaches241","description":"M\u00e9dia d&#039;actualit\u00e9 Politique, \u00c9conomique, Sociale et Internationale","publisher":{"@id":"https:\/\/depeches241.com\/#organization"},"potentialAction":[{"@type":"SearchAction","target":{"@type":"EntryPoint","urlTemplate":"https:\/\/depeches241.com\/?s={search_term_string}"},"query-input":{"@type":"PropertyValueSpecification","valueRequired":true,"valueName":"search_term_string"}}],"inLanguage":"fr-FR"},{"@type":"Organization","@id":"https:\/\/depeches241.com\/#organization","name":"Groupe D\u00e9p\u00eaches241","url":"https:\/\/depeches241.com\/","logo":{"@type":"ImageObject","inLanguage":"fr-FR","@id":"https:\/\/depeches241.com\/#\/schema\/logo\/image\/","url":"https:\/\/depeches241.com\/wp-content\/uploads\/2021\/10\/cropped-Logo-new-Accueil.png","contentUrl":"https:\/\/depeches241.com\/wp-content\/uploads\/2021\/10\/cropped-Logo-new-Accueil.png","width":320,"height":105,"caption":"Groupe D\u00e9p\u00eaches241"},"image":{"@id":"https:\/\/depeches241.com\/#\/schema\/logo\/image\/"},"sameAs":["https:\/\/www.facebook.com\/depeches241"]},{"@type":"Person","@id":"https:\/\/depeches241.com\/#\/schema\/person\/f39e676ca8f34712c2b828546ec69f14","name":"Pharel BOUKIKA","image":{"@type":"ImageObject","inLanguage":"fr-FR","@id":"https:\/\/secure.gravatar.com\/avatar\/f911ded37269927862a946f1d008338d6cd8ef36529103aaa98b08ba9425d477?s=96&d=mm&r=g","url":"https:\/\/secure.gravatar.com\/avatar\/f911ded37269927862a946f1d008338d6cd8ef36529103aaa98b08ba9425d477?s=96&d=mm&r=g","contentUrl":"https:\/\/secure.gravatar.com\/avatar\/f911ded37269927862a946f1d008338d6cd8ef36529103aaa98b08ba9425d477?s=96&d=mm&r=g","caption":"Pharel BOUKIKA"},"description":"Dipl\u00f4m\u00e9 en Droit Priv\u00e9, en communication, en Journalisme et d\u00e9tenteur d'une Licence en \u00c9conomie et Gestion administrative, ancien r\u00e9dacteur en Chef de Gabon Media Time, Pharel Boukika est le G\u00e9rant du groupe D\u00e9p\u00eaches Gabon et par ailleurs Directeur de Publication de D\u00e9p\u00eaches241. Analyste politique, ses prises de parole et ses approches pertinentes lui ont ouvert depuis peu les portes des plateaux t\u00e9l\u00e9vis\u00e9s pendant lesquels, il d\u00e9bat sur les questions d'actualit\u00e9 politique, \u00e9conomique et sociale du Gabon. D\u00e9p\u00eaches241 n'est que le prolongement de sa volont\u00e9 manifeste et infinie d'\u00e9difier et d'informer les Gabonais.","sameAs":["http:\/\/clubsportplus.fr"],"url":"https:\/\/depeches241.com\/?author=2"}]}},"_links":{"self":[{"href":"https:\/\/depeches241.com\/index.php?rest_route=\/wp\/v2\/posts\/6446","targetHints":{"allow":["GET"]}}],"collection":[{"href":"https:\/\/depeches241.com\/index.php?rest_route=\/wp\/v2\/posts"}],"about":[{"href":"https:\/\/depeches241.com\/index.php?rest_route=\/wp\/v2\/types\/post"}],"author":[{"embeddable":true,"href":"https:\/\/depeches241.com\/index.php?rest_route=\/wp\/v2\/users\/2"}],"replies":[{"embeddable":true,"href":"https:\/\/depeches241.com\/index.php?rest_route=%2Fwp%2Fv2%2Fcomments&post=6446"}],"version-history":[{"count":1,"href":"https:\/\/depeches241.com\/index.php?rest_route=\/wp\/v2\/posts\/6446\/revisions"}],"predecessor-version":[{"id":6448,"href":"https:\/\/depeches241.com\/index.php?rest_route=\/wp\/v2\/posts\/6446\/revisions\/6448"}],"wp:featuredmedia":[{"embeddable":true,"href":"https:\/\/depeches241.com\/index.php?rest_route=\/wp\/v2\/media\/6447"}],"wp:attachment":[{"href":"https:\/\/depeches241.com\/index.php?rest_route=%2Fwp%2Fv2%2Fmedia&parent=6446"}],"wp:term":[{"taxonomy":"category","embeddable":true,"href":"https:\/\/depeches241.com\/index.php?rest_route=%2Fwp%2Fv2%2Fcategories&post=6446"},{"taxonomy":"post_tag","embeddable":true,"href":"https:\/\/depeches241.com\/index.php?rest_route=%2Fwp%2Fv2%2Ftags&post=6446"}],"curies":[{"name":"wp","href":"https:\/\/api.w.org\/{rel}","templated":true}]}}