{"id":7571,"date":"2022-05-20T18:16:54","date_gmt":"2022-05-20T16:16:54","guid":{"rendered":"http:\/\/depeches241.com\/?p=7571"},"modified":"2022-05-20T18:18:05","modified_gmt":"2022-05-20T16:18:05","slug":"cpg-alain-ba-oumar-demissionne","status":"publish","type":"post","link":"https:\/\/depeches241.com\/?p=7571","title":{"rendered":"CPG: Alain Ba Oumar d\u00e9missionne !"},"content":{"rendered":"\n<figure class=\"wp-block-image size-full\"><img fetchpriority=\"high\" decoding=\"async\" width=\"960\" height=\"540\" src=\"http:\/\/depeches241.com\/wp-content\/uploads\/2022\/05\/IMG-20220520-WA0091.jpg\" alt=\"\" class=\"wp-image-7572\" srcset=\"https:\/\/depeches241.com\/wp-content\/uploads\/2022\/05\/IMG-20220520-WA0091.jpg 960w, https:\/\/depeches241.com\/wp-content\/uploads\/2022\/05\/IMG-20220520-WA0091-300x169.jpg 300w, https:\/\/depeches241.com\/wp-content\/uploads\/2022\/05\/IMG-20220520-WA0091-768x432.jpg 768w\" sizes=\"(max-width: 960px) 100vw, 960px\" \/><figcaption><strong><em>Alain B\u00e2 Oumar n&rsquo;est plus le patron de la CPG \u00a9DR<\/em><\/strong><\/figcaption><\/figure>\n\n\n\n<p><strong>Libreville, le 20 mai 2022-(D\u00e9p\u00eaches 241). Alain Ba Oumar a pr\u00e9sent\u00e9 sa d\u00e9mission. Il ne sera plus le pr\u00e9sident de la conf\u00e9d\u00e9ration patronale gabonaise (CPG). Il a fait part de sa d\u00e9cision ce jour au cours d&rsquo;une session extraordinaire, qui a r\u00e9uni le Conseil d\u2019administration de la CPG.<\/strong><\/p>\n\n\n\n<p class=\"has-drop-cap\">Cette d\u00e9cision \u00e9tait attendue. N&rsquo;\u00e9tant plus en odeur de saintet\u00e9 avec le patronat gabonais, Alain Ba Oumar a rendu son tablier le 20 mai 2022, dit-il pour des <strong><em>\u00abraisons personnelles\u00bb.<\/em><\/strong> En effet, le patron d&rsquo;IG Telecom a fait part de cette d\u00e9cision au conseil d&rsquo;administration de la CPG au cours d&rsquo;une session extraordinaire tenue ce jour \u00e0 l&rsquo;immeuble Libreville Business Square. Cette d\u00e9mission d&rsquo;Alain Ba Oumar ouvre ainsi la voie \u00e0 une&nbsp; nouvelle \u00e9lection pour la d\u00e9signation d&rsquo;un nouveau pr\u00e9sident. Une commission \u00e9lectorale a \u00e9t\u00e9 mise en place pour aboutir \u00e0 l&rsquo;\u00e9lection d&rsquo;un nouveau pr\u00e9sident dans un d\u00e9lai de 2 mois.<\/p>\n\n\n\n<p><strong><em>\u00ab La commission \u00e9lectorale ind\u00e9pendante aura la charge d\u2019organiser une \u00e9lection transparente conform\u00e9ment aux statuts de la CPG. Elle sera pr\u00e9sid\u00e9e par Jacqueline Bignoumba, pr\u00e9sidente de l\u2019Upega (Union p\u00e9troli\u00e8re gabonaise) \u00bb<\/em><\/strong>, rapporte le quotidien l&rsquo;Union.<\/p>\n\n\n\n<p>Pour rappel, le 20 avril 2022, dans un communiqu\u00e9 collectif, 8 syndicats de la membres de la CPG avaient claqu\u00e9 la porte de cette organisation patronale. Elles d\u00e9non\u00e7aient entre autres l&rsquo;arrogance et l&rsquo;incomp\u00e9tence de son pr\u00e9sident. Il s&rsquo;agit de l\u2019Association professionnelle des \u00e9tablissements de cr\u00e9dit (Apec),&nbsp; le Syndicat des importateurs et exportateurs (Simpex), l\u2019Union des repr\u00e9sentants automobiles et industriels (Urai), le Syndicat des entrepreneurs du b\u00e2timents et des travaux publics (SEBTP), le Syndicat des soci\u00e9t\u00e9s h\u00f4teli\u00e8res et de restauration, le Regroupement professionnel des p\u00e9troliers (GPP), le Regroupement des transports terrestre et le General business machines (GBM), qui avaient annonc\u00e9 la fin de leur adh\u00e9sion \u00e0 la Conf\u00e9d\u00e9ration patronale gabonaise.<\/p>\n\n\n\n<p>Pour tenter de ramener la s\u00e9r\u00e9nit\u00e9, la commission dialogue, pr\u00e9sid\u00e9e par L\u00e9od Paul Batolo, Administrateur directeur g\u00e9n\u00e9ral de la Comilog, a pour mission de r\u00e9tablir le dialogue avec les organisations d\u00e9missionnaires.<\/p>\n","protected":false},"excerpt":{"rendered":"<p>Alain Ba Oumar a pr\u00e9sent\u00e9 sa d\u00e9mission. Il ne sera plus le pr\u00e9sident de la conf\u00e9d\u00e9ration patronale gabonaise (CPG). Il a fait part de sa d\u00e9cision ce jour au cours d&rsquo;une session extraordinaire, qui a r\u00e9uni le Conseil d\u2019administration de la CPG.<\/p>\n","protected":false},"author":11,"featured_media":7572,"comment_status":"open","ping_status":"open","sticky":false,"template":"","format":"standard","meta":{"om_disable_all_campaigns":false,"footnotes":""},"categories":[5,116],"tags":[],"class_list":{"0":"post-7571","1":"post","2":"type-post","3":"status-publish","4":"format-standard","5":"has-post-thumbnail","7":"category-societe","8":"category-une1"},"yoast_head":"<!-- This site is optimized with the Yoast SEO plugin v27.5 - https:\/\/yoast.com\/product\/yoast-seo-wordpress\/ -->\n<title>CPG: Alain Ba Oumar d\u00e9missionne ! - Groupe D\u00e9p\u00eaches241<\/title>\n<meta name=\"description\" content=\"Alain Ba Oumar a pr\u00e9sent\u00e9 sa d\u00e9mission. Il ne sera plus le pr\u00e9sident de la conf\u00e9d\u00e9ration patronale gabonaise (CPG). Il a fait part de sa d\u00e9cision ce jour au cours d&#039;une session extraordinaire, qui a r\u00e9uni le Conseil d\u2019administration de la CPG.\" \/>\n<meta name=\"robots\" content=\"index, follow, max-snippet:-1, max-image-preview:large, max-video-preview:-1\" \/>\n<link rel=\"canonical\" href=\"https:\/\/depeches241.com\/?p=7571\" \/>\n<meta property=\"og:locale\" content=\"fr_FR\" \/>\n<meta property=\"og:type\" content=\"article\" \/>\n<meta property=\"og:title\" content=\"CPG: Alain Ba Oumar d\u00e9missionne ! - Groupe D\u00e9p\u00eaches241\" \/>\n<meta property=\"og:description\" content=\"Alain Ba Oumar a pr\u00e9sent\u00e9 sa d\u00e9mission. Il ne sera plus le pr\u00e9sident de la conf\u00e9d\u00e9ration patronale gabonaise (CPG). Il a fait part de sa d\u00e9cision ce jour au cours d&#039;une session extraordinaire, qui a r\u00e9uni le Conseil d\u2019administration de la CPG.\" \/>\n<meta property=\"og:url\" content=\"https:\/\/depeches241.com\/?p=7571\" \/>\n<meta property=\"og:site_name\" content=\"Groupe D\u00e9p\u00eaches241\" \/>\n<meta property=\"article:publisher\" content=\"https:\/\/www.facebook.com\/depeches241\" \/>\n<meta property=\"article:published_time\" content=\"2022-05-20T16:16:54+00:00\" \/>\n<meta property=\"article:modified_time\" content=\"2022-05-20T16:18:05+00:00\" \/>\n<meta property=\"og:image\" content=\"https:\/\/depeches241.com\/wp-content\/uploads\/2022\/05\/IMG-20220520-WA0091.jpg\" \/>\n\t<meta property=\"og:image:width\" content=\"960\" \/>\n\t<meta property=\"og:image:height\" content=\"540\" \/>\n\t<meta property=\"og:image:type\" content=\"image\/jpeg\" \/>\n<meta name=\"author\" content=\"R\u00e9daction\" \/>\n<meta name=\"twitter:card\" content=\"summary_large_image\" \/>\n<meta name=\"twitter:label1\" content=\"\u00c9crit par\" \/>\n\t<meta name=\"twitter:data1\" content=\"R\u00e9daction\" \/>\n\t<meta name=\"twitter:label2\" content=\"Dur\u00e9e de lecture estim\u00e9e\" \/>\n\t<meta name=\"twitter:data2\" content=\"2 minutes\" \/>\n<script type=\"application\/ld+json\" class=\"yoast-schema-graph\">{\"@context\":\"https:\\\/\\\/schema.org\",\"@graph\":[{\"@type\":\"Article\",\"@id\":\"https:\\\/\\\/depeches241.com\\\/?p=7571#article\",\"isPartOf\":{\"@id\":\"https:\\\/\\\/depeches241.com\\\/?p=7571\"},\"author\":{\"name\":\"R\u00e9daction\",\"@id\":\"https:\\\/\\\/depeches241.com\\\/#\\\/schema\\\/person\\\/977f23ecf7439b0805f4525a893a057a\"},\"headline\":\"CPG: Alain Ba Oumar d\u00e9missionne !\",\"datePublished\":\"2022-05-20T16:16:54+00:00\",\"dateModified\":\"2022-05-20T16:18:05+00:00\",\"mainEntityOfPage\":{\"@id\":\"https:\\\/\\\/depeches241.com\\\/?p=7571\"},\"wordCount\":384,\"commentCount\":0,\"publisher\":{\"@id\":\"https:\\\/\\\/depeches241.com\\\/#organization\"},\"image\":{\"@id\":\"https:\\\/\\\/depeches241.com\\\/?p=7571#primaryimage\"},\"thumbnailUrl\":\"https:\\\/\\\/depeches241.com\\\/wp-content\\\/uploads\\\/2022\\\/05\\\/IMG-20220520-WA0091.jpg\",\"articleSection\":[\"SOCIETE\",\"Une1\"],\"inLanguage\":\"fr-FR\",\"potentialAction\":[{\"@type\":\"CommentAction\",\"name\":\"Comment\",\"target\":[\"https:\\\/\\\/depeches241.com\\\/?p=7571#respond\"]}]},{\"@type\":\"WebPage\",\"@id\":\"https:\\\/\\\/depeches241.com\\\/?p=7571\",\"url\":\"https:\\\/\\\/depeches241.com\\\/?p=7571\",\"name\":\"CPG: Alain Ba Oumar d\u00e9missionne ! - Groupe D\u00e9p\u00eaches241\",\"isPartOf\":{\"@id\":\"https:\\\/\\\/depeches241.com\\\/#website\"},\"primaryImageOfPage\":{\"@id\":\"https:\\\/\\\/depeches241.com\\\/?p=7571#primaryimage\"},\"image\":{\"@id\":\"https:\\\/\\\/depeches241.com\\\/?p=7571#primaryimage\"},\"thumbnailUrl\":\"https:\\\/\\\/depeches241.com\\\/wp-content\\\/uploads\\\/2022\\\/05\\\/IMG-20220520-WA0091.jpg\",\"datePublished\":\"2022-05-20T16:16:54+00:00\",\"dateModified\":\"2022-05-20T16:18:05+00:00\",\"description\":\"Alain Ba Oumar a pr\u00e9sent\u00e9 sa d\u00e9mission. Il ne sera plus le pr\u00e9sident de la conf\u00e9d\u00e9ration patronale gabonaise (CPG). Il a fait part de sa d\u00e9cision ce jour au cours d'une session extraordinaire, qui a r\u00e9uni le Conseil d\u2019administration de la CPG.\",\"breadcrumb\":{\"@id\":\"https:\\\/\\\/depeches241.com\\\/?p=7571#breadcrumb\"},\"inLanguage\":\"fr-FR\",\"potentialAction\":[{\"@type\":\"ReadAction\",\"target\":[\"https:\\\/\\\/depeches241.com\\\/?p=7571\"]}]},{\"@type\":\"ImageObject\",\"inLanguage\":\"fr-FR\",\"@id\":\"https:\\\/\\\/depeches241.com\\\/?p=7571#primaryimage\",\"url\":\"https:\\\/\\\/depeches241.com\\\/wp-content\\\/uploads\\\/2022\\\/05\\\/IMG-20220520-WA0091.jpg\",\"contentUrl\":\"https:\\\/\\\/depeches241.com\\\/wp-content\\\/uploads\\\/2022\\\/05\\\/IMG-20220520-WA0091.jpg\",\"width\":960,\"height\":540},{\"@type\":\"BreadcrumbList\",\"@id\":\"https:\\\/\\\/depeches241.com\\\/?p=7571#breadcrumb\",\"itemListElement\":[{\"@type\":\"ListItem\",\"position\":1,\"name\":\"Accueil\",\"item\":\"https:\\\/\\\/depeches241.com\\\/\"},{\"@type\":\"ListItem\",\"position\":2,\"name\":\"CPG: Alain Ba Oumar d\u00e9missionne !\"}]},{\"@type\":\"WebSite\",\"@id\":\"https:\\\/\\\/depeches241.com\\\/#website\",\"url\":\"https:\\\/\\\/depeches241.com\\\/\",\"name\":\"D\u00e9p\u00eaches241\",\"description\":\"M\u00e9dia d&#039;actualit\u00e9 Politique, \u00c9conomique, Sociale et Internationale\",\"publisher\":{\"@id\":\"https:\\\/\\\/depeches241.com\\\/#organization\"},\"potentialAction\":[{\"@type\":\"SearchAction\",\"target\":{\"@type\":\"EntryPoint\",\"urlTemplate\":\"https:\\\/\\\/depeches241.com\\\/?s={search_term_string}\"},\"query-input\":{\"@type\":\"PropertyValueSpecification\",\"valueRequired\":true,\"valueName\":\"search_term_string\"}}],\"inLanguage\":\"fr-FR\"},{\"@type\":\"Organization\",\"@id\":\"https:\\\/\\\/depeches241.com\\\/#organization\",\"name\":\"Groupe D\u00e9p\u00eaches241\",\"url\":\"https:\\\/\\\/depeches241.com\\\/\",\"logo\":{\"@type\":\"ImageObject\",\"inLanguage\":\"fr-FR\",\"@id\":\"https:\\\/\\\/depeches241.com\\\/#\\\/schema\\\/logo\\\/image\\\/\",\"url\":\"https:\\\/\\\/depeches241.com\\\/wp-content\\\/uploads\\\/2021\\\/10\\\/cropped-Logo-new-Accueil.png\",\"contentUrl\":\"https:\\\/\\\/depeches241.com\\\/wp-content\\\/uploads\\\/2021\\\/10\\\/cropped-Logo-new-Accueil.png\",\"width\":320,\"height\":105,\"caption\":\"Groupe D\u00e9p\u00eaches241\"},\"image\":{\"@id\":\"https:\\\/\\\/depeches241.com\\\/#\\\/schema\\\/logo\\\/image\\\/\"},\"sameAs\":[\"https:\\\/\\\/www.facebook.com\\\/depeches241\"]},{\"@type\":\"Person\",\"@id\":\"https:\\\/\\\/depeches241.com\\\/#\\\/schema\\\/person\\\/977f23ecf7439b0805f4525a893a057a\",\"name\":\"R\u00e9daction\",\"image\":{\"@type\":\"ImageObject\",\"inLanguage\":\"fr-FR\",\"@id\":\"https:\\\/\\\/secure.gravatar.com\\\/avatar\\\/8c655dbc51e5c9289f919f15ce20847ab5a910f8369a17ca243b673da48541f5?s=96&d=mm&r=g\",\"url\":\"https:\\\/\\\/secure.gravatar.com\\\/avatar\\\/8c655dbc51e5c9289f919f15ce20847ab5a910f8369a17ca243b673da48541f5?s=96&d=mm&r=g\",\"contentUrl\":\"https:\\\/\\\/secure.gravatar.com\\\/avatar\\\/8c655dbc51e5c9289f919f15ce20847ab5a910f8369a17ca243b673da48541f5?s=96&d=mm&r=g\",\"caption\":\"R\u00e9daction\"},\"url\":\"https:\\\/\\\/depeches241.com\\\/?author=11\"}]}<\/script>\n<!-- \/ Yoast SEO plugin. -->","yoast_head_json":{"title":"CPG: Alain Ba Oumar d\u00e9missionne ! - Groupe D\u00e9p\u00eaches241","description":"Alain Ba Oumar a pr\u00e9sent\u00e9 sa d\u00e9mission. Il ne sera plus le pr\u00e9sident de la conf\u00e9d\u00e9ration patronale gabonaise (CPG). Il a fait part de sa d\u00e9cision ce jour au cours d'une session extraordinaire, qui a r\u00e9uni le Conseil d\u2019administration de la CPG.","robots":{"index":"index","follow":"follow","max-snippet":"max-snippet:-1","max-image-preview":"max-image-preview:large","max-video-preview":"max-video-preview:-1"},"canonical":"https:\/\/depeches241.com\/?p=7571","og_locale":"fr_FR","og_type":"article","og_title":"CPG: Alain Ba Oumar d\u00e9missionne ! - Groupe D\u00e9p\u00eaches241","og_description":"Alain Ba Oumar a pr\u00e9sent\u00e9 sa d\u00e9mission. Il ne sera plus le pr\u00e9sident de la conf\u00e9d\u00e9ration patronale gabonaise (CPG). Il a fait part de sa d\u00e9cision ce jour au cours d'une session extraordinaire, qui a r\u00e9uni le Conseil d\u2019administration de la CPG.","og_url":"https:\/\/depeches241.com\/?p=7571","og_site_name":"Groupe D\u00e9p\u00eaches241","article_publisher":"https:\/\/www.facebook.com\/depeches241","article_published_time":"2022-05-20T16:16:54+00:00","article_modified_time":"2022-05-20T16:18:05+00:00","og_image":[{"width":960,"height":540,"url":"https:\/\/depeches241.com\/wp-content\/uploads\/2022\/05\/IMG-20220520-WA0091.jpg","type":"image\/jpeg"}],"author":"R\u00e9daction","twitter_card":"summary_large_image","twitter_misc":{"\u00c9crit par":"R\u00e9daction","Dur\u00e9e de lecture estim\u00e9e":"2 minutes"},"schema":{"@context":"https:\/\/schema.org","@graph":[{"@type":"Article","@id":"https:\/\/depeches241.com\/?p=7571#article","isPartOf":{"@id":"https:\/\/depeches241.com\/?p=7571"},"author":{"name":"R\u00e9daction","@id":"https:\/\/depeches241.com\/#\/schema\/person\/977f23ecf7439b0805f4525a893a057a"},"headline":"CPG: Alain Ba Oumar d\u00e9missionne !","datePublished":"2022-05-20T16:16:54+00:00","dateModified":"2022-05-20T16:18:05+00:00","mainEntityOfPage":{"@id":"https:\/\/depeches241.com\/?p=7571"},"wordCount":384,"commentCount":0,"publisher":{"@id":"https:\/\/depeches241.com\/#organization"},"image":{"@id":"https:\/\/depeches241.com\/?p=7571#primaryimage"},"thumbnailUrl":"https:\/\/depeches241.com\/wp-content\/uploads\/2022\/05\/IMG-20220520-WA0091.jpg","articleSection":["SOCIETE","Une1"],"inLanguage":"fr-FR","potentialAction":[{"@type":"CommentAction","name":"Comment","target":["https:\/\/depeches241.com\/?p=7571#respond"]}]},{"@type":"WebPage","@id":"https:\/\/depeches241.com\/?p=7571","url":"https:\/\/depeches241.com\/?p=7571","name":"CPG: Alain Ba Oumar d\u00e9missionne ! - Groupe D\u00e9p\u00eaches241","isPartOf":{"@id":"https:\/\/depeches241.com\/#website"},"primaryImageOfPage":{"@id":"https:\/\/depeches241.com\/?p=7571#primaryimage"},"image":{"@id":"https:\/\/depeches241.com\/?p=7571#primaryimage"},"thumbnailUrl":"https:\/\/depeches241.com\/wp-content\/uploads\/2022\/05\/IMG-20220520-WA0091.jpg","datePublished":"2022-05-20T16:16:54+00:00","dateModified":"2022-05-20T16:18:05+00:00","description":"Alain Ba Oumar a pr\u00e9sent\u00e9 sa d\u00e9mission. Il ne sera plus le pr\u00e9sident de la conf\u00e9d\u00e9ration patronale gabonaise (CPG). Il a fait part de sa d\u00e9cision ce jour au cours d'une session extraordinaire, qui a r\u00e9uni le Conseil d\u2019administration de la CPG.","breadcrumb":{"@id":"https:\/\/depeches241.com\/?p=7571#breadcrumb"},"inLanguage":"fr-FR","potentialAction":[{"@type":"ReadAction","target":["https:\/\/depeches241.com\/?p=7571"]}]},{"@type":"ImageObject","inLanguage":"fr-FR","@id":"https:\/\/depeches241.com\/?p=7571#primaryimage","url":"https:\/\/depeches241.com\/wp-content\/uploads\/2022\/05\/IMG-20220520-WA0091.jpg","contentUrl":"https:\/\/depeches241.com\/wp-content\/uploads\/2022\/05\/IMG-20220520-WA0091.jpg","width":960,"height":540},{"@type":"BreadcrumbList","@id":"https:\/\/depeches241.com\/?p=7571#breadcrumb","itemListElement":[{"@type":"ListItem","position":1,"name":"Accueil","item":"https:\/\/depeches241.com\/"},{"@type":"ListItem","position":2,"name":"CPG: Alain Ba Oumar d\u00e9missionne !"}]},{"@type":"WebSite","@id":"https:\/\/depeches241.com\/#website","url":"https:\/\/depeches241.com\/","name":"D\u00e9p\u00eaches241","description":"M\u00e9dia d&#039;actualit\u00e9 Politique, \u00c9conomique, Sociale et Internationale","publisher":{"@id":"https:\/\/depeches241.com\/#organization"},"potentialAction":[{"@type":"SearchAction","target":{"@type":"EntryPoint","urlTemplate":"https:\/\/depeches241.com\/?s={search_term_string}"},"query-input":{"@type":"PropertyValueSpecification","valueRequired":true,"valueName":"search_term_string"}}],"inLanguage":"fr-FR"},{"@type":"Organization","@id":"https:\/\/depeches241.com\/#organization","name":"Groupe D\u00e9p\u00eaches241","url":"https:\/\/depeches241.com\/","logo":{"@type":"ImageObject","inLanguage":"fr-FR","@id":"https:\/\/depeches241.com\/#\/schema\/logo\/image\/","url":"https:\/\/depeches241.com\/wp-content\/uploads\/2021\/10\/cropped-Logo-new-Accueil.png","contentUrl":"https:\/\/depeches241.com\/wp-content\/uploads\/2021\/10\/cropped-Logo-new-Accueil.png","width":320,"height":105,"caption":"Groupe D\u00e9p\u00eaches241"},"image":{"@id":"https:\/\/depeches241.com\/#\/schema\/logo\/image\/"},"sameAs":["https:\/\/www.facebook.com\/depeches241"]},{"@type":"Person","@id":"https:\/\/depeches241.com\/#\/schema\/person\/977f23ecf7439b0805f4525a893a057a","name":"R\u00e9daction","image":{"@type":"ImageObject","inLanguage":"fr-FR","@id":"https:\/\/secure.gravatar.com\/avatar\/8c655dbc51e5c9289f919f15ce20847ab5a910f8369a17ca243b673da48541f5?s=96&d=mm&r=g","url":"https:\/\/secure.gravatar.com\/avatar\/8c655dbc51e5c9289f919f15ce20847ab5a910f8369a17ca243b673da48541f5?s=96&d=mm&r=g","contentUrl":"https:\/\/secure.gravatar.com\/avatar\/8c655dbc51e5c9289f919f15ce20847ab5a910f8369a17ca243b673da48541f5?s=96&d=mm&r=g","caption":"R\u00e9daction"},"url":"https:\/\/depeches241.com\/?author=11"}]}},"_links":{"self":[{"href":"https:\/\/depeches241.com\/index.php?rest_route=\/wp\/v2\/posts\/7571","targetHints":{"allow":["GET"]}}],"collection":[{"href":"https:\/\/depeches241.com\/index.php?rest_route=\/wp\/v2\/posts"}],"about":[{"href":"https:\/\/depeches241.com\/index.php?rest_route=\/wp\/v2\/types\/post"}],"author":[{"embeddable":true,"href":"https:\/\/depeches241.com\/index.php?rest_route=\/wp\/v2\/users\/11"}],"replies":[{"embeddable":true,"href":"https:\/\/depeches241.com\/index.php?rest_route=%2Fwp%2Fv2%2Fcomments&post=7571"}],"version-history":[{"count":2,"href":"https:\/\/depeches241.com\/index.php?rest_route=\/wp\/v2\/posts\/7571\/revisions"}],"predecessor-version":[{"id":7574,"href":"https:\/\/depeches241.com\/index.php?rest_route=\/wp\/v2\/posts\/7571\/revisions\/7574"}],"wp:featuredmedia":[{"embeddable":true,"href":"https:\/\/depeches241.com\/index.php?rest_route=\/wp\/v2\/media\/7572"}],"wp:attachment":[{"href":"https:\/\/depeches241.com\/index.php?rest_route=%2Fwp%2Fv2%2Fmedia&parent=7571"}],"wp:term":[{"taxonomy":"category","embeddable":true,"href":"https:\/\/depeches241.com\/index.php?rest_route=%2Fwp%2Fv2%2Fcategories&post=7571"},{"taxonomy":"post_tag","embeddable":true,"href":"https:\/\/depeches241.com\/index.php?rest_route=%2Fwp%2Fv2%2Ftags&post=7571"}],"curies":[{"name":"wp","href":"https:\/\/api.w.org\/{rel}","templated":true}]}}