{"id":7602,"date":"2022-05-23T14:23:56","date_gmt":"2022-05-23T12:23:56","guid":{"rendered":"http:\/\/depeches241.com\/?p=7602"},"modified":"2022-05-23T14:24:02","modified_gmt":"2022-05-23T12:24:02","slug":"setrag-enieme-deraillement-dun-train-mineralier","status":"publish","type":"post","link":"https:\/\/depeches241.com\/?p=7602","title":{"rendered":"Setrag: Eni\u00e8me d\u00e9raillement d&rsquo;un train min\u00e9ralier"},"content":{"rendered":"\n<figure class=\"wp-block-image size-full\"><img fetchpriority=\"high\" decoding=\"async\" width=\"960\" height=\"540\" src=\"http:\/\/depeches241.com\/wp-content\/uploads\/2022\/05\/DRIVE-IMAGES-DEPECHES-2022-05-23T131745.207.jpg\" alt=\"\" class=\"wp-image-7603\" srcset=\"https:\/\/depeches241.com\/wp-content\/uploads\/2022\/05\/DRIVE-IMAGES-DEPECHES-2022-05-23T131745.207.jpg 960w, https:\/\/depeches241.com\/wp-content\/uploads\/2022\/05\/DRIVE-IMAGES-DEPECHES-2022-05-23T131745.207-300x169.jpg 300w, https:\/\/depeches241.com\/wp-content\/uploads\/2022\/05\/DRIVE-IMAGES-DEPECHES-2022-05-23T131745.207-768x432.jpg 768w\" sizes=\"(max-width: 960px) 100vw, 960px\" \/><figcaption><strong><em>Une image devenue commune et r\u00e9currente pour le Gabonais \u00a9DR<\/em><\/strong> <\/figcaption><\/figure>\n\n\n\n<p style=\"font-size:17px\"><strong>Libreville, le 23 mai 2022-(D\u00e9p\u00eaches 241). L&rsquo;entreprise Setrag vient d&rsquo;enregistrer un&nbsp; 3\u00e8me d\u00e9raillement depuis le d\u00e9but de cette ann\u00e9e. Un \u00e9ni\u00e8me d\u00e9raillement qui trahit la v\u00e9tust\u00e9 des infrastructures du r\u00e9seau ferroviaire. Si aucune perte en vie humaine n&rsquo;a \u00e9t\u00e9 enregistr\u00e9e lors de ce dernier incident, on note toutefois 200 m\u00e8tres de voies endommag\u00e9es.<\/strong><\/p>\n\n\n\n<p class=\"has-drop-cap\" style=\"font-size:17px\">C&rsquo;est via un communiqu\u00e9 dat\u00e9 du 20 mai, que la soci\u00e9t\u00e9 Setrag a annonc\u00e9 un nouveau d\u00e9raillement d&rsquo;un train min\u00e9ralier. Il importe de souligner que depuis le d\u00e9but de cette ann\u00e9e, c&rsquo;est le 03\u00e8me d\u00e9raillement enregistr\u00e9 par cette entreprise. A cela, il faut ajouter 2 d\u00e9c\u00e8s de passagers survenus dans la m\u00eame p\u00e9riode. Marco Le\u00e2o De Miranda, Directeur maintenance et infrastructures fait le bilan de cet incident. <strong><em>\u00ab Treize wagons sont tomb\u00e9s lors de cet incident et il y a deux cents m\u00e8tres de&nbsp; voies qui sont \u00e0 refaire. Il n&rsquo;y a aucune personne bless\u00e9e. C&rsquo;est pour nous le plus important.\u00bb<\/em><\/strong> a-t-il indiqu\u00e9 au micro de Gabon 24.<\/p>\n\n\n\n<p style=\"font-size:17px\">Si cette fois aucune perte en vie humaine n&rsquo;est \u00e0 d\u00e9plorer, l&rsquo;on se souvient qu&rsquo;en 2019, une collision frontale entre deux trains marchandises avait caus\u00e9 la mort d&rsquo;un conducteur, son aide, et un agent prestataire entre les gares de Lop\u00e9 et d\u2019Offou\u00e9.&nbsp;<\/p>\n\n\n\n<p style=\"font-size:17px\">Le r\u00e9seau ferroviaire gabonais long de 648 km relie Franceville \u00e0 Libreville. Ce tron\u00e7on subit depuis 2015 un vaste programme de modernisation financ\u00e9 en partie par l\u2019Agence fran\u00e7aise de d\u00e9veloppement (AFD). En d\u00e9pit de ces vastes travaux de r\u00e9novation, le r\u00e9seau ferroviaire gabonais demeure accidentog\u00e8ne.&nbsp;<\/p>\n","protected":false},"excerpt":{"rendered":"<p>L&rsquo;entreprise Setrag vient d&rsquo;enregistrer un\u00a0 3\u00e8me d\u00e9raillement depuis le d\u00e9but de cette ann\u00e9e. Un \u00e9ni\u00e8me d\u00e9raillement qui trahit la v\u00e9tust\u00e9 des infrastructures du r\u00e9seau ferroviaire. Si aucune perte en vie humaine n&rsquo;a \u00e9t\u00e9 enregistr\u00e9e lors de ce dernier incident, on note toutefois 200 m\u00e8tres de voies endommag\u00e9es.<\/p>\n","protected":false},"author":11,"featured_media":7603,"comment_status":"open","ping_status":"open","sticky":false,"template":"","format":"standard","meta":{"om_disable_all_campaigns":false,"footnotes":""},"categories":[5,116],"tags":[99,1891,59,140,1892],"class_list":{"0":"post-7602","1":"post","2":"type-post","3":"status-publish","4":"format-standard","5":"has-post-thumbnail","7":"category-societe","8":"category-une1","9":"tag-depeches241","10":"tag-deraillement","11":"tag-gabon","12":"tag-setrag","13":"tag-train"},"yoast_head":"<!-- This site is optimized with the Yoast SEO plugin v27.5 - https:\/\/yoast.com\/product\/yoast-seo-wordpress\/ -->\n<title>Setrag: Eni\u00e8me d\u00e9raillement d&#039;un train min\u00e9ralier - Groupe D\u00e9p\u00eaches241<\/title>\n<meta name=\"description\" content=\"L&#039;entreprise Setrag vient d&#039;enregistrer un\u00a0 3\u00e8me d\u00e9raillement depuis le d\u00e9but de cette ann\u00e9e. Un \u00e9ni\u00e8me d\u00e9raillement qui trahit la v\u00e9tust\u00e9 des infrastructures du r\u00e9seau ferroviaire. Si aucune perte en vie humaine n&#039;a \u00e9t\u00e9 enregistr\u00e9e lors de ce dernier incident, on note toutefois 200 m\u00e8tres de voies endommag\u00e9es.\" \/>\n<meta name=\"robots\" content=\"index, follow, max-snippet:-1, max-image-preview:large, max-video-preview:-1\" \/>\n<link rel=\"canonical\" href=\"https:\/\/depeches241.com\/?p=7602\" \/>\n<meta property=\"og:locale\" content=\"fr_FR\" \/>\n<meta property=\"og:type\" content=\"article\" \/>\n<meta property=\"og:title\" content=\"Setrag: Eni\u00e8me d\u00e9raillement d&#039;un train min\u00e9ralier - Groupe D\u00e9p\u00eaches241\" \/>\n<meta property=\"og:description\" content=\"L&#039;entreprise Setrag vient d&#039;enregistrer un\u00a0 3\u00e8me d\u00e9raillement depuis le d\u00e9but de cette ann\u00e9e. Un \u00e9ni\u00e8me d\u00e9raillement qui trahit la v\u00e9tust\u00e9 des infrastructures du r\u00e9seau ferroviaire. Si aucune perte en vie humaine n&#039;a \u00e9t\u00e9 enregistr\u00e9e lors de ce dernier incident, on note toutefois 200 m\u00e8tres de voies endommag\u00e9es.\" \/>\n<meta property=\"og:url\" content=\"https:\/\/depeches241.com\/?p=7602\" \/>\n<meta property=\"og:site_name\" content=\"Groupe D\u00e9p\u00eaches241\" \/>\n<meta property=\"article:publisher\" content=\"https:\/\/www.facebook.com\/depeches241\" \/>\n<meta property=\"article:published_time\" content=\"2022-05-23T12:23:56+00:00\" \/>\n<meta property=\"article:modified_time\" content=\"2022-05-23T12:24:02+00:00\" \/>\n<meta property=\"og:image\" content=\"https:\/\/depeches241.com\/wp-content\/uploads\/2022\/05\/DRIVE-IMAGES-DEPECHES-2022-05-23T131745.207.jpg\" \/>\n\t<meta property=\"og:image:width\" content=\"960\" \/>\n\t<meta property=\"og:image:height\" content=\"540\" \/>\n\t<meta property=\"og:image:type\" content=\"image\/jpeg\" \/>\n<meta name=\"author\" content=\"R\u00e9daction\" \/>\n<meta name=\"twitter:card\" content=\"summary_large_image\" \/>\n<meta name=\"twitter:label1\" content=\"\u00c9crit par\" \/>\n\t<meta name=\"twitter:data1\" content=\"R\u00e9daction\" \/>\n\t<meta name=\"twitter:label2\" content=\"Dur\u00e9e de lecture estim\u00e9e\" \/>\n\t<meta name=\"twitter:data2\" content=\"2 minutes\" \/>\n<script type=\"application\/ld+json\" class=\"yoast-schema-graph\">{\"@context\":\"https:\\\/\\\/schema.org\",\"@graph\":[{\"@type\":\"Article\",\"@id\":\"https:\\\/\\\/depeches241.com\\\/?p=7602#article\",\"isPartOf\":{\"@id\":\"https:\\\/\\\/depeches241.com\\\/?p=7602\"},\"author\":{\"name\":\"R\u00e9daction\",\"@id\":\"https:\\\/\\\/depeches241.com\\\/#\\\/schema\\\/person\\\/977f23ecf7439b0805f4525a893a057a\"},\"headline\":\"Setrag: Eni\u00e8me d\u00e9raillement d&rsquo;un train min\u00e9ralier\",\"datePublished\":\"2022-05-23T12:23:56+00:00\",\"dateModified\":\"2022-05-23T12:24:02+00:00\",\"mainEntityOfPage\":{\"@id\":\"https:\\\/\\\/depeches241.com\\\/?p=7602\"},\"wordCount\":297,\"commentCount\":0,\"publisher\":{\"@id\":\"https:\\\/\\\/depeches241.com\\\/#organization\"},\"image\":{\"@id\":\"https:\\\/\\\/depeches241.com\\\/?p=7602#primaryimage\"},\"thumbnailUrl\":\"https:\\\/\\\/depeches241.com\\\/wp-content\\\/uploads\\\/2022\\\/05\\\/DRIVE-IMAGES-DEPECHES-2022-05-23T131745.207.jpg\",\"keywords\":[\"depeches241\",\"d\u00e9raillement\",\"Gabon\",\"Setrag\",\"train\"],\"articleSection\":[\"SOCIETE\",\"Une1\"],\"inLanguage\":\"fr-FR\",\"potentialAction\":[{\"@type\":\"CommentAction\",\"name\":\"Comment\",\"target\":[\"https:\\\/\\\/depeches241.com\\\/?p=7602#respond\"]}]},{\"@type\":\"WebPage\",\"@id\":\"https:\\\/\\\/depeches241.com\\\/?p=7602\",\"url\":\"https:\\\/\\\/depeches241.com\\\/?p=7602\",\"name\":\"Setrag: Eni\u00e8me d\u00e9raillement d'un train min\u00e9ralier - Groupe D\u00e9p\u00eaches241\",\"isPartOf\":{\"@id\":\"https:\\\/\\\/depeches241.com\\\/#website\"},\"primaryImageOfPage\":{\"@id\":\"https:\\\/\\\/depeches241.com\\\/?p=7602#primaryimage\"},\"image\":{\"@id\":\"https:\\\/\\\/depeches241.com\\\/?p=7602#primaryimage\"},\"thumbnailUrl\":\"https:\\\/\\\/depeches241.com\\\/wp-content\\\/uploads\\\/2022\\\/05\\\/DRIVE-IMAGES-DEPECHES-2022-05-23T131745.207.jpg\",\"datePublished\":\"2022-05-23T12:23:56+00:00\",\"dateModified\":\"2022-05-23T12:24:02+00:00\",\"description\":\"L'entreprise Setrag vient d'enregistrer un\u00a0 3\u00e8me d\u00e9raillement depuis le d\u00e9but de cette ann\u00e9e. Un \u00e9ni\u00e8me d\u00e9raillement qui trahit la v\u00e9tust\u00e9 des infrastructures du r\u00e9seau ferroviaire. Si aucune perte en vie humaine n'a \u00e9t\u00e9 enregistr\u00e9e lors de ce dernier incident, on note toutefois 200 m\u00e8tres de voies endommag\u00e9es.\",\"breadcrumb\":{\"@id\":\"https:\\\/\\\/depeches241.com\\\/?p=7602#breadcrumb\"},\"inLanguage\":\"fr-FR\",\"potentialAction\":[{\"@type\":\"ReadAction\",\"target\":[\"https:\\\/\\\/depeches241.com\\\/?p=7602\"]}]},{\"@type\":\"ImageObject\",\"inLanguage\":\"fr-FR\",\"@id\":\"https:\\\/\\\/depeches241.com\\\/?p=7602#primaryimage\",\"url\":\"https:\\\/\\\/depeches241.com\\\/wp-content\\\/uploads\\\/2022\\\/05\\\/DRIVE-IMAGES-DEPECHES-2022-05-23T131745.207.jpg\",\"contentUrl\":\"https:\\\/\\\/depeches241.com\\\/wp-content\\\/uploads\\\/2022\\\/05\\\/DRIVE-IMAGES-DEPECHES-2022-05-23T131745.207.jpg\",\"width\":960,\"height\":540},{\"@type\":\"BreadcrumbList\",\"@id\":\"https:\\\/\\\/depeches241.com\\\/?p=7602#breadcrumb\",\"itemListElement\":[{\"@type\":\"ListItem\",\"position\":1,\"name\":\"Accueil\",\"item\":\"https:\\\/\\\/depeches241.com\\\/\"},{\"@type\":\"ListItem\",\"position\":2,\"name\":\"Setrag: Eni\u00e8me d\u00e9raillement d&#8217;un train min\u00e9ralier\"}]},{\"@type\":\"WebSite\",\"@id\":\"https:\\\/\\\/depeches241.com\\\/#website\",\"url\":\"https:\\\/\\\/depeches241.com\\\/\",\"name\":\"D\u00e9p\u00eaches241\",\"description\":\"M\u00e9dia d&#039;actualit\u00e9 Politique, \u00c9conomique, Sociale et Internationale\",\"publisher\":{\"@id\":\"https:\\\/\\\/depeches241.com\\\/#organization\"},\"potentialAction\":[{\"@type\":\"SearchAction\",\"target\":{\"@type\":\"EntryPoint\",\"urlTemplate\":\"https:\\\/\\\/depeches241.com\\\/?s={search_term_string}\"},\"query-input\":{\"@type\":\"PropertyValueSpecification\",\"valueRequired\":true,\"valueName\":\"search_term_string\"}}],\"inLanguage\":\"fr-FR\"},{\"@type\":\"Organization\",\"@id\":\"https:\\\/\\\/depeches241.com\\\/#organization\",\"name\":\"Groupe D\u00e9p\u00eaches241\",\"url\":\"https:\\\/\\\/depeches241.com\\\/\",\"logo\":{\"@type\":\"ImageObject\",\"inLanguage\":\"fr-FR\",\"@id\":\"https:\\\/\\\/depeches241.com\\\/#\\\/schema\\\/logo\\\/image\\\/\",\"url\":\"https:\\\/\\\/depeches241.com\\\/wp-content\\\/uploads\\\/2021\\\/10\\\/cropped-Logo-new-Accueil.png\",\"contentUrl\":\"https:\\\/\\\/depeches241.com\\\/wp-content\\\/uploads\\\/2021\\\/10\\\/cropped-Logo-new-Accueil.png\",\"width\":320,\"height\":105,\"caption\":\"Groupe D\u00e9p\u00eaches241\"},\"image\":{\"@id\":\"https:\\\/\\\/depeches241.com\\\/#\\\/schema\\\/logo\\\/image\\\/\"},\"sameAs\":[\"https:\\\/\\\/www.facebook.com\\\/depeches241\"]},{\"@type\":\"Person\",\"@id\":\"https:\\\/\\\/depeches241.com\\\/#\\\/schema\\\/person\\\/977f23ecf7439b0805f4525a893a057a\",\"name\":\"R\u00e9daction\",\"image\":{\"@type\":\"ImageObject\",\"inLanguage\":\"fr-FR\",\"@id\":\"https:\\\/\\\/secure.gravatar.com\\\/avatar\\\/8c655dbc51e5c9289f919f15ce20847ab5a910f8369a17ca243b673da48541f5?s=96&d=mm&r=g\",\"url\":\"https:\\\/\\\/secure.gravatar.com\\\/avatar\\\/8c655dbc51e5c9289f919f15ce20847ab5a910f8369a17ca243b673da48541f5?s=96&d=mm&r=g\",\"contentUrl\":\"https:\\\/\\\/secure.gravatar.com\\\/avatar\\\/8c655dbc51e5c9289f919f15ce20847ab5a910f8369a17ca243b673da48541f5?s=96&d=mm&r=g\",\"caption\":\"R\u00e9daction\"},\"url\":\"https:\\\/\\\/depeches241.com\\\/?author=11\"}]}<\/script>\n<!-- \/ Yoast SEO plugin. -->","yoast_head_json":{"title":"Setrag: Eni\u00e8me d\u00e9raillement d'un train min\u00e9ralier - Groupe D\u00e9p\u00eaches241","description":"L'entreprise Setrag vient d'enregistrer un\u00a0 3\u00e8me d\u00e9raillement depuis le d\u00e9but de cette ann\u00e9e. Un \u00e9ni\u00e8me d\u00e9raillement qui trahit la v\u00e9tust\u00e9 des infrastructures du r\u00e9seau ferroviaire. Si aucune perte en vie humaine n'a \u00e9t\u00e9 enregistr\u00e9e lors de ce dernier incident, on note toutefois 200 m\u00e8tres de voies endommag\u00e9es.","robots":{"index":"index","follow":"follow","max-snippet":"max-snippet:-1","max-image-preview":"max-image-preview:large","max-video-preview":"max-video-preview:-1"},"canonical":"https:\/\/depeches241.com\/?p=7602","og_locale":"fr_FR","og_type":"article","og_title":"Setrag: Eni\u00e8me d\u00e9raillement d'un train min\u00e9ralier - Groupe D\u00e9p\u00eaches241","og_description":"L'entreprise Setrag vient d'enregistrer un\u00a0 3\u00e8me d\u00e9raillement depuis le d\u00e9but de cette ann\u00e9e. Un \u00e9ni\u00e8me d\u00e9raillement qui trahit la v\u00e9tust\u00e9 des infrastructures du r\u00e9seau ferroviaire. Si aucune perte en vie humaine n'a \u00e9t\u00e9 enregistr\u00e9e lors de ce dernier incident, on note toutefois 200 m\u00e8tres de voies endommag\u00e9es.","og_url":"https:\/\/depeches241.com\/?p=7602","og_site_name":"Groupe D\u00e9p\u00eaches241","article_publisher":"https:\/\/www.facebook.com\/depeches241","article_published_time":"2022-05-23T12:23:56+00:00","article_modified_time":"2022-05-23T12:24:02+00:00","og_image":[{"width":960,"height":540,"url":"https:\/\/depeches241.com\/wp-content\/uploads\/2022\/05\/DRIVE-IMAGES-DEPECHES-2022-05-23T131745.207.jpg","type":"image\/jpeg"}],"author":"R\u00e9daction","twitter_card":"summary_large_image","twitter_misc":{"\u00c9crit par":"R\u00e9daction","Dur\u00e9e de lecture estim\u00e9e":"2 minutes"},"schema":{"@context":"https:\/\/schema.org","@graph":[{"@type":"Article","@id":"https:\/\/depeches241.com\/?p=7602#article","isPartOf":{"@id":"https:\/\/depeches241.com\/?p=7602"},"author":{"name":"R\u00e9daction","@id":"https:\/\/depeches241.com\/#\/schema\/person\/977f23ecf7439b0805f4525a893a057a"},"headline":"Setrag: Eni\u00e8me d\u00e9raillement d&rsquo;un train min\u00e9ralier","datePublished":"2022-05-23T12:23:56+00:00","dateModified":"2022-05-23T12:24:02+00:00","mainEntityOfPage":{"@id":"https:\/\/depeches241.com\/?p=7602"},"wordCount":297,"commentCount":0,"publisher":{"@id":"https:\/\/depeches241.com\/#organization"},"image":{"@id":"https:\/\/depeches241.com\/?p=7602#primaryimage"},"thumbnailUrl":"https:\/\/depeches241.com\/wp-content\/uploads\/2022\/05\/DRIVE-IMAGES-DEPECHES-2022-05-23T131745.207.jpg","keywords":["depeches241","d\u00e9raillement","Gabon","Setrag","train"],"articleSection":["SOCIETE","Une1"],"inLanguage":"fr-FR","potentialAction":[{"@type":"CommentAction","name":"Comment","target":["https:\/\/depeches241.com\/?p=7602#respond"]}]},{"@type":"WebPage","@id":"https:\/\/depeches241.com\/?p=7602","url":"https:\/\/depeches241.com\/?p=7602","name":"Setrag: Eni\u00e8me d\u00e9raillement d'un train min\u00e9ralier - Groupe D\u00e9p\u00eaches241","isPartOf":{"@id":"https:\/\/depeches241.com\/#website"},"primaryImageOfPage":{"@id":"https:\/\/depeches241.com\/?p=7602#primaryimage"},"image":{"@id":"https:\/\/depeches241.com\/?p=7602#primaryimage"},"thumbnailUrl":"https:\/\/depeches241.com\/wp-content\/uploads\/2022\/05\/DRIVE-IMAGES-DEPECHES-2022-05-23T131745.207.jpg","datePublished":"2022-05-23T12:23:56+00:00","dateModified":"2022-05-23T12:24:02+00:00","description":"L'entreprise Setrag vient d'enregistrer un\u00a0 3\u00e8me d\u00e9raillement depuis le d\u00e9but de cette ann\u00e9e. Un \u00e9ni\u00e8me d\u00e9raillement qui trahit la v\u00e9tust\u00e9 des infrastructures du r\u00e9seau ferroviaire. Si aucune perte en vie humaine n'a \u00e9t\u00e9 enregistr\u00e9e lors de ce dernier incident, on note toutefois 200 m\u00e8tres de voies endommag\u00e9es.","breadcrumb":{"@id":"https:\/\/depeches241.com\/?p=7602#breadcrumb"},"inLanguage":"fr-FR","potentialAction":[{"@type":"ReadAction","target":["https:\/\/depeches241.com\/?p=7602"]}]},{"@type":"ImageObject","inLanguage":"fr-FR","@id":"https:\/\/depeches241.com\/?p=7602#primaryimage","url":"https:\/\/depeches241.com\/wp-content\/uploads\/2022\/05\/DRIVE-IMAGES-DEPECHES-2022-05-23T131745.207.jpg","contentUrl":"https:\/\/depeches241.com\/wp-content\/uploads\/2022\/05\/DRIVE-IMAGES-DEPECHES-2022-05-23T131745.207.jpg","width":960,"height":540},{"@type":"BreadcrumbList","@id":"https:\/\/depeches241.com\/?p=7602#breadcrumb","itemListElement":[{"@type":"ListItem","position":1,"name":"Accueil","item":"https:\/\/depeches241.com\/"},{"@type":"ListItem","position":2,"name":"Setrag: Eni\u00e8me d\u00e9raillement d&#8217;un train min\u00e9ralier"}]},{"@type":"WebSite","@id":"https:\/\/depeches241.com\/#website","url":"https:\/\/depeches241.com\/","name":"D\u00e9p\u00eaches241","description":"M\u00e9dia d&#039;actualit\u00e9 Politique, \u00c9conomique, Sociale et Internationale","publisher":{"@id":"https:\/\/depeches241.com\/#organization"},"potentialAction":[{"@type":"SearchAction","target":{"@type":"EntryPoint","urlTemplate":"https:\/\/depeches241.com\/?s={search_term_string}"},"query-input":{"@type":"PropertyValueSpecification","valueRequired":true,"valueName":"search_term_string"}}],"inLanguage":"fr-FR"},{"@type":"Organization","@id":"https:\/\/depeches241.com\/#organization","name":"Groupe D\u00e9p\u00eaches241","url":"https:\/\/depeches241.com\/","logo":{"@type":"ImageObject","inLanguage":"fr-FR","@id":"https:\/\/depeches241.com\/#\/schema\/logo\/image\/","url":"https:\/\/depeches241.com\/wp-content\/uploads\/2021\/10\/cropped-Logo-new-Accueil.png","contentUrl":"https:\/\/depeches241.com\/wp-content\/uploads\/2021\/10\/cropped-Logo-new-Accueil.png","width":320,"height":105,"caption":"Groupe D\u00e9p\u00eaches241"},"image":{"@id":"https:\/\/depeches241.com\/#\/schema\/logo\/image\/"},"sameAs":["https:\/\/www.facebook.com\/depeches241"]},{"@type":"Person","@id":"https:\/\/depeches241.com\/#\/schema\/person\/977f23ecf7439b0805f4525a893a057a","name":"R\u00e9daction","image":{"@type":"ImageObject","inLanguage":"fr-FR","@id":"https:\/\/secure.gravatar.com\/avatar\/8c655dbc51e5c9289f919f15ce20847ab5a910f8369a17ca243b673da48541f5?s=96&d=mm&r=g","url":"https:\/\/secure.gravatar.com\/avatar\/8c655dbc51e5c9289f919f15ce20847ab5a910f8369a17ca243b673da48541f5?s=96&d=mm&r=g","contentUrl":"https:\/\/secure.gravatar.com\/avatar\/8c655dbc51e5c9289f919f15ce20847ab5a910f8369a17ca243b673da48541f5?s=96&d=mm&r=g","caption":"R\u00e9daction"},"url":"https:\/\/depeches241.com\/?author=11"}]}},"_links":{"self":[{"href":"https:\/\/depeches241.com\/index.php?rest_route=\/wp\/v2\/posts\/7602","targetHints":{"allow":["GET"]}}],"collection":[{"href":"https:\/\/depeches241.com\/index.php?rest_route=\/wp\/v2\/posts"}],"about":[{"href":"https:\/\/depeches241.com\/index.php?rest_route=\/wp\/v2\/types\/post"}],"author":[{"embeddable":true,"href":"https:\/\/depeches241.com\/index.php?rest_route=\/wp\/v2\/users\/11"}],"replies":[{"embeddable":true,"href":"https:\/\/depeches241.com\/index.php?rest_route=%2Fwp%2Fv2%2Fcomments&post=7602"}],"version-history":[{"count":1,"href":"https:\/\/depeches241.com\/index.php?rest_route=\/wp\/v2\/posts\/7602\/revisions"}],"predecessor-version":[{"id":7604,"href":"https:\/\/depeches241.com\/index.php?rest_route=\/wp\/v2\/posts\/7602\/revisions\/7604"}],"wp:featuredmedia":[{"embeddable":true,"href":"https:\/\/depeches241.com\/index.php?rest_route=\/wp\/v2\/media\/7603"}],"wp:attachment":[{"href":"https:\/\/depeches241.com\/index.php?rest_route=%2Fwp%2Fv2%2Fmedia&parent=7602"}],"wp:term":[{"taxonomy":"category","embeddable":true,"href":"https:\/\/depeches241.com\/index.php?rest_route=%2Fwp%2Fv2%2Fcategories&post=7602"},{"taxonomy":"post_tag","embeddable":true,"href":"https:\/\/depeches241.com\/index.php?rest_route=%2Fwp%2Fv2%2Ftags&post=7602"}],"curies":[{"name":"wp","href":"https:\/\/api.w.org\/{rel}","templated":true}]}}