{"id":7968,"date":"2022-06-08T12:54:40","date_gmt":"2022-06-08T10:54:40","guid":{"rendered":"http:\/\/depeches241.com\/?p=7968"},"modified":"2022-06-08T12:54:45","modified_gmt":"2022-06-08T10:54:45","slug":"gabon-christophe-eyi-nomme-administrateur-provisoire-de-la-cnss","status":"publish","type":"post","link":"https:\/\/depeches241.com\/?p=7968","title":{"rendered":"Gabon: Christophe Eyi nomm\u00e9 administrateur provisoire de la CNSS"},"content":{"rendered":"\n<figure class=\"wp-block-image size-full\"><img fetchpriority=\"high\" decoding=\"async\" width=\"960\" height=\"540\" src=\"http:\/\/depeches241.com\/wp-content\/uploads\/2022\/06\/DRIVE-IMAGES-DEPECHES-2022-06-08T114008.363.jpg\" alt=\"\" class=\"wp-image-7969\" srcset=\"https:\/\/depeches241.com\/wp-content\/uploads\/2022\/06\/DRIVE-IMAGES-DEPECHES-2022-06-08T114008.363.jpg 960w, https:\/\/depeches241.com\/wp-content\/uploads\/2022\/06\/DRIVE-IMAGES-DEPECHES-2022-06-08T114008.363-300x169.jpg 300w, https:\/\/depeches241.com\/wp-content\/uploads\/2022\/06\/DRIVE-IMAGES-DEPECHES-2022-06-08T114008.363-768x432.jpg 768w\" sizes=\"(max-width: 960px) 100vw, 960px\" \/><figcaption><strong><em>Christophe Eyi, l&rsquo;ancien patron de la CDC est d\u00e9sormais celui qui a la charge de sauver la CNSS \u00a9DR<\/em><\/strong> <\/figcaption><\/figure>\n\n\n\n<p style=\"font-size:17px\"><strong>Libreville, le 8 juin 2022 &#8211; (D\u00e9p\u00eaches 241). Le conseil des ministres qui s&rsquo;est tenu hier, a ent\u00e9rin\u00e9 la dissolution du conseil d&rsquo;administration et la cessation des fonctions des membres de la Direction g\u00e9n\u00e9rale de la Caisse nationale de S\u00e9curit\u00e9 Sociale. Dans le m\u00eame temps, une administration provisoire a \u00e9t\u00e9 mise en place. Celle-ci sera dirig\u00e9e par Christophe Eyi.&nbsp;<\/strong><\/p>\n\n\n\n<p class=\"has-drop-cap\" style=\"font-size:17px\">Exit Patrick Ossi Okori. Pour tenter de sauver la Caisse nationale de s\u00e9curit\u00e9 sociale, aujourd&rsquo;hui en proie \u00e0 une crise sans pr\u00e9c\u00e9dent, le Conseil des ministres qui s&rsquo;est tenu hier, a mis en place une administration provisoire qui sera dirig\u00e9e par S\u00e9bastien Eyi.&nbsp;<\/p>\n\n\n\n<p style=\"font-size:17px\">Toujours selon le communiqu\u00e9 final du conseil des ministres, cette administration provisoire aura pour mission d&rsquo;assurer la gestion des affaires courantes, mais surtout de mener une r\u00e9forme de la CNSS sur une p\u00e9riode de 12 mois.&nbsp;<\/p>\n\n\n\n<p style=\"font-size:17px\">Depuis quelques mois, la Caisse nationale de s\u00e9curit\u00e9 sociale \u00e9prouve d&rsquo;\u00e9normes difficult\u00e9s pour payer les pensions ainsi que les salaires des employ\u00e9s. Ce dernier remplace Patrick Ossi Okori, promu lors du Conseil des ministres du mardi 23 mars 2021.<\/p>\n","protected":false},"excerpt":{"rendered":"<p>Le conseil des ministres qui s&rsquo;est tenu hier, a ent\u00e9rin\u00e9 la dissolution du conseil d&rsquo;administration et la cessation des fonctions des membres de la Direction g\u00e9n\u00e9rale de la Caisse nationale de S\u00e9curit\u00e9 Sociale. Dans le m\u00eame temps, une administration provisoire a \u00e9t\u00e9 mise en place. Celle-ci sera dirig\u00e9e par Christophe Eyi<\/p>\n","protected":false},"author":11,"featured_media":7969,"comment_status":"open","ping_status":"open","sticky":false,"template":"","format":"standard","meta":{"om_disable_all_campaigns":false,"footnotes":""},"categories":[38,5,116],"tags":[1947,863,99,59,42],"class_list":{"0":"post-7968","1":"post","2":"type-post","3":"status-publish","4":"format-standard","5":"has-post-thumbnail","7":"category-sante","8":"category-societe","9":"category-une1","10":"tag-christophe-eyi","11":"tag-cnss","12":"tag-depeches241","13":"tag-gabon","14":"tag-societe"},"yoast_head":"<!-- This site is optimized with the Yoast SEO plugin v27.5 - https:\/\/yoast.com\/product\/yoast-seo-wordpress\/ -->\n<title>Gabon: Christophe Eyi nomm\u00e9 administrateur provisoire de la CNSS - Groupe D\u00e9p\u00eaches241<\/title>\n<meta name=\"description\" content=\"Le conseil des ministres qui s&#039;est tenu hier, a ent\u00e9rin\u00e9 la dissolution du conseil d&#039;administration et la cessation des fonctions des membres de la Direction g\u00e9n\u00e9rale de la Caisse nationale de S\u00e9curit\u00e9 Sociale. Dans le m\u00eame temps, une administration provisoire a \u00e9t\u00e9 mise en place. Celle-ci sera dirig\u00e9e par Christophe Eyi\" \/>\n<meta name=\"robots\" content=\"index, follow, max-snippet:-1, max-image-preview:large, max-video-preview:-1\" \/>\n<link rel=\"canonical\" href=\"https:\/\/depeches241.com\/?p=7968\" \/>\n<meta property=\"og:locale\" content=\"fr_FR\" \/>\n<meta property=\"og:type\" content=\"article\" \/>\n<meta property=\"og:title\" content=\"Gabon: Christophe Eyi nomm\u00e9 administrateur provisoire de la CNSS - Groupe D\u00e9p\u00eaches241\" \/>\n<meta property=\"og:description\" content=\"Le conseil des ministres qui s&#039;est tenu hier, a ent\u00e9rin\u00e9 la dissolution du conseil d&#039;administration et la cessation des fonctions des membres de la Direction g\u00e9n\u00e9rale de la Caisse nationale de S\u00e9curit\u00e9 Sociale. Dans le m\u00eame temps, une administration provisoire a \u00e9t\u00e9 mise en place. Celle-ci sera dirig\u00e9e par Christophe Eyi\" \/>\n<meta property=\"og:url\" content=\"https:\/\/depeches241.com\/?p=7968\" \/>\n<meta property=\"og:site_name\" content=\"Groupe D\u00e9p\u00eaches241\" \/>\n<meta property=\"article:publisher\" content=\"https:\/\/www.facebook.com\/depeches241\" \/>\n<meta property=\"article:published_time\" content=\"2022-06-08T10:54:40+00:00\" \/>\n<meta property=\"article:modified_time\" content=\"2022-06-08T10:54:45+00:00\" \/>\n<meta property=\"og:image\" content=\"https:\/\/depeches241.com\/wp-content\/uploads\/2022\/06\/DRIVE-IMAGES-DEPECHES-2022-06-08T114008.363.jpg\" \/>\n\t<meta property=\"og:image:width\" content=\"960\" \/>\n\t<meta property=\"og:image:height\" content=\"540\" \/>\n\t<meta property=\"og:image:type\" content=\"image\/jpeg\" \/>\n<meta name=\"author\" content=\"R\u00e9daction\" \/>\n<meta name=\"twitter:card\" content=\"summary_large_image\" \/>\n<meta name=\"twitter:label1\" content=\"\u00c9crit par\" \/>\n\t<meta name=\"twitter:data1\" content=\"R\u00e9daction\" \/>\n\t<meta name=\"twitter:label2\" content=\"Dur\u00e9e de lecture estim\u00e9e\" \/>\n\t<meta name=\"twitter:data2\" content=\"2 minutes\" \/>\n<script type=\"application\/ld+json\" class=\"yoast-schema-graph\">{\"@context\":\"https:\\\/\\\/schema.org\",\"@graph\":[{\"@type\":\"Article\",\"@id\":\"https:\\\/\\\/depeches241.com\\\/?p=7968#article\",\"isPartOf\":{\"@id\":\"https:\\\/\\\/depeches241.com\\\/?p=7968\"},\"author\":{\"name\":\"R\u00e9daction\",\"@id\":\"https:\\\/\\\/depeches241.com\\\/#\\\/schema\\\/person\\\/977f23ecf7439b0805f4525a893a057a\"},\"headline\":\"Gabon: Christophe Eyi nomm\u00e9 administrateur provisoire de la CNSS\",\"datePublished\":\"2022-06-08T10:54:40+00:00\",\"dateModified\":\"2022-06-08T10:54:45+00:00\",\"mainEntityOfPage\":{\"@id\":\"https:\\\/\\\/depeches241.com\\\/?p=7968\"},\"wordCount\":221,\"commentCount\":0,\"publisher\":{\"@id\":\"https:\\\/\\\/depeches241.com\\\/#organization\"},\"image\":{\"@id\":\"https:\\\/\\\/depeches241.com\\\/?p=7968#primaryimage\"},\"thumbnailUrl\":\"https:\\\/\\\/depeches241.com\\\/wp-content\\\/uploads\\\/2022\\\/06\\\/DRIVE-IMAGES-DEPECHES-2022-06-08T114008.363.jpg\",\"keywords\":[\"Christophe Eyi\",\"CNSS\",\"depeches241\",\"Gabon\",\"soci\u00e9t\u00e9\"],\"articleSection\":[\"Sant\u00e9\",\"SOCIETE\",\"Une1\"],\"inLanguage\":\"fr-FR\",\"potentialAction\":[{\"@type\":\"CommentAction\",\"name\":\"Comment\",\"target\":[\"https:\\\/\\\/depeches241.com\\\/?p=7968#respond\"]}]},{\"@type\":\"WebPage\",\"@id\":\"https:\\\/\\\/depeches241.com\\\/?p=7968\",\"url\":\"https:\\\/\\\/depeches241.com\\\/?p=7968\",\"name\":\"Gabon: Christophe Eyi nomm\u00e9 administrateur provisoire de la CNSS - Groupe D\u00e9p\u00eaches241\",\"isPartOf\":{\"@id\":\"https:\\\/\\\/depeches241.com\\\/#website\"},\"primaryImageOfPage\":{\"@id\":\"https:\\\/\\\/depeches241.com\\\/?p=7968#primaryimage\"},\"image\":{\"@id\":\"https:\\\/\\\/depeches241.com\\\/?p=7968#primaryimage\"},\"thumbnailUrl\":\"https:\\\/\\\/depeches241.com\\\/wp-content\\\/uploads\\\/2022\\\/06\\\/DRIVE-IMAGES-DEPECHES-2022-06-08T114008.363.jpg\",\"datePublished\":\"2022-06-08T10:54:40+00:00\",\"dateModified\":\"2022-06-08T10:54:45+00:00\",\"description\":\"Le conseil des ministres qui s'est tenu hier, a ent\u00e9rin\u00e9 la dissolution du conseil d'administration et la cessation des fonctions des membres de la Direction g\u00e9n\u00e9rale de la Caisse nationale de S\u00e9curit\u00e9 Sociale. Dans le m\u00eame temps, une administration provisoire a \u00e9t\u00e9 mise en place. Celle-ci sera dirig\u00e9e par Christophe Eyi\",\"breadcrumb\":{\"@id\":\"https:\\\/\\\/depeches241.com\\\/?p=7968#breadcrumb\"},\"inLanguage\":\"fr-FR\",\"potentialAction\":[{\"@type\":\"ReadAction\",\"target\":[\"https:\\\/\\\/depeches241.com\\\/?p=7968\"]}]},{\"@type\":\"ImageObject\",\"inLanguage\":\"fr-FR\",\"@id\":\"https:\\\/\\\/depeches241.com\\\/?p=7968#primaryimage\",\"url\":\"https:\\\/\\\/depeches241.com\\\/wp-content\\\/uploads\\\/2022\\\/06\\\/DRIVE-IMAGES-DEPECHES-2022-06-08T114008.363.jpg\",\"contentUrl\":\"https:\\\/\\\/depeches241.com\\\/wp-content\\\/uploads\\\/2022\\\/06\\\/DRIVE-IMAGES-DEPECHES-2022-06-08T114008.363.jpg\",\"width\":960,\"height\":540},{\"@type\":\"BreadcrumbList\",\"@id\":\"https:\\\/\\\/depeches241.com\\\/?p=7968#breadcrumb\",\"itemListElement\":[{\"@type\":\"ListItem\",\"position\":1,\"name\":\"Accueil\",\"item\":\"https:\\\/\\\/depeches241.com\\\/\"},{\"@type\":\"ListItem\",\"position\":2,\"name\":\"Gabon: Christophe Eyi nomm\u00e9 administrateur provisoire de la CNSS\"}]},{\"@type\":\"WebSite\",\"@id\":\"https:\\\/\\\/depeches241.com\\\/#website\",\"url\":\"https:\\\/\\\/depeches241.com\\\/\",\"name\":\"D\u00e9p\u00eaches241\",\"description\":\"M\u00e9dia d&#039;actualit\u00e9 Politique, \u00c9conomique, Sociale et Internationale\",\"publisher\":{\"@id\":\"https:\\\/\\\/depeches241.com\\\/#organization\"},\"potentialAction\":[{\"@type\":\"SearchAction\",\"target\":{\"@type\":\"EntryPoint\",\"urlTemplate\":\"https:\\\/\\\/depeches241.com\\\/?s={search_term_string}\"},\"query-input\":{\"@type\":\"PropertyValueSpecification\",\"valueRequired\":true,\"valueName\":\"search_term_string\"}}],\"inLanguage\":\"fr-FR\"},{\"@type\":\"Organization\",\"@id\":\"https:\\\/\\\/depeches241.com\\\/#organization\",\"name\":\"Groupe D\u00e9p\u00eaches241\",\"url\":\"https:\\\/\\\/depeches241.com\\\/\",\"logo\":{\"@type\":\"ImageObject\",\"inLanguage\":\"fr-FR\",\"@id\":\"https:\\\/\\\/depeches241.com\\\/#\\\/schema\\\/logo\\\/image\\\/\",\"url\":\"https:\\\/\\\/depeches241.com\\\/wp-content\\\/uploads\\\/2021\\\/10\\\/cropped-Logo-new-Accueil.png\",\"contentUrl\":\"https:\\\/\\\/depeches241.com\\\/wp-content\\\/uploads\\\/2021\\\/10\\\/cropped-Logo-new-Accueil.png\",\"width\":320,\"height\":105,\"caption\":\"Groupe D\u00e9p\u00eaches241\"},\"image\":{\"@id\":\"https:\\\/\\\/depeches241.com\\\/#\\\/schema\\\/logo\\\/image\\\/\"},\"sameAs\":[\"https:\\\/\\\/www.facebook.com\\\/depeches241\"]},{\"@type\":\"Person\",\"@id\":\"https:\\\/\\\/depeches241.com\\\/#\\\/schema\\\/person\\\/977f23ecf7439b0805f4525a893a057a\",\"name\":\"R\u00e9daction\",\"image\":{\"@type\":\"ImageObject\",\"inLanguage\":\"fr-FR\",\"@id\":\"https:\\\/\\\/secure.gravatar.com\\\/avatar\\\/8c655dbc51e5c9289f919f15ce20847ab5a910f8369a17ca243b673da48541f5?s=96&d=mm&r=g\",\"url\":\"https:\\\/\\\/secure.gravatar.com\\\/avatar\\\/8c655dbc51e5c9289f919f15ce20847ab5a910f8369a17ca243b673da48541f5?s=96&d=mm&r=g\",\"contentUrl\":\"https:\\\/\\\/secure.gravatar.com\\\/avatar\\\/8c655dbc51e5c9289f919f15ce20847ab5a910f8369a17ca243b673da48541f5?s=96&d=mm&r=g\",\"caption\":\"R\u00e9daction\"},\"url\":\"https:\\\/\\\/depeches241.com\\\/?author=11\"}]}<\/script>\n<!-- \/ Yoast SEO plugin. -->","yoast_head_json":{"title":"Gabon: Christophe Eyi nomm\u00e9 administrateur provisoire de la CNSS - Groupe D\u00e9p\u00eaches241","description":"Le conseil des ministres qui s'est tenu hier, a ent\u00e9rin\u00e9 la dissolution du conseil d'administration et la cessation des fonctions des membres de la Direction g\u00e9n\u00e9rale de la Caisse nationale de S\u00e9curit\u00e9 Sociale. Dans le m\u00eame temps, une administration provisoire a \u00e9t\u00e9 mise en place. Celle-ci sera dirig\u00e9e par Christophe Eyi","robots":{"index":"index","follow":"follow","max-snippet":"max-snippet:-1","max-image-preview":"max-image-preview:large","max-video-preview":"max-video-preview:-1"},"canonical":"https:\/\/depeches241.com\/?p=7968","og_locale":"fr_FR","og_type":"article","og_title":"Gabon: Christophe Eyi nomm\u00e9 administrateur provisoire de la CNSS - Groupe D\u00e9p\u00eaches241","og_description":"Le conseil des ministres qui s'est tenu hier, a ent\u00e9rin\u00e9 la dissolution du conseil d'administration et la cessation des fonctions des membres de la Direction g\u00e9n\u00e9rale de la Caisse nationale de S\u00e9curit\u00e9 Sociale. Dans le m\u00eame temps, une administration provisoire a \u00e9t\u00e9 mise en place. Celle-ci sera dirig\u00e9e par Christophe Eyi","og_url":"https:\/\/depeches241.com\/?p=7968","og_site_name":"Groupe D\u00e9p\u00eaches241","article_publisher":"https:\/\/www.facebook.com\/depeches241","article_published_time":"2022-06-08T10:54:40+00:00","article_modified_time":"2022-06-08T10:54:45+00:00","og_image":[{"width":960,"height":540,"url":"https:\/\/depeches241.com\/wp-content\/uploads\/2022\/06\/DRIVE-IMAGES-DEPECHES-2022-06-08T114008.363.jpg","type":"image\/jpeg"}],"author":"R\u00e9daction","twitter_card":"summary_large_image","twitter_misc":{"\u00c9crit par":"R\u00e9daction","Dur\u00e9e de lecture estim\u00e9e":"2 minutes"},"schema":{"@context":"https:\/\/schema.org","@graph":[{"@type":"Article","@id":"https:\/\/depeches241.com\/?p=7968#article","isPartOf":{"@id":"https:\/\/depeches241.com\/?p=7968"},"author":{"name":"R\u00e9daction","@id":"https:\/\/depeches241.com\/#\/schema\/person\/977f23ecf7439b0805f4525a893a057a"},"headline":"Gabon: Christophe Eyi nomm\u00e9 administrateur provisoire de la CNSS","datePublished":"2022-06-08T10:54:40+00:00","dateModified":"2022-06-08T10:54:45+00:00","mainEntityOfPage":{"@id":"https:\/\/depeches241.com\/?p=7968"},"wordCount":221,"commentCount":0,"publisher":{"@id":"https:\/\/depeches241.com\/#organization"},"image":{"@id":"https:\/\/depeches241.com\/?p=7968#primaryimage"},"thumbnailUrl":"https:\/\/depeches241.com\/wp-content\/uploads\/2022\/06\/DRIVE-IMAGES-DEPECHES-2022-06-08T114008.363.jpg","keywords":["Christophe Eyi","CNSS","depeches241","Gabon","soci\u00e9t\u00e9"],"articleSection":["Sant\u00e9","SOCIETE","Une1"],"inLanguage":"fr-FR","potentialAction":[{"@type":"CommentAction","name":"Comment","target":["https:\/\/depeches241.com\/?p=7968#respond"]}]},{"@type":"WebPage","@id":"https:\/\/depeches241.com\/?p=7968","url":"https:\/\/depeches241.com\/?p=7968","name":"Gabon: Christophe Eyi nomm\u00e9 administrateur provisoire de la CNSS - Groupe D\u00e9p\u00eaches241","isPartOf":{"@id":"https:\/\/depeches241.com\/#website"},"primaryImageOfPage":{"@id":"https:\/\/depeches241.com\/?p=7968#primaryimage"},"image":{"@id":"https:\/\/depeches241.com\/?p=7968#primaryimage"},"thumbnailUrl":"https:\/\/depeches241.com\/wp-content\/uploads\/2022\/06\/DRIVE-IMAGES-DEPECHES-2022-06-08T114008.363.jpg","datePublished":"2022-06-08T10:54:40+00:00","dateModified":"2022-06-08T10:54:45+00:00","description":"Le conseil des ministres qui s'est tenu hier, a ent\u00e9rin\u00e9 la dissolution du conseil d'administration et la cessation des fonctions des membres de la Direction g\u00e9n\u00e9rale de la Caisse nationale de S\u00e9curit\u00e9 Sociale. Dans le m\u00eame temps, une administration provisoire a \u00e9t\u00e9 mise en place. Celle-ci sera dirig\u00e9e par Christophe Eyi","breadcrumb":{"@id":"https:\/\/depeches241.com\/?p=7968#breadcrumb"},"inLanguage":"fr-FR","potentialAction":[{"@type":"ReadAction","target":["https:\/\/depeches241.com\/?p=7968"]}]},{"@type":"ImageObject","inLanguage":"fr-FR","@id":"https:\/\/depeches241.com\/?p=7968#primaryimage","url":"https:\/\/depeches241.com\/wp-content\/uploads\/2022\/06\/DRIVE-IMAGES-DEPECHES-2022-06-08T114008.363.jpg","contentUrl":"https:\/\/depeches241.com\/wp-content\/uploads\/2022\/06\/DRIVE-IMAGES-DEPECHES-2022-06-08T114008.363.jpg","width":960,"height":540},{"@type":"BreadcrumbList","@id":"https:\/\/depeches241.com\/?p=7968#breadcrumb","itemListElement":[{"@type":"ListItem","position":1,"name":"Accueil","item":"https:\/\/depeches241.com\/"},{"@type":"ListItem","position":2,"name":"Gabon: Christophe Eyi nomm\u00e9 administrateur provisoire de la CNSS"}]},{"@type":"WebSite","@id":"https:\/\/depeches241.com\/#website","url":"https:\/\/depeches241.com\/","name":"D\u00e9p\u00eaches241","description":"M\u00e9dia d&#039;actualit\u00e9 Politique, \u00c9conomique, Sociale et Internationale","publisher":{"@id":"https:\/\/depeches241.com\/#organization"},"potentialAction":[{"@type":"SearchAction","target":{"@type":"EntryPoint","urlTemplate":"https:\/\/depeches241.com\/?s={search_term_string}"},"query-input":{"@type":"PropertyValueSpecification","valueRequired":true,"valueName":"search_term_string"}}],"inLanguage":"fr-FR"},{"@type":"Organization","@id":"https:\/\/depeches241.com\/#organization","name":"Groupe D\u00e9p\u00eaches241","url":"https:\/\/depeches241.com\/","logo":{"@type":"ImageObject","inLanguage":"fr-FR","@id":"https:\/\/depeches241.com\/#\/schema\/logo\/image\/","url":"https:\/\/depeches241.com\/wp-content\/uploads\/2021\/10\/cropped-Logo-new-Accueil.png","contentUrl":"https:\/\/depeches241.com\/wp-content\/uploads\/2021\/10\/cropped-Logo-new-Accueil.png","width":320,"height":105,"caption":"Groupe D\u00e9p\u00eaches241"},"image":{"@id":"https:\/\/depeches241.com\/#\/schema\/logo\/image\/"},"sameAs":["https:\/\/www.facebook.com\/depeches241"]},{"@type":"Person","@id":"https:\/\/depeches241.com\/#\/schema\/person\/977f23ecf7439b0805f4525a893a057a","name":"R\u00e9daction","image":{"@type":"ImageObject","inLanguage":"fr-FR","@id":"https:\/\/secure.gravatar.com\/avatar\/8c655dbc51e5c9289f919f15ce20847ab5a910f8369a17ca243b673da48541f5?s=96&d=mm&r=g","url":"https:\/\/secure.gravatar.com\/avatar\/8c655dbc51e5c9289f919f15ce20847ab5a910f8369a17ca243b673da48541f5?s=96&d=mm&r=g","contentUrl":"https:\/\/secure.gravatar.com\/avatar\/8c655dbc51e5c9289f919f15ce20847ab5a910f8369a17ca243b673da48541f5?s=96&d=mm&r=g","caption":"R\u00e9daction"},"url":"https:\/\/depeches241.com\/?author=11"}]}},"_links":{"self":[{"href":"https:\/\/depeches241.com\/index.php?rest_route=\/wp\/v2\/posts\/7968","targetHints":{"allow":["GET"]}}],"collection":[{"href":"https:\/\/depeches241.com\/index.php?rest_route=\/wp\/v2\/posts"}],"about":[{"href":"https:\/\/depeches241.com\/index.php?rest_route=\/wp\/v2\/types\/post"}],"author":[{"embeddable":true,"href":"https:\/\/depeches241.com\/index.php?rest_route=\/wp\/v2\/users\/11"}],"replies":[{"embeddable":true,"href":"https:\/\/depeches241.com\/index.php?rest_route=%2Fwp%2Fv2%2Fcomments&post=7968"}],"version-history":[{"count":1,"href":"https:\/\/depeches241.com\/index.php?rest_route=\/wp\/v2\/posts\/7968\/revisions"}],"predecessor-version":[{"id":7970,"href":"https:\/\/depeches241.com\/index.php?rest_route=\/wp\/v2\/posts\/7968\/revisions\/7970"}],"wp:featuredmedia":[{"embeddable":true,"href":"https:\/\/depeches241.com\/index.php?rest_route=\/wp\/v2\/media\/7969"}],"wp:attachment":[{"href":"https:\/\/depeches241.com\/index.php?rest_route=%2Fwp%2Fv2%2Fmedia&parent=7968"}],"wp:term":[{"taxonomy":"category","embeddable":true,"href":"https:\/\/depeches241.com\/index.php?rest_route=%2Fwp%2Fv2%2Fcategories&post=7968"},{"taxonomy":"post_tag","embeddable":true,"href":"https:\/\/depeches241.com\/index.php?rest_route=%2Fwp%2Fv2%2Ftags&post=7968"}],"curies":[{"name":"wp","href":"https:\/\/api.w.org\/{rel}","templated":true}]}}