{"id":8949,"date":"2022-08-11T17:23:01","date_gmt":"2022-08-11T15:23:01","guid":{"rendered":"http:\/\/depeches241.com\/?p=8949"},"modified":"2022-08-11T17:23:06","modified_gmt":"2022-08-11T15:23:06","slug":"hotel-de-ville-les-agents-municipaux-en-greve","status":"publish","type":"post","link":"https:\/\/depeches241.com\/?p=8949","title":{"rendered":"H\u00f4tel de ville: les agents municipaux en gr\u00e8ve"},"content":{"rendered":"\n<figure class=\"wp-block-image size-full\"><img fetchpriority=\"high\" decoding=\"async\" width=\"960\" height=\"540\" src=\"http:\/\/depeches241.com\/wp-content\/uploads\/2022\/08\/DRIVE-IMAGES-DEPECHES-2022-08-11T161150.315.jpg\" alt=\"\" class=\"wp-image-8950\" srcset=\"https:\/\/depeches241.com\/wp-content\/uploads\/2022\/08\/DRIVE-IMAGES-DEPECHES-2022-08-11T161150.315.jpg 960w, https:\/\/depeches241.com\/wp-content\/uploads\/2022\/08\/DRIVE-IMAGES-DEPECHES-2022-08-11T161150.315-300x169.jpg 300w, https:\/\/depeches241.com\/wp-content\/uploads\/2022\/08\/DRIVE-IMAGES-DEPECHES-2022-08-11T161150.315-768x432.jpg 768w\" sizes=\"(max-width: 960px) 100vw, 960px\" \/><figcaption><strong><em>Les agents municipaux devant l&rsquo;h\u00f4tel de ville observant un piquet de gr\u00e8ve \u00a9 DR<\/em><\/strong> <\/figcaption><\/figure>\n\n\n\n<p style=\"font-size:17px\"><strong>Libreville, le 11 ao\u00fbt 2022-(D\u00e9p\u00eaches 241). En gr\u00e8ve g\u00e9n\u00e9rale illimit\u00e9e depuis ce matin, les agents municipaux accusent, entre autres, leur administration de faire la part belle aux agents ext\u00e9rieurs recrut\u00e9s \u00e0 tour bras par Christine Mba Ndoutoum.&nbsp;<\/strong><\/p>\n\n\n\n<p style=\"font-size:17px\">C&rsquo;est une r\u00e9ponse \u00e0 la sourde oreille de l&rsquo;administration municipale. En effet, \u00e0 l&rsquo;issue de l&rsquo;assembl\u00e9e g\u00e9n\u00e9rale du 10 ao\u00fbt, les agents municipaux ont d\u00e9cid\u00e9 d&rsquo;entrer en gr\u00e8ve g\u00e9n\u00e9rale illimit\u00e9e. Actuellement, \u00e0 l&rsquo;esplanade de l&rsquo;h\u00f4tel de ville, le piquet de gr\u00e8ve ne d\u00e9semplit pas. Et pour cause, les agents municipaux se disent l\u00e9s\u00e9s au profit des personnes recrut\u00e9es \u00e0 tour de bras par l&rsquo;\u00e9dile de Libreville, Christine Mba Ndoutoum.<strong>&nbsp;&nbsp;<\/strong><\/p>\n\n\n\n<p style=\"font-size:17px\"><strong>LIRE AUSSI: <\/strong><a href=\"http:\/\/depeches241.com\/index.php\/2022\/08\/09\/mairie-de-libreville-les-syndicats-denoncent-le-licenciement-de-28-agents\/\"><strong>Mairie de Libreville: les Syndicats d\u00e9noncent le licenciement de 28 agents<\/strong><\/a><\/p>\n\n\n\n<p style=\"font-size:17px\"><strong><em>\u00ab Les fonctionnaires en situation irr\u00e9guli\u00e8re sont en soldes forfaitaires qui co\u00fbtent cher \u00e0 notre administration ; nous avons des cadres bien form\u00e9s au niveau de la mairie qui sont chez eux ; donc les fonctionnaires doivent partir. \u00bb<\/em><\/strong><strong>, <\/strong>temp\u00eate un syndicaliste<strong> <\/strong>Joe-Ferd Madouma.<\/p>\n\n\n\n<p style=\"font-size:17px\">Par ailleurs, les syndicalistes accusent l&rsquo;administration municipale de n\u00e9gliger le volet social des agents. <strong><em>\u00ab Nous constatons que le social et la carri\u00e8re des agents sont bloqu\u00e9s \u00bb<\/em>, <\/strong>d\u00e9plore \u00e0 nouveau Joe-Fred Madouta. Cette gr\u00e8ve g\u00e9n\u00e9rale illimit\u00e9e va-t-elle fragiliser Christine Mba Ndoutoum ?. Ce sc\u00e9nario n&rsquo;est pas \u00e0 exclure, lorsqu&rsquo;on sait que cette derni\u00e8re a\u00a0 h\u00e9rit\u00e9 d&rsquo;une administration incandescente.<\/p>\n","protected":false},"excerpt":{"rendered":"<p>En gr\u00e8ve g\u00e9n\u00e9rale illimit\u00e9e depuis ce matin, les agents municipaux accusent, entre autres, leur administration de faire la part belle aux agents ext\u00e9rieurs recrut\u00e9s \u00e0 tour bras par Christine Mba Ndoutoum.<\/p>\n","protected":false},"author":11,"featured_media":8950,"comment_status":"open","ping_status":"open","sticky":false,"template":"","format":"standard","meta":{"om_disable_all_campaigns":false,"footnotes":""},"categories":[5,116],"tags":[],"class_list":{"0":"post-8949","1":"post","2":"type-post","3":"status-publish","4":"format-standard","5":"has-post-thumbnail","7":"category-societe","8":"category-une1"},"yoast_head":"<!-- This site is optimized with the Yoast SEO plugin v27.5 - https:\/\/yoast.com\/product\/yoast-seo-wordpress\/ -->\n<title>H\u00f4tel de ville: les agents municipaux en gr\u00e8ve - Groupe D\u00e9p\u00eaches241<\/title>\n<meta name=\"description\" content=\"En gr\u00e8ve g\u00e9n\u00e9rale illimit\u00e9e depuis ce matin, les agents municipaux accusent, entre autres, leur administration de faire la part belle aux agents ext\u00e9rieurs recrut\u00e9s \u00e0 tour bras par Christine Mba Ndoutoum.\" \/>\n<meta name=\"robots\" content=\"index, follow, max-snippet:-1, max-image-preview:large, max-video-preview:-1\" \/>\n<link rel=\"canonical\" href=\"https:\/\/depeches241.com\/?p=8949\" \/>\n<meta property=\"og:locale\" content=\"fr_FR\" \/>\n<meta property=\"og:type\" content=\"article\" \/>\n<meta property=\"og:title\" content=\"H\u00f4tel de ville: les agents municipaux en gr\u00e8ve - Groupe D\u00e9p\u00eaches241\" \/>\n<meta property=\"og:description\" content=\"En gr\u00e8ve g\u00e9n\u00e9rale illimit\u00e9e depuis ce matin, les agents municipaux accusent, entre autres, leur administration de faire la part belle aux agents ext\u00e9rieurs recrut\u00e9s \u00e0 tour bras par Christine Mba Ndoutoum.\" \/>\n<meta property=\"og:url\" content=\"https:\/\/depeches241.com\/?p=8949\" \/>\n<meta property=\"og:site_name\" content=\"Groupe D\u00e9p\u00eaches241\" \/>\n<meta property=\"article:publisher\" content=\"https:\/\/www.facebook.com\/depeches241\" \/>\n<meta property=\"article:published_time\" content=\"2022-08-11T15:23:01+00:00\" \/>\n<meta property=\"article:modified_time\" content=\"2022-08-11T15:23:06+00:00\" \/>\n<meta property=\"og:image\" content=\"https:\/\/depeches241.com\/wp-content\/uploads\/2022\/08\/DRIVE-IMAGES-DEPECHES-2022-08-11T161150.315.jpg\" \/>\n\t<meta property=\"og:image:width\" content=\"960\" \/>\n\t<meta property=\"og:image:height\" content=\"540\" \/>\n\t<meta property=\"og:image:type\" content=\"image\/jpeg\" \/>\n<meta name=\"author\" content=\"R\u00e9daction\" \/>\n<meta name=\"twitter:card\" content=\"summary_large_image\" \/>\n<meta name=\"twitter:label1\" content=\"\u00c9crit par\" \/>\n\t<meta name=\"twitter:data1\" content=\"R\u00e9daction\" \/>\n\t<meta name=\"twitter:label2\" content=\"Dur\u00e9e de lecture estim\u00e9e\" \/>\n\t<meta name=\"twitter:data2\" content=\"1 minute\" \/>\n<script type=\"application\/ld+json\" class=\"yoast-schema-graph\">{\"@context\":\"https:\\\/\\\/schema.org\",\"@graph\":[{\"@type\":\"Article\",\"@id\":\"https:\\\/\\\/depeches241.com\\\/?p=8949#article\",\"isPartOf\":{\"@id\":\"https:\\\/\\\/depeches241.com\\\/?p=8949\"},\"author\":{\"name\":\"R\u00e9daction\",\"@id\":\"https:\\\/\\\/depeches241.com\\\/#\\\/schema\\\/person\\\/977f23ecf7439b0805f4525a893a057a\"},\"headline\":\"H\u00f4tel de ville: les agents municipaux en gr\u00e8ve\",\"datePublished\":\"2022-08-11T15:23:01+00:00\",\"dateModified\":\"2022-08-11T15:23:06+00:00\",\"mainEntityOfPage\":{\"@id\":\"https:\\\/\\\/depeches241.com\\\/?p=8949\"},\"wordCount\":275,\"commentCount\":0,\"publisher\":{\"@id\":\"https:\\\/\\\/depeches241.com\\\/#organization\"},\"image\":{\"@id\":\"https:\\\/\\\/depeches241.com\\\/?p=8949#primaryimage\"},\"thumbnailUrl\":\"https:\\\/\\\/depeches241.com\\\/wp-content\\\/uploads\\\/2022\\\/08\\\/DRIVE-IMAGES-DEPECHES-2022-08-11T161150.315.jpg\",\"articleSection\":[\"SOCIETE\",\"Une1\"],\"inLanguage\":\"fr-FR\",\"potentialAction\":[{\"@type\":\"CommentAction\",\"name\":\"Comment\",\"target\":[\"https:\\\/\\\/depeches241.com\\\/?p=8949#respond\"]}]},{\"@type\":\"WebPage\",\"@id\":\"https:\\\/\\\/depeches241.com\\\/?p=8949\",\"url\":\"https:\\\/\\\/depeches241.com\\\/?p=8949\",\"name\":\"H\u00f4tel de ville: les agents municipaux en gr\u00e8ve - Groupe D\u00e9p\u00eaches241\",\"isPartOf\":{\"@id\":\"https:\\\/\\\/depeches241.com\\\/#website\"},\"primaryImageOfPage\":{\"@id\":\"https:\\\/\\\/depeches241.com\\\/?p=8949#primaryimage\"},\"image\":{\"@id\":\"https:\\\/\\\/depeches241.com\\\/?p=8949#primaryimage\"},\"thumbnailUrl\":\"https:\\\/\\\/depeches241.com\\\/wp-content\\\/uploads\\\/2022\\\/08\\\/DRIVE-IMAGES-DEPECHES-2022-08-11T161150.315.jpg\",\"datePublished\":\"2022-08-11T15:23:01+00:00\",\"dateModified\":\"2022-08-11T15:23:06+00:00\",\"description\":\"En gr\u00e8ve g\u00e9n\u00e9rale illimit\u00e9e depuis ce matin, les agents municipaux accusent, entre autres, leur administration de faire la part belle aux agents ext\u00e9rieurs recrut\u00e9s \u00e0 tour bras par Christine Mba Ndoutoum.\",\"breadcrumb\":{\"@id\":\"https:\\\/\\\/depeches241.com\\\/?p=8949#breadcrumb\"},\"inLanguage\":\"fr-FR\",\"potentialAction\":[{\"@type\":\"ReadAction\",\"target\":[\"https:\\\/\\\/depeches241.com\\\/?p=8949\"]}]},{\"@type\":\"ImageObject\",\"inLanguage\":\"fr-FR\",\"@id\":\"https:\\\/\\\/depeches241.com\\\/?p=8949#primaryimage\",\"url\":\"https:\\\/\\\/depeches241.com\\\/wp-content\\\/uploads\\\/2022\\\/08\\\/DRIVE-IMAGES-DEPECHES-2022-08-11T161150.315.jpg\",\"contentUrl\":\"https:\\\/\\\/depeches241.com\\\/wp-content\\\/uploads\\\/2022\\\/08\\\/DRIVE-IMAGES-DEPECHES-2022-08-11T161150.315.jpg\",\"width\":960,\"height\":540},{\"@type\":\"BreadcrumbList\",\"@id\":\"https:\\\/\\\/depeches241.com\\\/?p=8949#breadcrumb\",\"itemListElement\":[{\"@type\":\"ListItem\",\"position\":1,\"name\":\"Accueil\",\"item\":\"https:\\\/\\\/depeches241.com\\\/\"},{\"@type\":\"ListItem\",\"position\":2,\"name\":\"H\u00f4tel de ville: les agents municipaux en gr\u00e8ve\"}]},{\"@type\":\"WebSite\",\"@id\":\"https:\\\/\\\/depeches241.com\\\/#website\",\"url\":\"https:\\\/\\\/depeches241.com\\\/\",\"name\":\"D\u00e9p\u00eaches241\",\"description\":\"M\u00e9dia d&#039;actualit\u00e9 Politique, \u00c9conomique, Sociale et Internationale\",\"publisher\":{\"@id\":\"https:\\\/\\\/depeches241.com\\\/#organization\"},\"potentialAction\":[{\"@type\":\"SearchAction\",\"target\":{\"@type\":\"EntryPoint\",\"urlTemplate\":\"https:\\\/\\\/depeches241.com\\\/?s={search_term_string}\"},\"query-input\":{\"@type\":\"PropertyValueSpecification\",\"valueRequired\":true,\"valueName\":\"search_term_string\"}}],\"inLanguage\":\"fr-FR\"},{\"@type\":\"Organization\",\"@id\":\"https:\\\/\\\/depeches241.com\\\/#organization\",\"name\":\"Groupe D\u00e9p\u00eaches241\",\"url\":\"https:\\\/\\\/depeches241.com\\\/\",\"logo\":{\"@type\":\"ImageObject\",\"inLanguage\":\"fr-FR\",\"@id\":\"https:\\\/\\\/depeches241.com\\\/#\\\/schema\\\/logo\\\/image\\\/\",\"url\":\"https:\\\/\\\/depeches241.com\\\/wp-content\\\/uploads\\\/2021\\\/10\\\/cropped-Logo-new-Accueil.png\",\"contentUrl\":\"https:\\\/\\\/depeches241.com\\\/wp-content\\\/uploads\\\/2021\\\/10\\\/cropped-Logo-new-Accueil.png\",\"width\":320,\"height\":105,\"caption\":\"Groupe D\u00e9p\u00eaches241\"},\"image\":{\"@id\":\"https:\\\/\\\/depeches241.com\\\/#\\\/schema\\\/logo\\\/image\\\/\"},\"sameAs\":[\"https:\\\/\\\/www.facebook.com\\\/depeches241\"]},{\"@type\":\"Person\",\"@id\":\"https:\\\/\\\/depeches241.com\\\/#\\\/schema\\\/person\\\/977f23ecf7439b0805f4525a893a057a\",\"name\":\"R\u00e9daction\",\"image\":{\"@type\":\"ImageObject\",\"inLanguage\":\"fr-FR\",\"@id\":\"https:\\\/\\\/secure.gravatar.com\\\/avatar\\\/8c655dbc51e5c9289f919f15ce20847ab5a910f8369a17ca243b673da48541f5?s=96&d=mm&r=g\",\"url\":\"https:\\\/\\\/secure.gravatar.com\\\/avatar\\\/8c655dbc51e5c9289f919f15ce20847ab5a910f8369a17ca243b673da48541f5?s=96&d=mm&r=g\",\"contentUrl\":\"https:\\\/\\\/secure.gravatar.com\\\/avatar\\\/8c655dbc51e5c9289f919f15ce20847ab5a910f8369a17ca243b673da48541f5?s=96&d=mm&r=g\",\"caption\":\"R\u00e9daction\"},\"url\":\"https:\\\/\\\/depeches241.com\\\/?author=11\"}]}<\/script>\n<!-- \/ Yoast SEO plugin. -->","yoast_head_json":{"title":"H\u00f4tel de ville: les agents municipaux en gr\u00e8ve - Groupe D\u00e9p\u00eaches241","description":"En gr\u00e8ve g\u00e9n\u00e9rale illimit\u00e9e depuis ce matin, les agents municipaux accusent, entre autres, leur administration de faire la part belle aux agents ext\u00e9rieurs recrut\u00e9s \u00e0 tour bras par Christine Mba Ndoutoum.","robots":{"index":"index","follow":"follow","max-snippet":"max-snippet:-1","max-image-preview":"max-image-preview:large","max-video-preview":"max-video-preview:-1"},"canonical":"https:\/\/depeches241.com\/?p=8949","og_locale":"fr_FR","og_type":"article","og_title":"H\u00f4tel de ville: les agents municipaux en gr\u00e8ve - Groupe D\u00e9p\u00eaches241","og_description":"En gr\u00e8ve g\u00e9n\u00e9rale illimit\u00e9e depuis ce matin, les agents municipaux accusent, entre autres, leur administration de faire la part belle aux agents ext\u00e9rieurs recrut\u00e9s \u00e0 tour bras par Christine Mba Ndoutoum.","og_url":"https:\/\/depeches241.com\/?p=8949","og_site_name":"Groupe D\u00e9p\u00eaches241","article_publisher":"https:\/\/www.facebook.com\/depeches241","article_published_time":"2022-08-11T15:23:01+00:00","article_modified_time":"2022-08-11T15:23:06+00:00","og_image":[{"width":960,"height":540,"url":"https:\/\/depeches241.com\/wp-content\/uploads\/2022\/08\/DRIVE-IMAGES-DEPECHES-2022-08-11T161150.315.jpg","type":"image\/jpeg"}],"author":"R\u00e9daction","twitter_card":"summary_large_image","twitter_misc":{"\u00c9crit par":"R\u00e9daction","Dur\u00e9e de lecture estim\u00e9e":"1 minute"},"schema":{"@context":"https:\/\/schema.org","@graph":[{"@type":"Article","@id":"https:\/\/depeches241.com\/?p=8949#article","isPartOf":{"@id":"https:\/\/depeches241.com\/?p=8949"},"author":{"name":"R\u00e9daction","@id":"https:\/\/depeches241.com\/#\/schema\/person\/977f23ecf7439b0805f4525a893a057a"},"headline":"H\u00f4tel de ville: les agents municipaux en gr\u00e8ve","datePublished":"2022-08-11T15:23:01+00:00","dateModified":"2022-08-11T15:23:06+00:00","mainEntityOfPage":{"@id":"https:\/\/depeches241.com\/?p=8949"},"wordCount":275,"commentCount":0,"publisher":{"@id":"https:\/\/depeches241.com\/#organization"},"image":{"@id":"https:\/\/depeches241.com\/?p=8949#primaryimage"},"thumbnailUrl":"https:\/\/depeches241.com\/wp-content\/uploads\/2022\/08\/DRIVE-IMAGES-DEPECHES-2022-08-11T161150.315.jpg","articleSection":["SOCIETE","Une1"],"inLanguage":"fr-FR","potentialAction":[{"@type":"CommentAction","name":"Comment","target":["https:\/\/depeches241.com\/?p=8949#respond"]}]},{"@type":"WebPage","@id":"https:\/\/depeches241.com\/?p=8949","url":"https:\/\/depeches241.com\/?p=8949","name":"H\u00f4tel de ville: les agents municipaux en gr\u00e8ve - Groupe D\u00e9p\u00eaches241","isPartOf":{"@id":"https:\/\/depeches241.com\/#website"},"primaryImageOfPage":{"@id":"https:\/\/depeches241.com\/?p=8949#primaryimage"},"image":{"@id":"https:\/\/depeches241.com\/?p=8949#primaryimage"},"thumbnailUrl":"https:\/\/depeches241.com\/wp-content\/uploads\/2022\/08\/DRIVE-IMAGES-DEPECHES-2022-08-11T161150.315.jpg","datePublished":"2022-08-11T15:23:01+00:00","dateModified":"2022-08-11T15:23:06+00:00","description":"En gr\u00e8ve g\u00e9n\u00e9rale illimit\u00e9e depuis ce matin, les agents municipaux accusent, entre autres, leur administration de faire la part belle aux agents ext\u00e9rieurs recrut\u00e9s \u00e0 tour bras par Christine Mba Ndoutoum.","breadcrumb":{"@id":"https:\/\/depeches241.com\/?p=8949#breadcrumb"},"inLanguage":"fr-FR","potentialAction":[{"@type":"ReadAction","target":["https:\/\/depeches241.com\/?p=8949"]}]},{"@type":"ImageObject","inLanguage":"fr-FR","@id":"https:\/\/depeches241.com\/?p=8949#primaryimage","url":"https:\/\/depeches241.com\/wp-content\/uploads\/2022\/08\/DRIVE-IMAGES-DEPECHES-2022-08-11T161150.315.jpg","contentUrl":"https:\/\/depeches241.com\/wp-content\/uploads\/2022\/08\/DRIVE-IMAGES-DEPECHES-2022-08-11T161150.315.jpg","width":960,"height":540},{"@type":"BreadcrumbList","@id":"https:\/\/depeches241.com\/?p=8949#breadcrumb","itemListElement":[{"@type":"ListItem","position":1,"name":"Accueil","item":"https:\/\/depeches241.com\/"},{"@type":"ListItem","position":2,"name":"H\u00f4tel de ville: les agents municipaux en gr\u00e8ve"}]},{"@type":"WebSite","@id":"https:\/\/depeches241.com\/#website","url":"https:\/\/depeches241.com\/","name":"D\u00e9p\u00eaches241","description":"M\u00e9dia d&#039;actualit\u00e9 Politique, \u00c9conomique, Sociale et Internationale","publisher":{"@id":"https:\/\/depeches241.com\/#organization"},"potentialAction":[{"@type":"SearchAction","target":{"@type":"EntryPoint","urlTemplate":"https:\/\/depeches241.com\/?s={search_term_string}"},"query-input":{"@type":"PropertyValueSpecification","valueRequired":true,"valueName":"search_term_string"}}],"inLanguage":"fr-FR"},{"@type":"Organization","@id":"https:\/\/depeches241.com\/#organization","name":"Groupe D\u00e9p\u00eaches241","url":"https:\/\/depeches241.com\/","logo":{"@type":"ImageObject","inLanguage":"fr-FR","@id":"https:\/\/depeches241.com\/#\/schema\/logo\/image\/","url":"https:\/\/depeches241.com\/wp-content\/uploads\/2021\/10\/cropped-Logo-new-Accueil.png","contentUrl":"https:\/\/depeches241.com\/wp-content\/uploads\/2021\/10\/cropped-Logo-new-Accueil.png","width":320,"height":105,"caption":"Groupe D\u00e9p\u00eaches241"},"image":{"@id":"https:\/\/depeches241.com\/#\/schema\/logo\/image\/"},"sameAs":["https:\/\/www.facebook.com\/depeches241"]},{"@type":"Person","@id":"https:\/\/depeches241.com\/#\/schema\/person\/977f23ecf7439b0805f4525a893a057a","name":"R\u00e9daction","image":{"@type":"ImageObject","inLanguage":"fr-FR","@id":"https:\/\/secure.gravatar.com\/avatar\/8c655dbc51e5c9289f919f15ce20847ab5a910f8369a17ca243b673da48541f5?s=96&d=mm&r=g","url":"https:\/\/secure.gravatar.com\/avatar\/8c655dbc51e5c9289f919f15ce20847ab5a910f8369a17ca243b673da48541f5?s=96&d=mm&r=g","contentUrl":"https:\/\/secure.gravatar.com\/avatar\/8c655dbc51e5c9289f919f15ce20847ab5a910f8369a17ca243b673da48541f5?s=96&d=mm&r=g","caption":"R\u00e9daction"},"url":"https:\/\/depeches241.com\/?author=11"}]}},"_links":{"self":[{"href":"https:\/\/depeches241.com\/index.php?rest_route=\/wp\/v2\/posts\/8949","targetHints":{"allow":["GET"]}}],"collection":[{"href":"https:\/\/depeches241.com\/index.php?rest_route=\/wp\/v2\/posts"}],"about":[{"href":"https:\/\/depeches241.com\/index.php?rest_route=\/wp\/v2\/types\/post"}],"author":[{"embeddable":true,"href":"https:\/\/depeches241.com\/index.php?rest_route=\/wp\/v2\/users\/11"}],"replies":[{"embeddable":true,"href":"https:\/\/depeches241.com\/index.php?rest_route=%2Fwp%2Fv2%2Fcomments&post=8949"}],"version-history":[{"count":1,"href":"https:\/\/depeches241.com\/index.php?rest_route=\/wp\/v2\/posts\/8949\/revisions"}],"predecessor-version":[{"id":8951,"href":"https:\/\/depeches241.com\/index.php?rest_route=\/wp\/v2\/posts\/8949\/revisions\/8951"}],"wp:featuredmedia":[{"embeddable":true,"href":"https:\/\/depeches241.com\/index.php?rest_route=\/wp\/v2\/media\/8950"}],"wp:attachment":[{"href":"https:\/\/depeches241.com\/index.php?rest_route=%2Fwp%2Fv2%2Fmedia&parent=8949"}],"wp:term":[{"taxonomy":"category","embeddable":true,"href":"https:\/\/depeches241.com\/index.php?rest_route=%2Fwp%2Fv2%2Fcategories&post=8949"},{"taxonomy":"post_tag","embeddable":true,"href":"https:\/\/depeches241.com\/index.php?rest_route=%2Fwp%2Fv2%2Ftags&post=8949"}],"curies":[{"name":"wp","href":"https:\/\/api.w.org\/{rel}","templated":true}]}}