{"id":9323,"date":"2022-09-01T17:26:10","date_gmt":"2022-09-01T15:26:10","guid":{"rendered":"http:\/\/depeches241.com\/?p=9323"},"modified":"2022-09-01T17:26:13","modified_gmt":"2022-09-01T15:26:13","slug":"lambarene-plusieurs-quartiers-prives-delectricite-depuis-pres-dune-semaine-par-la-seeg","status":"publish","type":"post","link":"https:\/\/depeches241.com\/?p=9323","title":{"rendered":"Lambaren\u00e9: plusieurs quartiers priv\u00e9s d&rsquo;\u00e9lectricit\u00e9 depuis pr\u00e8s d&rsquo;une semaine par la SEEG"},"content":{"rendered":"\n<figure class=\"wp-block-image size-full\"><img fetchpriority=\"high\" decoding=\"async\" width=\"960\" height=\"540\" src=\"http:\/\/depeches241.com\/wp-content\/uploads\/2022\/09\/DRIVE-IMAGES-DEPECHES-2022-09-01T161146.842.jpg\" alt=\"\" class=\"wp-image-9324\" srcset=\"https:\/\/depeches241.com\/wp-content\/uploads\/2022\/09\/DRIVE-IMAGES-DEPECHES-2022-09-01T161146.842.jpg 960w, https:\/\/depeches241.com\/wp-content\/uploads\/2022\/09\/DRIVE-IMAGES-DEPECHES-2022-09-01T161146.842-300x169.jpg 300w, https:\/\/depeches241.com\/wp-content\/uploads\/2022\/09\/DRIVE-IMAGES-DEPECHES-2022-09-01T161146.842-768x432.jpg 768w\" sizes=\"(max-width: 960px) 100vw, 960px\" \/><figcaption><strong><em>Le SEEG une uni\u00e8me fois prive plusieurs foyers de Lambaren\u00e9 de l&rsquo;\u00e9lectricit\u00e9 \u00a9 DR<\/em><\/strong> <\/figcaption><\/figure>\n\n\n\n<p style=\"font-size:17px\"><strong>Libreville, le 01 septembre 2022 &#8211; (D\u00e9p\u00eaches 241). La ville de Lambar\u00e9n\u00e9 dans la province du Moyen-Ogoou\u00e9 serait \u00e0 nouveau confront\u00e9e aux d\u00e9lestages intempestifs. La Soci\u00e9t\u00e9 d&rsquo;\u00e9nergie et d&rsquo;eau du Gabon (SEEG) \u00e9voque une panne des 5 groupes sur les 7 alimentant la ville.<\/strong><\/p>\n\n\n\n<p style=\"font-size:17px\">La ville du Grand Blanc, 38\u202f775 habitants (2013), est \u00e0 nouveau plong\u00e9e dans le l&rsquo;obscurit\u00e9. En effet, plusieurs quartiers de Lambar\u00e9n\u00e9 sont&nbsp; priv\u00e9s d&rsquo;\u00e9lectricit\u00e9 depuis plus d&rsquo;une semaine.&nbsp;<\/p>\n\n\n\n<p style=\"font-size:17px\">Cette situation cr\u00e9e la stupeur et \u00e9prouve manifestement les familles. <strong><em>\u00ab L\u2019\u00e9lectricit\u00e9 part et revient depuis 6 jours et personne ne nous explique pourquoi. La SEEG a le monopole de ce fait, m\u00eame si on se plaint on ira o\u00f9? Aucune excuses et en plus la nourriture ne fait que se gaspiller et comme d\u2019habitude personne ne va nous rembourser. \u00bb<\/em><\/strong>, s&rsquo;alarme Anna, habitante du quartier Ch\u00e2teau Faisceau, cit\u00e9e par GMT.<\/p>\n\n\n\n<p style=\"font-size:17px\">Les explications de la SEEG sont \u00e9galement rapport\u00e9es par notre confr\u00e8re. L&rsquo;op\u00e9rateur \u00e9voque une panne des groupes qui alimentent la ville.&nbsp; <strong><em>\u00ab Les nombreux d\u00e9lestages sont caus\u00e9s par la panne de 5 groupes sur les 7 alimentant la ville. A cet effet, un programme a \u00e9t\u00e9 mis \u00e0 disposition afin que chaque quartier soit ravitaill\u00e9 selon un chronogramme bien pr\u00e9cis \u00bb<\/em><\/strong> a-t-on pu lire.<\/p>\n\n\n\n<p style=\"font-size:17px\">Depuis pr\u00e8s d&rsquo;une d\u00e9cennie, les populations de Lambar\u00e9n\u00e9 ne bouclent pas une ann\u00e9e sans conna\u00eetre des p\u00e9riodes de d\u00e9lestage. Des sources rapportent en effet que ces dysfonctionnements seraient d\u00fb \u00e0 la v\u00e9tust\u00e9 des installations de la SEEG dans la province du Moyen-Ogoou\u00e9. <\/p>\n","protected":false},"excerpt":{"rendered":"<p>La ville de Lambar\u00e9n\u00e9 dans la province du Moyen-Ogoou\u00e9 serait \u00e0 nouveau confront\u00e9e aux d\u00e9lestages intempestifs. La Soci\u00e9t\u00e9 d&rsquo;\u00e9nergie et d&rsquo;eau du Gabon (SEEG) \u00e9voque une panne des 5 groupes sur les 7 alimentant la ville.<\/p>\n","protected":false},"author":11,"featured_media":9324,"comment_status":"open","ping_status":"open","sticky":false,"template":"","format":"standard","meta":{"om_disable_all_campaigns":false,"footnotes":""},"categories":[5,116],"tags":[],"class_list":{"0":"post-9323","1":"post","2":"type-post","3":"status-publish","4":"format-standard","5":"has-post-thumbnail","7":"category-societe","8":"category-une1"},"yoast_head":"<!-- This site is optimized with the Yoast SEO plugin v27.5 - https:\/\/yoast.com\/product\/yoast-seo-wordpress\/ -->\n<title>Lambaren\u00e9: plusieurs quartiers priv\u00e9s d&#039;\u00e9lectricit\u00e9 depuis pr\u00e8s d&#039;une semaine par la SEEG - Groupe D\u00e9p\u00eaches241<\/title>\n<meta name=\"description\" content=\"La ville de Lambar\u00e9n\u00e9 dans la province du Moyen-Ogoou\u00e9 serait \u00e0 nouveau confront\u00e9e aux d\u00e9lestages intempestifs. La Soci\u00e9t\u00e9 d&#039;\u00e9nergie et d&#039;eau du Gabon (SEEG) \u00e9voque une panne des 5 groupes sur les 7 alimentant la ville.\" \/>\n<meta name=\"robots\" content=\"index, follow, max-snippet:-1, max-image-preview:large, max-video-preview:-1\" \/>\n<link rel=\"canonical\" href=\"https:\/\/depeches241.com\/?p=9323\" \/>\n<meta property=\"og:locale\" content=\"fr_FR\" \/>\n<meta property=\"og:type\" content=\"article\" \/>\n<meta property=\"og:title\" content=\"Lambaren\u00e9: plusieurs quartiers priv\u00e9s d&#039;\u00e9lectricit\u00e9 depuis pr\u00e8s d&#039;une semaine par la SEEG - Groupe D\u00e9p\u00eaches241\" \/>\n<meta property=\"og:description\" content=\"La ville de Lambar\u00e9n\u00e9 dans la province du Moyen-Ogoou\u00e9 serait \u00e0 nouveau confront\u00e9e aux d\u00e9lestages intempestifs. La Soci\u00e9t\u00e9 d&#039;\u00e9nergie et d&#039;eau du Gabon (SEEG) \u00e9voque une panne des 5 groupes sur les 7 alimentant la ville.\" \/>\n<meta property=\"og:url\" content=\"https:\/\/depeches241.com\/?p=9323\" \/>\n<meta property=\"og:site_name\" content=\"Groupe D\u00e9p\u00eaches241\" \/>\n<meta property=\"article:publisher\" content=\"https:\/\/www.facebook.com\/depeches241\" \/>\n<meta property=\"article:published_time\" content=\"2022-09-01T15:26:10+00:00\" \/>\n<meta property=\"article:modified_time\" content=\"2022-09-01T15:26:13+00:00\" \/>\n<meta property=\"og:image\" content=\"https:\/\/depeches241.com\/wp-content\/uploads\/2022\/09\/DRIVE-IMAGES-DEPECHES-2022-09-01T161146.842.jpg\" \/>\n\t<meta property=\"og:image:width\" content=\"960\" \/>\n\t<meta property=\"og:image:height\" content=\"540\" \/>\n\t<meta property=\"og:image:type\" content=\"image\/jpeg\" \/>\n<meta name=\"author\" content=\"R\u00e9daction\" \/>\n<meta name=\"twitter:card\" content=\"summary_large_image\" \/>\n<meta name=\"twitter:label1\" content=\"\u00c9crit par\" \/>\n\t<meta name=\"twitter:data1\" content=\"R\u00e9daction\" \/>\n\t<meta name=\"twitter:label2\" content=\"Dur\u00e9e de lecture estim\u00e9e\" \/>\n\t<meta name=\"twitter:data2\" content=\"1 minute\" \/>\n<script type=\"application\/ld+json\" class=\"yoast-schema-graph\">{\"@context\":\"https:\\\/\\\/schema.org\",\"@graph\":[{\"@type\":\"Article\",\"@id\":\"https:\\\/\\\/depeches241.com\\\/?p=9323#article\",\"isPartOf\":{\"@id\":\"https:\\\/\\\/depeches241.com\\\/?p=9323\"},\"author\":{\"name\":\"R\u00e9daction\",\"@id\":\"https:\\\/\\\/depeches241.com\\\/#\\\/schema\\\/person\\\/977f23ecf7439b0805f4525a893a057a\"},\"headline\":\"Lambaren\u00e9: plusieurs quartiers priv\u00e9s d&rsquo;\u00e9lectricit\u00e9 depuis pr\u00e8s d&rsquo;une semaine par la SEEG\",\"datePublished\":\"2022-09-01T15:26:10+00:00\",\"dateModified\":\"2022-09-01T15:26:13+00:00\",\"mainEntityOfPage\":{\"@id\":\"https:\\\/\\\/depeches241.com\\\/?p=9323\"},\"wordCount\":295,\"commentCount\":0,\"publisher\":{\"@id\":\"https:\\\/\\\/depeches241.com\\\/#organization\"},\"image\":{\"@id\":\"https:\\\/\\\/depeches241.com\\\/?p=9323#primaryimage\"},\"thumbnailUrl\":\"https:\\\/\\\/depeches241.com\\\/wp-content\\\/uploads\\\/2022\\\/09\\\/DRIVE-IMAGES-DEPECHES-2022-09-01T161146.842.jpg\",\"articleSection\":[\"SOCIETE\",\"Une1\"],\"inLanguage\":\"fr-FR\",\"potentialAction\":[{\"@type\":\"CommentAction\",\"name\":\"Comment\",\"target\":[\"https:\\\/\\\/depeches241.com\\\/?p=9323#respond\"]}]},{\"@type\":\"WebPage\",\"@id\":\"https:\\\/\\\/depeches241.com\\\/?p=9323\",\"url\":\"https:\\\/\\\/depeches241.com\\\/?p=9323\",\"name\":\"Lambaren\u00e9: plusieurs quartiers priv\u00e9s d'\u00e9lectricit\u00e9 depuis pr\u00e8s d'une semaine par la SEEG - Groupe D\u00e9p\u00eaches241\",\"isPartOf\":{\"@id\":\"https:\\\/\\\/depeches241.com\\\/#website\"},\"primaryImageOfPage\":{\"@id\":\"https:\\\/\\\/depeches241.com\\\/?p=9323#primaryimage\"},\"image\":{\"@id\":\"https:\\\/\\\/depeches241.com\\\/?p=9323#primaryimage\"},\"thumbnailUrl\":\"https:\\\/\\\/depeches241.com\\\/wp-content\\\/uploads\\\/2022\\\/09\\\/DRIVE-IMAGES-DEPECHES-2022-09-01T161146.842.jpg\",\"datePublished\":\"2022-09-01T15:26:10+00:00\",\"dateModified\":\"2022-09-01T15:26:13+00:00\",\"description\":\"La ville de Lambar\u00e9n\u00e9 dans la province du Moyen-Ogoou\u00e9 serait \u00e0 nouveau confront\u00e9e aux d\u00e9lestages intempestifs. La Soci\u00e9t\u00e9 d'\u00e9nergie et d'eau du Gabon (SEEG) \u00e9voque une panne des 5 groupes sur les 7 alimentant la ville.\",\"breadcrumb\":{\"@id\":\"https:\\\/\\\/depeches241.com\\\/?p=9323#breadcrumb\"},\"inLanguage\":\"fr-FR\",\"potentialAction\":[{\"@type\":\"ReadAction\",\"target\":[\"https:\\\/\\\/depeches241.com\\\/?p=9323\"]}]},{\"@type\":\"ImageObject\",\"inLanguage\":\"fr-FR\",\"@id\":\"https:\\\/\\\/depeches241.com\\\/?p=9323#primaryimage\",\"url\":\"https:\\\/\\\/depeches241.com\\\/wp-content\\\/uploads\\\/2022\\\/09\\\/DRIVE-IMAGES-DEPECHES-2022-09-01T161146.842.jpg\",\"contentUrl\":\"https:\\\/\\\/depeches241.com\\\/wp-content\\\/uploads\\\/2022\\\/09\\\/DRIVE-IMAGES-DEPECHES-2022-09-01T161146.842.jpg\",\"width\":960,\"height\":540},{\"@type\":\"BreadcrumbList\",\"@id\":\"https:\\\/\\\/depeches241.com\\\/?p=9323#breadcrumb\",\"itemListElement\":[{\"@type\":\"ListItem\",\"position\":1,\"name\":\"Accueil\",\"item\":\"https:\\\/\\\/depeches241.com\\\/\"},{\"@type\":\"ListItem\",\"position\":2,\"name\":\"Lambaren\u00e9: plusieurs quartiers priv\u00e9s d&#8217;\u00e9lectricit\u00e9 depuis pr\u00e8s d&#8217;une semaine par la SEEG\"}]},{\"@type\":\"WebSite\",\"@id\":\"https:\\\/\\\/depeches241.com\\\/#website\",\"url\":\"https:\\\/\\\/depeches241.com\\\/\",\"name\":\"D\u00e9p\u00eaches241\",\"description\":\"M\u00e9dia d&#039;actualit\u00e9 Politique, \u00c9conomique, Sociale et Internationale\",\"publisher\":{\"@id\":\"https:\\\/\\\/depeches241.com\\\/#organization\"},\"potentialAction\":[{\"@type\":\"SearchAction\",\"target\":{\"@type\":\"EntryPoint\",\"urlTemplate\":\"https:\\\/\\\/depeches241.com\\\/?s={search_term_string}\"},\"query-input\":{\"@type\":\"PropertyValueSpecification\",\"valueRequired\":true,\"valueName\":\"search_term_string\"}}],\"inLanguage\":\"fr-FR\"},{\"@type\":\"Organization\",\"@id\":\"https:\\\/\\\/depeches241.com\\\/#organization\",\"name\":\"Groupe D\u00e9p\u00eaches241\",\"url\":\"https:\\\/\\\/depeches241.com\\\/\",\"logo\":{\"@type\":\"ImageObject\",\"inLanguage\":\"fr-FR\",\"@id\":\"https:\\\/\\\/depeches241.com\\\/#\\\/schema\\\/logo\\\/image\\\/\",\"url\":\"https:\\\/\\\/depeches241.com\\\/wp-content\\\/uploads\\\/2021\\\/10\\\/cropped-Logo-new-Accueil.png\",\"contentUrl\":\"https:\\\/\\\/depeches241.com\\\/wp-content\\\/uploads\\\/2021\\\/10\\\/cropped-Logo-new-Accueil.png\",\"width\":320,\"height\":105,\"caption\":\"Groupe D\u00e9p\u00eaches241\"},\"image\":{\"@id\":\"https:\\\/\\\/depeches241.com\\\/#\\\/schema\\\/logo\\\/image\\\/\"},\"sameAs\":[\"https:\\\/\\\/www.facebook.com\\\/depeches241\"]},{\"@type\":\"Person\",\"@id\":\"https:\\\/\\\/depeches241.com\\\/#\\\/schema\\\/person\\\/977f23ecf7439b0805f4525a893a057a\",\"name\":\"R\u00e9daction\",\"image\":{\"@type\":\"ImageObject\",\"inLanguage\":\"fr-FR\",\"@id\":\"https:\\\/\\\/secure.gravatar.com\\\/avatar\\\/8c655dbc51e5c9289f919f15ce20847ab5a910f8369a17ca243b673da48541f5?s=96&d=mm&r=g\",\"url\":\"https:\\\/\\\/secure.gravatar.com\\\/avatar\\\/8c655dbc51e5c9289f919f15ce20847ab5a910f8369a17ca243b673da48541f5?s=96&d=mm&r=g\",\"contentUrl\":\"https:\\\/\\\/secure.gravatar.com\\\/avatar\\\/8c655dbc51e5c9289f919f15ce20847ab5a910f8369a17ca243b673da48541f5?s=96&d=mm&r=g\",\"caption\":\"R\u00e9daction\"},\"url\":\"https:\\\/\\\/depeches241.com\\\/?author=11\"}]}<\/script>\n<!-- \/ Yoast SEO plugin. -->","yoast_head_json":{"title":"Lambaren\u00e9: plusieurs quartiers priv\u00e9s d'\u00e9lectricit\u00e9 depuis pr\u00e8s d'une semaine par la SEEG - Groupe D\u00e9p\u00eaches241","description":"La ville de Lambar\u00e9n\u00e9 dans la province du Moyen-Ogoou\u00e9 serait \u00e0 nouveau confront\u00e9e aux d\u00e9lestages intempestifs. La Soci\u00e9t\u00e9 d'\u00e9nergie et d'eau du Gabon (SEEG) \u00e9voque une panne des 5 groupes sur les 7 alimentant la ville.","robots":{"index":"index","follow":"follow","max-snippet":"max-snippet:-1","max-image-preview":"max-image-preview:large","max-video-preview":"max-video-preview:-1"},"canonical":"https:\/\/depeches241.com\/?p=9323","og_locale":"fr_FR","og_type":"article","og_title":"Lambaren\u00e9: plusieurs quartiers priv\u00e9s d'\u00e9lectricit\u00e9 depuis pr\u00e8s d'une semaine par la SEEG - Groupe D\u00e9p\u00eaches241","og_description":"La ville de Lambar\u00e9n\u00e9 dans la province du Moyen-Ogoou\u00e9 serait \u00e0 nouveau confront\u00e9e aux d\u00e9lestages intempestifs. La Soci\u00e9t\u00e9 d'\u00e9nergie et d'eau du Gabon (SEEG) \u00e9voque une panne des 5 groupes sur les 7 alimentant la ville.","og_url":"https:\/\/depeches241.com\/?p=9323","og_site_name":"Groupe D\u00e9p\u00eaches241","article_publisher":"https:\/\/www.facebook.com\/depeches241","article_published_time":"2022-09-01T15:26:10+00:00","article_modified_time":"2022-09-01T15:26:13+00:00","og_image":[{"width":960,"height":540,"url":"https:\/\/depeches241.com\/wp-content\/uploads\/2022\/09\/DRIVE-IMAGES-DEPECHES-2022-09-01T161146.842.jpg","type":"image\/jpeg"}],"author":"R\u00e9daction","twitter_card":"summary_large_image","twitter_misc":{"\u00c9crit par":"R\u00e9daction","Dur\u00e9e de lecture estim\u00e9e":"1 minute"},"schema":{"@context":"https:\/\/schema.org","@graph":[{"@type":"Article","@id":"https:\/\/depeches241.com\/?p=9323#article","isPartOf":{"@id":"https:\/\/depeches241.com\/?p=9323"},"author":{"name":"R\u00e9daction","@id":"https:\/\/depeches241.com\/#\/schema\/person\/977f23ecf7439b0805f4525a893a057a"},"headline":"Lambaren\u00e9: plusieurs quartiers priv\u00e9s d&rsquo;\u00e9lectricit\u00e9 depuis pr\u00e8s d&rsquo;une semaine par la SEEG","datePublished":"2022-09-01T15:26:10+00:00","dateModified":"2022-09-01T15:26:13+00:00","mainEntityOfPage":{"@id":"https:\/\/depeches241.com\/?p=9323"},"wordCount":295,"commentCount":0,"publisher":{"@id":"https:\/\/depeches241.com\/#organization"},"image":{"@id":"https:\/\/depeches241.com\/?p=9323#primaryimage"},"thumbnailUrl":"https:\/\/depeches241.com\/wp-content\/uploads\/2022\/09\/DRIVE-IMAGES-DEPECHES-2022-09-01T161146.842.jpg","articleSection":["SOCIETE","Une1"],"inLanguage":"fr-FR","potentialAction":[{"@type":"CommentAction","name":"Comment","target":["https:\/\/depeches241.com\/?p=9323#respond"]}]},{"@type":"WebPage","@id":"https:\/\/depeches241.com\/?p=9323","url":"https:\/\/depeches241.com\/?p=9323","name":"Lambaren\u00e9: plusieurs quartiers priv\u00e9s d'\u00e9lectricit\u00e9 depuis pr\u00e8s d'une semaine par la SEEG - Groupe D\u00e9p\u00eaches241","isPartOf":{"@id":"https:\/\/depeches241.com\/#website"},"primaryImageOfPage":{"@id":"https:\/\/depeches241.com\/?p=9323#primaryimage"},"image":{"@id":"https:\/\/depeches241.com\/?p=9323#primaryimage"},"thumbnailUrl":"https:\/\/depeches241.com\/wp-content\/uploads\/2022\/09\/DRIVE-IMAGES-DEPECHES-2022-09-01T161146.842.jpg","datePublished":"2022-09-01T15:26:10+00:00","dateModified":"2022-09-01T15:26:13+00:00","description":"La ville de Lambar\u00e9n\u00e9 dans la province du Moyen-Ogoou\u00e9 serait \u00e0 nouveau confront\u00e9e aux d\u00e9lestages intempestifs. La Soci\u00e9t\u00e9 d'\u00e9nergie et d'eau du Gabon (SEEG) \u00e9voque une panne des 5 groupes sur les 7 alimentant la ville.","breadcrumb":{"@id":"https:\/\/depeches241.com\/?p=9323#breadcrumb"},"inLanguage":"fr-FR","potentialAction":[{"@type":"ReadAction","target":["https:\/\/depeches241.com\/?p=9323"]}]},{"@type":"ImageObject","inLanguage":"fr-FR","@id":"https:\/\/depeches241.com\/?p=9323#primaryimage","url":"https:\/\/depeches241.com\/wp-content\/uploads\/2022\/09\/DRIVE-IMAGES-DEPECHES-2022-09-01T161146.842.jpg","contentUrl":"https:\/\/depeches241.com\/wp-content\/uploads\/2022\/09\/DRIVE-IMAGES-DEPECHES-2022-09-01T161146.842.jpg","width":960,"height":540},{"@type":"BreadcrumbList","@id":"https:\/\/depeches241.com\/?p=9323#breadcrumb","itemListElement":[{"@type":"ListItem","position":1,"name":"Accueil","item":"https:\/\/depeches241.com\/"},{"@type":"ListItem","position":2,"name":"Lambaren\u00e9: plusieurs quartiers priv\u00e9s d&#8217;\u00e9lectricit\u00e9 depuis pr\u00e8s d&#8217;une semaine par la SEEG"}]},{"@type":"WebSite","@id":"https:\/\/depeches241.com\/#website","url":"https:\/\/depeches241.com\/","name":"D\u00e9p\u00eaches241","description":"M\u00e9dia d&#039;actualit\u00e9 Politique, \u00c9conomique, Sociale et Internationale","publisher":{"@id":"https:\/\/depeches241.com\/#organization"},"potentialAction":[{"@type":"SearchAction","target":{"@type":"EntryPoint","urlTemplate":"https:\/\/depeches241.com\/?s={search_term_string}"},"query-input":{"@type":"PropertyValueSpecification","valueRequired":true,"valueName":"search_term_string"}}],"inLanguage":"fr-FR"},{"@type":"Organization","@id":"https:\/\/depeches241.com\/#organization","name":"Groupe D\u00e9p\u00eaches241","url":"https:\/\/depeches241.com\/","logo":{"@type":"ImageObject","inLanguage":"fr-FR","@id":"https:\/\/depeches241.com\/#\/schema\/logo\/image\/","url":"https:\/\/depeches241.com\/wp-content\/uploads\/2021\/10\/cropped-Logo-new-Accueil.png","contentUrl":"https:\/\/depeches241.com\/wp-content\/uploads\/2021\/10\/cropped-Logo-new-Accueil.png","width":320,"height":105,"caption":"Groupe D\u00e9p\u00eaches241"},"image":{"@id":"https:\/\/depeches241.com\/#\/schema\/logo\/image\/"},"sameAs":["https:\/\/www.facebook.com\/depeches241"]},{"@type":"Person","@id":"https:\/\/depeches241.com\/#\/schema\/person\/977f23ecf7439b0805f4525a893a057a","name":"R\u00e9daction","image":{"@type":"ImageObject","inLanguage":"fr-FR","@id":"https:\/\/secure.gravatar.com\/avatar\/8c655dbc51e5c9289f919f15ce20847ab5a910f8369a17ca243b673da48541f5?s=96&d=mm&r=g","url":"https:\/\/secure.gravatar.com\/avatar\/8c655dbc51e5c9289f919f15ce20847ab5a910f8369a17ca243b673da48541f5?s=96&d=mm&r=g","contentUrl":"https:\/\/secure.gravatar.com\/avatar\/8c655dbc51e5c9289f919f15ce20847ab5a910f8369a17ca243b673da48541f5?s=96&d=mm&r=g","caption":"R\u00e9daction"},"url":"https:\/\/depeches241.com\/?author=11"}]}},"_links":{"self":[{"href":"https:\/\/depeches241.com\/index.php?rest_route=\/wp\/v2\/posts\/9323","targetHints":{"allow":["GET"]}}],"collection":[{"href":"https:\/\/depeches241.com\/index.php?rest_route=\/wp\/v2\/posts"}],"about":[{"href":"https:\/\/depeches241.com\/index.php?rest_route=\/wp\/v2\/types\/post"}],"author":[{"embeddable":true,"href":"https:\/\/depeches241.com\/index.php?rest_route=\/wp\/v2\/users\/11"}],"replies":[{"embeddable":true,"href":"https:\/\/depeches241.com\/index.php?rest_route=%2Fwp%2Fv2%2Fcomments&post=9323"}],"version-history":[{"count":1,"href":"https:\/\/depeches241.com\/index.php?rest_route=\/wp\/v2\/posts\/9323\/revisions"}],"predecessor-version":[{"id":9325,"href":"https:\/\/depeches241.com\/index.php?rest_route=\/wp\/v2\/posts\/9323\/revisions\/9325"}],"wp:featuredmedia":[{"embeddable":true,"href":"https:\/\/depeches241.com\/index.php?rest_route=\/wp\/v2\/media\/9324"}],"wp:attachment":[{"href":"https:\/\/depeches241.com\/index.php?rest_route=%2Fwp%2Fv2%2Fmedia&parent=9323"}],"wp:term":[{"taxonomy":"category","embeddable":true,"href":"https:\/\/depeches241.com\/index.php?rest_route=%2Fwp%2Fv2%2Fcategories&post=9323"},{"taxonomy":"post_tag","embeddable":true,"href":"https:\/\/depeches241.com\/index.php?rest_route=%2Fwp%2Fv2%2Ftags&post=9323"}],"curies":[{"name":"wp","href":"https:\/\/api.w.org\/{rel}","templated":true}]}}