{"id":934,"date":"2021-08-10T17:12:42","date_gmt":"2021-08-10T15:12:42","guid":{"rendered":"http:\/\/depeches241.com\/?p=934"},"modified":"2021-08-10T17:12:47","modified_gmt":"2021-08-10T15:12:47","slug":"gabon-dynamique-unitaire-fait-le-bilan-sa-tournee-dans-logooue-ivindo","status":"publish","type":"post","link":"https:\/\/depeches241.com\/?p=934","title":{"rendered":"Gabon: Dynamique Unitaire fait le bilan sa tourn\u00e9e dans l\u2019Ogoou\u00e9-Ivindo"},"content":{"rendered":"\n<figure class=\"wp-block-image size-full\"><img fetchpriority=\"high\" decoding=\"async\" width=\"960\" height=\"540\" src=\"http:\/\/depeches241.com\/wp-content\/uploads\/2021\/08\/DRIVE-IMAGES-DEPECHES-8.jpg\" alt=\"\" class=\"wp-image-935\" srcset=\"https:\/\/depeches241.com\/wp-content\/uploads\/2021\/08\/DRIVE-IMAGES-DEPECHES-8.jpg 960w, https:\/\/depeches241.com\/wp-content\/uploads\/2021\/08\/DRIVE-IMAGES-DEPECHES-8-300x169.jpg 300w, https:\/\/depeches241.com\/wp-content\/uploads\/2021\/08\/DRIVE-IMAGES-DEPECHES-8-768x432.jpg 768w\" sizes=\"(max-width: 960px) 100vw, 960px\" \/><figcaption><strong><em>Jean Remy Yama pendant la conf\u00e9rence de presse qu&rsquo;il anim\u00e9 ce jour pour le compte de la <meta charset=\"utf-8\">conf\u00e9d\u00e9ration syndicale Dynamique Unitaire \u00a9DR<\/em><\/strong><\/figcaption><\/figure>\n\n\n\n<p><strong>Libreville, le 10 ao\u00fbt 2021 (D\u00e9p\u00eaches 241). Ce mardi 10 ao\u00fbt 2021, Dynamique Unitaire (DU) a fait le bilan de sa r\u00e9cente tourn\u00e9e dans la province de l\u2019Ogoou\u00e9-Ivindo. C\u2019\u00e9tait \u00e0 l\u2019occasion d\u2019une conf\u00e9rence de presse qui \u00e9tait anim\u00e9e \u00e0 Libreville par Jean R\u00e9my Yama, le responsable de cette conf\u00e9d\u00e9ration syndicale.\u00a0<\/strong><\/p>\n\n\n\n<p class=\"has-drop-cap\">Un peu plus de trois semaines apr\u00e8s avoir achev\u00e9 sa derni\u00e8re tourn\u00e9e dans les quatres d\u00e9partements de la province de l\u2019Ogoou\u00e9-Ivindo, le bureau directeur de Dynamique Unitaire (DU) conduit par Jean R\u00e9my Yama, \u00e9tait face \u00e0 la presse ce jour. Le pr\u00e9sident de la conf\u00e9d\u00e9ration syndicale a rappel\u00e9 les mobiles de cette visite dans l\u2019hinterland.&nbsp;<\/p>\n\n\n\n<p><strong><em>\u00ab Les \u00e9changes ont port\u00e9 d\u2019une part sur la dette abyssale \u00e0 travers le gel des r\u00e9gularisations administratives dans la fonction publique, le non arrimage de la pension retraite au Nouveau syst\u00e8me de r\u00e9mun\u00e9ration dans la fonction publique, et les arri\u00e9r\u00e9s de plus de 120 milliards de Fcfa au titre des cotisations CNSS non revers\u00e9es pour la main d\u2019oeuvre non-permanente et les agents des collectivit\u00e9s locales et d\u2019autre part, DU a \u00e9voqu\u00e9 les d\u00e9rives esclavagistes contenues dans le nouveau code du travail qui mettent fin \u00e0 la s\u00e9curit\u00e9 du travail \u00bb <\/em><\/strong>a d\u00e9clar\u00e9 Jean R\u00e9my Yama.&nbsp;<\/p>\n\n\n\n<p>Les responsables de la conf\u00e9d\u00e9ration syndicale ont \u00e9galement saisi l\u2019opportunit\u00e9 de cette conf\u00e9rence de presse, pour annoncer dans les prochains jours, le lancement de la \u00ab <strong><em>Journ\u00e9e nationale contre la maltraitance du retrait\u00e9 \u00bb <\/em><\/strong>dans<strong> <\/strong>l\u2019optique d\u2019apporter leur soutien \u00e0 cette cat\u00e9gorie de personnes.&nbsp;<\/p>\n","protected":false},"excerpt":{"rendered":"<p>Ce mardi 10 ao\u00fbt 2021, Dynamique Unitaire (DU) a fait le bilan de sa r\u00e9cente tourn\u00e9e dans la province de l\u2019Ogoou\u00e9-Ivindo. C\u2019\u00e9tait \u00e0 l\u2019occasion d\u2019une conf\u00e9rence de presse qui \u00e9tait anim\u00e9e \u00e0 Libreville par Jean R\u00e9my Yama, le responsable de cette conf\u00e9d\u00e9ration syndicale.\u00a0<\/p>\n","protected":false},"author":11,"featured_media":935,"comment_status":"open","ping_status":"open","sticky":false,"template":"","format":"standard","meta":{"om_disable_all_campaigns":false,"footnotes":""},"categories":[5,34,116],"tags":[99,328,59,329,42,43],"class_list":{"0":"post-934","1":"post","2":"type-post","3":"status-publish","4":"format-standard","5":"has-post-thumbnail","7":"category-societe","8":"category-syndicats","9":"category-une1","10":"tag-depeches241","11":"tag-dynamique-unitaire","12":"tag-gabon","13":"tag-jean-remy-yama","14":"tag-societe","15":"tag-syndicat"},"yoast_head":"<!-- This site is optimized with the Yoast SEO plugin v27.5 - https:\/\/yoast.com\/product\/yoast-seo-wordpress\/ -->\n<title>Gabon: Dynamique Unitaire fait le bilan sa tourn\u00e9e dans l\u2019Ogoou\u00e9-Ivindo - Groupe D\u00e9p\u00eaches241<\/title>\n<meta name=\"description\" content=\"Libreville, le 10 ao\u00fbt 2021 (D\u00e9p\u00eaches 241). Ce mardi 10 ao\u00fbt 2021, Dynamique Unitaire (DU) a fait le bilan de sa r\u00e9cente tourn\u00e9e dans la province de l\u2019Ogoou\u00e9-Ivindo. C\u2019\u00e9tait \u00e0 l\u2019occasion d\u2019une conf\u00e9rence de presse qui \u00e9tait anim\u00e9e \u00e0 Libreville par Jean R\u00e9my Yama, le responsable de cette conf\u00e9d\u00e9ration syndicale.\u00a0\" \/>\n<meta name=\"robots\" content=\"index, follow, max-snippet:-1, max-image-preview:large, max-video-preview:-1\" \/>\n<link rel=\"canonical\" href=\"https:\/\/depeches241.com\/?p=934\" \/>\n<meta property=\"og:locale\" content=\"fr_FR\" \/>\n<meta property=\"og:type\" content=\"article\" \/>\n<meta property=\"og:title\" content=\"Gabon: Dynamique Unitaire fait le bilan sa tourn\u00e9e dans l\u2019Ogoou\u00e9-Ivindo - Groupe D\u00e9p\u00eaches241\" \/>\n<meta property=\"og:description\" content=\"Libreville, le 10 ao\u00fbt 2021 (D\u00e9p\u00eaches 241). Ce mardi 10 ao\u00fbt 2021, Dynamique Unitaire (DU) a fait le bilan de sa r\u00e9cente tourn\u00e9e dans la province de l\u2019Ogoou\u00e9-Ivindo. C\u2019\u00e9tait \u00e0 l\u2019occasion d\u2019une conf\u00e9rence de presse qui \u00e9tait anim\u00e9e \u00e0 Libreville par Jean R\u00e9my Yama, le responsable de cette conf\u00e9d\u00e9ration syndicale.\u00a0\" \/>\n<meta property=\"og:url\" content=\"https:\/\/depeches241.com\/?p=934\" \/>\n<meta property=\"og:site_name\" content=\"Groupe D\u00e9p\u00eaches241\" \/>\n<meta property=\"article:publisher\" content=\"https:\/\/www.facebook.com\/depeches241\" \/>\n<meta property=\"article:published_time\" content=\"2021-08-10T15:12:42+00:00\" \/>\n<meta property=\"article:modified_time\" content=\"2021-08-10T15:12:47+00:00\" \/>\n<meta property=\"og:image\" content=\"https:\/\/depeches241.com\/wp-content\/uploads\/2021\/08\/DRIVE-IMAGES-DEPECHES-8.jpg\" \/>\n\t<meta property=\"og:image:width\" content=\"960\" \/>\n\t<meta property=\"og:image:height\" content=\"540\" \/>\n\t<meta property=\"og:image:type\" content=\"image\/jpeg\" \/>\n<meta name=\"author\" content=\"R\u00e9daction\" \/>\n<meta name=\"twitter:card\" content=\"summary_large_image\" \/>\n<meta name=\"twitter:label1\" content=\"\u00c9crit par\" \/>\n\t<meta name=\"twitter:data1\" content=\"R\u00e9daction\" \/>\n\t<meta name=\"twitter:label2\" content=\"Dur\u00e9e de lecture estim\u00e9e\" \/>\n\t<meta name=\"twitter:data2\" content=\"2 minutes\" \/>\n<script type=\"application\/ld+json\" class=\"yoast-schema-graph\">{\"@context\":\"https:\\\/\\\/schema.org\",\"@graph\":[{\"@type\":\"Article\",\"@id\":\"https:\\\/\\\/depeches241.com\\\/?p=934#article\",\"isPartOf\":{\"@id\":\"https:\\\/\\\/depeches241.com\\\/?p=934\"},\"author\":{\"name\":\"R\u00e9daction\",\"@id\":\"https:\\\/\\\/depeches241.com\\\/#\\\/schema\\\/person\\\/977f23ecf7439b0805f4525a893a057a\"},\"headline\":\"Gabon: Dynamique Unitaire fait le bilan sa tourn\u00e9e dans l\u2019Ogoou\u00e9-Ivindo\",\"datePublished\":\"2021-08-10T15:12:42+00:00\",\"dateModified\":\"2021-08-10T15:12:47+00:00\",\"mainEntityOfPage\":{\"@id\":\"https:\\\/\\\/depeches241.com\\\/?p=934\"},\"wordCount\":320,\"commentCount\":0,\"publisher\":{\"@id\":\"https:\\\/\\\/depeches241.com\\\/#organization\"},\"image\":{\"@id\":\"https:\\\/\\\/depeches241.com\\\/?p=934#primaryimage\"},\"thumbnailUrl\":\"https:\\\/\\\/depeches241.com\\\/wp-content\\\/uploads\\\/2021\\\/08\\\/DRIVE-IMAGES-DEPECHES-8.jpg\",\"keywords\":[\"depeches241\",\"Dynamique Unitaire\",\"Gabon\",\"Jean R\u00e9my Yama\",\"soci\u00e9t\u00e9\",\"syndicat\"],\"articleSection\":[\"SOCIETE\",\"SYNDICATS\",\"Une1\"],\"inLanguage\":\"fr-FR\",\"potentialAction\":[{\"@type\":\"CommentAction\",\"name\":\"Comment\",\"target\":[\"https:\\\/\\\/depeches241.com\\\/?p=934#respond\"]}]},{\"@type\":\"WebPage\",\"@id\":\"https:\\\/\\\/depeches241.com\\\/?p=934\",\"url\":\"https:\\\/\\\/depeches241.com\\\/?p=934\",\"name\":\"Gabon: Dynamique Unitaire fait le bilan sa tourn\u00e9e dans l\u2019Ogoou\u00e9-Ivindo - Groupe D\u00e9p\u00eaches241\",\"isPartOf\":{\"@id\":\"https:\\\/\\\/depeches241.com\\\/#website\"},\"primaryImageOfPage\":{\"@id\":\"https:\\\/\\\/depeches241.com\\\/?p=934#primaryimage\"},\"image\":{\"@id\":\"https:\\\/\\\/depeches241.com\\\/?p=934#primaryimage\"},\"thumbnailUrl\":\"https:\\\/\\\/depeches241.com\\\/wp-content\\\/uploads\\\/2021\\\/08\\\/DRIVE-IMAGES-DEPECHES-8.jpg\",\"datePublished\":\"2021-08-10T15:12:42+00:00\",\"dateModified\":\"2021-08-10T15:12:47+00:00\",\"description\":\"Libreville, le 10 ao\u00fbt 2021 (D\u00e9p\u00eaches 241). Ce mardi 10 ao\u00fbt 2021, Dynamique Unitaire (DU) a fait le bilan de sa r\u00e9cente tourn\u00e9e dans la province de l\u2019Ogoou\u00e9-Ivindo. C\u2019\u00e9tait \u00e0 l\u2019occasion d\u2019une conf\u00e9rence de presse qui \u00e9tait anim\u00e9e \u00e0 Libreville par Jean R\u00e9my Yama, le responsable de cette conf\u00e9d\u00e9ration syndicale.\u00a0\",\"breadcrumb\":{\"@id\":\"https:\\\/\\\/depeches241.com\\\/?p=934#breadcrumb\"},\"inLanguage\":\"fr-FR\",\"potentialAction\":[{\"@type\":\"ReadAction\",\"target\":[\"https:\\\/\\\/depeches241.com\\\/?p=934\"]}]},{\"@type\":\"ImageObject\",\"inLanguage\":\"fr-FR\",\"@id\":\"https:\\\/\\\/depeches241.com\\\/?p=934#primaryimage\",\"url\":\"https:\\\/\\\/depeches241.com\\\/wp-content\\\/uploads\\\/2021\\\/08\\\/DRIVE-IMAGES-DEPECHES-8.jpg\",\"contentUrl\":\"https:\\\/\\\/depeches241.com\\\/wp-content\\\/uploads\\\/2021\\\/08\\\/DRIVE-IMAGES-DEPECHES-8.jpg\",\"width\":960,\"height\":540},{\"@type\":\"BreadcrumbList\",\"@id\":\"https:\\\/\\\/depeches241.com\\\/?p=934#breadcrumb\",\"itemListElement\":[{\"@type\":\"ListItem\",\"position\":1,\"name\":\"Accueil\",\"item\":\"https:\\\/\\\/depeches241.com\\\/\"},{\"@type\":\"ListItem\",\"position\":2,\"name\":\"Gabon: Dynamique Unitaire fait le bilan sa tourn\u00e9e dans l\u2019Ogoou\u00e9-Ivindo\"}]},{\"@type\":\"WebSite\",\"@id\":\"https:\\\/\\\/depeches241.com\\\/#website\",\"url\":\"https:\\\/\\\/depeches241.com\\\/\",\"name\":\"D\u00e9p\u00eaches241\",\"description\":\"M\u00e9dia d&#039;actualit\u00e9 Politique, \u00c9conomique, Sociale et Internationale\",\"publisher\":{\"@id\":\"https:\\\/\\\/depeches241.com\\\/#organization\"},\"potentialAction\":[{\"@type\":\"SearchAction\",\"target\":{\"@type\":\"EntryPoint\",\"urlTemplate\":\"https:\\\/\\\/depeches241.com\\\/?s={search_term_string}\"},\"query-input\":{\"@type\":\"PropertyValueSpecification\",\"valueRequired\":true,\"valueName\":\"search_term_string\"}}],\"inLanguage\":\"fr-FR\"},{\"@type\":\"Organization\",\"@id\":\"https:\\\/\\\/depeches241.com\\\/#organization\",\"name\":\"Groupe D\u00e9p\u00eaches241\",\"url\":\"https:\\\/\\\/depeches241.com\\\/\",\"logo\":{\"@type\":\"ImageObject\",\"inLanguage\":\"fr-FR\",\"@id\":\"https:\\\/\\\/depeches241.com\\\/#\\\/schema\\\/logo\\\/image\\\/\",\"url\":\"https:\\\/\\\/depeches241.com\\\/wp-content\\\/uploads\\\/2021\\\/10\\\/cropped-Logo-new-Accueil.png\",\"contentUrl\":\"https:\\\/\\\/depeches241.com\\\/wp-content\\\/uploads\\\/2021\\\/10\\\/cropped-Logo-new-Accueil.png\",\"width\":320,\"height\":105,\"caption\":\"Groupe D\u00e9p\u00eaches241\"},\"image\":{\"@id\":\"https:\\\/\\\/depeches241.com\\\/#\\\/schema\\\/logo\\\/image\\\/\"},\"sameAs\":[\"https:\\\/\\\/www.facebook.com\\\/depeches241\"]},{\"@type\":\"Person\",\"@id\":\"https:\\\/\\\/depeches241.com\\\/#\\\/schema\\\/person\\\/977f23ecf7439b0805f4525a893a057a\",\"name\":\"R\u00e9daction\",\"image\":{\"@type\":\"ImageObject\",\"inLanguage\":\"fr-FR\",\"@id\":\"https:\\\/\\\/secure.gravatar.com\\\/avatar\\\/8c655dbc51e5c9289f919f15ce20847ab5a910f8369a17ca243b673da48541f5?s=96&d=mm&r=g\",\"url\":\"https:\\\/\\\/secure.gravatar.com\\\/avatar\\\/8c655dbc51e5c9289f919f15ce20847ab5a910f8369a17ca243b673da48541f5?s=96&d=mm&r=g\",\"contentUrl\":\"https:\\\/\\\/secure.gravatar.com\\\/avatar\\\/8c655dbc51e5c9289f919f15ce20847ab5a910f8369a17ca243b673da48541f5?s=96&d=mm&r=g\",\"caption\":\"R\u00e9daction\"},\"url\":\"https:\\\/\\\/depeches241.com\\\/?author=11\"}]}<\/script>\n<!-- \/ Yoast SEO plugin. -->","yoast_head_json":{"title":"Gabon: Dynamique Unitaire fait le bilan sa tourn\u00e9e dans l\u2019Ogoou\u00e9-Ivindo - Groupe D\u00e9p\u00eaches241","description":"Libreville, le 10 ao\u00fbt 2021 (D\u00e9p\u00eaches 241). Ce mardi 10 ao\u00fbt 2021, Dynamique Unitaire (DU) a fait le bilan de sa r\u00e9cente tourn\u00e9e dans la province de l\u2019Ogoou\u00e9-Ivindo. C\u2019\u00e9tait \u00e0 l\u2019occasion d\u2019une conf\u00e9rence de presse qui \u00e9tait anim\u00e9e \u00e0 Libreville par Jean R\u00e9my Yama, le responsable de cette conf\u00e9d\u00e9ration syndicale.\u00a0","robots":{"index":"index","follow":"follow","max-snippet":"max-snippet:-1","max-image-preview":"max-image-preview:large","max-video-preview":"max-video-preview:-1"},"canonical":"https:\/\/depeches241.com\/?p=934","og_locale":"fr_FR","og_type":"article","og_title":"Gabon: Dynamique Unitaire fait le bilan sa tourn\u00e9e dans l\u2019Ogoou\u00e9-Ivindo - Groupe D\u00e9p\u00eaches241","og_description":"Libreville, le 10 ao\u00fbt 2021 (D\u00e9p\u00eaches 241). Ce mardi 10 ao\u00fbt 2021, Dynamique Unitaire (DU) a fait le bilan de sa r\u00e9cente tourn\u00e9e dans la province de l\u2019Ogoou\u00e9-Ivindo. C\u2019\u00e9tait \u00e0 l\u2019occasion d\u2019une conf\u00e9rence de presse qui \u00e9tait anim\u00e9e \u00e0 Libreville par Jean R\u00e9my Yama, le responsable de cette conf\u00e9d\u00e9ration syndicale.\u00a0","og_url":"https:\/\/depeches241.com\/?p=934","og_site_name":"Groupe D\u00e9p\u00eaches241","article_publisher":"https:\/\/www.facebook.com\/depeches241","article_published_time":"2021-08-10T15:12:42+00:00","article_modified_time":"2021-08-10T15:12:47+00:00","og_image":[{"width":960,"height":540,"url":"https:\/\/depeches241.com\/wp-content\/uploads\/2021\/08\/DRIVE-IMAGES-DEPECHES-8.jpg","type":"image\/jpeg"}],"author":"R\u00e9daction","twitter_card":"summary_large_image","twitter_misc":{"\u00c9crit par":"R\u00e9daction","Dur\u00e9e de lecture estim\u00e9e":"2 minutes"},"schema":{"@context":"https:\/\/schema.org","@graph":[{"@type":"Article","@id":"https:\/\/depeches241.com\/?p=934#article","isPartOf":{"@id":"https:\/\/depeches241.com\/?p=934"},"author":{"name":"R\u00e9daction","@id":"https:\/\/depeches241.com\/#\/schema\/person\/977f23ecf7439b0805f4525a893a057a"},"headline":"Gabon: Dynamique Unitaire fait le bilan sa tourn\u00e9e dans l\u2019Ogoou\u00e9-Ivindo","datePublished":"2021-08-10T15:12:42+00:00","dateModified":"2021-08-10T15:12:47+00:00","mainEntityOfPage":{"@id":"https:\/\/depeches241.com\/?p=934"},"wordCount":320,"commentCount":0,"publisher":{"@id":"https:\/\/depeches241.com\/#organization"},"image":{"@id":"https:\/\/depeches241.com\/?p=934#primaryimage"},"thumbnailUrl":"https:\/\/depeches241.com\/wp-content\/uploads\/2021\/08\/DRIVE-IMAGES-DEPECHES-8.jpg","keywords":["depeches241","Dynamique Unitaire","Gabon","Jean R\u00e9my Yama","soci\u00e9t\u00e9","syndicat"],"articleSection":["SOCIETE","SYNDICATS","Une1"],"inLanguage":"fr-FR","potentialAction":[{"@type":"CommentAction","name":"Comment","target":["https:\/\/depeches241.com\/?p=934#respond"]}]},{"@type":"WebPage","@id":"https:\/\/depeches241.com\/?p=934","url":"https:\/\/depeches241.com\/?p=934","name":"Gabon: Dynamique Unitaire fait le bilan sa tourn\u00e9e dans l\u2019Ogoou\u00e9-Ivindo - Groupe D\u00e9p\u00eaches241","isPartOf":{"@id":"https:\/\/depeches241.com\/#website"},"primaryImageOfPage":{"@id":"https:\/\/depeches241.com\/?p=934#primaryimage"},"image":{"@id":"https:\/\/depeches241.com\/?p=934#primaryimage"},"thumbnailUrl":"https:\/\/depeches241.com\/wp-content\/uploads\/2021\/08\/DRIVE-IMAGES-DEPECHES-8.jpg","datePublished":"2021-08-10T15:12:42+00:00","dateModified":"2021-08-10T15:12:47+00:00","description":"Libreville, le 10 ao\u00fbt 2021 (D\u00e9p\u00eaches 241). Ce mardi 10 ao\u00fbt 2021, Dynamique Unitaire (DU) a fait le bilan de sa r\u00e9cente tourn\u00e9e dans la province de l\u2019Ogoou\u00e9-Ivindo. C\u2019\u00e9tait \u00e0 l\u2019occasion d\u2019une conf\u00e9rence de presse qui \u00e9tait anim\u00e9e \u00e0 Libreville par Jean R\u00e9my Yama, le responsable de cette conf\u00e9d\u00e9ration syndicale.\u00a0","breadcrumb":{"@id":"https:\/\/depeches241.com\/?p=934#breadcrumb"},"inLanguage":"fr-FR","potentialAction":[{"@type":"ReadAction","target":["https:\/\/depeches241.com\/?p=934"]}]},{"@type":"ImageObject","inLanguage":"fr-FR","@id":"https:\/\/depeches241.com\/?p=934#primaryimage","url":"https:\/\/depeches241.com\/wp-content\/uploads\/2021\/08\/DRIVE-IMAGES-DEPECHES-8.jpg","contentUrl":"https:\/\/depeches241.com\/wp-content\/uploads\/2021\/08\/DRIVE-IMAGES-DEPECHES-8.jpg","width":960,"height":540},{"@type":"BreadcrumbList","@id":"https:\/\/depeches241.com\/?p=934#breadcrumb","itemListElement":[{"@type":"ListItem","position":1,"name":"Accueil","item":"https:\/\/depeches241.com\/"},{"@type":"ListItem","position":2,"name":"Gabon: Dynamique Unitaire fait le bilan sa tourn\u00e9e dans l\u2019Ogoou\u00e9-Ivindo"}]},{"@type":"WebSite","@id":"https:\/\/depeches241.com\/#website","url":"https:\/\/depeches241.com\/","name":"D\u00e9p\u00eaches241","description":"M\u00e9dia d&#039;actualit\u00e9 Politique, \u00c9conomique, Sociale et Internationale","publisher":{"@id":"https:\/\/depeches241.com\/#organization"},"potentialAction":[{"@type":"SearchAction","target":{"@type":"EntryPoint","urlTemplate":"https:\/\/depeches241.com\/?s={search_term_string}"},"query-input":{"@type":"PropertyValueSpecification","valueRequired":true,"valueName":"search_term_string"}}],"inLanguage":"fr-FR"},{"@type":"Organization","@id":"https:\/\/depeches241.com\/#organization","name":"Groupe D\u00e9p\u00eaches241","url":"https:\/\/depeches241.com\/","logo":{"@type":"ImageObject","inLanguage":"fr-FR","@id":"https:\/\/depeches241.com\/#\/schema\/logo\/image\/","url":"https:\/\/depeches241.com\/wp-content\/uploads\/2021\/10\/cropped-Logo-new-Accueil.png","contentUrl":"https:\/\/depeches241.com\/wp-content\/uploads\/2021\/10\/cropped-Logo-new-Accueil.png","width":320,"height":105,"caption":"Groupe D\u00e9p\u00eaches241"},"image":{"@id":"https:\/\/depeches241.com\/#\/schema\/logo\/image\/"},"sameAs":["https:\/\/www.facebook.com\/depeches241"]},{"@type":"Person","@id":"https:\/\/depeches241.com\/#\/schema\/person\/977f23ecf7439b0805f4525a893a057a","name":"R\u00e9daction","image":{"@type":"ImageObject","inLanguage":"fr-FR","@id":"https:\/\/secure.gravatar.com\/avatar\/8c655dbc51e5c9289f919f15ce20847ab5a910f8369a17ca243b673da48541f5?s=96&d=mm&r=g","url":"https:\/\/secure.gravatar.com\/avatar\/8c655dbc51e5c9289f919f15ce20847ab5a910f8369a17ca243b673da48541f5?s=96&d=mm&r=g","contentUrl":"https:\/\/secure.gravatar.com\/avatar\/8c655dbc51e5c9289f919f15ce20847ab5a910f8369a17ca243b673da48541f5?s=96&d=mm&r=g","caption":"R\u00e9daction"},"url":"https:\/\/depeches241.com\/?author=11"}]}},"_links":{"self":[{"href":"https:\/\/depeches241.com\/index.php?rest_route=\/wp\/v2\/posts\/934","targetHints":{"allow":["GET"]}}],"collection":[{"href":"https:\/\/depeches241.com\/index.php?rest_route=\/wp\/v2\/posts"}],"about":[{"href":"https:\/\/depeches241.com\/index.php?rest_route=\/wp\/v2\/types\/post"}],"author":[{"embeddable":true,"href":"https:\/\/depeches241.com\/index.php?rest_route=\/wp\/v2\/users\/11"}],"replies":[{"embeddable":true,"href":"https:\/\/depeches241.com\/index.php?rest_route=%2Fwp%2Fv2%2Fcomments&post=934"}],"version-history":[{"count":1,"href":"https:\/\/depeches241.com\/index.php?rest_route=\/wp\/v2\/posts\/934\/revisions"}],"predecessor-version":[{"id":936,"href":"https:\/\/depeches241.com\/index.php?rest_route=\/wp\/v2\/posts\/934\/revisions\/936"}],"wp:featuredmedia":[{"embeddable":true,"href":"https:\/\/depeches241.com\/index.php?rest_route=\/wp\/v2\/media\/935"}],"wp:attachment":[{"href":"https:\/\/depeches241.com\/index.php?rest_route=%2Fwp%2Fv2%2Fmedia&parent=934"}],"wp:term":[{"taxonomy":"category","embeddable":true,"href":"https:\/\/depeches241.com\/index.php?rest_route=%2Fwp%2Fv2%2Fcategories&post=934"},{"taxonomy":"post_tag","embeddable":true,"href":"https:\/\/depeches241.com\/index.php?rest_route=%2Fwp%2Fv2%2Ftags&post=934"}],"curies":[{"name":"wp","href":"https:\/\/api.w.org\/{rel}","templated":true}]}}