{"id":9477,"date":"2022-09-14T14:40:27","date_gmt":"2022-09-14T12:40:27","guid":{"rendered":"http:\/\/depeches241.com\/?p=9477"},"modified":"2022-09-14T14:47:30","modified_gmt":"2022-09-14T12:47:30","slug":"universite-de-port-gentil-12-ans-apres-lannonce-de-sa-creation-ossouka-raponda-prevoit-son-ouverture-pour-juin-2023","status":"publish","type":"post","link":"https:\/\/depeches241.com\/?p=9477","title":{"rendered":"Universit\u00e9 de Port-Gentil: 12 ans apr\u00e8s l&rsquo;annonce de sa cr\u00e9ation Ossouka Raponda pr\u00e9voit son ouverture pour Juin 2023"},"content":{"rendered":"\n<figure class=\"wp-block-image size-full\"><img fetchpriority=\"high\" decoding=\"async\" width=\"960\" height=\"540\" src=\"http:\/\/depeches241.com\/wp-content\/uploads\/2022\/09\/DRIVE-IMAGES-DEPECHES-2022-09-14T132456.978.jpg\" alt=\"\" class=\"wp-image-9479\" srcset=\"https:\/\/depeches241.com\/wp-content\/uploads\/2022\/09\/DRIVE-IMAGES-DEPECHES-2022-09-14T132456.978.jpg 960w, https:\/\/depeches241.com\/wp-content\/uploads\/2022\/09\/DRIVE-IMAGES-DEPECHES-2022-09-14T132456.978-300x169.jpg 300w, https:\/\/depeches241.com\/wp-content\/uploads\/2022\/09\/DRIVE-IMAGES-DEPECHES-2022-09-14T132456.978-768x432.jpg 768w\" sizes=\"(max-width: 960px) 100vw, 960px\" \/><figcaption><strong><em>Le gouvernement Ossouka Raponda s&rsquo;est mis \u00e0 l&rsquo;id\u00e9e de ressuscit\u00e9 le mort-n\u00e9 d\u00e9nomm\u00e9 universit\u00e9 internationale de Port-Gentil  \u00a9 DR<\/em><\/strong> <\/figcaption><\/figure>\n\n\n\n<p style=\"font-size:17px\"><strong>Libreville le 14 septembre 2022 &#8211; ( D\u00e9p\u00eaches 241 ). En d\u00e9placement dans la cit\u00e9 p\u00e9troli\u00e8re, le Premier ministre, Chef du gouvernement, Rose Christiane Ossouka Raponda a visit\u00e9 le chantier de l\u2019Universit\u00e9 de Port-Gentil dont la construction avait \u00e9t\u00e9 d\u00e9cid\u00e9e il y a plus de 10 ans. \u00c9trangement, \u00e0 moins d\u2019un an de la pr\u00e9sidentielle, Ali Bongo par le biais de la locataire de la Primature s\u2019est dit r\u00e9solu \u00e0 aller au bout de ce projet en pr\u00e9voyant sa livraison pour septembre 2023.&nbsp;<\/strong><\/p>\n\n\n\n<p style=\"font-size:17px\">Rose Christiane Ossouka Raponda s\u2019est-elle encore vautr\u00e9e dans l\u2019enfumage et dans les m\u00e9andres des effets d&rsquo;annonces dont elle sait pertinemment qu\u2019ils n\u2019aboutiront pas ? C\u2019est en tout cas la question qui \u00e9merge dans l\u2019opinion depuis l\u2019annonce par cette derni\u00e8re de la livraison du chantier au statut de miort-n\u00e9, de l&rsquo;Universit\u00e9 internationale de Port-Gentil dont le projet avait \u00e9t\u00e9 lanc\u00e9 depuis 2010.&nbsp;<\/p>\n\n\n\n<p style=\"font-size:17px\">En visite de travail dans la cit\u00e9 p\u00e9troli\u00e8re, Rose Christiane Ossouka Raponda a effectu\u00e9 une visite des chantiers dit prioritaires par le Chef de l\u2019Etat. C\u2019est dans cet esprit qu\u2019elle s\u2019est rendue au quartier N\u2019tch\u00e9ngu\u00e9, dans le 4\u00e8me&nbsp; arrondissement de la commune de Port-Gentil aux fins de se faire une id\u00e9e de l\u2019avanc\u00e9e de travaux de construction de l\u2019universit\u00e9 internationale de la m\u00eame ville.&nbsp;<\/p>\n\n\n\n<p style=\"font-size:17px\">Projet pens\u00e9 en mars 2010 par le pr\u00e9sident de la R\u00e9publique \u00e0 l\u2019occasion des conseils des ministres d\u00e9localis\u00e9s initi\u00e9s d\u00e8s son premier septennat, et lanc\u00e9 ensuite en 2012, la construction de cet \u00e9tablissement avait pris du plomb dans l&rsquo;aile comme plusieurs autres projets au Gabon avant d&rsquo;\u00eatre relanc\u00e9 en 2018. C\u2019est donc pour s\u2019assurer du respect des d\u00e9lais de livraison de ce projet que la locataire de la Primature s\u2019est rendue sur les lieux du chantier. <strong><em>\u00ab L\u2019int\u00e9r\u00eat de Madame le Premier Ministre est de savoir si on va livrer le chantier d\u2019ici juin prochain afin de proc\u00e9der \u00e0 la rentr\u00e9e des classes. L\u2019\u00e9cole a pr\u00e9vu finir en juin de l\u2019ann\u00e9e prochaine et l\u2019ameublement pour septembre de la m\u00eame ann\u00e9e. Nous allons respecter les d\u00e9lais \u00bb<\/em><\/strong>, a indiqu\u00e9 Dominique Gaugry, directeur de l\u2019entreprise adjudicateur NCB TP.&nbsp;<\/p>\n\n\n\n<p style=\"font-size:17px\">Le gouvernement et Ossouka Raponda se sont ainsi donn\u00e9s rendez-vous pour juin 2023, date annonc\u00e9e de la livraison de cette universit\u00e9 pr\u00e9sent\u00e9e comme un mod\u00e8le du genre dans la sous-r\u00e9gion. Un projet qui se heurte toutefois et ce l\u00e9gitimement au scepticisme des Gabonais qui dans un air de d\u00e9j\u00e0 vue \u00e9mettent des r\u00e9serves manifestes sur sa mat\u00e9rialisation.&nbsp;<\/p>\n\n\n\n<p style=\"font-size:17px\">Dans les faits, on ne saurait leur en vouloir car bien des fois, trop de fois, Ossouka Raponda et sa clique se sont moqu\u00e9s des Gabonais en annon\u00e7ant la livraison des chantiers qui n\u2019ont jamais \u00e9t\u00e9 effectifs, qui n\u2019ont jamais vu le jour. Et si par extraordinaire, celui-ci arrivait \u00e0 son terme, il serait syst\u00e9matiquement frapp\u00e9 du sceau de l&rsquo;opportunisme car intervenant dans un contexte marqu\u00e9 par les prochaines \u00e9ch\u00e9ances \u00e9lectorales.&nbsp;<\/p>\n","protected":false},"excerpt":{"rendered":"<p> En d\u00e9placement dans la cit\u00e9 p\u00e9troli\u00e8re, le Premier ministre, Chef du gouvernement, Rose Christiane Ossouka Raponda a visit\u00e9 le chantier de l\u2019Universit\u00e9 de Port-Gentil dont la construction avait \u00e9t\u00e9 d\u00e9cid\u00e9e il y a plus de 10 ans. \u00c9trangement, \u00e0 moins d\u2019un an de la pr\u00e9sidentielle, Ali Bongo par le biais de la locataire de la Primature s\u2019est dit r\u00e9solu \u00e0 aller au bout de ce projet en pr\u00e9voyant sa livraison pour septembre 2023. <\/p>\n","protected":false},"author":2,"featured_media":9479,"comment_status":"open","ping_status":"open","sticky":false,"template":"","format":"standard","meta":{"om_disable_all_campaigns":false,"footnotes":""},"categories":[5,116],"tags":[],"class_list":{"0":"post-9477","1":"post","2":"type-post","3":"status-publish","4":"format-standard","5":"has-post-thumbnail","7":"category-societe","8":"category-une1"},"yoast_head":"<!-- This site is optimized with the Yoast SEO plugin v27.5 - https:\/\/yoast.com\/product\/yoast-seo-wordpress\/ -->\n<title>Universit\u00e9 de Port-Gentil: 12 ans apr\u00e8s l&#039;annonce de sa cr\u00e9ation Ossouka Raponda pr\u00e9voit son ouverture pour Juin 2023 - Groupe D\u00e9p\u00eaches241<\/title>\n<meta name=\"description\" content=\"En d\u00e9placement dans la cit\u00e9 p\u00e9troli\u00e8re, le Premier ministre, Chef du gouvernement, Rose Christiane Ossouka Raponda a visit\u00e9 le chantier de l\u2019Universit\u00e9 de Port-Gentil dont la construction avait \u00e9t\u00e9 d\u00e9cid\u00e9e il y a plus de 10 ans. \u00c9trangement, \u00e0 moins d\u2019un an de la pr\u00e9sidentielle, Ali Bongo par le biais de la locataire de la Primature s\u2019est dit r\u00e9solu \u00e0 aller au bout de ce projet en pr\u00e9voyant sa livraison pour septembre 2023.\" \/>\n<meta name=\"robots\" content=\"index, follow, max-snippet:-1, max-image-preview:large, max-video-preview:-1\" \/>\n<link rel=\"canonical\" href=\"https:\/\/depeches241.com\/?p=9477\" \/>\n<meta property=\"og:locale\" content=\"fr_FR\" \/>\n<meta property=\"og:type\" content=\"article\" \/>\n<meta property=\"og:title\" content=\"Universit\u00e9 de Port-Gentil: 12 ans apr\u00e8s l&#039;annonce de sa cr\u00e9ation Ossouka Raponda pr\u00e9voit son ouverture pour Juin 2023 - Groupe D\u00e9p\u00eaches241\" \/>\n<meta property=\"og:description\" content=\"En d\u00e9placement dans la cit\u00e9 p\u00e9troli\u00e8re, le Premier ministre, Chef du gouvernement, Rose Christiane Ossouka Raponda a visit\u00e9 le chantier de l\u2019Universit\u00e9 de Port-Gentil dont la construction avait \u00e9t\u00e9 d\u00e9cid\u00e9e il y a plus de 10 ans. \u00c9trangement, \u00e0 moins d\u2019un an de la pr\u00e9sidentielle, Ali Bongo par le biais de la locataire de la Primature s\u2019est dit r\u00e9solu \u00e0 aller au bout de ce projet en pr\u00e9voyant sa livraison pour septembre 2023.\" \/>\n<meta property=\"og:url\" content=\"https:\/\/depeches241.com\/?p=9477\" \/>\n<meta property=\"og:site_name\" content=\"Groupe D\u00e9p\u00eaches241\" \/>\n<meta property=\"article:publisher\" content=\"https:\/\/www.facebook.com\/depeches241\" \/>\n<meta property=\"article:published_time\" content=\"2022-09-14T12:40:27+00:00\" \/>\n<meta property=\"article:modified_time\" content=\"2022-09-14T12:47:30+00:00\" \/>\n<meta property=\"og:image\" content=\"https:\/\/depeches241.com\/wp-content\/uploads\/2022\/09\/DRIVE-IMAGES-DEPECHES-2022-09-14T132456.978.jpg\" \/>\n\t<meta property=\"og:image:width\" content=\"960\" \/>\n\t<meta property=\"og:image:height\" content=\"540\" \/>\n\t<meta property=\"og:image:type\" content=\"image\/jpeg\" \/>\n<meta name=\"author\" content=\"Pharel BOUKIKA\" \/>\n<meta name=\"twitter:card\" content=\"summary_large_image\" \/>\n<meta name=\"twitter:label1\" content=\"\u00c9crit par\" \/>\n\t<meta name=\"twitter:data1\" content=\"Pharel BOUKIKA\" \/>\n\t<meta name=\"twitter:label2\" content=\"Dur\u00e9e de lecture estim\u00e9e\" \/>\n\t<meta name=\"twitter:data2\" content=\"3 minutes\" \/>\n<script type=\"application\/ld+json\" class=\"yoast-schema-graph\">{\"@context\":\"https:\\\/\\\/schema.org\",\"@graph\":[{\"@type\":\"Article\",\"@id\":\"https:\\\/\\\/depeches241.com\\\/?p=9477#article\",\"isPartOf\":{\"@id\":\"https:\\\/\\\/depeches241.com\\\/?p=9477\"},\"author\":{\"name\":\"Pharel BOUKIKA\",\"@id\":\"https:\\\/\\\/depeches241.com\\\/#\\\/schema\\\/person\\\/f39e676ca8f34712c2b828546ec69f14\"},\"headline\":\"Universit\u00e9 de Port-Gentil: 12 ans apr\u00e8s l&rsquo;annonce de sa cr\u00e9ation Ossouka Raponda pr\u00e9voit son ouverture pour Juin 2023\",\"datePublished\":\"2022-09-14T12:40:27+00:00\",\"dateModified\":\"2022-09-14T12:47:30+00:00\",\"mainEntityOfPage\":{\"@id\":\"https:\\\/\\\/depeches241.com\\\/?p=9477\"},\"wordCount\":576,\"commentCount\":0,\"publisher\":{\"@id\":\"https:\\\/\\\/depeches241.com\\\/#organization\"},\"image\":{\"@id\":\"https:\\\/\\\/depeches241.com\\\/?p=9477#primaryimage\"},\"thumbnailUrl\":\"https:\\\/\\\/depeches241.com\\\/wp-content\\\/uploads\\\/2022\\\/09\\\/DRIVE-IMAGES-DEPECHES-2022-09-14T132456.978.jpg\",\"articleSection\":[\"SOCIETE\",\"Une1\"],\"inLanguage\":\"fr-FR\",\"potentialAction\":[{\"@type\":\"CommentAction\",\"name\":\"Comment\",\"target\":[\"https:\\\/\\\/depeches241.com\\\/?p=9477#respond\"]}]},{\"@type\":\"WebPage\",\"@id\":\"https:\\\/\\\/depeches241.com\\\/?p=9477\",\"url\":\"https:\\\/\\\/depeches241.com\\\/?p=9477\",\"name\":\"Universit\u00e9 de Port-Gentil: 12 ans apr\u00e8s l'annonce de sa cr\u00e9ation Ossouka Raponda pr\u00e9voit son ouverture pour Juin 2023 - Groupe D\u00e9p\u00eaches241\",\"isPartOf\":{\"@id\":\"https:\\\/\\\/depeches241.com\\\/#website\"},\"primaryImageOfPage\":{\"@id\":\"https:\\\/\\\/depeches241.com\\\/?p=9477#primaryimage\"},\"image\":{\"@id\":\"https:\\\/\\\/depeches241.com\\\/?p=9477#primaryimage\"},\"thumbnailUrl\":\"https:\\\/\\\/depeches241.com\\\/wp-content\\\/uploads\\\/2022\\\/09\\\/DRIVE-IMAGES-DEPECHES-2022-09-14T132456.978.jpg\",\"datePublished\":\"2022-09-14T12:40:27+00:00\",\"dateModified\":\"2022-09-14T12:47:30+00:00\",\"description\":\"En d\u00e9placement dans la cit\u00e9 p\u00e9troli\u00e8re, le Premier ministre, Chef du gouvernement, Rose Christiane Ossouka Raponda a visit\u00e9 le chantier de l\u2019Universit\u00e9 de Port-Gentil dont la construction avait \u00e9t\u00e9 d\u00e9cid\u00e9e il y a plus de 10 ans. \u00c9trangement, \u00e0 moins d\u2019un an de la pr\u00e9sidentielle, Ali Bongo par le biais de la locataire de la Primature s\u2019est dit r\u00e9solu \u00e0 aller au bout de ce projet en pr\u00e9voyant sa livraison pour septembre 2023.\",\"breadcrumb\":{\"@id\":\"https:\\\/\\\/depeches241.com\\\/?p=9477#breadcrumb\"},\"inLanguage\":\"fr-FR\",\"potentialAction\":[{\"@type\":\"ReadAction\",\"target\":[\"https:\\\/\\\/depeches241.com\\\/?p=9477\"]}]},{\"@type\":\"ImageObject\",\"inLanguage\":\"fr-FR\",\"@id\":\"https:\\\/\\\/depeches241.com\\\/?p=9477#primaryimage\",\"url\":\"https:\\\/\\\/depeches241.com\\\/wp-content\\\/uploads\\\/2022\\\/09\\\/DRIVE-IMAGES-DEPECHES-2022-09-14T132456.978.jpg\",\"contentUrl\":\"https:\\\/\\\/depeches241.com\\\/wp-content\\\/uploads\\\/2022\\\/09\\\/DRIVE-IMAGES-DEPECHES-2022-09-14T132456.978.jpg\",\"width\":960,\"height\":540},{\"@type\":\"BreadcrumbList\",\"@id\":\"https:\\\/\\\/depeches241.com\\\/?p=9477#breadcrumb\",\"itemListElement\":[{\"@type\":\"ListItem\",\"position\":1,\"name\":\"Accueil\",\"item\":\"https:\\\/\\\/depeches241.com\\\/\"},{\"@type\":\"ListItem\",\"position\":2,\"name\":\"Universit\u00e9 de Port-Gentil: 12 ans apr\u00e8s l&#8217;annonce de sa cr\u00e9ation Ossouka Raponda pr\u00e9voit son ouverture pour Juin 2023\"}]},{\"@type\":\"WebSite\",\"@id\":\"https:\\\/\\\/depeches241.com\\\/#website\",\"url\":\"https:\\\/\\\/depeches241.com\\\/\",\"name\":\"D\u00e9p\u00eaches241\",\"description\":\"M\u00e9dia d&#039;actualit\u00e9 Politique, \u00c9conomique, Sociale et Internationale\",\"publisher\":{\"@id\":\"https:\\\/\\\/depeches241.com\\\/#organization\"},\"potentialAction\":[{\"@type\":\"SearchAction\",\"target\":{\"@type\":\"EntryPoint\",\"urlTemplate\":\"https:\\\/\\\/depeches241.com\\\/?s={search_term_string}\"},\"query-input\":{\"@type\":\"PropertyValueSpecification\",\"valueRequired\":true,\"valueName\":\"search_term_string\"}}],\"inLanguage\":\"fr-FR\"},{\"@type\":\"Organization\",\"@id\":\"https:\\\/\\\/depeches241.com\\\/#organization\",\"name\":\"Groupe D\u00e9p\u00eaches241\",\"url\":\"https:\\\/\\\/depeches241.com\\\/\",\"logo\":{\"@type\":\"ImageObject\",\"inLanguage\":\"fr-FR\",\"@id\":\"https:\\\/\\\/depeches241.com\\\/#\\\/schema\\\/logo\\\/image\\\/\",\"url\":\"https:\\\/\\\/depeches241.com\\\/wp-content\\\/uploads\\\/2021\\\/10\\\/cropped-Logo-new-Accueil.png\",\"contentUrl\":\"https:\\\/\\\/depeches241.com\\\/wp-content\\\/uploads\\\/2021\\\/10\\\/cropped-Logo-new-Accueil.png\",\"width\":320,\"height\":105,\"caption\":\"Groupe D\u00e9p\u00eaches241\"},\"image\":{\"@id\":\"https:\\\/\\\/depeches241.com\\\/#\\\/schema\\\/logo\\\/image\\\/\"},\"sameAs\":[\"https:\\\/\\\/www.facebook.com\\\/depeches241\"]},{\"@type\":\"Person\",\"@id\":\"https:\\\/\\\/depeches241.com\\\/#\\\/schema\\\/person\\\/f39e676ca8f34712c2b828546ec69f14\",\"name\":\"Pharel BOUKIKA\",\"image\":{\"@type\":\"ImageObject\",\"inLanguage\":\"fr-FR\",\"@id\":\"https:\\\/\\\/secure.gravatar.com\\\/avatar\\\/f911ded37269927862a946f1d008338d6cd8ef36529103aaa98b08ba9425d477?s=96&d=mm&r=g\",\"url\":\"https:\\\/\\\/secure.gravatar.com\\\/avatar\\\/f911ded37269927862a946f1d008338d6cd8ef36529103aaa98b08ba9425d477?s=96&d=mm&r=g\",\"contentUrl\":\"https:\\\/\\\/secure.gravatar.com\\\/avatar\\\/f911ded37269927862a946f1d008338d6cd8ef36529103aaa98b08ba9425d477?s=96&d=mm&r=g\",\"caption\":\"Pharel BOUKIKA\"},\"description\":\"Dipl\u00f4m\u00e9 en Droit Priv\u00e9, en communication, en Journalisme et d\u00e9tenteur d'une Licence en \u00c9conomie et Gestion administrative, ancien r\u00e9dacteur en Chef de Gabon Media Time, Pharel Boukika est le G\u00e9rant du groupe D\u00e9p\u00eaches Gabon et par ailleurs Directeur de Publication de D\u00e9p\u00eaches241. Analyste politique, ses prises de parole et ses approches pertinentes lui ont ouvert depuis peu les portes des plateaux t\u00e9l\u00e9vis\u00e9s pendant lesquels, il d\u00e9bat sur les questions d'actualit\u00e9 politique, \u00e9conomique et sociale du Gabon. D\u00e9p\u00eaches241 n'est que le prolongement de sa volont\u00e9 manifeste et infinie d'\u00e9difier et d'informer les Gabonais.\",\"sameAs\":[\"http:\\\/\\\/clubsportplus.fr\"],\"url\":\"https:\\\/\\\/depeches241.com\\\/?author=2\"}]}<\/script>\n<!-- \/ Yoast SEO plugin. -->","yoast_head_json":{"title":"Universit\u00e9 de Port-Gentil: 12 ans apr\u00e8s l'annonce de sa cr\u00e9ation Ossouka Raponda pr\u00e9voit son ouverture pour Juin 2023 - Groupe D\u00e9p\u00eaches241","description":"En d\u00e9placement dans la cit\u00e9 p\u00e9troli\u00e8re, le Premier ministre, Chef du gouvernement, Rose Christiane Ossouka Raponda a visit\u00e9 le chantier de l\u2019Universit\u00e9 de Port-Gentil dont la construction avait \u00e9t\u00e9 d\u00e9cid\u00e9e il y a plus de 10 ans. \u00c9trangement, \u00e0 moins d\u2019un an de la pr\u00e9sidentielle, Ali Bongo par le biais de la locataire de la Primature s\u2019est dit r\u00e9solu \u00e0 aller au bout de ce projet en pr\u00e9voyant sa livraison pour septembre 2023.","robots":{"index":"index","follow":"follow","max-snippet":"max-snippet:-1","max-image-preview":"max-image-preview:large","max-video-preview":"max-video-preview:-1"},"canonical":"https:\/\/depeches241.com\/?p=9477","og_locale":"fr_FR","og_type":"article","og_title":"Universit\u00e9 de Port-Gentil: 12 ans apr\u00e8s l'annonce de sa cr\u00e9ation Ossouka Raponda pr\u00e9voit son ouverture pour Juin 2023 - Groupe D\u00e9p\u00eaches241","og_description":"En d\u00e9placement dans la cit\u00e9 p\u00e9troli\u00e8re, le Premier ministre, Chef du gouvernement, Rose Christiane Ossouka Raponda a visit\u00e9 le chantier de l\u2019Universit\u00e9 de Port-Gentil dont la construction avait \u00e9t\u00e9 d\u00e9cid\u00e9e il y a plus de 10 ans. \u00c9trangement, \u00e0 moins d\u2019un an de la pr\u00e9sidentielle, Ali Bongo par le biais de la locataire de la Primature s\u2019est dit r\u00e9solu \u00e0 aller au bout de ce projet en pr\u00e9voyant sa livraison pour septembre 2023.","og_url":"https:\/\/depeches241.com\/?p=9477","og_site_name":"Groupe D\u00e9p\u00eaches241","article_publisher":"https:\/\/www.facebook.com\/depeches241","article_published_time":"2022-09-14T12:40:27+00:00","article_modified_time":"2022-09-14T12:47:30+00:00","og_image":[{"width":960,"height":540,"url":"https:\/\/depeches241.com\/wp-content\/uploads\/2022\/09\/DRIVE-IMAGES-DEPECHES-2022-09-14T132456.978.jpg","type":"image\/jpeg"}],"author":"Pharel BOUKIKA","twitter_card":"summary_large_image","twitter_misc":{"\u00c9crit par":"Pharel BOUKIKA","Dur\u00e9e de lecture estim\u00e9e":"3 minutes"},"schema":{"@context":"https:\/\/schema.org","@graph":[{"@type":"Article","@id":"https:\/\/depeches241.com\/?p=9477#article","isPartOf":{"@id":"https:\/\/depeches241.com\/?p=9477"},"author":{"name":"Pharel BOUKIKA","@id":"https:\/\/depeches241.com\/#\/schema\/person\/f39e676ca8f34712c2b828546ec69f14"},"headline":"Universit\u00e9 de Port-Gentil: 12 ans apr\u00e8s l&rsquo;annonce de sa cr\u00e9ation Ossouka Raponda pr\u00e9voit son ouverture pour Juin 2023","datePublished":"2022-09-14T12:40:27+00:00","dateModified":"2022-09-14T12:47:30+00:00","mainEntityOfPage":{"@id":"https:\/\/depeches241.com\/?p=9477"},"wordCount":576,"commentCount":0,"publisher":{"@id":"https:\/\/depeches241.com\/#organization"},"image":{"@id":"https:\/\/depeches241.com\/?p=9477#primaryimage"},"thumbnailUrl":"https:\/\/depeches241.com\/wp-content\/uploads\/2022\/09\/DRIVE-IMAGES-DEPECHES-2022-09-14T132456.978.jpg","articleSection":["SOCIETE","Une1"],"inLanguage":"fr-FR","potentialAction":[{"@type":"CommentAction","name":"Comment","target":["https:\/\/depeches241.com\/?p=9477#respond"]}]},{"@type":"WebPage","@id":"https:\/\/depeches241.com\/?p=9477","url":"https:\/\/depeches241.com\/?p=9477","name":"Universit\u00e9 de Port-Gentil: 12 ans apr\u00e8s l'annonce de sa cr\u00e9ation Ossouka Raponda pr\u00e9voit son ouverture pour Juin 2023 - Groupe D\u00e9p\u00eaches241","isPartOf":{"@id":"https:\/\/depeches241.com\/#website"},"primaryImageOfPage":{"@id":"https:\/\/depeches241.com\/?p=9477#primaryimage"},"image":{"@id":"https:\/\/depeches241.com\/?p=9477#primaryimage"},"thumbnailUrl":"https:\/\/depeches241.com\/wp-content\/uploads\/2022\/09\/DRIVE-IMAGES-DEPECHES-2022-09-14T132456.978.jpg","datePublished":"2022-09-14T12:40:27+00:00","dateModified":"2022-09-14T12:47:30+00:00","description":"En d\u00e9placement dans la cit\u00e9 p\u00e9troli\u00e8re, le Premier ministre, Chef du gouvernement, Rose Christiane Ossouka Raponda a visit\u00e9 le chantier de l\u2019Universit\u00e9 de Port-Gentil dont la construction avait \u00e9t\u00e9 d\u00e9cid\u00e9e il y a plus de 10 ans. \u00c9trangement, \u00e0 moins d\u2019un an de la pr\u00e9sidentielle, Ali Bongo par le biais de la locataire de la Primature s\u2019est dit r\u00e9solu \u00e0 aller au bout de ce projet en pr\u00e9voyant sa livraison pour septembre 2023.","breadcrumb":{"@id":"https:\/\/depeches241.com\/?p=9477#breadcrumb"},"inLanguage":"fr-FR","potentialAction":[{"@type":"ReadAction","target":["https:\/\/depeches241.com\/?p=9477"]}]},{"@type":"ImageObject","inLanguage":"fr-FR","@id":"https:\/\/depeches241.com\/?p=9477#primaryimage","url":"https:\/\/depeches241.com\/wp-content\/uploads\/2022\/09\/DRIVE-IMAGES-DEPECHES-2022-09-14T132456.978.jpg","contentUrl":"https:\/\/depeches241.com\/wp-content\/uploads\/2022\/09\/DRIVE-IMAGES-DEPECHES-2022-09-14T132456.978.jpg","width":960,"height":540},{"@type":"BreadcrumbList","@id":"https:\/\/depeches241.com\/?p=9477#breadcrumb","itemListElement":[{"@type":"ListItem","position":1,"name":"Accueil","item":"https:\/\/depeches241.com\/"},{"@type":"ListItem","position":2,"name":"Universit\u00e9 de Port-Gentil: 12 ans apr\u00e8s l&#8217;annonce de sa cr\u00e9ation Ossouka Raponda pr\u00e9voit son ouverture pour Juin 2023"}]},{"@type":"WebSite","@id":"https:\/\/depeches241.com\/#website","url":"https:\/\/depeches241.com\/","name":"D\u00e9p\u00eaches241","description":"M\u00e9dia d&#039;actualit\u00e9 Politique, \u00c9conomique, Sociale et Internationale","publisher":{"@id":"https:\/\/depeches241.com\/#organization"},"potentialAction":[{"@type":"SearchAction","target":{"@type":"EntryPoint","urlTemplate":"https:\/\/depeches241.com\/?s={search_term_string}"},"query-input":{"@type":"PropertyValueSpecification","valueRequired":true,"valueName":"search_term_string"}}],"inLanguage":"fr-FR"},{"@type":"Organization","@id":"https:\/\/depeches241.com\/#organization","name":"Groupe D\u00e9p\u00eaches241","url":"https:\/\/depeches241.com\/","logo":{"@type":"ImageObject","inLanguage":"fr-FR","@id":"https:\/\/depeches241.com\/#\/schema\/logo\/image\/","url":"https:\/\/depeches241.com\/wp-content\/uploads\/2021\/10\/cropped-Logo-new-Accueil.png","contentUrl":"https:\/\/depeches241.com\/wp-content\/uploads\/2021\/10\/cropped-Logo-new-Accueil.png","width":320,"height":105,"caption":"Groupe D\u00e9p\u00eaches241"},"image":{"@id":"https:\/\/depeches241.com\/#\/schema\/logo\/image\/"},"sameAs":["https:\/\/www.facebook.com\/depeches241"]},{"@type":"Person","@id":"https:\/\/depeches241.com\/#\/schema\/person\/f39e676ca8f34712c2b828546ec69f14","name":"Pharel BOUKIKA","image":{"@type":"ImageObject","inLanguage":"fr-FR","@id":"https:\/\/secure.gravatar.com\/avatar\/f911ded37269927862a946f1d008338d6cd8ef36529103aaa98b08ba9425d477?s=96&d=mm&r=g","url":"https:\/\/secure.gravatar.com\/avatar\/f911ded37269927862a946f1d008338d6cd8ef36529103aaa98b08ba9425d477?s=96&d=mm&r=g","contentUrl":"https:\/\/secure.gravatar.com\/avatar\/f911ded37269927862a946f1d008338d6cd8ef36529103aaa98b08ba9425d477?s=96&d=mm&r=g","caption":"Pharel BOUKIKA"},"description":"Dipl\u00f4m\u00e9 en Droit Priv\u00e9, en communication, en Journalisme et d\u00e9tenteur d'une Licence en \u00c9conomie et Gestion administrative, ancien r\u00e9dacteur en Chef de Gabon Media Time, Pharel Boukika est le G\u00e9rant du groupe D\u00e9p\u00eaches Gabon et par ailleurs Directeur de Publication de D\u00e9p\u00eaches241. Analyste politique, ses prises de parole et ses approches pertinentes lui ont ouvert depuis peu les portes des plateaux t\u00e9l\u00e9vis\u00e9s pendant lesquels, il d\u00e9bat sur les questions d'actualit\u00e9 politique, \u00e9conomique et sociale du Gabon. D\u00e9p\u00eaches241 n'est que le prolongement de sa volont\u00e9 manifeste et infinie d'\u00e9difier et d'informer les Gabonais.","sameAs":["http:\/\/clubsportplus.fr"],"url":"https:\/\/depeches241.com\/?author=2"}]}},"_links":{"self":[{"href":"https:\/\/depeches241.com\/index.php?rest_route=\/wp\/v2\/posts\/9477","targetHints":{"allow":["GET"]}}],"collection":[{"href":"https:\/\/depeches241.com\/index.php?rest_route=\/wp\/v2\/posts"}],"about":[{"href":"https:\/\/depeches241.com\/index.php?rest_route=\/wp\/v2\/types\/post"}],"author":[{"embeddable":true,"href":"https:\/\/depeches241.com\/index.php?rest_route=\/wp\/v2\/users\/2"}],"replies":[{"embeddable":true,"href":"https:\/\/depeches241.com\/index.php?rest_route=%2Fwp%2Fv2%2Fcomments&post=9477"}],"version-history":[{"count":3,"href":"https:\/\/depeches241.com\/index.php?rest_route=\/wp\/v2\/posts\/9477\/revisions"}],"predecessor-version":[{"id":9483,"href":"https:\/\/depeches241.com\/index.php?rest_route=\/wp\/v2\/posts\/9477\/revisions\/9483"}],"wp:featuredmedia":[{"embeddable":true,"href":"https:\/\/depeches241.com\/index.php?rest_route=\/wp\/v2\/media\/9479"}],"wp:attachment":[{"href":"https:\/\/depeches241.com\/index.php?rest_route=%2Fwp%2Fv2%2Fmedia&parent=9477"}],"wp:term":[{"taxonomy":"category","embeddable":true,"href":"https:\/\/depeches241.com\/index.php?rest_route=%2Fwp%2Fv2%2Fcategories&post=9477"},{"taxonomy":"post_tag","embeddable":true,"href":"https:\/\/depeches241.com\/index.php?rest_route=%2Fwp%2Fv2%2Ftags&post=9477"}],"curies":[{"name":"wp","href":"https:\/\/api.w.org\/{rel}","templated":true}]}}