{"id":9721,"date":"2022-09-26T14:51:26","date_gmt":"2022-09-26T12:51:26","guid":{"rendered":"http:\/\/depeches241.com\/?p=9721"},"modified":"2022-09-26T15:37:18","modified_gmt":"2022-09-26T13:37:18","slug":"teleafrica-les-vuvuzeleurs-du-regime-sans-salaire-depuis-10-mois","status":"publish","type":"post","link":"https:\/\/depeches241.com\/?p=9721","title":{"rendered":"TeleAfrica: les \u00abvuvuzeleurs du r\u00e9gime\u00bb sans salaire depuis 10 mois"},"content":{"rendered":"\n<figure class=\"wp-block-image size-full\"><img fetchpriority=\"high\" decoding=\"async\" width=\"960\" height=\"540\" src=\"http:\/\/depeches241.com\/wp-content\/uploads\/2022\/09\/DRIVE-IMAGES-DEPECHES-2022-09-26T134730.677.jpg\" alt=\"\" class=\"wp-image-9722\" srcset=\"https:\/\/depeches241.com\/wp-content\/uploads\/2022\/09\/DRIVE-IMAGES-DEPECHES-2022-09-26T134730.677.jpg 960w, https:\/\/depeches241.com\/wp-content\/uploads\/2022\/09\/DRIVE-IMAGES-DEPECHES-2022-09-26T134730.677-300x169.jpg 300w, https:\/\/depeches241.com\/wp-content\/uploads\/2022\/09\/DRIVE-IMAGES-DEPECHES-2022-09-26T134730.677-768x432.jpg 768w\" sizes=\"(max-width: 960px) 100vw, 960px\" \/><figcaption><strong><em>Les journalistes et agents de TeleAfrica broient du noir depuis bient\u00f4t 1 an \u00a9DR <br><\/em><\/strong><\/figcaption><\/figure>\n\n\n\n<p style=\"font-size:17px\"><strong>Libreville le 26 septembre 2022 &#8211; ( D\u00e9p\u00eaches 241). Les agents et journalistes de du groupe TVSAT T\u00e9l\u00e9 Africa croupissent dans la mis\u00e8re depuis plusieurs jours en raison du non paiement de leurs salaires. En tout, ces p\u00e8res et m\u00e8res de famille ne per\u00e7oivent plus leurs \u00e9moluments depuis 10 mois. Une situation incompr\u00e9hensible au regard de la ligne \u00e9ditoriale de ce groupe pourtant proche du pouvoir en place clochardis\u00e9s toutefois nonobstant leur propagande.&nbsp;&nbsp;<\/strong><\/p>\n\n\n\n<p class=\"has-drop-cap\" style=\"font-size:17px\">Il est loin la p\u00e9riode o\u00f9 les ap\u00f4tres et les pros\u00e9lytes du r\u00e9gime \u00e9taient \u00e0 <strong><em>\u00ab l&rsquo;abri de la peur et du besoin \u00bb<\/em><\/strong> compte tenu de leur militantisme ostentatoire et de leur propagande ind\u00e9cente \u00e0 l\u2019endroit du r\u00e9gime en place. Les \u00abvuvuz\u00e9leurs\u00bb du r\u00e9gime, propagandistes reconnus, les journalistes du groupe TVSAT T\u00e9l\u00e9 Africa ne sont manifestement pas r\u00e9compens\u00e9s des flagorneries et dithyrambes dont ils sont coutumiers \u00e0 l\u2019endroit du pouvoir en place.&nbsp;<\/p>\n\n\n\n<p style=\"font-size:17px\">Apr\u00e8s Stempy Love Obame, lequel dans une vid\u00e9o infamante s\u2019est plaint du traitement dont il faisait l&rsquo;objet par le tenant du pouvoir apr\u00e8s avoir collabor\u00e9 avec lui, poussant la l\u2019infamie \u00e0 son paroxysme en demandant de l\u2019argent et un v\u00e9hicule, c\u2019est au tour des agents et journalistes de la c\u00e9l\u00e8bre cha\u00eene de t\u00e9l\u00e9vision Tele Africa de r\u00e9clamer plus de 10 mois de salaires. <strong><em>\u00ab Des journalistes et techniciens de cette cha\u00eene de t\u00e9l\u00e9vision, propri\u00e9t\u00e9 de la famille pr\u00e9sidentielle, accusent 10 mois sans salaire en plus de travailler dans des conditions ex\u00e9crables \u00bb, <\/em><\/strong>a-t-on pu lire chez nos confr\u00e8res de <em>Top Info Gabon. <\/em><strong><em>&nbsp;<\/em><\/strong><\/p>\n\n\n\n<p style=\"font-size:17px\">Laiss\u00e9s pour compte, clochardis\u00e9s et pr\u00e9caris\u00e9s, leur situation ne semble \u00e9mouvoir ni le pr\u00e9sident de la R\u00e9publique Ali Bongo Ondimba (actionnaire dans cette soci\u00e9t\u00e9) encore moins sa grande s\u0153ur Pascaline Mferri Bongo Ondimba visiblement insensible au drame social qui se passe \u00e0 T\u00e9l\u00e9 Africa. <strong><em>\u00ab Des p\u00e8res et m\u00e8res de famille jet\u00e9s \u00e0 la rue, parce qu\u2019incapables de payer leurs loyers respectifs, des p\u00e8res et des m\u00e8res de famille d\u00e9c\u00e9d\u00e9s, parce que n\u2019ayant pas per\u00e7u le moindre kopeck pour prendre soin de leur sant\u00e9, voici le triste sort des agents de T\u00e9l\u00e9 Africa \u00bb, <\/em><\/strong>ajoute notre confr\u00e8re.&nbsp;<\/p>\n","protected":false},"excerpt":{"rendered":"<p> Les agents et journalistes de du groupe TVSAT T\u00e9l\u00e9 Africa croupissent dans la mis\u00e8re depuis plusieurs jours en raison du non paiement de leurs salaires. En tout, ces p\u00e8res et m\u00e8res de famille ne per\u00e7oivent plus leurs \u00e9moluments depuis 10 mois. Une situation incompr\u00e9hensible au regard de la ligne \u00e9ditoriale de ce groupe pourtant proche du pouvoir en place clochardis\u00e9s toutefois nonobstant leur propagande.  <\/p>\n","protected":false},"author":2,"featured_media":9722,"comment_status":"open","ping_status":"open","sticky":false,"template":"","format":"standard","meta":{"om_disable_all_campaigns":false,"footnotes":""},"categories":[5,116],"tags":[],"class_list":{"0":"post-9721","1":"post","2":"type-post","3":"status-publish","4":"format-standard","5":"has-post-thumbnail","7":"category-societe","8":"category-une1"},"yoast_head":"<!-- This site is optimized with the Yoast SEO plugin v27.5 - https:\/\/yoast.com\/product\/yoast-seo-wordpress\/ -->\n<title>TeleAfrica: les \u00abvuvuzeleurs du r\u00e9gime\u00bb sans salaire depuis 10 mois - Groupe D\u00e9p\u00eaches241<\/title>\n<meta name=\"robots\" content=\"index, follow, max-snippet:-1, max-image-preview:large, max-video-preview:-1\" \/>\n<link rel=\"canonical\" href=\"https:\/\/depeches241.com\/?p=9721\" \/>\n<meta property=\"og:locale\" content=\"fr_FR\" \/>\n<meta property=\"og:type\" content=\"article\" \/>\n<meta property=\"og:title\" content=\"TeleAfrica: les \u00abvuvuzeleurs du r\u00e9gime\u00bb sans salaire depuis 10 mois - Groupe D\u00e9p\u00eaches241\" \/>\n<meta property=\"og:description\" content=\"Les agents et journalistes de du groupe TVSAT T\u00e9l\u00e9 Africa croupissent dans la mis\u00e8re depuis plusieurs jours en raison du non paiement de leurs salaires. En tout, ces p\u00e8res et m\u00e8res de famille ne per\u00e7oivent plus leurs \u00e9moluments depuis 10 mois. Une situation incompr\u00e9hensible au regard de la ligne \u00e9ditoriale de ce groupe pourtant proche du pouvoir en place clochardis\u00e9s toutefois nonobstant leur propagande.\" \/>\n<meta property=\"og:url\" content=\"https:\/\/depeches241.com\/?p=9721\" \/>\n<meta property=\"og:site_name\" content=\"Groupe D\u00e9p\u00eaches241\" \/>\n<meta property=\"article:publisher\" content=\"https:\/\/www.facebook.com\/depeches241\" \/>\n<meta property=\"article:published_time\" content=\"2022-09-26T12:51:26+00:00\" \/>\n<meta property=\"article:modified_time\" content=\"2022-09-26T13:37:18+00:00\" \/>\n<meta property=\"og:image\" content=\"https:\/\/depeches241.com\/wp-content\/uploads\/2022\/09\/DRIVE-IMAGES-DEPECHES-2022-09-26T134730.677.jpg\" \/>\n\t<meta property=\"og:image:width\" content=\"960\" \/>\n\t<meta property=\"og:image:height\" content=\"540\" \/>\n\t<meta property=\"og:image:type\" content=\"image\/jpeg\" \/>\n<meta name=\"author\" content=\"Pharel BOUKIKA\" \/>\n<meta name=\"twitter:card\" content=\"summary_large_image\" \/>\n<meta name=\"twitter:label1\" content=\"\u00c9crit par\" \/>\n\t<meta name=\"twitter:data1\" content=\"Pharel BOUKIKA\" \/>\n\t<meta name=\"twitter:label2\" content=\"Dur\u00e9e de lecture estim\u00e9e\" \/>\n\t<meta name=\"twitter:data2\" content=\"2 minutes\" \/>\n<script type=\"application\/ld+json\" class=\"yoast-schema-graph\">{\"@context\":\"https:\\\/\\\/schema.org\",\"@graph\":[{\"@type\":\"Article\",\"@id\":\"https:\\\/\\\/depeches241.com\\\/?p=9721#article\",\"isPartOf\":{\"@id\":\"https:\\\/\\\/depeches241.com\\\/?p=9721\"},\"author\":{\"name\":\"Pharel BOUKIKA\",\"@id\":\"https:\\\/\\\/depeches241.com\\\/#\\\/schema\\\/person\\\/f39e676ca8f34712c2b828546ec69f14\"},\"headline\":\"TeleAfrica: les \u00abvuvuzeleurs du r\u00e9gime\u00bb sans salaire depuis 10 mois\",\"datePublished\":\"2022-09-26T12:51:26+00:00\",\"dateModified\":\"2022-09-26T13:37:18+00:00\",\"mainEntityOfPage\":{\"@id\":\"https:\\\/\\\/depeches241.com\\\/?p=9721\"},\"wordCount\":420,\"commentCount\":0,\"publisher\":{\"@id\":\"https:\\\/\\\/depeches241.com\\\/#organization\"},\"image\":{\"@id\":\"https:\\\/\\\/depeches241.com\\\/?p=9721#primaryimage\"},\"thumbnailUrl\":\"https:\\\/\\\/depeches241.com\\\/wp-content\\\/uploads\\\/2022\\\/09\\\/DRIVE-IMAGES-DEPECHES-2022-09-26T134730.677.jpg\",\"articleSection\":[\"SOCIETE\",\"Une1\"],\"inLanguage\":\"fr-FR\",\"potentialAction\":[{\"@type\":\"CommentAction\",\"name\":\"Comment\",\"target\":[\"https:\\\/\\\/depeches241.com\\\/?p=9721#respond\"]}]},{\"@type\":\"WebPage\",\"@id\":\"https:\\\/\\\/depeches241.com\\\/?p=9721\",\"url\":\"https:\\\/\\\/depeches241.com\\\/?p=9721\",\"name\":\"TeleAfrica: les \u00abvuvuzeleurs du r\u00e9gime\u00bb sans salaire depuis 10 mois - Groupe D\u00e9p\u00eaches241\",\"isPartOf\":{\"@id\":\"https:\\\/\\\/depeches241.com\\\/#website\"},\"primaryImageOfPage\":{\"@id\":\"https:\\\/\\\/depeches241.com\\\/?p=9721#primaryimage\"},\"image\":{\"@id\":\"https:\\\/\\\/depeches241.com\\\/?p=9721#primaryimage\"},\"thumbnailUrl\":\"https:\\\/\\\/depeches241.com\\\/wp-content\\\/uploads\\\/2022\\\/09\\\/DRIVE-IMAGES-DEPECHES-2022-09-26T134730.677.jpg\",\"datePublished\":\"2022-09-26T12:51:26+00:00\",\"dateModified\":\"2022-09-26T13:37:18+00:00\",\"breadcrumb\":{\"@id\":\"https:\\\/\\\/depeches241.com\\\/?p=9721#breadcrumb\"},\"inLanguage\":\"fr-FR\",\"potentialAction\":[{\"@type\":\"ReadAction\",\"target\":[\"https:\\\/\\\/depeches241.com\\\/?p=9721\"]}]},{\"@type\":\"ImageObject\",\"inLanguage\":\"fr-FR\",\"@id\":\"https:\\\/\\\/depeches241.com\\\/?p=9721#primaryimage\",\"url\":\"https:\\\/\\\/depeches241.com\\\/wp-content\\\/uploads\\\/2022\\\/09\\\/DRIVE-IMAGES-DEPECHES-2022-09-26T134730.677.jpg\",\"contentUrl\":\"https:\\\/\\\/depeches241.com\\\/wp-content\\\/uploads\\\/2022\\\/09\\\/DRIVE-IMAGES-DEPECHES-2022-09-26T134730.677.jpg\",\"width\":960,\"height\":540},{\"@type\":\"BreadcrumbList\",\"@id\":\"https:\\\/\\\/depeches241.com\\\/?p=9721#breadcrumb\",\"itemListElement\":[{\"@type\":\"ListItem\",\"position\":1,\"name\":\"Accueil\",\"item\":\"https:\\\/\\\/depeches241.com\\\/\"},{\"@type\":\"ListItem\",\"position\":2,\"name\":\"TeleAfrica: les \u00abvuvuzeleurs du r\u00e9gime\u00bb sans salaire depuis 10 mois\"}]},{\"@type\":\"WebSite\",\"@id\":\"https:\\\/\\\/depeches241.com\\\/#website\",\"url\":\"https:\\\/\\\/depeches241.com\\\/\",\"name\":\"D\u00e9p\u00eaches241\",\"description\":\"M\u00e9dia d&#039;actualit\u00e9 Politique, \u00c9conomique, Sociale et Internationale\",\"publisher\":{\"@id\":\"https:\\\/\\\/depeches241.com\\\/#organization\"},\"potentialAction\":[{\"@type\":\"SearchAction\",\"target\":{\"@type\":\"EntryPoint\",\"urlTemplate\":\"https:\\\/\\\/depeches241.com\\\/?s={search_term_string}\"},\"query-input\":{\"@type\":\"PropertyValueSpecification\",\"valueRequired\":true,\"valueName\":\"search_term_string\"}}],\"inLanguage\":\"fr-FR\"},{\"@type\":\"Organization\",\"@id\":\"https:\\\/\\\/depeches241.com\\\/#organization\",\"name\":\"Groupe D\u00e9p\u00eaches241\",\"url\":\"https:\\\/\\\/depeches241.com\\\/\",\"logo\":{\"@type\":\"ImageObject\",\"inLanguage\":\"fr-FR\",\"@id\":\"https:\\\/\\\/depeches241.com\\\/#\\\/schema\\\/logo\\\/image\\\/\",\"url\":\"https:\\\/\\\/depeches241.com\\\/wp-content\\\/uploads\\\/2021\\\/10\\\/cropped-Logo-new-Accueil.png\",\"contentUrl\":\"https:\\\/\\\/depeches241.com\\\/wp-content\\\/uploads\\\/2021\\\/10\\\/cropped-Logo-new-Accueil.png\",\"width\":320,\"height\":105,\"caption\":\"Groupe D\u00e9p\u00eaches241\"},\"image\":{\"@id\":\"https:\\\/\\\/depeches241.com\\\/#\\\/schema\\\/logo\\\/image\\\/\"},\"sameAs\":[\"https:\\\/\\\/www.facebook.com\\\/depeches241\"]},{\"@type\":\"Person\",\"@id\":\"https:\\\/\\\/depeches241.com\\\/#\\\/schema\\\/person\\\/f39e676ca8f34712c2b828546ec69f14\",\"name\":\"Pharel BOUKIKA\",\"image\":{\"@type\":\"ImageObject\",\"inLanguage\":\"fr-FR\",\"@id\":\"https:\\\/\\\/secure.gravatar.com\\\/avatar\\\/f911ded37269927862a946f1d008338d6cd8ef36529103aaa98b08ba9425d477?s=96&d=mm&r=g\",\"url\":\"https:\\\/\\\/secure.gravatar.com\\\/avatar\\\/f911ded37269927862a946f1d008338d6cd8ef36529103aaa98b08ba9425d477?s=96&d=mm&r=g\",\"contentUrl\":\"https:\\\/\\\/secure.gravatar.com\\\/avatar\\\/f911ded37269927862a946f1d008338d6cd8ef36529103aaa98b08ba9425d477?s=96&d=mm&r=g\",\"caption\":\"Pharel BOUKIKA\"},\"description\":\"Dipl\u00f4m\u00e9 en Droit Priv\u00e9, en communication, en Journalisme et d\u00e9tenteur d'une Licence en \u00c9conomie et Gestion administrative, ancien r\u00e9dacteur en Chef de Gabon Media Time, Pharel Boukika est le G\u00e9rant du groupe D\u00e9p\u00eaches Gabon et par ailleurs Directeur de Publication de D\u00e9p\u00eaches241. Analyste politique, ses prises de parole et ses approches pertinentes lui ont ouvert depuis peu les portes des plateaux t\u00e9l\u00e9vis\u00e9s pendant lesquels, il d\u00e9bat sur les questions d'actualit\u00e9 politique, \u00e9conomique et sociale du Gabon. D\u00e9p\u00eaches241 n'est que le prolongement de sa volont\u00e9 manifeste et infinie d'\u00e9difier et d'informer les Gabonais.\",\"sameAs\":[\"http:\\\/\\\/clubsportplus.fr\"],\"url\":\"https:\\\/\\\/depeches241.com\\\/?author=2\"}]}<\/script>\n<!-- \/ Yoast SEO plugin. -->","yoast_head_json":{"title":"TeleAfrica: les \u00abvuvuzeleurs du r\u00e9gime\u00bb sans salaire depuis 10 mois - Groupe D\u00e9p\u00eaches241","robots":{"index":"index","follow":"follow","max-snippet":"max-snippet:-1","max-image-preview":"max-image-preview:large","max-video-preview":"max-video-preview:-1"},"canonical":"https:\/\/depeches241.com\/?p=9721","og_locale":"fr_FR","og_type":"article","og_title":"TeleAfrica: les \u00abvuvuzeleurs du r\u00e9gime\u00bb sans salaire depuis 10 mois - Groupe D\u00e9p\u00eaches241","og_description":"Les agents et journalistes de du groupe TVSAT T\u00e9l\u00e9 Africa croupissent dans la mis\u00e8re depuis plusieurs jours en raison du non paiement de leurs salaires. En tout, ces p\u00e8res et m\u00e8res de famille ne per\u00e7oivent plus leurs \u00e9moluments depuis 10 mois. Une situation incompr\u00e9hensible au regard de la ligne \u00e9ditoriale de ce groupe pourtant proche du pouvoir en place clochardis\u00e9s toutefois nonobstant leur propagande.","og_url":"https:\/\/depeches241.com\/?p=9721","og_site_name":"Groupe D\u00e9p\u00eaches241","article_publisher":"https:\/\/www.facebook.com\/depeches241","article_published_time":"2022-09-26T12:51:26+00:00","article_modified_time":"2022-09-26T13:37:18+00:00","og_image":[{"width":960,"height":540,"url":"https:\/\/depeches241.com\/wp-content\/uploads\/2022\/09\/DRIVE-IMAGES-DEPECHES-2022-09-26T134730.677.jpg","type":"image\/jpeg"}],"author":"Pharel BOUKIKA","twitter_card":"summary_large_image","twitter_misc":{"\u00c9crit par":"Pharel BOUKIKA","Dur\u00e9e de lecture estim\u00e9e":"2 minutes"},"schema":{"@context":"https:\/\/schema.org","@graph":[{"@type":"Article","@id":"https:\/\/depeches241.com\/?p=9721#article","isPartOf":{"@id":"https:\/\/depeches241.com\/?p=9721"},"author":{"name":"Pharel BOUKIKA","@id":"https:\/\/depeches241.com\/#\/schema\/person\/f39e676ca8f34712c2b828546ec69f14"},"headline":"TeleAfrica: les \u00abvuvuzeleurs du r\u00e9gime\u00bb sans salaire depuis 10 mois","datePublished":"2022-09-26T12:51:26+00:00","dateModified":"2022-09-26T13:37:18+00:00","mainEntityOfPage":{"@id":"https:\/\/depeches241.com\/?p=9721"},"wordCount":420,"commentCount":0,"publisher":{"@id":"https:\/\/depeches241.com\/#organization"},"image":{"@id":"https:\/\/depeches241.com\/?p=9721#primaryimage"},"thumbnailUrl":"https:\/\/depeches241.com\/wp-content\/uploads\/2022\/09\/DRIVE-IMAGES-DEPECHES-2022-09-26T134730.677.jpg","articleSection":["SOCIETE","Une1"],"inLanguage":"fr-FR","potentialAction":[{"@type":"CommentAction","name":"Comment","target":["https:\/\/depeches241.com\/?p=9721#respond"]}]},{"@type":"WebPage","@id":"https:\/\/depeches241.com\/?p=9721","url":"https:\/\/depeches241.com\/?p=9721","name":"TeleAfrica: les \u00abvuvuzeleurs du r\u00e9gime\u00bb sans salaire depuis 10 mois - Groupe D\u00e9p\u00eaches241","isPartOf":{"@id":"https:\/\/depeches241.com\/#website"},"primaryImageOfPage":{"@id":"https:\/\/depeches241.com\/?p=9721#primaryimage"},"image":{"@id":"https:\/\/depeches241.com\/?p=9721#primaryimage"},"thumbnailUrl":"https:\/\/depeches241.com\/wp-content\/uploads\/2022\/09\/DRIVE-IMAGES-DEPECHES-2022-09-26T134730.677.jpg","datePublished":"2022-09-26T12:51:26+00:00","dateModified":"2022-09-26T13:37:18+00:00","breadcrumb":{"@id":"https:\/\/depeches241.com\/?p=9721#breadcrumb"},"inLanguage":"fr-FR","potentialAction":[{"@type":"ReadAction","target":["https:\/\/depeches241.com\/?p=9721"]}]},{"@type":"ImageObject","inLanguage":"fr-FR","@id":"https:\/\/depeches241.com\/?p=9721#primaryimage","url":"https:\/\/depeches241.com\/wp-content\/uploads\/2022\/09\/DRIVE-IMAGES-DEPECHES-2022-09-26T134730.677.jpg","contentUrl":"https:\/\/depeches241.com\/wp-content\/uploads\/2022\/09\/DRIVE-IMAGES-DEPECHES-2022-09-26T134730.677.jpg","width":960,"height":540},{"@type":"BreadcrumbList","@id":"https:\/\/depeches241.com\/?p=9721#breadcrumb","itemListElement":[{"@type":"ListItem","position":1,"name":"Accueil","item":"https:\/\/depeches241.com\/"},{"@type":"ListItem","position":2,"name":"TeleAfrica: les \u00abvuvuzeleurs du r\u00e9gime\u00bb sans salaire depuis 10 mois"}]},{"@type":"WebSite","@id":"https:\/\/depeches241.com\/#website","url":"https:\/\/depeches241.com\/","name":"D\u00e9p\u00eaches241","description":"M\u00e9dia d&#039;actualit\u00e9 Politique, \u00c9conomique, Sociale et Internationale","publisher":{"@id":"https:\/\/depeches241.com\/#organization"},"potentialAction":[{"@type":"SearchAction","target":{"@type":"EntryPoint","urlTemplate":"https:\/\/depeches241.com\/?s={search_term_string}"},"query-input":{"@type":"PropertyValueSpecification","valueRequired":true,"valueName":"search_term_string"}}],"inLanguage":"fr-FR"},{"@type":"Organization","@id":"https:\/\/depeches241.com\/#organization","name":"Groupe D\u00e9p\u00eaches241","url":"https:\/\/depeches241.com\/","logo":{"@type":"ImageObject","inLanguage":"fr-FR","@id":"https:\/\/depeches241.com\/#\/schema\/logo\/image\/","url":"https:\/\/depeches241.com\/wp-content\/uploads\/2021\/10\/cropped-Logo-new-Accueil.png","contentUrl":"https:\/\/depeches241.com\/wp-content\/uploads\/2021\/10\/cropped-Logo-new-Accueil.png","width":320,"height":105,"caption":"Groupe D\u00e9p\u00eaches241"},"image":{"@id":"https:\/\/depeches241.com\/#\/schema\/logo\/image\/"},"sameAs":["https:\/\/www.facebook.com\/depeches241"]},{"@type":"Person","@id":"https:\/\/depeches241.com\/#\/schema\/person\/f39e676ca8f34712c2b828546ec69f14","name":"Pharel BOUKIKA","image":{"@type":"ImageObject","inLanguage":"fr-FR","@id":"https:\/\/secure.gravatar.com\/avatar\/f911ded37269927862a946f1d008338d6cd8ef36529103aaa98b08ba9425d477?s=96&d=mm&r=g","url":"https:\/\/secure.gravatar.com\/avatar\/f911ded37269927862a946f1d008338d6cd8ef36529103aaa98b08ba9425d477?s=96&d=mm&r=g","contentUrl":"https:\/\/secure.gravatar.com\/avatar\/f911ded37269927862a946f1d008338d6cd8ef36529103aaa98b08ba9425d477?s=96&d=mm&r=g","caption":"Pharel BOUKIKA"},"description":"Dipl\u00f4m\u00e9 en Droit Priv\u00e9, en communication, en Journalisme et d\u00e9tenteur d'une Licence en \u00c9conomie et Gestion administrative, ancien r\u00e9dacteur en Chef de Gabon Media Time, Pharel Boukika est le G\u00e9rant du groupe D\u00e9p\u00eaches Gabon et par ailleurs Directeur de Publication de D\u00e9p\u00eaches241. Analyste politique, ses prises de parole et ses approches pertinentes lui ont ouvert depuis peu les portes des plateaux t\u00e9l\u00e9vis\u00e9s pendant lesquels, il d\u00e9bat sur les questions d'actualit\u00e9 politique, \u00e9conomique et sociale du Gabon. D\u00e9p\u00eaches241 n'est que le prolongement de sa volont\u00e9 manifeste et infinie d'\u00e9difier et d'informer les Gabonais.","sameAs":["http:\/\/clubsportplus.fr"],"url":"https:\/\/depeches241.com\/?author=2"}]}},"_links":{"self":[{"href":"https:\/\/depeches241.com\/index.php?rest_route=\/wp\/v2\/posts\/9721","targetHints":{"allow":["GET"]}}],"collection":[{"href":"https:\/\/depeches241.com\/index.php?rest_route=\/wp\/v2\/posts"}],"about":[{"href":"https:\/\/depeches241.com\/index.php?rest_route=\/wp\/v2\/types\/post"}],"author":[{"embeddable":true,"href":"https:\/\/depeches241.com\/index.php?rest_route=\/wp\/v2\/users\/2"}],"replies":[{"embeddable":true,"href":"https:\/\/depeches241.com\/index.php?rest_route=%2Fwp%2Fv2%2Fcomments&post=9721"}],"version-history":[{"count":2,"href":"https:\/\/depeches241.com\/index.php?rest_route=\/wp\/v2\/posts\/9721\/revisions"}],"predecessor-version":[{"id":9724,"href":"https:\/\/depeches241.com\/index.php?rest_route=\/wp\/v2\/posts\/9721\/revisions\/9724"}],"wp:featuredmedia":[{"embeddable":true,"href":"https:\/\/depeches241.com\/index.php?rest_route=\/wp\/v2\/media\/9722"}],"wp:attachment":[{"href":"https:\/\/depeches241.com\/index.php?rest_route=%2Fwp%2Fv2%2Fmedia&parent=9721"}],"wp:term":[{"taxonomy":"category","embeddable":true,"href":"https:\/\/depeches241.com\/index.php?rest_route=%2Fwp%2Fv2%2Fcategories&post=9721"},{"taxonomy":"post_tag","embeddable":true,"href":"https:\/\/depeches241.com\/index.php?rest_route=%2Fwp%2Fv2%2Ftags&post=9721"}],"curies":[{"name":"wp","href":"https:\/\/api.w.org\/{rel}","templated":true}]}}