{"id":9899,"date":"2022-10-06T10:07:18","date_gmt":"2022-10-06T08:07:18","guid":{"rendered":"http:\/\/depeches241.com\/?p=9899"},"modified":"2022-10-06T10:07:23","modified_gmt":"2022-10-06T08:07:23","slug":"necrologie-omar-ben-sala-tire-sa-reverence","status":"publish","type":"post","link":"https:\/\/depeches241.com\/?p=9899","title":{"rendered":"N\u00e9crologie: Omar Ben Sala tire sa r\u00e9v\u00e9rence"},"content":{"rendered":"\n<figure class=\"wp-block-image size-full\"><img fetchpriority=\"high\" decoding=\"async\" width=\"960\" height=\"540\" src=\"http:\/\/depeches241.com\/wp-content\/uploads\/2022\/09\/DRIVE-IMAGES-DEPECHES-2022-09-22T123850.153.jpg\" alt=\"\" class=\"wp-image-9666\" srcset=\"https:\/\/depeches241.com\/wp-content\/uploads\/2022\/09\/DRIVE-IMAGES-DEPECHES-2022-09-22T123850.153.jpg 960w, https:\/\/depeches241.com\/wp-content\/uploads\/2022\/09\/DRIVE-IMAGES-DEPECHES-2022-09-22T123850.153-300x169.jpg 300w, https:\/\/depeches241.com\/wp-content\/uploads\/2022\/09\/DRIVE-IMAGES-DEPECHES-2022-09-22T123850.153-768x432.jpg 768w\" sizes=\"(max-width: 960px) 100vw, 960px\" \/><figcaption><strong><em>Omar Bne Sala L&rsquo;auteur de titre \u00e0 succ\u00e8s Kady est d\u00e9c\u00e9d\u00e9 \u00a9DR<\/em><\/strong> <\/figcaption><\/figure>\n\n\n\n<p style=\"font-size:17px\"><strong>Libreville le 6 octobre 2022 &#8211; ( D\u00e9p\u00eaches 241). L&rsquo;artiste musicien Omar Ben Sala n&rsquo;aurait pas surv\u00e9cu \u00e0 son accident vasculaire c\u00e9r\u00e9bral (AVC) survenu le 18 septembre dernier. L&rsquo;homme a tir\u00e9 sa r\u00e9v\u00e9rence dans la nuit du 06 octobre.<\/strong>&nbsp;&nbsp;<\/p>\n\n\n\n<p class=\"has-drop-cap\" style=\"font-size:17px\">L&rsquo;artiste musicien Omar Ben Sala victime d\u2019un accident vasculaire c\u00e9r\u00e9bral (AVC) dans la nuit du 18 septembre a tir\u00e9 sa r\u00e9v\u00e9rence ce 6 octobre, rapporte l&rsquo;Agence gabonaise de Presse (AGP). Quatre jours plut\u00f4t, sur instruction du chef de l&rsquo;\u00c9tat Ali Bongo Ondimba, l&rsquo;artiste avait \u00e9t\u00e9 intern\u00e9 en urgence dans une&nbsp; structure hospitali\u00e8re de Libreville.&nbsp;&nbsp;<\/p>\n\n\n\n<p style=\"font-size:17px\">Quelques jours avant son \u00e9vacuation sur Libreville, le magazine \u00ab Superstar \u00bb, a r\u00e9v\u00e9l\u00e9 que l\u2019auteur du titre \u00ab Cady ma fille \u00bb \u00e9tait dans <strong><em>\u00ab un \u00e9tat alarmant \u00e0 l\u2019h\u00f4pital de Ntchengu\u00e9 de Port-Gentil \u00bb<\/em><\/strong>, ville dont il est originaire. A cette occasion, une cha\u00eene de solidarit\u00e9 avait \u00e9t\u00e9 lanc\u00e9e pour tenter de sauver l\u2019un des plus grands ambassadeurs de la cit\u00e9 p\u00e9troli\u00e8re. Il avait notamment fait l\u2019objet d\u2019une \u00e9vacuation sur Libreville \u00e0 la demande express des autorit\u00e9s de la R\u00e9publique.&nbsp;<\/p>\n\n\n\n<p style=\"font-size:17px\"><strong>LIRE AUSSI: <\/strong><a href=\"http:\/\/depeches241.com\/index.php\/2022\/09\/22\/sante-une-chaine-de-solidarite-pour-lartiste-omar-ben-sala-foudroye-par-un-avc\/\"><strong>Sant\u00e9: une chaine de solidarit\u00e9 pour l\u2019artiste Omar Ben Sala foudroy\u00e9 par un AVC<\/strong><\/a><\/p>\n\n\n\n<p style=\"font-size:17px\">Auteur de 3 albums, Omar Ben Sala a \u00e9clabouss\u00e9 de son talent la sc\u00e8ne musicale gabonaise. Handicap\u00e9 moteur, la sant\u00e9 de l\u2019artiste a toujours \u00e9t\u00e9 pr\u00e9occupante.\u00a0\u00a0<\/p>\n","protected":false},"excerpt":{"rendered":"<p>L&rsquo;artiste musicien Omar Ben Sala n&rsquo;aurait pas surv\u00e9cu \u00e0 son accident vasculaire c\u00e9r\u00e9bral (AVC) survenu le 18 septembre dernier. L&rsquo;homme a tir\u00e9 sa r\u00e9v\u00e9rence dans la nuit du 06 octobre.\u00a0\u00a0<\/p>\n","protected":false},"author":11,"featured_media":9666,"comment_status":"open","ping_status":"open","sticky":false,"template":"","format":"standard","meta":{"om_disable_all_campaigns":false,"footnotes":""},"categories":[5,116],"tags":[],"class_list":{"0":"post-9899","1":"post","2":"type-post","3":"status-publish","4":"format-standard","5":"has-post-thumbnail","7":"category-societe","8":"category-une1"},"yoast_head":"<!-- This site is optimized with the Yoast SEO plugin v27.5 - https:\/\/yoast.com\/product\/yoast-seo-wordpress\/ -->\n<title>N\u00e9crologie: Omar Ben Sala tire sa r\u00e9v\u00e9rence - Groupe D\u00e9p\u00eaches241<\/title>\n<meta name=\"description\" content=\"L&#039;artiste musicien Omar Ben Sala n&#039;aurait pas surv\u00e9cu \u00e0 son accident vasculaire c\u00e9r\u00e9bral (AVC) survenu le 18 septembre dernier. L&#039;homme a tir\u00e9 sa r\u00e9v\u00e9rence dans la nuit du 06 octobre.\u00a0\u00a0\" \/>\n<meta name=\"robots\" content=\"index, follow, max-snippet:-1, max-image-preview:large, max-video-preview:-1\" \/>\n<link rel=\"canonical\" href=\"https:\/\/depeches241.com\/?p=9899\" \/>\n<meta property=\"og:locale\" content=\"fr_FR\" \/>\n<meta property=\"og:type\" content=\"article\" \/>\n<meta property=\"og:title\" content=\"N\u00e9crologie: Omar Ben Sala tire sa r\u00e9v\u00e9rence - Groupe D\u00e9p\u00eaches241\" \/>\n<meta property=\"og:description\" content=\"L&#039;artiste musicien Omar Ben Sala n&#039;aurait pas surv\u00e9cu \u00e0 son accident vasculaire c\u00e9r\u00e9bral (AVC) survenu le 18 septembre dernier. L&#039;homme a tir\u00e9 sa r\u00e9v\u00e9rence dans la nuit du 06 octobre.\u00a0\u00a0\" \/>\n<meta property=\"og:url\" content=\"https:\/\/depeches241.com\/?p=9899\" \/>\n<meta property=\"og:site_name\" content=\"Groupe D\u00e9p\u00eaches241\" \/>\n<meta property=\"article:publisher\" content=\"https:\/\/www.facebook.com\/depeches241\" \/>\n<meta property=\"article:published_time\" content=\"2022-10-06T08:07:18+00:00\" \/>\n<meta property=\"article:modified_time\" content=\"2022-10-06T08:07:23+00:00\" \/>\n<meta property=\"og:image\" content=\"https:\/\/depeches241.com\/wp-content\/uploads\/2022\/09\/DRIVE-IMAGES-DEPECHES-2022-09-22T123850.153.jpg\" \/>\n\t<meta property=\"og:image:width\" content=\"960\" \/>\n\t<meta property=\"og:image:height\" content=\"540\" \/>\n\t<meta property=\"og:image:type\" content=\"image\/jpeg\" \/>\n<meta name=\"author\" content=\"R\u00e9daction\" \/>\n<meta name=\"twitter:card\" content=\"summary_large_image\" \/>\n<meta name=\"twitter:label1\" content=\"\u00c9crit par\" \/>\n\t<meta name=\"twitter:data1\" content=\"R\u00e9daction\" \/>\n\t<meta name=\"twitter:label2\" content=\"Dur\u00e9e de lecture estim\u00e9e\" \/>\n\t<meta name=\"twitter:data2\" content=\"1 minute\" \/>\n<script type=\"application\/ld+json\" class=\"yoast-schema-graph\">{\"@context\":\"https:\\\/\\\/schema.org\",\"@graph\":[{\"@type\":\"Article\",\"@id\":\"https:\\\/\\\/depeches241.com\\\/?p=9899#article\",\"isPartOf\":{\"@id\":\"https:\\\/\\\/depeches241.com\\\/?p=9899\"},\"author\":{\"name\":\"R\u00e9daction\",\"@id\":\"https:\\\/\\\/depeches241.com\\\/#\\\/schema\\\/person\\\/977f23ecf7439b0805f4525a893a057a\"},\"headline\":\"N\u00e9crologie: Omar Ben Sala tire sa r\u00e9v\u00e9rence\",\"datePublished\":\"2022-10-06T08:07:18+00:00\",\"dateModified\":\"2022-10-06T08:07:23+00:00\",\"mainEntityOfPage\":{\"@id\":\"https:\\\/\\\/depeches241.com\\\/?p=9899\"},\"wordCount\":262,\"commentCount\":0,\"publisher\":{\"@id\":\"https:\\\/\\\/depeches241.com\\\/#organization\"},\"image\":{\"@id\":\"https:\\\/\\\/depeches241.com\\\/?p=9899#primaryimage\"},\"thumbnailUrl\":\"https:\\\/\\\/depeches241.com\\\/wp-content\\\/uploads\\\/2022\\\/09\\\/DRIVE-IMAGES-DEPECHES-2022-09-22T123850.153.jpg\",\"articleSection\":[\"SOCIETE\",\"Une1\"],\"inLanguage\":\"fr-FR\",\"potentialAction\":[{\"@type\":\"CommentAction\",\"name\":\"Comment\",\"target\":[\"https:\\\/\\\/depeches241.com\\\/?p=9899#respond\"]}]},{\"@type\":\"WebPage\",\"@id\":\"https:\\\/\\\/depeches241.com\\\/?p=9899\",\"url\":\"https:\\\/\\\/depeches241.com\\\/?p=9899\",\"name\":\"N\u00e9crologie: Omar Ben Sala tire sa r\u00e9v\u00e9rence - Groupe D\u00e9p\u00eaches241\",\"isPartOf\":{\"@id\":\"https:\\\/\\\/depeches241.com\\\/#website\"},\"primaryImageOfPage\":{\"@id\":\"https:\\\/\\\/depeches241.com\\\/?p=9899#primaryimage\"},\"image\":{\"@id\":\"https:\\\/\\\/depeches241.com\\\/?p=9899#primaryimage\"},\"thumbnailUrl\":\"https:\\\/\\\/depeches241.com\\\/wp-content\\\/uploads\\\/2022\\\/09\\\/DRIVE-IMAGES-DEPECHES-2022-09-22T123850.153.jpg\",\"datePublished\":\"2022-10-06T08:07:18+00:00\",\"dateModified\":\"2022-10-06T08:07:23+00:00\",\"description\":\"L'artiste musicien Omar Ben Sala n'aurait pas surv\u00e9cu \u00e0 son accident vasculaire c\u00e9r\u00e9bral (AVC) survenu le 18 septembre dernier. L'homme a tir\u00e9 sa r\u00e9v\u00e9rence dans la nuit du 06 octobre.\u00a0\u00a0\",\"breadcrumb\":{\"@id\":\"https:\\\/\\\/depeches241.com\\\/?p=9899#breadcrumb\"},\"inLanguage\":\"fr-FR\",\"potentialAction\":[{\"@type\":\"ReadAction\",\"target\":[\"https:\\\/\\\/depeches241.com\\\/?p=9899\"]}]},{\"@type\":\"ImageObject\",\"inLanguage\":\"fr-FR\",\"@id\":\"https:\\\/\\\/depeches241.com\\\/?p=9899#primaryimage\",\"url\":\"https:\\\/\\\/depeches241.com\\\/wp-content\\\/uploads\\\/2022\\\/09\\\/DRIVE-IMAGES-DEPECHES-2022-09-22T123850.153.jpg\",\"contentUrl\":\"https:\\\/\\\/depeches241.com\\\/wp-content\\\/uploads\\\/2022\\\/09\\\/DRIVE-IMAGES-DEPECHES-2022-09-22T123850.153.jpg\",\"width\":960,\"height\":540},{\"@type\":\"BreadcrumbList\",\"@id\":\"https:\\\/\\\/depeches241.com\\\/?p=9899#breadcrumb\",\"itemListElement\":[{\"@type\":\"ListItem\",\"position\":1,\"name\":\"Accueil\",\"item\":\"https:\\\/\\\/depeches241.com\\\/\"},{\"@type\":\"ListItem\",\"position\":2,\"name\":\"N\u00e9crologie: Omar Ben Sala tire sa r\u00e9v\u00e9rence\"}]},{\"@type\":\"WebSite\",\"@id\":\"https:\\\/\\\/depeches241.com\\\/#website\",\"url\":\"https:\\\/\\\/depeches241.com\\\/\",\"name\":\"D\u00e9p\u00eaches241\",\"description\":\"M\u00e9dia d&#039;actualit\u00e9 Politique, \u00c9conomique, Sociale et Internationale\",\"publisher\":{\"@id\":\"https:\\\/\\\/depeches241.com\\\/#organization\"},\"potentialAction\":[{\"@type\":\"SearchAction\",\"target\":{\"@type\":\"EntryPoint\",\"urlTemplate\":\"https:\\\/\\\/depeches241.com\\\/?s={search_term_string}\"},\"query-input\":{\"@type\":\"PropertyValueSpecification\",\"valueRequired\":true,\"valueName\":\"search_term_string\"}}],\"inLanguage\":\"fr-FR\"},{\"@type\":\"Organization\",\"@id\":\"https:\\\/\\\/depeches241.com\\\/#organization\",\"name\":\"Groupe D\u00e9p\u00eaches241\",\"url\":\"https:\\\/\\\/depeches241.com\\\/\",\"logo\":{\"@type\":\"ImageObject\",\"inLanguage\":\"fr-FR\",\"@id\":\"https:\\\/\\\/depeches241.com\\\/#\\\/schema\\\/logo\\\/image\\\/\",\"url\":\"https:\\\/\\\/depeches241.com\\\/wp-content\\\/uploads\\\/2021\\\/10\\\/cropped-Logo-new-Accueil.png\",\"contentUrl\":\"https:\\\/\\\/depeches241.com\\\/wp-content\\\/uploads\\\/2021\\\/10\\\/cropped-Logo-new-Accueil.png\",\"width\":320,\"height\":105,\"caption\":\"Groupe D\u00e9p\u00eaches241\"},\"image\":{\"@id\":\"https:\\\/\\\/depeches241.com\\\/#\\\/schema\\\/logo\\\/image\\\/\"},\"sameAs\":[\"https:\\\/\\\/www.facebook.com\\\/depeches241\"]},{\"@type\":\"Person\",\"@id\":\"https:\\\/\\\/depeches241.com\\\/#\\\/schema\\\/person\\\/977f23ecf7439b0805f4525a893a057a\",\"name\":\"R\u00e9daction\",\"image\":{\"@type\":\"ImageObject\",\"inLanguage\":\"fr-FR\",\"@id\":\"https:\\\/\\\/secure.gravatar.com\\\/avatar\\\/8c655dbc51e5c9289f919f15ce20847ab5a910f8369a17ca243b673da48541f5?s=96&d=mm&r=g\",\"url\":\"https:\\\/\\\/secure.gravatar.com\\\/avatar\\\/8c655dbc51e5c9289f919f15ce20847ab5a910f8369a17ca243b673da48541f5?s=96&d=mm&r=g\",\"contentUrl\":\"https:\\\/\\\/secure.gravatar.com\\\/avatar\\\/8c655dbc51e5c9289f919f15ce20847ab5a910f8369a17ca243b673da48541f5?s=96&d=mm&r=g\",\"caption\":\"R\u00e9daction\"},\"url\":\"https:\\\/\\\/depeches241.com\\\/?author=11\"}]}<\/script>\n<!-- \/ Yoast SEO plugin. -->","yoast_head_json":{"title":"N\u00e9crologie: Omar Ben Sala tire sa r\u00e9v\u00e9rence - Groupe D\u00e9p\u00eaches241","description":"L'artiste musicien Omar Ben Sala n'aurait pas surv\u00e9cu \u00e0 son accident vasculaire c\u00e9r\u00e9bral (AVC) survenu le 18 septembre dernier. L'homme a tir\u00e9 sa r\u00e9v\u00e9rence dans la nuit du 06 octobre.\u00a0\u00a0","robots":{"index":"index","follow":"follow","max-snippet":"max-snippet:-1","max-image-preview":"max-image-preview:large","max-video-preview":"max-video-preview:-1"},"canonical":"https:\/\/depeches241.com\/?p=9899","og_locale":"fr_FR","og_type":"article","og_title":"N\u00e9crologie: Omar Ben Sala tire sa r\u00e9v\u00e9rence - Groupe D\u00e9p\u00eaches241","og_description":"L'artiste musicien Omar Ben Sala n'aurait pas surv\u00e9cu \u00e0 son accident vasculaire c\u00e9r\u00e9bral (AVC) survenu le 18 septembre dernier. L'homme a tir\u00e9 sa r\u00e9v\u00e9rence dans la nuit du 06 octobre.\u00a0\u00a0","og_url":"https:\/\/depeches241.com\/?p=9899","og_site_name":"Groupe D\u00e9p\u00eaches241","article_publisher":"https:\/\/www.facebook.com\/depeches241","article_published_time":"2022-10-06T08:07:18+00:00","article_modified_time":"2022-10-06T08:07:23+00:00","og_image":[{"width":960,"height":540,"url":"https:\/\/depeches241.com\/wp-content\/uploads\/2022\/09\/DRIVE-IMAGES-DEPECHES-2022-09-22T123850.153.jpg","type":"image\/jpeg"}],"author":"R\u00e9daction","twitter_card":"summary_large_image","twitter_misc":{"\u00c9crit par":"R\u00e9daction","Dur\u00e9e de lecture estim\u00e9e":"1 minute"},"schema":{"@context":"https:\/\/schema.org","@graph":[{"@type":"Article","@id":"https:\/\/depeches241.com\/?p=9899#article","isPartOf":{"@id":"https:\/\/depeches241.com\/?p=9899"},"author":{"name":"R\u00e9daction","@id":"https:\/\/depeches241.com\/#\/schema\/person\/977f23ecf7439b0805f4525a893a057a"},"headline":"N\u00e9crologie: Omar Ben Sala tire sa r\u00e9v\u00e9rence","datePublished":"2022-10-06T08:07:18+00:00","dateModified":"2022-10-06T08:07:23+00:00","mainEntityOfPage":{"@id":"https:\/\/depeches241.com\/?p=9899"},"wordCount":262,"commentCount":0,"publisher":{"@id":"https:\/\/depeches241.com\/#organization"},"image":{"@id":"https:\/\/depeches241.com\/?p=9899#primaryimage"},"thumbnailUrl":"https:\/\/depeches241.com\/wp-content\/uploads\/2022\/09\/DRIVE-IMAGES-DEPECHES-2022-09-22T123850.153.jpg","articleSection":["SOCIETE","Une1"],"inLanguage":"fr-FR","potentialAction":[{"@type":"CommentAction","name":"Comment","target":["https:\/\/depeches241.com\/?p=9899#respond"]}]},{"@type":"WebPage","@id":"https:\/\/depeches241.com\/?p=9899","url":"https:\/\/depeches241.com\/?p=9899","name":"N\u00e9crologie: Omar Ben Sala tire sa r\u00e9v\u00e9rence - Groupe D\u00e9p\u00eaches241","isPartOf":{"@id":"https:\/\/depeches241.com\/#website"},"primaryImageOfPage":{"@id":"https:\/\/depeches241.com\/?p=9899#primaryimage"},"image":{"@id":"https:\/\/depeches241.com\/?p=9899#primaryimage"},"thumbnailUrl":"https:\/\/depeches241.com\/wp-content\/uploads\/2022\/09\/DRIVE-IMAGES-DEPECHES-2022-09-22T123850.153.jpg","datePublished":"2022-10-06T08:07:18+00:00","dateModified":"2022-10-06T08:07:23+00:00","description":"L'artiste musicien Omar Ben Sala n'aurait pas surv\u00e9cu \u00e0 son accident vasculaire c\u00e9r\u00e9bral (AVC) survenu le 18 septembre dernier. L'homme a tir\u00e9 sa r\u00e9v\u00e9rence dans la nuit du 06 octobre.\u00a0\u00a0","breadcrumb":{"@id":"https:\/\/depeches241.com\/?p=9899#breadcrumb"},"inLanguage":"fr-FR","potentialAction":[{"@type":"ReadAction","target":["https:\/\/depeches241.com\/?p=9899"]}]},{"@type":"ImageObject","inLanguage":"fr-FR","@id":"https:\/\/depeches241.com\/?p=9899#primaryimage","url":"https:\/\/depeches241.com\/wp-content\/uploads\/2022\/09\/DRIVE-IMAGES-DEPECHES-2022-09-22T123850.153.jpg","contentUrl":"https:\/\/depeches241.com\/wp-content\/uploads\/2022\/09\/DRIVE-IMAGES-DEPECHES-2022-09-22T123850.153.jpg","width":960,"height":540},{"@type":"BreadcrumbList","@id":"https:\/\/depeches241.com\/?p=9899#breadcrumb","itemListElement":[{"@type":"ListItem","position":1,"name":"Accueil","item":"https:\/\/depeches241.com\/"},{"@type":"ListItem","position":2,"name":"N\u00e9crologie: Omar Ben Sala tire sa r\u00e9v\u00e9rence"}]},{"@type":"WebSite","@id":"https:\/\/depeches241.com\/#website","url":"https:\/\/depeches241.com\/","name":"D\u00e9p\u00eaches241","description":"M\u00e9dia d&#039;actualit\u00e9 Politique, \u00c9conomique, Sociale et Internationale","publisher":{"@id":"https:\/\/depeches241.com\/#organization"},"potentialAction":[{"@type":"SearchAction","target":{"@type":"EntryPoint","urlTemplate":"https:\/\/depeches241.com\/?s={search_term_string}"},"query-input":{"@type":"PropertyValueSpecification","valueRequired":true,"valueName":"search_term_string"}}],"inLanguage":"fr-FR"},{"@type":"Organization","@id":"https:\/\/depeches241.com\/#organization","name":"Groupe D\u00e9p\u00eaches241","url":"https:\/\/depeches241.com\/","logo":{"@type":"ImageObject","inLanguage":"fr-FR","@id":"https:\/\/depeches241.com\/#\/schema\/logo\/image\/","url":"https:\/\/depeches241.com\/wp-content\/uploads\/2021\/10\/cropped-Logo-new-Accueil.png","contentUrl":"https:\/\/depeches241.com\/wp-content\/uploads\/2021\/10\/cropped-Logo-new-Accueil.png","width":320,"height":105,"caption":"Groupe D\u00e9p\u00eaches241"},"image":{"@id":"https:\/\/depeches241.com\/#\/schema\/logo\/image\/"},"sameAs":["https:\/\/www.facebook.com\/depeches241"]},{"@type":"Person","@id":"https:\/\/depeches241.com\/#\/schema\/person\/977f23ecf7439b0805f4525a893a057a","name":"R\u00e9daction","image":{"@type":"ImageObject","inLanguage":"fr-FR","@id":"https:\/\/secure.gravatar.com\/avatar\/8c655dbc51e5c9289f919f15ce20847ab5a910f8369a17ca243b673da48541f5?s=96&d=mm&r=g","url":"https:\/\/secure.gravatar.com\/avatar\/8c655dbc51e5c9289f919f15ce20847ab5a910f8369a17ca243b673da48541f5?s=96&d=mm&r=g","contentUrl":"https:\/\/secure.gravatar.com\/avatar\/8c655dbc51e5c9289f919f15ce20847ab5a910f8369a17ca243b673da48541f5?s=96&d=mm&r=g","caption":"R\u00e9daction"},"url":"https:\/\/depeches241.com\/?author=11"}]}},"_links":{"self":[{"href":"https:\/\/depeches241.com\/index.php?rest_route=\/wp\/v2\/posts\/9899","targetHints":{"allow":["GET"]}}],"collection":[{"href":"https:\/\/depeches241.com\/index.php?rest_route=\/wp\/v2\/posts"}],"about":[{"href":"https:\/\/depeches241.com\/index.php?rest_route=\/wp\/v2\/types\/post"}],"author":[{"embeddable":true,"href":"https:\/\/depeches241.com\/index.php?rest_route=\/wp\/v2\/users\/11"}],"replies":[{"embeddable":true,"href":"https:\/\/depeches241.com\/index.php?rest_route=%2Fwp%2Fv2%2Fcomments&post=9899"}],"version-history":[{"count":1,"href":"https:\/\/depeches241.com\/index.php?rest_route=\/wp\/v2\/posts\/9899\/revisions"}],"predecessor-version":[{"id":9900,"href":"https:\/\/depeches241.com\/index.php?rest_route=\/wp\/v2\/posts\/9899\/revisions\/9900"}],"wp:featuredmedia":[{"embeddable":true,"href":"https:\/\/depeches241.com\/index.php?rest_route=\/wp\/v2\/media\/9666"}],"wp:attachment":[{"href":"https:\/\/depeches241.com\/index.php?rest_route=%2Fwp%2Fv2%2Fmedia&parent=9899"}],"wp:term":[{"taxonomy":"category","embeddable":true,"href":"https:\/\/depeches241.com\/index.php?rest_route=%2Fwp%2Fv2%2Fcategories&post=9899"},{"taxonomy":"post_tag","embeddable":true,"href":"https:\/\/depeches241.com\/index.php?rest_route=%2Fwp%2Fv2%2Ftags&post=9899"}],"curies":[{"name":"wp","href":"https:\/\/api.w.org\/{rel}","templated":true}]}}